{"id":136135,"date":"2017-06-12T17:15:23","date_gmt":"2017-06-12T20:15:23","guid":{"rendered":"http:\/\/franciscanos.org.br\/?p=136135"},"modified":"2019-01-24T10:56:11","modified_gmt":"2019-01-24T12:56:11","slug":"com-maria-e-santo-antonio-trilhar-o-caminho-das-bem-aventurancas","status":"publish","type":"post","link":"https:\/\/franciscanos.org.br\/noticias\/com-maria-e-santo-antonio-trilhar-o-caminho-das-bem-aventurancas.html","title":{"rendered":"Com Maria e Santo Ant\u00f4nio, viver as bem-aventuran\u00e7as"},"content":{"rendered":"<p><strong><img loading=\"lazy\" class=\"size-full wp-image-196648 alignleft\" src=\"https:\/\/franciscanos.org.br\/noticias\/wp-content\/uploads\/2017\/06\/trezena_120617G.jpg\" alt=\"\" width=\"830\" height=\"400\" srcset=\"https:\/\/franciscanos.org.br\/noticias\/wp-content\/uploads\/2017\/06\/trezena_120617G.jpg 830w, https:\/\/franciscanos.org.br\/noticias\/wp-content\/uploads\/2017\/06\/trezena_120617G-450x217.jpg 450w, https:\/\/franciscanos.org.br\/noticias\/wp-content\/uploads\/2017\/06\/trezena_120617G-768x370.jpg 768w, https:\/\/franciscanos.org.br\/noticias\/wp-content\/uploads\/2017\/06\/trezena_120617G-150x72.jpg 150w\" sizes=\"(max-width: 830px) 100vw, 830px\" \/>\u00c9rika Augusto<\/strong><\/p>\n<p><strong>S\u00e3o Paulo (SP)<\/strong> &#8211; Nesta segunda-feira, 12 de junho, aconteceu o 13\u00ba e \u00faltimo dia da Trezena em honra a Santo Ant\u00f4nio no Santu\u00e1rio S\u00e3o Francisco, centro de S\u00e3o Paulo. No in\u00edcio da celebra\u00e7\u00e3o, Frei Gustavo Medella, pregador deste ano, perguntou aos presentes quem havia participado todos os dias. Muitos levantaram a m\u00e3o, e ele agradeceu pela fidelidade. Recordou ainda Dona Esmeralda, de 100 anos, esteve todos os dias, mas hoje n\u00e3o compareceu por conta de uma consulta m\u00e9dica. A grande fraternidade que se formou nestes dias de Trezena se comprometeu ent\u00e3o a rezar uns pelos outros neste dia de encerramento.<\/p>\n<p>O tema do dia foi \u201cSanto Ant\u00f4nio e Santa Maria: motivai-nos a trilhar o caminho de uma vida feliz\u201d. Em sua homilia, Frei Gustavo ressaltou a import\u00e2ncia da ora\u00e7\u00e3o nestes 13 dias, a partir da escuta atenta da Palavra de Deus e da partilha da Eucaristia.<\/p>\n<p>Sobre o evangelho do dia, extra\u00eddo de Mt 5, 1-12, as Bem-Aventuran\u00e7as, o frade destacou que o convite feito por Jesus n\u00e3o \u00e9 uma fuga dos problemas e dificuldades, mas a confian\u00e7a de que caminhando ao lado do Senhor, tudo terminar\u00e1 bem. \u201c\u00c9 tarefa desafiadora manter-se em conson\u00e2ncia com esta felicidade profunda, afinal, diariamente, enfrentamos tantas lutas, temos expectativas frustradas e a realidade se mostra muito distante de nossos sonhos. Por isso \u00e9 preciso aprofundar as ra\u00edzes nossa f\u00e9 em Deus, pois a\u00ed, ao modo das \u00e1rvores, que s\u00e3o balan\u00e7adas ao vento e este movimento vem fortalecer suas ra\u00edzes, que n\u00f3s tamb\u00e9m busquemos encontrar em cada dificuldade que aparece, uma oportunidade de tornar nossa convic\u00e7\u00e3o de que vale pena seguir a Jesus ainda mais forte\u201d, acrescentou.<\/p>\n<p>O pregador recordou uma frase de Santo Ant\u00f4nio, que explica o que \u00e9 ser bem-aventurado: \u201cBem aventurado \u00e9 aquele que possui tudo o que quer e n\u00e3o quer nada de mal. Bem aventurado \u00e9 aquele a quem sucede tudo segundo os seus desejos\u201d. E concluiu, convidando os presentes a percorrerem o caminho das bem-aventuran\u00e7as seguindo os passos de Nossa Senhora e de Santo Ant\u00f4nio. \u201cVamos seguir sem medo suas indica\u00e7\u00f5es que apontam para Jesus Cristo, caminho, verdade e vida. Ao encerrarmos mais esta Trezena, tenhamos consci\u00eancia de que \u00e9 amplo o horizonte que temos diante dos olhos!\u201d, exclamou.<\/p>\n<p>No momento do ofert\u00f3rio, o frade pediu que todos formassem duas filas no corredor lateral, indo em dire\u00e7\u00e3o \u00e0 rel\u00edquia de Santo Ant\u00f4nio, saudando o \u201cdono da festa\u201d de amanh\u00e3. Formou-se ent\u00e3o uma bonita prociss\u00e3o, com demonstra\u00e7\u00f5es de carinho e respeito pelo santo de todo o povo.<\/p>\n<p><img loading=\"lazy\" class=\"aligncenter\" src=\"http:\/\/franciscanos.org.br\/wp-content\/uploads\/2017\/06\/trezena_120617_meio.jpg\" alt=\"trezena_120617_meio\" width=\"889\" height=\"542\" \/><\/p>\n<p>Ao final da missa, Frei Gustavo agradeceu a presen\u00e7a de todos nos dias de Trezena e manifestou sua alegria em pregar durante estes dias. \u201c\u00c9 como dois amigos distantes que se reencontram\u201d, afirmou. E, emocionado, declarou\u00a0que celebrar estes dias o reaproximou de Santo Ant\u00f4nio, \u201cum confrade, um amigo querido\u201d, disse. Os presentes concordaram dando uma grande salva de palmas.<\/p>\n","protected":false},"excerpt":{"rendered":"<p>Trezena<\/p>\n","protected":false},"author":1,"featured_media":196646,"comment_status":"open","ping_status":"open","sticky":false,"template":"","format":"standard","meta":[],"categories":[1],"tags":[312],"acf":[],"yoast_head":"<!-- This site is optimized with the Yoast SEO plugin v19.2 - https:\/\/yoast.com\/wordpress\/plugins\/seo\/ -->\n<title>Com Maria e Santo Ant\u00f4nio, viver as bem-aventuran\u00e7as - Not\u00edcias - Franciscanos<\/title>\n<meta name=\"robots\" content=\"index, follow, max-snippet:-1, max-image-preview:large, max-video-preview:-1\" \/>\n<link rel=\"canonical\" href=\"https:\/\/franciscanos.org.br\/noticias\/com-maria-e-santo-antonio-trilhar-o-caminho-das-bem-aventurancas.html\" \/>\n<meta property=\"og:locale\" content=\"pt_BR\" \/>\n<meta property=\"og:type\" content=\"article\" \/>\n<meta property=\"og:title\" content=\"Com Maria e Santo Ant\u00f4nio, viver as bem-aventuran\u00e7as - Not\u00edcias - Franciscanos\" \/>\n<meta property=\"og:description\" content=\"Trezena\" \/>\n<meta property=\"og:url\" content=\"https:\/\/franciscanos.org.br\/noticias\/com-maria-e-santo-antonio-trilhar-o-caminho-das-bem-aventurancas.html\" \/>\n<meta property=\"og:site_name\" content=\"Not\u00edcias - Franciscanos\" \/>\n<meta property=\"article:published_time\" content=\"2017-06-12T20:15:23+00:00\" \/>\n<meta property=\"article:modified_time\" content=\"2019-01-24T12:56:11+00:00\" \/>\n<meta property=\"og:image\" content=\"https:\/\/franciscanos.org.br\/noticias\/wp-content\/uploads\/2017\/06\/trezena_120617p.jpg\" \/>\n\t<meta property=\"og:image:width\" content=\"273\" \/>\n\t<meta property=\"og:image:height\" content=\"181\" \/>\n\t<meta property=\"og:image:type\" content=\"image\/jpeg\" \/>\n<meta name=\"author\" content=\"admin\" \/>\n<meta name=\"twitter:card\" content=\"summary_large_image\" \/>\n<meta name=\"twitter:label1\" content=\"Escrito por\" \/>\n\t<meta name=\"twitter:data1\" content=\"admin\" \/>\n\t<meta name=\"twitter:label2\" content=\"Est. tempo de leitura\" \/>\n\t<meta name=\"twitter:data2\" content=\"3 minutos\" \/>\n<script type=\"application\/ld+json\" class=\"yoast-schema-graph\">{\"@context\":\"https:\/\/schema.org\",\"@graph\":[{\"@type\":\"WebSite\",\"@id\":\"https:\/\/franciscanos.org.br\/noticias\/#website\",\"url\":\"https:\/\/franciscanos.org.br\/noticias\/\",\"name\":\"Not\u00edcias - Franciscanos\",\"description\":\"Prov\u00edncia Franciscana da Imaculada Concei\u00e7\u00e3o do Brasil - Ordem dos Frades Menores - OFM\",\"potentialAction\":[{\"@type\":\"SearchAction\",\"target\":{\"@type\":\"EntryPoint\",\"urlTemplate\":\"https:\/\/franciscanos.org.br\/noticias\/?s={search_term_string}\"},\"query-input\":\"required name=search_term_string\"}],\"inLanguage\":\"pt-BR\"},{\"@type\":\"ImageObject\",\"inLanguage\":\"pt-BR\",\"@id\":\"https:\/\/franciscanos.org.br\/noticias\/com-maria-e-santo-antonio-trilhar-o-caminho-das-bem-aventurancas.html#primaryimage\",\"url\":\"https:\/\/franciscanos.org.br\/noticias\/wp-content\/uploads\/2017\/06\/trezena_120617p.jpg\",\"contentUrl\":\"https:\/\/franciscanos.org.br\/noticias\/wp-content\/uploads\/2017\/06\/trezena_120617p.jpg\",\"width\":273,\"height\":181},{\"@type\":\"WebPage\",\"@id\":\"https:\/\/franciscanos.org.br\/noticias\/com-maria-e-santo-antonio-trilhar-o-caminho-das-bem-aventurancas.html#webpage\",\"url\":\"https:\/\/franciscanos.org.br\/noticias\/com-maria-e-santo-antonio-trilhar-o-caminho-das-bem-aventurancas.html\",\"name\":\"Com Maria e Santo Ant\u00f4nio, viver as bem-aventuran\u00e7as - Not\u00edcias - Franciscanos\",\"isPartOf\":{\"@id\":\"https:\/\/franciscanos.org.br\/noticias\/#website\"},\"primaryImageOfPage\":{\"@id\":\"https:\/\/franciscanos.org.br\/noticias\/com-maria-e-santo-antonio-trilhar-o-caminho-das-bem-aventurancas.html#primaryimage\"},\"datePublished\":\"2017-06-12T20:15:23+00:00\",\"dateModified\":\"2019-01-24T12:56:11+00:00\",\"author\":{\"@id\":\"https:\/\/franciscanos.org.br\/noticias\/#\/schema\/person\/b38fbf43118f02820bd932f2e4b14ad3\"},\"breadcrumb\":{\"@id\":\"https:\/\/franciscanos.org.br\/noticias\/com-maria-e-santo-antonio-trilhar-o-caminho-das-bem-aventurancas.html#breadcrumb\"},\"inLanguage\":\"pt-BR\",\"potentialAction\":[{\"@type\":\"ReadAction\",\"target\":[\"https:\/\/franciscanos.org.br\/noticias\/com-maria-e-santo-antonio-trilhar-o-caminho-das-bem-aventurancas.html\"]}]},{\"@type\":\"BreadcrumbList\",\"@id\":\"https:\/\/franciscanos.org.br\/noticias\/com-maria-e-santo-antonio-trilhar-o-caminho-das-bem-aventurancas.html#breadcrumb\",\"itemListElement\":[{\"@type\":\"ListItem\",\"position\":1,\"name\":\"Home\",\"item\":\"https:\/\/franciscanos.org.br\/noticias\"},{\"@type\":\"ListItem\",\"position\":2,\"name\":\"Com Maria e Santo Ant\u00f4nio, viver as bem-aventuran\u00e7as\"}]},{\"@type\":\"Person\",\"@id\":\"https:\/\/franciscanos.org.br\/noticias\/#\/schema\/person\/b38fbf43118f02820bd932f2e4b14ad3\",\"name\":\"admin\",\"image\":{\"@type\":\"ImageObject\",\"inLanguage\":\"pt-BR\",\"@id\":\"https:\/\/franciscanos.org.br\/noticias\/#\/schema\/person\/image\/\",\"url\":\"https:\/\/secure.gravatar.com\/avatar\/e8495742d34d0ba6448ea1c628263b3e?s=96&d=mm&r=g\",\"contentUrl\":\"https:\/\/secure.gravatar.com\/avatar\/e8495742d34d0ba6448ea1c628263b3e?s=96&d=mm&r=g\",\"caption\":\"admin\"},\"url\":\"https:\/\/franciscanos.org.br\/noticias\/author\/admin\"}]}<\/script>\n<!-- \/ Yoast SEO plugin. -->","yoast_head_json":{"title":"Com Maria e Santo Ant\u00f4nio, viver as bem-aventuran\u00e7as - Not\u00edcias - Franciscanos","robots":{"index":"index","follow":"follow","max-snippet":"max-snippet:-1","max-image-preview":"max-image-preview:large","max-video-preview":"max-video-preview:-1"},"canonical":"https:\/\/franciscanos.org.br\/noticias\/com-maria-e-santo-antonio-trilhar-o-caminho-das-bem-aventurancas.html","og_locale":"pt_BR","og_type":"article","og_title":"Com Maria e Santo Ant\u00f4nio, viver as bem-aventuran\u00e7as - Not\u00edcias - Franciscanos","og_description":"Trezena","og_url":"https:\/\/franciscanos.org.br\/noticias\/com-maria-e-santo-antonio-trilhar-o-caminho-das-bem-aventurancas.html","og_site_name":"Not\u00edcias - Franciscanos","article_published_time":"2017-06-12T20:15:23+00:00","article_modified_time":"2019-01-24T12:56:11+00:00","og_image":[{"width":273,"height":181,"url":"https:\/\/franciscanos.org.br\/noticias\/wp-content\/uploads\/2017\/06\/trezena_120617p.jpg","type":"image\/jpeg"}],"author":"admin","twitter_card":"summary_large_image","twitter_misc":{"Escrito por":"admin","Est. tempo de leitura":"3 minutos"},"schema":{"@context":"https:\/\/schema.org","@graph":[{"@type":"WebSite","@id":"https:\/\/franciscanos.org.br\/noticias\/#website","url":"https:\/\/franciscanos.org.br\/noticias\/","name":"Not\u00edcias - Franciscanos","description":"Prov\u00edncia Franciscana da Imaculada Concei\u00e7\u00e3o do Brasil - Ordem dos Frades Menores - OFM","potentialAction":[{"@type":"SearchAction","target":{"@type":"EntryPoint","urlTemplate":"https:\/\/franciscanos.org.br\/noticias\/?s={search_term_string}"},"query-input":"required name=search_term_string"}],"inLanguage":"pt-BR"},{"@type":"ImageObject","inLanguage":"pt-BR","@id":"https:\/\/franciscanos.org.br\/noticias\/com-maria-e-santo-antonio-trilhar-o-caminho-das-bem-aventurancas.html#primaryimage","url":"https:\/\/franciscanos.org.br\/noticias\/wp-content\/uploads\/2017\/06\/trezena_120617p.jpg","contentUrl":"https:\/\/franciscanos.org.br\/noticias\/wp-content\/uploads\/2017\/06\/trezena_120617p.jpg","width":273,"height":181},{"@type":"WebPage","@id":"https:\/\/franciscanos.org.br\/noticias\/com-maria-e-santo-antonio-trilhar-o-caminho-das-bem-aventurancas.html#webpage","url":"https:\/\/franciscanos.org.br\/noticias\/com-maria-e-santo-antonio-trilhar-o-caminho-das-bem-aventurancas.html","name":"Com Maria e Santo Ant\u00f4nio, viver as bem-aventuran\u00e7as - Not\u00edcias - Franciscanos","isPartOf":{"@id":"https:\/\/franciscanos.org.br\/noticias\/#website"},"primaryImageOfPage":{"@id":"https:\/\/franciscanos.org.br\/noticias\/com-maria-e-santo-antonio-trilhar-o-caminho-das-bem-aventurancas.html#primaryimage"},"datePublished":"2017-06-12T20:15:23+00:00","dateModified":"2019-01-24T12:56:11+00:00","author":{"@id":"https:\/\/franciscanos.org.br\/noticias\/#\/schema\/person\/b38fbf43118f02820bd932f2e4b14ad3"},"breadcrumb":{"@id":"https:\/\/franciscanos.org.br\/noticias\/com-maria-e-santo-antonio-trilhar-o-caminho-das-bem-aventurancas.html#breadcrumb"},"inLanguage":"pt-BR","potentialAction":[{"@type":"ReadAction","target":["https:\/\/franciscanos.org.br\/noticias\/com-maria-e-santo-antonio-trilhar-o-caminho-das-bem-aventurancas.html"]}]},{"@type":"BreadcrumbList","@id":"https:\/\/franciscanos.org.br\/noticias\/com-maria-e-santo-antonio-trilhar-o-caminho-das-bem-aventurancas.html#breadcrumb","itemListElement":[{"@type":"ListItem","position":1,"name":"Home","item":"https:\/\/franciscanos.org.br\/noticias"},{"@type":"ListItem","position":2,"name":"Com Maria e Santo Ant\u00f4nio, viver as bem-aventuran\u00e7as"}]},{"@type":"Person","@id":"https:\/\/franciscanos.org.br\/noticias\/#\/schema\/person\/b38fbf43118f02820bd932f2e4b14ad3","name":"admin","image":{"@type":"ImageObject","inLanguage":"pt-BR","@id":"https:\/\/franciscanos.org.br\/noticias\/#\/schema\/person\/image\/","url":"https:\/\/secure.gravatar.com\/avatar\/e8495742d34d0ba6448ea1c628263b3e?s=96&d=mm&r=g","contentUrl":"https:\/\/secure.gravatar.com\/avatar\/e8495742d34d0ba6448ea1c628263b3e?s=96&d=mm&r=g","caption":"admin"},"url":"https:\/\/franciscanos.org.br\/noticias\/author\/admin"}]}},"_links":{"self":[{"href":"https:\/\/franciscanos.org.br\/noticias\/wp-json\/wp\/v2\/posts\/136135"}],"collection":[{"href":"https:\/\/franciscanos.org.br\/noticias\/wp-json\/wp\/v2\/posts"}],"about":[{"href":"https:\/\/franciscanos.org.br\/noticias\/wp-json\/wp\/v2\/types\/post"}],"author":[{"embeddable":true,"href":"https:\/\/franciscanos.org.br\/noticias\/wp-json\/wp\/v2\/users\/1"}],"replies":[{"embeddable":true,"href":"https:\/\/franciscanos.org.br\/noticias\/wp-json\/wp\/v2\/comments?post=136135"}],"version-history":[{"count":0,"href":"https:\/\/franciscanos.org.br\/noticias\/wp-json\/wp\/v2\/posts\/136135\/revisions"}],"wp:featuredmedia":[{"embeddable":true,"href":"https:\/\/franciscanos.org.br\/noticias\/wp-json\/wp\/v2\/media\/196646"}],"wp:attachment":[{"href":"https:\/\/franciscanos.org.br\/noticias\/wp-json\/wp\/v2\/media?parent=136135"}],"wp:term":[{"taxonomy":"category","embeddable":true,"href":"https:\/\/franciscanos.org.br\/noticias\/wp-json\/wp\/v2\/categories?post=136135"},{"taxonomy":"post_tag","embeddable":true,"href":"https:\/\/franciscanos.org.br\/noticias\/wp-json\/wp\/v2\/tags?post=136135"}],"curies":[{"name":"wp","href":"https:\/\/api.w.org\/{rel}","templated":true}]}}