{"id":136102,"date":"2017-06-12T14:38:26","date_gmt":"2017-06-12T17:38:26","guid":{"rendered":"http:\/\/franciscanos.org.br\/?p=136102"},"modified":"2019-02-06T13:48:17","modified_gmt":"2019-02-06T15:48:17","slug":"136102","status":"publish","type":"post","link":"https:\/\/franciscanos.org.br\/noticias\/136102.html","title":{"rendered":"Encontro Vocacional re\u00fane 21 jovens em Ituporanga"},"content":{"rendered":"<p><img loading=\"lazy\" src=\"http:\/\/franciscanos.org.br\/wp-content\/uploads\/2017\/06\/sav_120617.jpg\" alt=\"sav_120617\" width=\"830\" height=\"623\" \/><\/p>\n<p>Toda caminhada vocacional de um jovem come\u00e7a com os primeiros passos. Estes podem ser firmes, destemidos e previamente j\u00e1 pensados. Ou talvez, h\u00e1 quem esteja mais t\u00edmido, pensativo e inseguro. Apesar disso, o in\u00edcio \u00e9 etapa forte e precisa ser bem vivida, pois ser\u00e1 carimbado na hist\u00f3ria daquele que se abre para compreender mais o chamado de Deus. Neste contexto, no \u00faltimo final de semana (9-11\/6), 21 jovens do estado de Santa Catarina tiveram lugar marcado para concretizar essa largada no seu itiner\u00e1rio de discernimento vocacional: o Semin\u00e1rio S\u00e3o Francisco de Assis em Ituporanga\/SC.<\/p>\n<p>Durante o encontro, os jovens puderam esclarecer bem a quest\u00e3o vocacional na B\u00edblia: o chamado de homens e mulheres que se entregaram por inteiro \u00e0 voz de Deus, e que sentiram aquilo que o profeta Jeremias experimentou: \u201cTu me seduziste, Senhor, e eu me deixei seduzir\u201d (Jr 20, 7). Al\u00e9m disso, por meio de um filme, os irm\u00e3os que estavam no encontro conheceram um pouco mais sobre a vida de S\u00e3o Francisco de Assis, sua convers\u00e3o e sua miss\u00e3o evangelizadora.<\/p>\n<p><img loading=\"lazy\" src=\"http:\/\/franciscanos.org.br\/wp-content\/uploads\/2017\/06\/sav_120617_1.jpg\" alt=\"sav_120617_1\" width=\"830\" height=\"368\" \/><\/p>\n<p>Outro aspecto muito enfatizado diretamente aos jovens que fazem o ensino fundamental \u00e9 a quest\u00e3o de como o chamado de Deus \u00e9 trabalhado dentro da rotina do semin\u00e1rio. Os cinco pilares da vida desta casa de forma\u00e7\u00e3o \u2013 ora\u00e7\u00e3o, estudo, vida fraterna, trabalho e lazer &#8211; foram muito bem abordados e explanados. E como \u00e9 de costume, tamb\u00e9m foram propiciados muitas ocasi\u00f5es favor\u00e1veis de experi\u00eancia pr\u00e1tica, juntamente com os seminaristas e aspirantes, de como essas marcas fortes do dia a dia desta fraternidade acontecem. Por isso, os vocacionados viveram profundos momentos de encontro com Deus, forma\u00e7\u00e3o, atividades esportivas e de conviv\u00eancia e tamb\u00e9m de ajuda na limpeza de espa\u00e7os comuns.<\/p>\n<p>E para aprimorar ainda mais este in\u00edcio de caminhada, a conviv\u00eancia com os frades, aspirantes e seminaristas fez do encontro um momento concreto de conhecimento de como se d\u00e1 a vida franciscana. As perguntas de corredor, os momentos para rezar juntos, jogar bola e entre outros, al\u00e9m de ser um demonstrativo de como s\u00e3o as atividades do semin\u00e1rio, s\u00e3o, antes de tudo, uma anima\u00e7\u00e3o vocacional. Os irm\u00e3os mais experientes na caminhada v\u00e3o ajudando os que est\u00e3o iniciando, e assim se d\u00e1 a concretiza\u00e7\u00e3o do discernimento do chamado de Deus.<\/p>\n<p><img loading=\"lazy\" src=\"http:\/\/franciscanos.org.br\/wp-content\/uploads\/2017\/06\/sav_120617_2.jpg\" alt=\"sav_120617_2\" width=\"830\" height=\"525\" \/><\/p>\n<p>Tudo isso \u00e9 para demonstrar que o in\u00edcio de um processo de acompanhamento vocacional precisa estar afinado com as bases daquilo que servir\u00e1 de sustento para uma voca\u00e7\u00e3o acertada. Viver um pouco o dia a dia do semin\u00e1rio j\u00e1 deixou nos jovens participantes o desejo de querer caminhar mais, de conhecer mais sobre S\u00e3o Francisco e viver os valores de uma caminhada evang\u00e9lica ao modo de ser de um frade menor. O Servi\u00e7o de Anima\u00e7\u00e3o Vocacional agradece a Fraternidade do Semin\u00e1rio, aos seminaristas e aspirantes pelo apoio e sempre boa acolhida. Rezemos pelos nossos jovens vocacionados!<\/p>\n<p><strong>Frei Gabriel Dellandrea<\/strong><\/p>\n<p>VEJA MAIS IMAGENS DO ENCONTRO<\/p>\n\n","protected":false},"excerpt":{"rendered":"<p>SAV<\/p>\n","protected":false},"author":1,"featured_media":199609,"comment_status":"open","ping_status":"open","sticky":false,"template":"","format":"standard","meta":[],"categories":[1],"tags":[699,89],"acf":[],"yoast_head":"<!-- This site is optimized with the Yoast SEO plugin v19.2 - https:\/\/yoast.com\/wordpress\/plugins\/seo\/ -->\n<title>Encontro Vocacional re\u00fane 21 jovens em Ituporanga - Not\u00edcias - Franciscanos<\/title>\n<meta name=\"robots\" content=\"index, follow, max-snippet:-1, max-image-preview:large, max-video-preview:-1\" \/>\n<link rel=\"canonical\" href=\"https:\/\/franciscanos.org.br\/noticias\/136102.html\" \/>\n<meta property=\"og:locale\" content=\"pt_BR\" \/>\n<meta property=\"og:type\" content=\"article\" \/>\n<meta property=\"og:title\" content=\"Encontro Vocacional re\u00fane 21 jovens em Ituporanga - Not\u00edcias - Franciscanos\" \/>\n<meta property=\"og:description\" content=\"SAV\" \/>\n<meta property=\"og:url\" content=\"https:\/\/franciscanos.org.br\/noticias\/136102.html\" \/>\n<meta property=\"og:site_name\" content=\"Not\u00edcias - Franciscanos\" \/>\n<meta property=\"article:published_time\" content=\"2017-06-12T17:38:26+00:00\" \/>\n<meta property=\"article:modified_time\" content=\"2019-02-06T15:48:17+00:00\" \/>\n<meta property=\"og:image\" content=\"https:\/\/franciscanos.org.br\/noticias\/wp-content\/uploads\/2017\/06\/sav_120617.jpg\" \/>\n\t<meta property=\"og:image:width\" content=\"273\" \/>\n\t<meta property=\"og:image:height\" content=\"181\" \/>\n\t<meta property=\"og:image:type\" content=\"image\/jpeg\" \/>\n<meta name=\"author\" content=\"admin\" \/>\n<meta name=\"twitter:card\" content=\"summary_large_image\" \/>\n<meta name=\"twitter:label1\" content=\"Escrito por\" \/>\n\t<meta name=\"twitter:data1\" content=\"admin\" \/>\n\t<meta name=\"twitter:label2\" content=\"Est. tempo de leitura\" \/>\n\t<meta name=\"twitter:data2\" content=\"3 minutos\" \/>\n<script type=\"application\/ld+json\" class=\"yoast-schema-graph\">{\"@context\":\"https:\/\/schema.org\",\"@graph\":[{\"@type\":\"WebSite\",\"@id\":\"https:\/\/franciscanos.org.br\/noticias\/#website\",\"url\":\"https:\/\/franciscanos.org.br\/noticias\/\",\"name\":\"Not\u00edcias - Franciscanos\",\"description\":\"Prov\u00edncia Franciscana da Imaculada Concei\u00e7\u00e3o do Brasil - Ordem dos Frades Menores - OFM\",\"potentialAction\":[{\"@type\":\"SearchAction\",\"target\":{\"@type\":\"EntryPoint\",\"urlTemplate\":\"https:\/\/franciscanos.org.br\/noticias\/?s={search_term_string}\"},\"query-input\":\"required name=search_term_string\"}],\"inLanguage\":\"pt-BR\"},{\"@type\":\"ImageObject\",\"inLanguage\":\"pt-BR\",\"@id\":\"https:\/\/franciscanos.org.br\/noticias\/136102.html#primaryimage\",\"url\":\"https:\/\/franciscanos.org.br\/noticias\/wp-content\/uploads\/2017\/06\/sav_120617.jpg\",\"contentUrl\":\"https:\/\/franciscanos.org.br\/noticias\/wp-content\/uploads\/2017\/06\/sav_120617.jpg\",\"width\":273,\"height\":181},{\"@type\":\"WebPage\",\"@id\":\"https:\/\/franciscanos.org.br\/noticias\/136102.html#webpage\",\"url\":\"https:\/\/franciscanos.org.br\/noticias\/136102.html\",\"name\":\"Encontro Vocacional re\u00fane 21 jovens em Ituporanga - Not\u00edcias - Franciscanos\",\"isPartOf\":{\"@id\":\"https:\/\/franciscanos.org.br\/noticias\/#website\"},\"primaryImageOfPage\":{\"@id\":\"https:\/\/franciscanos.org.br\/noticias\/136102.html#primaryimage\"},\"datePublished\":\"2017-06-12T17:38:26+00:00\",\"dateModified\":\"2019-02-06T15:48:17+00:00\",\"author\":{\"@id\":\"https:\/\/franciscanos.org.br\/noticias\/#\/schema\/person\/b38fbf43118f02820bd932f2e4b14ad3\"},\"breadcrumb\":{\"@id\":\"https:\/\/franciscanos.org.br\/noticias\/136102.html#breadcrumb\"},\"inLanguage\":\"pt-BR\",\"potentialAction\":[{\"@type\":\"ReadAction\",\"target\":[\"https:\/\/franciscanos.org.br\/noticias\/136102.html\"]}]},{\"@type\":\"BreadcrumbList\",\"@id\":\"https:\/\/franciscanos.org.br\/noticias\/136102.html#breadcrumb\",\"itemListElement\":[{\"@type\":\"ListItem\",\"position\":1,\"name\":\"Home\",\"item\":\"https:\/\/franciscanos.org.br\/noticias\"},{\"@type\":\"ListItem\",\"position\":2,\"name\":\"Encontro Vocacional re\u00fane 21 jovens em Ituporanga\"}]},{\"@type\":\"Person\",\"@id\":\"https:\/\/franciscanos.org.br\/noticias\/#\/schema\/person\/b38fbf43118f02820bd932f2e4b14ad3\",\"name\":\"admin\",\"image\":{\"@type\":\"ImageObject\",\"inLanguage\":\"pt-BR\",\"@id\":\"https:\/\/franciscanos.org.br\/noticias\/#\/schema\/person\/image\/\",\"url\":\"https:\/\/secure.gravatar.com\/avatar\/e8495742d34d0ba6448ea1c628263b3e?s=96&d=mm&r=g\",\"contentUrl\":\"https:\/\/secure.gravatar.com\/avatar\/e8495742d34d0ba6448ea1c628263b3e?s=96&d=mm&r=g\",\"caption\":\"admin\"},\"url\":\"https:\/\/franciscanos.org.br\/noticias\/author\/admin\"}]}<\/script>\n<!-- \/ Yoast SEO plugin. -->","yoast_head_json":{"title":"Encontro Vocacional re\u00fane 21 jovens em Ituporanga - Not\u00edcias - Franciscanos","robots":{"index":"index","follow":"follow","max-snippet":"max-snippet:-1","max-image-preview":"max-image-preview:large","max-video-preview":"max-video-preview:-1"},"canonical":"https:\/\/franciscanos.org.br\/noticias\/136102.html","og_locale":"pt_BR","og_type":"article","og_title":"Encontro Vocacional re\u00fane 21 jovens em Ituporanga - Not\u00edcias - Franciscanos","og_description":"SAV","og_url":"https:\/\/franciscanos.org.br\/noticias\/136102.html","og_site_name":"Not\u00edcias - Franciscanos","article_published_time":"2017-06-12T17:38:26+00:00","article_modified_time":"2019-02-06T15:48:17+00:00","og_image":[{"width":273,"height":181,"url":"https:\/\/franciscanos.org.br\/noticias\/wp-content\/uploads\/2017\/06\/sav_120617.jpg","type":"image\/jpeg"}],"author":"admin","twitter_card":"summary_large_image","twitter_misc":{"Escrito por":"admin","Est. tempo de leitura":"3 minutos"},"schema":{"@context":"https:\/\/schema.org","@graph":[{"@type":"WebSite","@id":"https:\/\/franciscanos.org.br\/noticias\/#website","url":"https:\/\/franciscanos.org.br\/noticias\/","name":"Not\u00edcias - Franciscanos","description":"Prov\u00edncia Franciscana da Imaculada Concei\u00e7\u00e3o do Brasil - Ordem dos Frades Menores - OFM","potentialAction":[{"@type":"SearchAction","target":{"@type":"EntryPoint","urlTemplate":"https:\/\/franciscanos.org.br\/noticias\/?s={search_term_string}"},"query-input":"required name=search_term_string"}],"inLanguage":"pt-BR"},{"@type":"ImageObject","inLanguage":"pt-BR","@id":"https:\/\/franciscanos.org.br\/noticias\/136102.html#primaryimage","url":"https:\/\/franciscanos.org.br\/noticias\/wp-content\/uploads\/2017\/06\/sav_120617.jpg","contentUrl":"https:\/\/franciscanos.org.br\/noticias\/wp-content\/uploads\/2017\/06\/sav_120617.jpg","width":273,"height":181},{"@type":"WebPage","@id":"https:\/\/franciscanos.org.br\/noticias\/136102.html#webpage","url":"https:\/\/franciscanos.org.br\/noticias\/136102.html","name":"Encontro Vocacional re\u00fane 21 jovens em Ituporanga - Not\u00edcias - Franciscanos","isPartOf":{"@id":"https:\/\/franciscanos.org.br\/noticias\/#website"},"primaryImageOfPage":{"@id":"https:\/\/franciscanos.org.br\/noticias\/136102.html#primaryimage"},"datePublished":"2017-06-12T17:38:26+00:00","dateModified":"2019-02-06T15:48:17+00:00","author":{"@id":"https:\/\/franciscanos.org.br\/noticias\/#\/schema\/person\/b38fbf43118f02820bd932f2e4b14ad3"},"breadcrumb":{"@id":"https:\/\/franciscanos.org.br\/noticias\/136102.html#breadcrumb"},"inLanguage":"pt-BR","potentialAction":[{"@type":"ReadAction","target":["https:\/\/franciscanos.org.br\/noticias\/136102.html"]}]},{"@type":"BreadcrumbList","@id":"https:\/\/franciscanos.org.br\/noticias\/136102.html#breadcrumb","itemListElement":[{"@type":"ListItem","position":1,"name":"Home","item":"https:\/\/franciscanos.org.br\/noticias"},{"@type":"ListItem","position":2,"name":"Encontro Vocacional re\u00fane 21 jovens em Ituporanga"}]},{"@type":"Person","@id":"https:\/\/franciscanos.org.br\/noticias\/#\/schema\/person\/b38fbf43118f02820bd932f2e4b14ad3","name":"admin","image":{"@type":"ImageObject","inLanguage":"pt-BR","@id":"https:\/\/franciscanos.org.br\/noticias\/#\/schema\/person\/image\/","url":"https:\/\/secure.gravatar.com\/avatar\/e8495742d34d0ba6448ea1c628263b3e?s=96&d=mm&r=g","contentUrl":"https:\/\/secure.gravatar.com\/avatar\/e8495742d34d0ba6448ea1c628263b3e?s=96&d=mm&r=g","caption":"admin"},"url":"https:\/\/franciscanos.org.br\/noticias\/author\/admin"}]}},"_links":{"self":[{"href":"https:\/\/franciscanos.org.br\/noticias\/wp-json\/wp\/v2\/posts\/136102"}],"collection":[{"href":"https:\/\/franciscanos.org.br\/noticias\/wp-json\/wp\/v2\/posts"}],"about":[{"href":"https:\/\/franciscanos.org.br\/noticias\/wp-json\/wp\/v2\/types\/post"}],"author":[{"embeddable":true,"href":"https:\/\/franciscanos.org.br\/noticias\/wp-json\/wp\/v2\/users\/1"}],"replies":[{"embeddable":true,"href":"https:\/\/franciscanos.org.br\/noticias\/wp-json\/wp\/v2\/comments?post=136102"}],"version-history":[{"count":0,"href":"https:\/\/franciscanos.org.br\/noticias\/wp-json\/wp\/v2\/posts\/136102\/revisions"}],"wp:featuredmedia":[{"embeddable":true,"href":"https:\/\/franciscanos.org.br\/noticias\/wp-json\/wp\/v2\/media\/199609"}],"wp:attachment":[{"href":"https:\/\/franciscanos.org.br\/noticias\/wp-json\/wp\/v2\/media?parent=136102"}],"wp:term":[{"taxonomy":"category","embeddable":true,"href":"https:\/\/franciscanos.org.br\/noticias\/wp-json\/wp\/v2\/categories?post=136102"},{"taxonomy":"post_tag","embeddable":true,"href":"https:\/\/franciscanos.org.br\/noticias\/wp-json\/wp\/v2\/tags?post=136102"}],"curies":[{"name":"wp","href":"https:\/\/api.w.org\/{rel}","templated":true}]}}