{"id":136060,"date":"2017-06-12T08:02:46","date_gmt":"2017-06-12T11:02:46","guid":{"rendered":"http:\/\/franciscanos.org.br\/?p=136060"},"modified":"2020-06-08T19:15:58","modified_gmt":"2020-06-08T22:15:58","slug":"papa-a-consolacao-verdadeira-e-dom-e-servico","status":"publish","type":"post","link":"https:\/\/franciscanos.org.br\/noticias\/papa-a-consolacao-verdadeira-e-dom-e-servico.html","title":{"rendered":"Papa Francisco: a consola\u00e7\u00e3o verdadeira \u00e9 dom e servi\u00e7o"},"content":{"rendered":"<p><img loading=\"lazy\" src=\"http:\/\/franciscanos.org.br\/wp-content\/uploads\/2017\/06\/papa_120617.jpg\" alt=\"papa_120617\" width=\"820\" height=\"432\" \/><\/p>\n<p><strong>Cidade do Vaticano<\/strong> &#8211; O Papa Francisco celebrou a missa na capela da Casa Santa Marta, nesta segunda-feira (12\/06). A experi\u00eancia da consola\u00e7\u00e3o esteve no centro da homilia do Santo Padre. O Papa frisou que a Primeira Leitura do dia fala oito vezes de consola\u00e7\u00e3o. Para o Pont\u00edfice foi uma ocasi\u00e3o para refletir sobre qual \u00e9 a consola\u00e7\u00e3o \u00e0 qual S\u00e3o Paulo se refere. A sua primeira caracter\u00edstica \u00e9 a de n\u00e3o ser \u201caut\u00f4noma\u201d.<\/p>\n<p>\u201cA experi\u00eancia da consola\u00e7\u00e3o, que \u00e9 uma experi\u00eancia espiritual, precisa sempre da alteridade para ser plena: ningu\u00e9m pode consolar-se a si mesmo. Ningu\u00e9m. E quem procura faz\u00ea-lo termina olhando-se no espelho. Olha-se no espelho, procura maquiar-se, se aparecer. Consola-se com essas coisas fechadas que n\u00e3o o deixam crescer e o ar que respira \u00e9 o ar narcisista da autorrefencialidade. Esta \u00e9 uma consola\u00e7\u00e3o maquiada porque \u00e9 fechada, falta-lhe a alteridade.\u201d<\/p>\n<p>\u201cNo Evangelho se encontra muita gente assim\u201d, sublinhou o Papa na homilia. Por exemplo, os doutores da Lei, \u201ccheios da pr\u00f3pria sufici\u00eancia\u201d, o homem rico que vivia sempre em festas, pensando em se consolar, mas sobretudo o que expressa melhor este comportamento \u00e9 a ora\u00e7\u00e3o do fariseu diante do altar. Ele diz: \u201cEu te agrade\u00e7o porque n\u00e3o sou como os outros\u201d. \u201cEle se olhava no espelho\u201d, disse Francisco, \u201colhava a pr\u00f3pria alma maquiada por ideologias e agradecia ao Senhor\u201d. Jesus mostra esta possibilidade de ser gente que com este modo de viver \u201cnunca alcan\u00e7ar\u00e1 a plenitude\u201d, mas a vangl\u00f3ria.<\/p>\n<p>Para ser verdadeira, a consola\u00e7\u00e3o precisa de uma alteridade. Primeiramente, se recebe, pois \u201c\u00e9 Deus quem consola, que d\u00e1 este dom\u201d. Depois, a verdadeira consola\u00e7\u00e3o amadurece tamb\u00e9m outra alteridade, ou seja, a de consolar os outros. \u201cA consola\u00e7\u00e3o \u00e9 uma passagem do dom recebido ao servi\u00e7o doado\u201d, explicou o Papa: \u201cA consola\u00e7\u00e3o verdadeira tem dupla alteridade: \u00e9 dom e servi\u00e7o. Assim, se eu deixo a consola\u00e7\u00e3o do Senhor entrar como dom \u00e9 porque eu preciso ser consolado. Para ser consolado \u00e9 necess\u00e1rio reconhecer-se necessitado. Somente assim, o Senhor vem, nos consola e nos d\u00e1 a miss\u00e3o de consolar os outros. N\u00e3o \u00e9 f\u00e1cil ter o cora\u00e7\u00e3o aberto para receber o dom e fazer o servi\u00e7o, duas alteridades que tornam poss\u00edvel a consola\u00e7\u00e3o.\u201d<\/p>\n<p>\u201c\u00c9 necess\u00e1rio um cora\u00e7\u00e3o aberto e para isso \u00e9 preciso um cora\u00e7\u00e3o feliz. O Evangelho de hoje das Bem-aventuran\u00e7as diz quem s\u00e3o os felizes, quem s\u00e3o os beatos\u201d: \u201cOs pobres, o cora\u00e7\u00e3o se abre com uma atitude de pobreza, de pobreza de esp\u00edrito. Os que sabem chorar, os mansos, a mansid\u00e3o do cora\u00e7\u00e3o; os que t\u00eam fome de justi\u00e7a, que lutam pela justi\u00e7a; os que s\u00e3o misericordiosos, que t\u00eam miseric\u00f3rdia pelos outros; os puros de cora\u00e7\u00e3o; os agentes de paz e os que s\u00e3o perseguidos pela justi\u00e7a, por amor \u00e0 justi\u00e7a. Assim o cora\u00e7\u00e3o se abre e o Senhor vem com o dom da consola\u00e7\u00e3o e a miss\u00e3o de consolar os outros\u201d.<\/p>\n<p>Ao inv\u00e9s, s\u00e3o fechados os que se sentem \u201cricos de esp\u00edrito\u201d, isto \u00e9, \u201csuficientes\u201d, \u201cos que n\u00e3o sentem necessidade de chorar porque se sentem justos\u201d, os violentos que n\u00e3o sabem o que \u00e9 a mansid\u00e3o, os injustos que cometem injusti\u00e7a, os que n\u00e3o t\u00eam miseric\u00f3rdia, que jamais precisam perdoar porque n\u00e3o sentem a necessidade de serem perdoados, \u201cos sujos de cora\u00e7\u00e3o\u201d, os \u201cagentes de guerras\u201d e n\u00e3o de paz e os que jamais s\u00e3o criticados ou perseguidos porque n\u00e3o se preocupam com as injusti\u00e7as contra as outras pessoas. \u201cEssas pessoas \u2013 diz o Papa \u2013 t\u00eam um cora\u00e7\u00e3o fechado\u201d: n\u00e3o s\u00e3o felizes porque n\u00e3o pode entrar o dom da consola\u00e7\u00e3o para, depois, d\u00e1-lo aos demais.<\/p>\n<p>Francisco convidou a nos questionar como est\u00e1 o nosso cora\u00e7\u00e3o, se aberto e capaz de pedir o dom da consola\u00e7\u00e3o para depois d\u00e1-lo aos outros como um dom do Senhor. Durante o dia, pensar e agradecer ao Senhor que &#8220;sempre tenta nos consolar&#8221;. &#8220;Ele somente nos pede que a porta do nosso cora\u00e7\u00e3o esteja aberta pelo menos um pouquinho&#8221;, concluiu o Papa: &#8220;Assim, Ele depois encontra o modo para entrar\u201d.<\/p>\n<hr \/>\n<p><em>Fonte: R\u00e1dio Vaticano<\/em><\/p>\n","protected":false},"excerpt":{"rendered":"<p>Missa em Santa Marta<\/p>\n","protected":false},"author":1,"featured_media":199604,"comment_status":"open","ping_status":"open","sticky":false,"template":"","format":"standard","meta":[],"categories":[1428],"tags":[1586],"acf":[],"yoast_head":"<!-- This site is optimized with the Yoast SEO plugin v19.2 - https:\/\/yoast.com\/wordpress\/plugins\/seo\/ -->\n<title>Papa Francisco: a consola\u00e7\u00e3o verdadeira \u00e9 dom e servi\u00e7o - Not\u00edcias - Franciscanos<\/title>\n<meta name=\"robots\" content=\"index, follow, max-snippet:-1, max-image-preview:large, max-video-preview:-1\" \/>\n<link rel=\"canonical\" href=\"https:\/\/franciscanos.org.br\/noticias\/papa-a-consolacao-verdadeira-e-dom-e-servico.html\" \/>\n<meta property=\"og:locale\" content=\"pt_BR\" \/>\n<meta property=\"og:type\" content=\"article\" \/>\n<meta property=\"og:title\" content=\"Papa Francisco: a consola\u00e7\u00e3o verdadeira \u00e9 dom e servi\u00e7o - Not\u00edcias - Franciscanos\" \/>\n<meta property=\"og:description\" content=\"Missa em Santa Marta\" \/>\n<meta property=\"og:url\" content=\"https:\/\/franciscanos.org.br\/noticias\/papa-a-consolacao-verdadeira-e-dom-e-servico.html\" \/>\n<meta property=\"og:site_name\" content=\"Not\u00edcias - Franciscanos\" \/>\n<meta property=\"article:published_time\" content=\"2017-06-12T11:02:46+00:00\" \/>\n<meta property=\"article:modified_time\" content=\"2020-06-08T22:15:58+00:00\" \/>\n<meta property=\"og:image\" content=\"https:\/\/franciscanos.org.br\/noticias\/wp-content\/uploads\/2017\/06\/papa_120617.jpg\" \/>\n\t<meta property=\"og:image:width\" content=\"273\" \/>\n\t<meta property=\"og:image:height\" content=\"181\" \/>\n\t<meta property=\"og:image:type\" content=\"image\/jpeg\" \/>\n<meta name=\"author\" content=\"admin\" \/>\n<meta name=\"twitter:card\" content=\"summary_large_image\" \/>\n<meta name=\"twitter:label1\" content=\"Escrito por\" \/>\n\t<meta name=\"twitter:data1\" content=\"admin\" \/>\n\t<meta name=\"twitter:label2\" content=\"Est. tempo de leitura\" \/>\n\t<meta name=\"twitter:data2\" content=\"4 minutos\" \/>\n<script type=\"application\/ld+json\" class=\"yoast-schema-graph\">{\"@context\":\"https:\/\/schema.org\",\"@graph\":[{\"@type\":\"WebSite\",\"@id\":\"https:\/\/franciscanos.org.br\/noticias\/#website\",\"url\":\"https:\/\/franciscanos.org.br\/noticias\/\",\"name\":\"Not\u00edcias - Franciscanos\",\"description\":\"Prov\u00edncia Franciscana da Imaculada Concei\u00e7\u00e3o do Brasil - Ordem dos Frades Menores - OFM\",\"potentialAction\":[{\"@type\":\"SearchAction\",\"target\":{\"@type\":\"EntryPoint\",\"urlTemplate\":\"https:\/\/franciscanos.org.br\/noticias\/?s={search_term_string}\"},\"query-input\":\"required name=search_term_string\"}],\"inLanguage\":\"pt-BR\"},{\"@type\":\"ImageObject\",\"inLanguage\":\"pt-BR\",\"@id\":\"https:\/\/franciscanos.org.br\/noticias\/papa-a-consolacao-verdadeira-e-dom-e-servico.html#primaryimage\",\"url\":\"https:\/\/franciscanos.org.br\/noticias\/wp-content\/uploads\/2017\/06\/papa_120617.jpg\",\"contentUrl\":\"https:\/\/franciscanos.org.br\/noticias\/wp-content\/uploads\/2017\/06\/papa_120617.jpg\",\"width\":273,\"height\":181},{\"@type\":\"WebPage\",\"@id\":\"https:\/\/franciscanos.org.br\/noticias\/papa-a-consolacao-verdadeira-e-dom-e-servico.html#webpage\",\"url\":\"https:\/\/franciscanos.org.br\/noticias\/papa-a-consolacao-verdadeira-e-dom-e-servico.html\",\"name\":\"Papa Francisco: a consola\u00e7\u00e3o verdadeira \u00e9 dom e servi\u00e7o - Not\u00edcias - Franciscanos\",\"isPartOf\":{\"@id\":\"https:\/\/franciscanos.org.br\/noticias\/#website\"},\"primaryImageOfPage\":{\"@id\":\"https:\/\/franciscanos.org.br\/noticias\/papa-a-consolacao-verdadeira-e-dom-e-servico.html#primaryimage\"},\"datePublished\":\"2017-06-12T11:02:46+00:00\",\"dateModified\":\"2020-06-08T22:15:58+00:00\",\"author\":{\"@id\":\"https:\/\/franciscanos.org.br\/noticias\/#\/schema\/person\/b38fbf43118f02820bd932f2e4b14ad3\"},\"breadcrumb\":{\"@id\":\"https:\/\/franciscanos.org.br\/noticias\/papa-a-consolacao-verdadeira-e-dom-e-servico.html#breadcrumb\"},\"inLanguage\":\"pt-BR\",\"potentialAction\":[{\"@type\":\"ReadAction\",\"target\":[\"https:\/\/franciscanos.org.br\/noticias\/papa-a-consolacao-verdadeira-e-dom-e-servico.html\"]}]},{\"@type\":\"BreadcrumbList\",\"@id\":\"https:\/\/franciscanos.org.br\/noticias\/papa-a-consolacao-verdadeira-e-dom-e-servico.html#breadcrumb\",\"itemListElement\":[{\"@type\":\"ListItem\",\"position\":1,\"name\":\"Home\",\"item\":\"https:\/\/franciscanos.org.br\/noticias\"},{\"@type\":\"ListItem\",\"position\":2,\"name\":\"Papa Francisco: a consola\u00e7\u00e3o verdadeira \u00e9 dom e servi\u00e7o\"}]},{\"@type\":\"Person\",\"@id\":\"https:\/\/franciscanos.org.br\/noticias\/#\/schema\/person\/b38fbf43118f02820bd932f2e4b14ad3\",\"name\":\"admin\",\"image\":{\"@type\":\"ImageObject\",\"inLanguage\":\"pt-BR\",\"@id\":\"https:\/\/franciscanos.org.br\/noticias\/#\/schema\/person\/image\/\",\"url\":\"https:\/\/secure.gravatar.com\/avatar\/e8495742d34d0ba6448ea1c628263b3e?s=96&d=mm&r=g\",\"contentUrl\":\"https:\/\/secure.gravatar.com\/avatar\/e8495742d34d0ba6448ea1c628263b3e?s=96&d=mm&r=g\",\"caption\":\"admin\"},\"url\":\"https:\/\/franciscanos.org.br\/noticias\/author\/admin\"}]}<\/script>\n<!-- \/ Yoast SEO plugin. -->","yoast_head_json":{"title":"Papa Francisco: a consola\u00e7\u00e3o verdadeira \u00e9 dom e servi\u00e7o - Not\u00edcias - Franciscanos","robots":{"index":"index","follow":"follow","max-snippet":"max-snippet:-1","max-image-preview":"max-image-preview:large","max-video-preview":"max-video-preview:-1"},"canonical":"https:\/\/franciscanos.org.br\/noticias\/papa-a-consolacao-verdadeira-e-dom-e-servico.html","og_locale":"pt_BR","og_type":"article","og_title":"Papa Francisco: a consola\u00e7\u00e3o verdadeira \u00e9 dom e servi\u00e7o - Not\u00edcias - Franciscanos","og_description":"Missa em Santa Marta","og_url":"https:\/\/franciscanos.org.br\/noticias\/papa-a-consolacao-verdadeira-e-dom-e-servico.html","og_site_name":"Not\u00edcias - Franciscanos","article_published_time":"2017-06-12T11:02:46+00:00","article_modified_time":"2020-06-08T22:15:58+00:00","og_image":[{"width":273,"height":181,"url":"https:\/\/franciscanos.org.br\/noticias\/wp-content\/uploads\/2017\/06\/papa_120617.jpg","type":"image\/jpeg"}],"author":"admin","twitter_card":"summary_large_image","twitter_misc":{"Escrito por":"admin","Est. tempo de leitura":"4 minutos"},"schema":{"@context":"https:\/\/schema.org","@graph":[{"@type":"WebSite","@id":"https:\/\/franciscanos.org.br\/noticias\/#website","url":"https:\/\/franciscanos.org.br\/noticias\/","name":"Not\u00edcias - Franciscanos","description":"Prov\u00edncia Franciscana da Imaculada Concei\u00e7\u00e3o do Brasil - Ordem dos Frades Menores - OFM","potentialAction":[{"@type":"SearchAction","target":{"@type":"EntryPoint","urlTemplate":"https:\/\/franciscanos.org.br\/noticias\/?s={search_term_string}"},"query-input":"required name=search_term_string"}],"inLanguage":"pt-BR"},{"@type":"ImageObject","inLanguage":"pt-BR","@id":"https:\/\/franciscanos.org.br\/noticias\/papa-a-consolacao-verdadeira-e-dom-e-servico.html#primaryimage","url":"https:\/\/franciscanos.org.br\/noticias\/wp-content\/uploads\/2017\/06\/papa_120617.jpg","contentUrl":"https:\/\/franciscanos.org.br\/noticias\/wp-content\/uploads\/2017\/06\/papa_120617.jpg","width":273,"height":181},{"@type":"WebPage","@id":"https:\/\/franciscanos.org.br\/noticias\/papa-a-consolacao-verdadeira-e-dom-e-servico.html#webpage","url":"https:\/\/franciscanos.org.br\/noticias\/papa-a-consolacao-verdadeira-e-dom-e-servico.html","name":"Papa Francisco: a consola\u00e7\u00e3o verdadeira \u00e9 dom e servi\u00e7o - Not\u00edcias - Franciscanos","isPartOf":{"@id":"https:\/\/franciscanos.org.br\/noticias\/#website"},"primaryImageOfPage":{"@id":"https:\/\/franciscanos.org.br\/noticias\/papa-a-consolacao-verdadeira-e-dom-e-servico.html#primaryimage"},"datePublished":"2017-06-12T11:02:46+00:00","dateModified":"2020-06-08T22:15:58+00:00","author":{"@id":"https:\/\/franciscanos.org.br\/noticias\/#\/schema\/person\/b38fbf43118f02820bd932f2e4b14ad3"},"breadcrumb":{"@id":"https:\/\/franciscanos.org.br\/noticias\/papa-a-consolacao-verdadeira-e-dom-e-servico.html#breadcrumb"},"inLanguage":"pt-BR","potentialAction":[{"@type":"ReadAction","target":["https:\/\/franciscanos.org.br\/noticias\/papa-a-consolacao-verdadeira-e-dom-e-servico.html"]}]},{"@type":"BreadcrumbList","@id":"https:\/\/franciscanos.org.br\/noticias\/papa-a-consolacao-verdadeira-e-dom-e-servico.html#breadcrumb","itemListElement":[{"@type":"ListItem","position":1,"name":"Home","item":"https:\/\/franciscanos.org.br\/noticias"},{"@type":"ListItem","position":2,"name":"Papa Francisco: a consola\u00e7\u00e3o verdadeira \u00e9 dom e servi\u00e7o"}]},{"@type":"Person","@id":"https:\/\/franciscanos.org.br\/noticias\/#\/schema\/person\/b38fbf43118f02820bd932f2e4b14ad3","name":"admin","image":{"@type":"ImageObject","inLanguage":"pt-BR","@id":"https:\/\/franciscanos.org.br\/noticias\/#\/schema\/person\/image\/","url":"https:\/\/secure.gravatar.com\/avatar\/e8495742d34d0ba6448ea1c628263b3e?s=96&d=mm&r=g","contentUrl":"https:\/\/secure.gravatar.com\/avatar\/e8495742d34d0ba6448ea1c628263b3e?s=96&d=mm&r=g","caption":"admin"},"url":"https:\/\/franciscanos.org.br\/noticias\/author\/admin"}]}},"_links":{"self":[{"href":"https:\/\/franciscanos.org.br\/noticias\/wp-json\/wp\/v2\/posts\/136060"}],"collection":[{"href":"https:\/\/franciscanos.org.br\/noticias\/wp-json\/wp\/v2\/posts"}],"about":[{"href":"https:\/\/franciscanos.org.br\/noticias\/wp-json\/wp\/v2\/types\/post"}],"author":[{"embeddable":true,"href":"https:\/\/franciscanos.org.br\/noticias\/wp-json\/wp\/v2\/users\/1"}],"replies":[{"embeddable":true,"href":"https:\/\/franciscanos.org.br\/noticias\/wp-json\/wp\/v2\/comments?post=136060"}],"version-history":[{"count":1,"href":"https:\/\/franciscanos.org.br\/noticias\/wp-json\/wp\/v2\/posts\/136060\/revisions"}],"predecessor-version":[{"id":225317,"href":"https:\/\/franciscanos.org.br\/noticias\/wp-json\/wp\/v2\/posts\/136060\/revisions\/225317"}],"wp:featuredmedia":[{"embeddable":true,"href":"https:\/\/franciscanos.org.br\/noticias\/wp-json\/wp\/v2\/media\/199604"}],"wp:attachment":[{"href":"https:\/\/franciscanos.org.br\/noticias\/wp-json\/wp\/v2\/media?parent=136060"}],"wp:term":[{"taxonomy":"category","embeddable":true,"href":"https:\/\/franciscanos.org.br\/noticias\/wp-json\/wp\/v2\/categories?post=136060"},{"taxonomy":"post_tag","embeddable":true,"href":"https:\/\/franciscanos.org.br\/noticias\/wp-json\/wp\/v2\/tags?post=136060"}],"curies":[{"name":"wp","href":"https:\/\/api.w.org\/{rel}","templated":true}]}}