{"id":135931,"date":"2017-06-11T14:08:27","date_gmt":"2017-06-11T17:08:27","guid":{"rendered":"http:\/\/franciscanos.org.br\/?p=135931"},"modified":"2019-01-24T10:42:25","modified_gmt":"2019-01-24T12:42:25","slug":"onipotencia-de-deus-e-solidaria-humilde-e-servidora","status":"publish","type":"post","link":"https:\/\/franciscanos.org.br\/noticias\/onipotencia-de-deus-e-solidaria-humilde-e-servidora.html","title":{"rendered":"Onipot\u00eancia de Deus \u00e9 Solid\u00e1ria, Humilde e Servidora"},"content":{"rendered":"<p><strong><img loading=\"lazy\" class=\"alignleft size-full wp-image-196618\" src=\"https:\/\/franciscanos.org.br\/noticias\/wp-content\/uploads\/2017\/06\/trezena_110617.jpg\" alt=\"\" width=\"830\" height=\"417\" srcset=\"https:\/\/franciscanos.org.br\/noticias\/wp-content\/uploads\/2017\/06\/trezena_110617.jpg 830w, https:\/\/franciscanos.org.br\/noticias\/wp-content\/uploads\/2017\/06\/trezena_110617-450x226.jpg 450w, https:\/\/franciscanos.org.br\/noticias\/wp-content\/uploads\/2017\/06\/trezena_110617-768x386.jpg 768w, https:\/\/franciscanos.org.br\/noticias\/wp-content\/uploads\/2017\/06\/trezena_110617-150x75.jpg 150w\" sizes=\"(max-width: 830px) 100vw, 830px\" \/>Moacir Beggo<\/strong><\/p>\n<p><strong>\u00a0<\/strong><strong>S\u00e3o Paulo (SP<\/strong>) &#8211; O 12\u00ba dia da Trezena de Santo Ant\u00f4nio come\u00e7ou mais cedo, \u00e0s 10 horas, com a prociss\u00e3o saindo da Igreja de Santo Ant\u00f4nio da Pra\u00e7a do Patriarca at\u00e9 o Convento e Santu\u00e1rio S\u00e3o Francisco, no Largo S\u00e3o Francisco. A imagem do santo franciscano, carregada em andor, chegou \u00e0s 10h15, quando teve in\u00edcio a Santa Missa. O pregador, Frei Gustavo Medella, refletiu sobre o tema \u201cSanto Ant\u00f4nio e Santa Maria: recomendai-nos aos cuidados da Trindade!\u201d, neste domingo solene da Sant\u00edssima Trindade. Frei Gustavo teve \u00a0como concelebrantes o Pe. Sext\u00edlio Bortolo Focchesatto, da Igreja Santo Ant\u00f4nio, e Frei Alvaci Mendes da Luz, p\u00e1roco do Convento e Santu\u00e1rio S\u00e3o Francisco.<\/p>\n<p>Frei Medella iniciou a sua reflex\u00e3o recordando que ao invocarmos o nome do Pai, do Filho e do Esp\u00edrito, estamos fazendo o sinal daqueles que creem em Deus, que escolhem ser comunidade e encontro. &#8220;Por mais que tenhamos diferen\u00e7as no modo de pensar, na origem familiar, nos talentos e no modo de viver a f\u00e9, quando fazemos o sinal da cruz, todas estas diferen\u00e7as se dissolvem no mist\u00e9rio da Trindade. Percebemos que, embora diversos, podemos nos encontrar na Unidade do Amor. Esta \u00e1 a grande li\u00e7\u00e3o que a Solenidade da Trindade nos traz&#8221;, explicou.<\/p>\n<p>Segundo o pregador da Trezena, se nos encontramos no Amor de Deus que, segundo S\u00e3o Boaventura \u00e9 difusivo, ou seja, n\u00e3o cabe em si e necessariamente precisa extravasar todos os limites conhecidos pela raz\u00e3o humana, podemos dizer sem receio que o Sinal da Cruz, o sinal da Trindade, \u00e9 tamb\u00e9m um ponto de partida deste amor que necessariamente precisa se espalhar em a\u00e7\u00f5es concretas e efetivas que t\u00eam o poder de transformar vidas. &#8220;Por isso a insist\u00eancia do Papa Francisco para que sejamos uma Igreja em sa\u00edda, serva, m\u00e3e, samaritana, que faz o bem sem olhar a quem&#8221;, frisou o celebrante.<\/p>\n<p><img loading=\"lazy\" class=\"alignleft size-full wp-image-135934\" src=\"http:\/\/franciscanos.org.br\/wp-content\/uploads\/2017\/06\/trezena_110617_2.jpg\" alt=\"trezena_110617_2\" width=\"375\" height=\"500\" \/>Para o frade, \u00e9 nesta dire\u00e7\u00e3o que devemos compreender a Onipot\u00eancia de Deus, que \u00e9, de fato, todo poderoso. &#8220;No entanto, Jesus Cristo, na fidelidade ao Pai e tomado pela for\u00e7a do Esp\u00edrito, nos revela que se trata de uma Onipot\u00eancia Solid\u00e1ria, Humilde e Servidora&#8221;, refor\u00e7ou.<\/p>\n<p>Esta foi a mensagem compreendida por homens e mulheres como Maria e Ant\u00f4nio, lembrou Frei Medella. &#8220;A primeira, ao ser comunicada que participaria do maior projeto divino, para al\u00e9m de qualquer perspectiva humana \u2013 a encarna\u00e7\u00e3o do Verbo de Deus \u2013 n\u00e3o quis saber quais seriam seus ganhos e privil\u00e9gios ao assumir tal posi\u00e7\u00e3o, mas com toda humildade se p\u00f4s a servi\u00e7o: &#8216;Eis aqui a Serva do Senhor&#8217;. Maria se p\u00f4s a servi\u00e7o da Onipot\u00eancia Amorosa de Deus. Onipot\u00eancia colaborativa&#8221;, detalhou.<\/p>\n<p>&#8220;Sobre Santo Ant\u00f4nio e sua sintonia com a Trindade, em um de seus serm\u00f5es, o c\u00e9lebre Padre Ant\u00f4nio Vieira, escreveu: &#8216;Na terra, que \u00e9 um ponto em respeito do c\u00e9u, n\u00e3o pode haver grandes, como bem e filosoficamente notou S\u00eaneca, condenando o nome de Magno em Alexandre. Santo Ant\u00f4nio foi verdadeiramente grande, porque foi grande no reino do c\u00e9u. Mas porque essas grandezas no mesmo reino do c\u00e9u s\u00e3o maiores e menores, para manifestar a grandeza deste prodigioso menor, s\u00f3 o podia fazer toda a Sant\u00edssima Trindade, porque toda ela o fez grande'&#8221;, acrescentou.<\/p>\n<p>O pregador lembrou que, num longo texto, o Padre Vieira destaca com brilhantismo as qualidades do santo portugu\u00eas, baseando no vers\u00edculo evang\u00e9lico de S\u00e3o Mateus que diz: \u201cAquele que fizer e ensinar estes mandamentos, ser\u00e1 chamado grande\u201d.<\/p>\n<p>Frei Medella concluiu sua reflex\u00e3o com um trecho dos serm\u00f5es de Padre Vieira, para nos provocar neste exerc\u00edcio de inspirar nossa vida na Trindade:<\/p>\n<p><img loading=\"lazy\" class=\"alignleft\" src=\"http:\/\/franciscanos.org.br\/wp-content\/uploads\/2017\/06\/trezena_110617_4.jpg\" alt=\"trezena_110617_4\" width=\"830\" height=\"623\" \/><\/p>\n<p>\u201cPor isso Deus, n\u00e3o s\u00f3 enquanto um, sen\u00e3o enquanto trino \u2013 falando entre si as tr\u00eas Pessoas divinas \u2013 quando criou o homem, disse: Fa\u00e7amos o homem \u00e0 nossa imagem e semelhan\u00e7a. &#8211; Se o poderoso puder moderar o que pode, usando do poder s\u00f3 para o bem, ser\u00e1 semelhante \u00e0 Pessoa do Pai, e imitar\u00e1 a Santo Ant\u00f4nio no fazer. Se o s\u00e1bio souber encobrir a seu tempo o que sabe, e s\u00f3 manifestar o que conv\u00e9m, ser\u00e1 semelhante \u00e0 Pessoa do Filho, e imitar\u00e1 a Santo Ant\u00f4nio no ensinar. Se o que deve ser santo, estimar a verdade deste nome sobre todos os t\u00edtulos do mundo, ser\u00e1 semelhante \u00e0 Pessoa do Esp\u00edrito Santo, e imitar\u00e1 a Santo Ant\u00f4nio no ser chamado, receber o nome. Desta maneira, o poder moderado, a sabedoria bem entendida, e a santidade sobre tudo estimada, lhe alcan\u00e7ar\u00e3o a s\u00f3lida e eterna grandeza, n\u00e3o na terra, onde tudo \u00e9 pequeno e pouco, sen\u00e3o no c\u00e9u, onde tudo \u00e9 muito e grande: &#8216;Aquele que fizer e ensinar estes mandamentos, ser\u00e1 chamado grande&#8217;.&#8221;<\/p>\n<p>Pe. Sext\u00edlio lembrou que faltam menos de dez anos para celebrar 800 anos da morte de S\u00e3o Francisco e menos de 15 anos para os 800 anos da morte de Santo Ant\u00f4nio. &#8220;Tanto tempo se passou e eles continuam mais vivos do que nunca. Esses dois santos nos mostram que \u00e9 poss\u00edvel uma vida simples e repleta de a\u00e7\u00f5es, de cuidado pela natureza e pelas criaturas de Deus&#8221;, disse.<\/p>\n<p>Nesta segunda-feira, Dia dos Namorados, a Trezena termina ao meio-dia no Convento S\u00e3o Francisco.<\/p>\n<p>&nbsp;<\/p>\n","protected":false},"excerpt":{"rendered":"<p>Trezena<\/p>\n","protected":false},"author":1,"featured_media":196622,"comment_status":"open","ping_status":"open","sticky":false,"template":"","format":"standard","meta":[],"categories":[1],"tags":[312],"acf":[],"yoast_head":"<!-- This site is optimized with the Yoast SEO plugin v19.2 - https:\/\/yoast.com\/wordpress\/plugins\/seo\/ -->\n<title>Onipot\u00eancia de Deus \u00e9 Solid\u00e1ria, Humilde e Servidora - Not\u00edcias - Franciscanos<\/title>\n<meta name=\"robots\" content=\"index, follow, max-snippet:-1, max-image-preview:large, max-video-preview:-1\" \/>\n<link rel=\"canonical\" href=\"https:\/\/franciscanos.org.br\/noticias\/onipotencia-de-deus-e-solidaria-humilde-e-servidora.html\" \/>\n<meta property=\"og:locale\" content=\"pt_BR\" \/>\n<meta property=\"og:type\" content=\"article\" \/>\n<meta property=\"og:title\" content=\"Onipot\u00eancia de Deus \u00e9 Solid\u00e1ria, Humilde e Servidora - Not\u00edcias - Franciscanos\" \/>\n<meta property=\"og:description\" content=\"Trezena\" \/>\n<meta property=\"og:url\" content=\"https:\/\/franciscanos.org.br\/noticias\/onipotencia-de-deus-e-solidaria-humilde-e-servidora.html\" \/>\n<meta property=\"og:site_name\" content=\"Not\u00edcias - Franciscanos\" \/>\n<meta property=\"article:published_time\" content=\"2017-06-11T17:08:27+00:00\" \/>\n<meta property=\"article:modified_time\" content=\"2019-01-24T12:42:25+00:00\" \/>\n<meta property=\"og:image\" content=\"https:\/\/franciscanos.org.br\/noticias\/wp-content\/uploads\/2017\/06\/trezena-321p.jpg\" \/>\n\t<meta property=\"og:image:width\" content=\"273\" \/>\n\t<meta property=\"og:image:height\" content=\"181\" \/>\n\t<meta property=\"og:image:type\" content=\"image\/jpeg\" \/>\n<meta name=\"author\" content=\"admin\" \/>\n<meta name=\"twitter:card\" content=\"summary_large_image\" \/>\n<meta name=\"twitter:label1\" content=\"Escrito por\" \/>\n\t<meta name=\"twitter:data1\" content=\"admin\" \/>\n\t<meta name=\"twitter:label2\" content=\"Est. tempo de leitura\" \/>\n\t<meta name=\"twitter:data2\" content=\"5 minutos\" \/>\n<script type=\"application\/ld+json\" class=\"yoast-schema-graph\">{\"@context\":\"https:\/\/schema.org\",\"@graph\":[{\"@type\":\"WebSite\",\"@id\":\"https:\/\/franciscanos.org.br\/noticias\/#website\",\"url\":\"https:\/\/franciscanos.org.br\/noticias\/\",\"name\":\"Not\u00edcias - Franciscanos\",\"description\":\"Prov\u00edncia Franciscana da Imaculada Concei\u00e7\u00e3o do Brasil - Ordem dos Frades Menores - OFM\",\"potentialAction\":[{\"@type\":\"SearchAction\",\"target\":{\"@type\":\"EntryPoint\",\"urlTemplate\":\"https:\/\/franciscanos.org.br\/noticias\/?s={search_term_string}\"},\"query-input\":\"required name=search_term_string\"}],\"inLanguage\":\"pt-BR\"},{\"@type\":\"ImageObject\",\"inLanguage\":\"pt-BR\",\"@id\":\"https:\/\/franciscanos.org.br\/noticias\/onipotencia-de-deus-e-solidaria-humilde-e-servidora.html#primaryimage\",\"url\":\"https:\/\/franciscanos.org.br\/noticias\/wp-content\/uploads\/2017\/06\/trezena-321p.jpg\",\"contentUrl\":\"https:\/\/franciscanos.org.br\/noticias\/wp-content\/uploads\/2017\/06\/trezena-321p.jpg\",\"width\":273,\"height\":181},{\"@type\":\"WebPage\",\"@id\":\"https:\/\/franciscanos.org.br\/noticias\/onipotencia-de-deus-e-solidaria-humilde-e-servidora.html#webpage\",\"url\":\"https:\/\/franciscanos.org.br\/noticias\/onipotencia-de-deus-e-solidaria-humilde-e-servidora.html\",\"name\":\"Onipot\u00eancia de Deus \u00e9 Solid\u00e1ria, Humilde e Servidora - Not\u00edcias - Franciscanos\",\"isPartOf\":{\"@id\":\"https:\/\/franciscanos.org.br\/noticias\/#website\"},\"primaryImageOfPage\":{\"@id\":\"https:\/\/franciscanos.org.br\/noticias\/onipotencia-de-deus-e-solidaria-humilde-e-servidora.html#primaryimage\"},\"datePublished\":\"2017-06-11T17:08:27+00:00\",\"dateModified\":\"2019-01-24T12:42:25+00:00\",\"author\":{\"@id\":\"https:\/\/franciscanos.org.br\/noticias\/#\/schema\/person\/b38fbf43118f02820bd932f2e4b14ad3\"},\"breadcrumb\":{\"@id\":\"https:\/\/franciscanos.org.br\/noticias\/onipotencia-de-deus-e-solidaria-humilde-e-servidora.html#breadcrumb\"},\"inLanguage\":\"pt-BR\",\"potentialAction\":[{\"@type\":\"ReadAction\",\"target\":[\"https:\/\/franciscanos.org.br\/noticias\/onipotencia-de-deus-e-solidaria-humilde-e-servidora.html\"]}]},{\"@type\":\"BreadcrumbList\",\"@id\":\"https:\/\/franciscanos.org.br\/noticias\/onipotencia-de-deus-e-solidaria-humilde-e-servidora.html#breadcrumb\",\"itemListElement\":[{\"@type\":\"ListItem\",\"position\":1,\"name\":\"Home\",\"item\":\"https:\/\/franciscanos.org.br\/noticias\"},{\"@type\":\"ListItem\",\"position\":2,\"name\":\"Onipot\u00eancia de Deus \u00e9 Solid\u00e1ria, Humilde e Servidora\"}]},{\"@type\":\"Person\",\"@id\":\"https:\/\/franciscanos.org.br\/noticias\/#\/schema\/person\/b38fbf43118f02820bd932f2e4b14ad3\",\"name\":\"admin\",\"image\":{\"@type\":\"ImageObject\",\"inLanguage\":\"pt-BR\",\"@id\":\"https:\/\/franciscanos.org.br\/noticias\/#\/schema\/person\/image\/\",\"url\":\"https:\/\/secure.gravatar.com\/avatar\/e8495742d34d0ba6448ea1c628263b3e?s=96&d=mm&r=g\",\"contentUrl\":\"https:\/\/secure.gravatar.com\/avatar\/e8495742d34d0ba6448ea1c628263b3e?s=96&d=mm&r=g\",\"caption\":\"admin\"},\"url\":\"https:\/\/franciscanos.org.br\/noticias\/author\/admin\"}]}<\/script>\n<!-- \/ Yoast SEO plugin. -->","yoast_head_json":{"title":"Onipot\u00eancia de Deus \u00e9 Solid\u00e1ria, Humilde e Servidora - Not\u00edcias - Franciscanos","robots":{"index":"index","follow":"follow","max-snippet":"max-snippet:-1","max-image-preview":"max-image-preview:large","max-video-preview":"max-video-preview:-1"},"canonical":"https:\/\/franciscanos.org.br\/noticias\/onipotencia-de-deus-e-solidaria-humilde-e-servidora.html","og_locale":"pt_BR","og_type":"article","og_title":"Onipot\u00eancia de Deus \u00e9 Solid\u00e1ria, Humilde e Servidora - Not\u00edcias - Franciscanos","og_description":"Trezena","og_url":"https:\/\/franciscanos.org.br\/noticias\/onipotencia-de-deus-e-solidaria-humilde-e-servidora.html","og_site_name":"Not\u00edcias - Franciscanos","article_published_time":"2017-06-11T17:08:27+00:00","article_modified_time":"2019-01-24T12:42:25+00:00","og_image":[{"width":273,"height":181,"url":"https:\/\/franciscanos.org.br\/noticias\/wp-content\/uploads\/2017\/06\/trezena-321p.jpg","type":"image\/jpeg"}],"author":"admin","twitter_card":"summary_large_image","twitter_misc":{"Escrito por":"admin","Est. tempo de leitura":"5 minutos"},"schema":{"@context":"https:\/\/schema.org","@graph":[{"@type":"WebSite","@id":"https:\/\/franciscanos.org.br\/noticias\/#website","url":"https:\/\/franciscanos.org.br\/noticias\/","name":"Not\u00edcias - Franciscanos","description":"Prov\u00edncia Franciscana da Imaculada Concei\u00e7\u00e3o do Brasil - Ordem dos Frades Menores - OFM","potentialAction":[{"@type":"SearchAction","target":{"@type":"EntryPoint","urlTemplate":"https:\/\/franciscanos.org.br\/noticias\/?s={search_term_string}"},"query-input":"required name=search_term_string"}],"inLanguage":"pt-BR"},{"@type":"ImageObject","inLanguage":"pt-BR","@id":"https:\/\/franciscanos.org.br\/noticias\/onipotencia-de-deus-e-solidaria-humilde-e-servidora.html#primaryimage","url":"https:\/\/franciscanos.org.br\/noticias\/wp-content\/uploads\/2017\/06\/trezena-321p.jpg","contentUrl":"https:\/\/franciscanos.org.br\/noticias\/wp-content\/uploads\/2017\/06\/trezena-321p.jpg","width":273,"height":181},{"@type":"WebPage","@id":"https:\/\/franciscanos.org.br\/noticias\/onipotencia-de-deus-e-solidaria-humilde-e-servidora.html#webpage","url":"https:\/\/franciscanos.org.br\/noticias\/onipotencia-de-deus-e-solidaria-humilde-e-servidora.html","name":"Onipot\u00eancia de Deus \u00e9 Solid\u00e1ria, Humilde e Servidora - Not\u00edcias - Franciscanos","isPartOf":{"@id":"https:\/\/franciscanos.org.br\/noticias\/#website"},"primaryImageOfPage":{"@id":"https:\/\/franciscanos.org.br\/noticias\/onipotencia-de-deus-e-solidaria-humilde-e-servidora.html#primaryimage"},"datePublished":"2017-06-11T17:08:27+00:00","dateModified":"2019-01-24T12:42:25+00:00","author":{"@id":"https:\/\/franciscanos.org.br\/noticias\/#\/schema\/person\/b38fbf43118f02820bd932f2e4b14ad3"},"breadcrumb":{"@id":"https:\/\/franciscanos.org.br\/noticias\/onipotencia-de-deus-e-solidaria-humilde-e-servidora.html#breadcrumb"},"inLanguage":"pt-BR","potentialAction":[{"@type":"ReadAction","target":["https:\/\/franciscanos.org.br\/noticias\/onipotencia-de-deus-e-solidaria-humilde-e-servidora.html"]}]},{"@type":"BreadcrumbList","@id":"https:\/\/franciscanos.org.br\/noticias\/onipotencia-de-deus-e-solidaria-humilde-e-servidora.html#breadcrumb","itemListElement":[{"@type":"ListItem","position":1,"name":"Home","item":"https:\/\/franciscanos.org.br\/noticias"},{"@type":"ListItem","position":2,"name":"Onipot\u00eancia de Deus \u00e9 Solid\u00e1ria, Humilde e Servidora"}]},{"@type":"Person","@id":"https:\/\/franciscanos.org.br\/noticias\/#\/schema\/person\/b38fbf43118f02820bd932f2e4b14ad3","name":"admin","image":{"@type":"ImageObject","inLanguage":"pt-BR","@id":"https:\/\/franciscanos.org.br\/noticias\/#\/schema\/person\/image\/","url":"https:\/\/secure.gravatar.com\/avatar\/e8495742d34d0ba6448ea1c628263b3e?s=96&d=mm&r=g","contentUrl":"https:\/\/secure.gravatar.com\/avatar\/e8495742d34d0ba6448ea1c628263b3e?s=96&d=mm&r=g","caption":"admin"},"url":"https:\/\/franciscanos.org.br\/noticias\/author\/admin"}]}},"_links":{"self":[{"href":"https:\/\/franciscanos.org.br\/noticias\/wp-json\/wp\/v2\/posts\/135931"}],"collection":[{"href":"https:\/\/franciscanos.org.br\/noticias\/wp-json\/wp\/v2\/posts"}],"about":[{"href":"https:\/\/franciscanos.org.br\/noticias\/wp-json\/wp\/v2\/types\/post"}],"author":[{"embeddable":true,"href":"https:\/\/franciscanos.org.br\/noticias\/wp-json\/wp\/v2\/users\/1"}],"replies":[{"embeddable":true,"href":"https:\/\/franciscanos.org.br\/noticias\/wp-json\/wp\/v2\/comments?post=135931"}],"version-history":[{"count":0,"href":"https:\/\/franciscanos.org.br\/noticias\/wp-json\/wp\/v2\/posts\/135931\/revisions"}],"wp:featuredmedia":[{"embeddable":true,"href":"https:\/\/franciscanos.org.br\/noticias\/wp-json\/wp\/v2\/media\/196622"}],"wp:attachment":[{"href":"https:\/\/franciscanos.org.br\/noticias\/wp-json\/wp\/v2\/media?parent=135931"}],"wp:term":[{"taxonomy":"category","embeddable":true,"href":"https:\/\/franciscanos.org.br\/noticias\/wp-json\/wp\/v2\/categories?post=135931"},{"taxonomy":"post_tag","embeddable":true,"href":"https:\/\/franciscanos.org.br\/noticias\/wp-json\/wp\/v2\/tags?post=135931"}],"curies":[{"name":"wp","href":"https:\/\/api.w.org\/{rel}","templated":true}]}}