{"id":13589,"date":"2012-03-23T07:20:36","date_gmt":"2012-03-23T10:20:36","guid":{"rendered":"http:\/\/new.franciscanos.org.br\/?p=13589"},"modified":"2019-09-13T13:39:37","modified_gmt":"2019-09-13T16:39:37","slug":"anselm-grun-nos-lancamentos-neste-mes","status":"publish","type":"post","link":"https:\/\/franciscanos.org.br\/noticias\/anselm-grun-nos-lancamentos-neste-mes.html","title":{"rendered":"Anselm Gr\u00fcn nos lan\u00e7amentos deste m\u00eas"},"content":{"rendered":"<p><a href=\"http:\/\/franciscanos.org.br\/wp-content\/uploads\/2012\/03\/anselm_g23.jpg\"><img loading=\"lazy\" class=\"alignright size-full wp-image-13590\" title=\"anselm_g23\" src=\"http:\/\/franciscanos.org.br\/wp-content\/uploads\/2012\/03\/anselm_g23.jpg\" alt=\"\" width=\"400\" height=\"358\" \/><\/a>A centen\u00e1ria Editora Vozes, que neste m\u00eas de mar\u00e7o est\u00e1 completando 111 anos de funda\u00e7\u00e3o, apresenta os novos lan\u00e7amentos editoriais.<\/p>\n<p>Destaque para a obra de Anselm Gr\u00fcn e Wunibald M\u00fcller, &#8220;Deus, quem \u00e9s Tu?&#8221;, que traz um di\u00e1logo entre os autores, que conversam sobre Deus. Al\u00e9m disso, os autores procuraram, tamb\u00e9m, acolher a voz daqueles que n\u00e3o creem em Deus, ou que t\u00eam dificuldades em vivenciar e experimentar a presen\u00e7a e a atua\u00e7\u00e3o divina no mundo atual. Por isso, esta obra traz \u00e0 luz as quest\u00f5es essenciais ligadas \u00e0 f\u00e9 e ser\u00e1 uma leitura proveitosa para os que cr\u00eaem e os que duvidam da exist\u00eancia de Deus.<\/p>\n<p>Um dos principais autores da Vozes, Anselm \u00e9 um monge beneditino conhecido e reconhecido no mundo inteiro. O autor crist\u00e3o mais lido da atualidade j\u00e1 possui dezenas de livros publicados em 28 l\u00ednguas, al\u00e9m de ser tamb\u00e9m o administrador da Abadia, em M\u00fcnsterschwarzach, na Alemanha, sua cidade natal. Procurado freq\u00fcentemente como palestrante e conselheiro em v\u00e1rios pa\u00edses, tornou-se \u00edcone da espiritualidade e mestre do autoconhecimento no mundo contempor\u00e2neo.<\/p>\n<p>Confira:<\/p>\n<table border=\"1\" width=\"100%\" cellspacing=\"0\" cellpadding=\"0\">\n<tbody>\n<tr>\n<td width=\"19%\">ISBN: 9788532642790<strong><br \/>\n<strong>264 p\u00e1ginas<\/strong><\/strong><br \/>\n<strong>Pre\u00e7o: R$ <strong>25,50 <\/strong><br \/>\nautor:<\/strong><em> Anselm Gr\u00fcn e Wunibald M\u00fcller<\/em><strong><br \/>\n<\/strong>Peso: <strong>286 gramas<\/strong><br \/>\n<strong>1\u00aa edi\u00e7\u00e3o<\/strong><br \/>\n<strong>Assunto:<\/strong> Espiritualidade e M\u00edstica<\/td>\n<td valign=\"top\" width=\"70%\">\n<h2>\u00a0<strong><a href=\"http:\/\/www.universovozes.com.br\/editoravozes\/web\/view\/DetalheProduto.aspx?ProdID=8532642799&amp;\">Deus, quem \u00e9s Tu?<\/a><\/strong><\/h2>\n<p>Esta obra traz um di\u00e1logo entre os autores, que conversam cobre Deus. Al\u00e9m disso, os autores procuraram, tamb\u00e9m, acolher a voz daqueles que n\u00e3o creem em Deus, ou que t\u00eam dificuldades em vivenciar e experimentar a presen\u00e7a e a atua\u00e7\u00e3o divina no mundo atual. Por isso, esta obra traz \u00e0 luz as quest\u00f5es essenciais ligadas \u00e0 f\u00e9 e ser\u00e1 uma leitura proveitosa para os que cr\u00eaem e os que duvidam da exist\u00eancia de Deus.<\/td>\n<\/tr>\n<\/tbody>\n<\/table>\n<table border=\"1\" width=\"100%\" cellspacing=\"0\" cellpadding=\"0\">\n<tbody>\n<tr>\n<td width=\"19%\">ISBN: 9788532643032<strong><br \/>\n<strong>288 p\u00e1ginas<\/strong><\/strong><br \/>\n<strong>Pre\u00e7o: R$ <strong>44,70<\/strong><br \/>\nautor:<\/strong> <em>Katy Grissault<\/em><strong><br \/>\n<\/strong>Peso: <strong>252 gramas<\/strong><br \/>\n<strong>1\u00aa edi\u00e7\u00e3o<\/strong><br \/>\n<strong>Assunto:<\/strong> Filosofia<\/td>\n<td valign=\"top\" width=\"70%\">\n<h2><strong><a href=\"http:\/\/www.universovozes.com.br\/editoravozes\/web\/view\/DetalheProduto.aspx?ProdID=8532643035&amp;\">50 autores-chave de filosofia&#8230; e seus textos incontorn\u00e1veis<\/a><\/strong><\/h2>\n<p>Este \u00e9 um guia essencial para a produ\u00e7\u00e3o filos\u00f3fica, destinado a todos que desejam adquirir um conhecimento fundamental, relembrar o que aprenderam, consultar de maneira pr\u00e1tica e eficaz as informa\u00e7\u00f5es mais relevantes ou, ainda, adquirir uma base m\u00ednima da cultura filos\u00f3fica. Por sua praticidade, presta-se, especialmente, como prepara\u00e7\u00e3o para provas, concursos e exames semelhantes. Podemos dizer que aqui est\u00e1 contido aquilo que \u00e9, expressamente, proibido ignorar em mat\u00e9ria de filosofia.<\/td>\n<\/tr>\n<\/tbody>\n<\/table>\n<table border=\"1\" width=\"100%\" cellspacing=\"0\" cellpadding=\"0\">\n<tbody>\n<tr>\n<td width=\"19%\">ISBN: 9788532600912<strong><br \/>\n<strong>56 p\u00e1ginas<\/strong><\/strong><br \/>\n<strong>Pre\u00e7o: R$ <strong>11,50<\/strong><br \/>\nautor:<\/strong> <em><a href=\"http:\/\/www.universovozes.com.br\/editoravozes\/web\/view\/CatalogoVozes.aspx?AutorID=1198\" target=\"_DetalheProduto\" rel=\"noopener noreferrer\">Herbert Jos\u00e9 de Souza<\/a><\/em><br \/>\nPeso: <strong>50 gramas<\/strong><br \/>\n<strong>32\u00aa edi\u00e7\u00e3o<\/strong><br \/>\n<strong>Assunto:<\/strong> Sociologia<\/td>\n<td valign=\"top\" width=\"70%\">\n<h2>\u00a0<strong><a href=\"http:\/\/www.universovozes.com.br\/livrariavozes\/web\/view\/DetalheProdutoCommerce.aspx?ProdID=8532600913&amp;\" target=\"_DetalheProduto\" rel=\"noopener noreferrer\">Como se faz an\u00e1lise de conjuntura<\/a><\/strong><\/h2>\n<p>Conforme o pensar do autor, todos, em tudo que fazem, analisam conjunturalmente. Neste livrinho, no entanto, quer mostrar que a an\u00e1lise de conjuntura consiste numa t\u00e9cnica e, por isto, \u00e9 uma mistura de conhecimento e descoberta, uma leitura especial da realidade, que se faz sempre em fun\u00e7\u00e3o de alguma necessidade ou interesse.<\/p>\n<p>Confira a nova capa do livro <strong><a href=\"http:\/\/www.universovozes.com.br\/livrariavozes\/web\/view\/DetalheProdutoCommerce.aspx?ProdID=8532600913&amp;\" target=\"_DetalheProduto\" rel=\"noopener noreferrer\">Como se faz an\u00e1lise de conjuntura<\/a><\/strong>. (A 32\u00aa edi\u00e7\u00e3o j\u00e1 est\u00e1 de acordo com as novas regras do acordo ortogr\u00e1fico.)<\/td>\n<\/tr>\n<\/tbody>\n<\/table>\n<p>&nbsp;<\/p>\n<p>&nbsp;<\/p>\n<p>&nbsp;<\/p>\n","protected":false},"excerpt":{"rendered":"<p>Editora Vozes<\/p>\n","protected":false},"author":1,"featured_media":210920,"comment_status":"closed","ping_status":"closed","sticky":false,"template":"","format":"standard","meta":[],"categories":[1],"tags":[235],"acf":[],"yoast_head":"<!-- This site is optimized with the Yoast SEO plugin v19.2 - https:\/\/yoast.com\/wordpress\/plugins\/seo\/ -->\n<title>Anselm Gr\u00fcn nos lan\u00e7amentos deste m\u00eas - Not\u00edcias - Franciscanos<\/title>\n<meta name=\"robots\" content=\"index, follow, max-snippet:-1, max-image-preview:large, max-video-preview:-1\" \/>\n<link rel=\"canonical\" href=\"https:\/\/franciscanos.org.br\/noticias\/anselm-grun-nos-lancamentos-neste-mes.html\" \/>\n<meta property=\"og:locale\" content=\"pt_BR\" \/>\n<meta property=\"og:type\" content=\"article\" \/>\n<meta property=\"og:title\" content=\"Anselm Gr\u00fcn nos lan\u00e7amentos deste m\u00eas - Not\u00edcias - Franciscanos\" \/>\n<meta property=\"og:description\" content=\"Editora Vozes\" \/>\n<meta property=\"og:url\" content=\"https:\/\/franciscanos.org.br\/noticias\/anselm-grun-nos-lancamentos-neste-mes.html\" \/>\n<meta property=\"og:site_name\" content=\"Not\u00edcias - Franciscanos\" \/>\n<meta property=\"article:published_time\" content=\"2012-03-23T10:20:36+00:00\" \/>\n<meta property=\"article:modified_time\" content=\"2019-09-13T16:39:37+00:00\" \/>\n<meta property=\"og:image\" content=\"https:\/\/franciscanos.org.br\/noticias\/wp-content\/uploads\/2012\/03\/anselm_g23.jpg\" \/>\n\t<meta property=\"og:image:width\" content=\"273\" \/>\n\t<meta property=\"og:image:height\" content=\"182\" \/>\n\t<meta property=\"og:image:type\" content=\"image\/jpeg\" \/>\n<meta name=\"author\" content=\"admin\" \/>\n<meta name=\"twitter:card\" content=\"summary_large_image\" \/>\n<meta name=\"twitter:label1\" content=\"Escrito por\" \/>\n\t<meta name=\"twitter:data1\" content=\"admin\" \/>\n\t<meta name=\"twitter:label2\" content=\"Est. tempo de leitura\" \/>\n\t<meta name=\"twitter:data2\" content=\"3 minutos\" \/>\n<script type=\"application\/ld+json\" class=\"yoast-schema-graph\">{\"@context\":\"https:\/\/schema.org\",\"@graph\":[{\"@type\":\"WebSite\",\"@id\":\"https:\/\/franciscanos.org.br\/noticias\/#website\",\"url\":\"https:\/\/franciscanos.org.br\/noticias\/\",\"name\":\"Not\u00edcias - Franciscanos\",\"description\":\"Prov\u00edncia Franciscana da Imaculada Concei\u00e7\u00e3o do Brasil - Ordem dos Frades Menores - OFM\",\"potentialAction\":[{\"@type\":\"SearchAction\",\"target\":{\"@type\":\"EntryPoint\",\"urlTemplate\":\"https:\/\/franciscanos.org.br\/noticias\/?s={search_term_string}\"},\"query-input\":\"required name=search_term_string\"}],\"inLanguage\":\"pt-BR\"},{\"@type\":\"ImageObject\",\"inLanguage\":\"pt-BR\",\"@id\":\"https:\/\/franciscanos.org.br\/noticias\/anselm-grun-nos-lancamentos-neste-mes.html#primaryimage\",\"url\":\"https:\/\/franciscanos.org.br\/noticias\/wp-content\/uploads\/2012\/03\/anselm_g23.jpg\",\"contentUrl\":\"https:\/\/franciscanos.org.br\/noticias\/wp-content\/uploads\/2012\/03\/anselm_g23.jpg\",\"width\":273,\"height\":182},{\"@type\":\"WebPage\",\"@id\":\"https:\/\/franciscanos.org.br\/noticias\/anselm-grun-nos-lancamentos-neste-mes.html#webpage\",\"url\":\"https:\/\/franciscanos.org.br\/noticias\/anselm-grun-nos-lancamentos-neste-mes.html\",\"name\":\"Anselm Gr\u00fcn nos lan\u00e7amentos deste m\u00eas - Not\u00edcias - Franciscanos\",\"isPartOf\":{\"@id\":\"https:\/\/franciscanos.org.br\/noticias\/#website\"},\"primaryImageOfPage\":{\"@id\":\"https:\/\/franciscanos.org.br\/noticias\/anselm-grun-nos-lancamentos-neste-mes.html#primaryimage\"},\"datePublished\":\"2012-03-23T10:20:36+00:00\",\"dateModified\":\"2019-09-13T16:39:37+00:00\",\"author\":{\"@id\":\"https:\/\/franciscanos.org.br\/noticias\/#\/schema\/person\/b38fbf43118f02820bd932f2e4b14ad3\"},\"breadcrumb\":{\"@id\":\"https:\/\/franciscanos.org.br\/noticias\/anselm-grun-nos-lancamentos-neste-mes.html#breadcrumb\"},\"inLanguage\":\"pt-BR\",\"potentialAction\":[{\"@type\":\"ReadAction\",\"target\":[\"https:\/\/franciscanos.org.br\/noticias\/anselm-grun-nos-lancamentos-neste-mes.html\"]}]},{\"@type\":\"BreadcrumbList\",\"@id\":\"https:\/\/franciscanos.org.br\/noticias\/anselm-grun-nos-lancamentos-neste-mes.html#breadcrumb\",\"itemListElement\":[{\"@type\":\"ListItem\",\"position\":1,\"name\":\"Home\",\"item\":\"https:\/\/franciscanos.org.br\/noticias\"},{\"@type\":\"ListItem\",\"position\":2,\"name\":\"Anselm Gr\u00fcn nos lan\u00e7amentos deste m\u00eas\"}]},{\"@type\":\"Person\",\"@id\":\"https:\/\/franciscanos.org.br\/noticias\/#\/schema\/person\/b38fbf43118f02820bd932f2e4b14ad3\",\"name\":\"admin\",\"image\":{\"@type\":\"ImageObject\",\"inLanguage\":\"pt-BR\",\"@id\":\"https:\/\/franciscanos.org.br\/noticias\/#\/schema\/person\/image\/\",\"url\":\"https:\/\/secure.gravatar.com\/avatar\/e8495742d34d0ba6448ea1c628263b3e?s=96&d=mm&r=g\",\"contentUrl\":\"https:\/\/secure.gravatar.com\/avatar\/e8495742d34d0ba6448ea1c628263b3e?s=96&d=mm&r=g\",\"caption\":\"admin\"},\"url\":\"https:\/\/franciscanos.org.br\/noticias\/author\/admin\"}]}<\/script>\n<!-- \/ Yoast SEO plugin. -->","yoast_head_json":{"title":"Anselm Gr\u00fcn nos lan\u00e7amentos deste m\u00eas - Not\u00edcias - Franciscanos","robots":{"index":"index","follow":"follow","max-snippet":"max-snippet:-1","max-image-preview":"max-image-preview:large","max-video-preview":"max-video-preview:-1"},"canonical":"https:\/\/franciscanos.org.br\/noticias\/anselm-grun-nos-lancamentos-neste-mes.html","og_locale":"pt_BR","og_type":"article","og_title":"Anselm Gr\u00fcn nos lan\u00e7amentos deste m\u00eas - Not\u00edcias - Franciscanos","og_description":"Editora Vozes","og_url":"https:\/\/franciscanos.org.br\/noticias\/anselm-grun-nos-lancamentos-neste-mes.html","og_site_name":"Not\u00edcias - Franciscanos","article_published_time":"2012-03-23T10:20:36+00:00","article_modified_time":"2019-09-13T16:39:37+00:00","og_image":[{"width":273,"height":182,"url":"https:\/\/franciscanos.org.br\/noticias\/wp-content\/uploads\/2012\/03\/anselm_g23.jpg","type":"image\/jpeg"}],"author":"admin","twitter_card":"summary_large_image","twitter_misc":{"Escrito por":"admin","Est. tempo de leitura":"3 minutos"},"schema":{"@context":"https:\/\/schema.org","@graph":[{"@type":"WebSite","@id":"https:\/\/franciscanos.org.br\/noticias\/#website","url":"https:\/\/franciscanos.org.br\/noticias\/","name":"Not\u00edcias - Franciscanos","description":"Prov\u00edncia Franciscana da Imaculada Concei\u00e7\u00e3o do Brasil - Ordem dos Frades Menores - OFM","potentialAction":[{"@type":"SearchAction","target":{"@type":"EntryPoint","urlTemplate":"https:\/\/franciscanos.org.br\/noticias\/?s={search_term_string}"},"query-input":"required name=search_term_string"}],"inLanguage":"pt-BR"},{"@type":"ImageObject","inLanguage":"pt-BR","@id":"https:\/\/franciscanos.org.br\/noticias\/anselm-grun-nos-lancamentos-neste-mes.html#primaryimage","url":"https:\/\/franciscanos.org.br\/noticias\/wp-content\/uploads\/2012\/03\/anselm_g23.jpg","contentUrl":"https:\/\/franciscanos.org.br\/noticias\/wp-content\/uploads\/2012\/03\/anselm_g23.jpg","width":273,"height":182},{"@type":"WebPage","@id":"https:\/\/franciscanos.org.br\/noticias\/anselm-grun-nos-lancamentos-neste-mes.html#webpage","url":"https:\/\/franciscanos.org.br\/noticias\/anselm-grun-nos-lancamentos-neste-mes.html","name":"Anselm Gr\u00fcn nos lan\u00e7amentos deste m\u00eas - Not\u00edcias - Franciscanos","isPartOf":{"@id":"https:\/\/franciscanos.org.br\/noticias\/#website"},"primaryImageOfPage":{"@id":"https:\/\/franciscanos.org.br\/noticias\/anselm-grun-nos-lancamentos-neste-mes.html#primaryimage"},"datePublished":"2012-03-23T10:20:36+00:00","dateModified":"2019-09-13T16:39:37+00:00","author":{"@id":"https:\/\/franciscanos.org.br\/noticias\/#\/schema\/person\/b38fbf43118f02820bd932f2e4b14ad3"},"breadcrumb":{"@id":"https:\/\/franciscanos.org.br\/noticias\/anselm-grun-nos-lancamentos-neste-mes.html#breadcrumb"},"inLanguage":"pt-BR","potentialAction":[{"@type":"ReadAction","target":["https:\/\/franciscanos.org.br\/noticias\/anselm-grun-nos-lancamentos-neste-mes.html"]}]},{"@type":"BreadcrumbList","@id":"https:\/\/franciscanos.org.br\/noticias\/anselm-grun-nos-lancamentos-neste-mes.html#breadcrumb","itemListElement":[{"@type":"ListItem","position":1,"name":"Home","item":"https:\/\/franciscanos.org.br\/noticias"},{"@type":"ListItem","position":2,"name":"Anselm Gr\u00fcn nos lan\u00e7amentos deste m\u00eas"}]},{"@type":"Person","@id":"https:\/\/franciscanos.org.br\/noticias\/#\/schema\/person\/b38fbf43118f02820bd932f2e4b14ad3","name":"admin","image":{"@type":"ImageObject","inLanguage":"pt-BR","@id":"https:\/\/franciscanos.org.br\/noticias\/#\/schema\/person\/image\/","url":"https:\/\/secure.gravatar.com\/avatar\/e8495742d34d0ba6448ea1c628263b3e?s=96&d=mm&r=g","contentUrl":"https:\/\/secure.gravatar.com\/avatar\/e8495742d34d0ba6448ea1c628263b3e?s=96&d=mm&r=g","caption":"admin"},"url":"https:\/\/franciscanos.org.br\/noticias\/author\/admin"}]}},"_links":{"self":[{"href":"https:\/\/franciscanos.org.br\/noticias\/wp-json\/wp\/v2\/posts\/13589"}],"collection":[{"href":"https:\/\/franciscanos.org.br\/noticias\/wp-json\/wp\/v2\/posts"}],"about":[{"href":"https:\/\/franciscanos.org.br\/noticias\/wp-json\/wp\/v2\/types\/post"}],"author":[{"embeddable":true,"href":"https:\/\/franciscanos.org.br\/noticias\/wp-json\/wp\/v2\/users\/1"}],"replies":[{"embeddable":true,"href":"https:\/\/franciscanos.org.br\/noticias\/wp-json\/wp\/v2\/comments?post=13589"}],"version-history":[{"count":0,"href":"https:\/\/franciscanos.org.br\/noticias\/wp-json\/wp\/v2\/posts\/13589\/revisions"}],"wp:featuredmedia":[{"embeddable":true,"href":"https:\/\/franciscanos.org.br\/noticias\/wp-json\/wp\/v2\/media\/210920"}],"wp:attachment":[{"href":"https:\/\/franciscanos.org.br\/noticias\/wp-json\/wp\/v2\/media?parent=13589"}],"wp:term":[{"taxonomy":"category","embeddable":true,"href":"https:\/\/franciscanos.org.br\/noticias\/wp-json\/wp\/v2\/categories?post=13589"},{"taxonomy":"post_tag","embeddable":true,"href":"https:\/\/franciscanos.org.br\/noticias\/wp-json\/wp\/v2\/tags?post=13589"}],"curies":[{"name":"wp","href":"https:\/\/api.w.org\/{rel}","templated":true}]}}