{"id":135881,"date":"2017-06-10T18:49:50","date_gmt":"2017-06-10T21:49:50","guid":{"rendered":"http:\/\/franciscanos.org.br\/?p=135881"},"modified":"2019-01-24T10:36:20","modified_gmt":"2019-01-24T12:36:20","slug":"o-exemplo-de-partilha-da-trindade-santa-para-sermos-generosos","status":"publish","type":"post","link":"https:\/\/franciscanos.org.br\/noticias\/o-exemplo-de-partilha-da-trindade-santa-para-sermos-generosos.html","title":{"rendered":"O exemplo de partilha da Trindade para sermos generosos"},"content":{"rendered":"<p><strong><img loading=\"lazy\" class=\"alignleft size-full wp-image-196596\" src=\"https:\/\/franciscanos.org.br\/noticias\/wp-content\/uploads\/2017\/06\/trezena_100617.jpg\" alt=\"\" width=\"830\" height=\"623\" srcset=\"https:\/\/franciscanos.org.br\/noticias\/wp-content\/uploads\/2017\/06\/trezena_100617.jpg 830w, https:\/\/franciscanos.org.br\/noticias\/wp-content\/uploads\/2017\/06\/trezena_100617-450x338.jpg 450w, https:\/\/franciscanos.org.br\/noticias\/wp-content\/uploads\/2017\/06\/trezena_100617-768x576.jpg 768w, https:\/\/franciscanos.org.br\/noticias\/wp-content\/uploads\/2017\/06\/trezena_100617-150x113.jpg 150w\" sizes=\"(max-width: 830px) 100vw, 830px\" \/>Moacir Beggo<\/strong><\/p>\n<p><strong>\u00a0<\/strong><strong>S\u00e3o Paulo (SP)<\/strong> &#8211; O 11\u00ba dia da Trezena de Santo Ant\u00f4nio, no Convento e Santu\u00e1rio S\u00e3o Francisco, no Centro de S\u00e3o Paulo, uniu neste s\u00e1bado (10\/6), \u00e0s 15 horas, o tema do dia \u201cSanto Ant\u00f4nio e Santa Maria: incentivai-nos \u00e0 generosidade na partilha!\u201d e a celebra\u00e7\u00e3o do Mist\u00e9rio de Deus Uno e Trino na Solenidade da Sant\u00edssima Trindade. &#8220;O pedido que fazemos a Ant\u00f4nio e Maria \u00e9 que nos incentivem a sermos generosos&#8221;, enfatizou o presidente da Celebra\u00e7\u00e3o Eucar\u00edstica e pregador da Trezena, Frei Gustavo Medella, que \u00e9 Definidor e Coordenador da Frente da Comunica\u00e7\u00e3o na Prov\u00edncia da Imaculada Concei\u00e7\u00e3o.<\/p>\n<p>Depois, Frei Gustavo disse que celebrar a Trindade \u00e9 celebrar um Deus que se faz comunidade, encontro e partilha. &#8220;O mist\u00e9rio do amor n\u00e3o cabe em si. S\u00f3 pode ser compreendido no extravasamento de qualquer medida ou limite que nossos padr\u00f5es humanos conseguem prospectar&#8221;, explicou Frei Medella.<\/p>\n<p>Segundo o frade, Deus se reparte sem perder sua onipot\u00eancia e sua unidade e se faz presen\u00e7a pr\u00f3xima de todos em todos os lugares. &#8220;O seguimento de Deus Pai, Filho e Esp\u00edrito Santo, quando s\u00e9rio e comprometido, s\u00f3 pode nos conduzir pelo caminho da partilha dos dons, dos bens, das for\u00e7as, dos talentos, da vida&#8221;, ensinou, exemplificando a hist\u00f3ria do \u201cP\u00e3o de Santo Ant\u00f4nio\u201d, que tem sua origem num fato curioso que se conta a respeito do santo franciscano e que tem \u00edntima rela\u00e7\u00e3o com o tema da partilha. &#8220;Diz que ele se comovia tanto com a pobreza que, certa vez, distribuiu aos pobres todo o p\u00e3o do Convento em que vivia. O frade padeiro ficou em apuros, quando, na hora da refei\u00e7\u00e3o, percebeu que os frades n\u00e3o tinham o que comer. Preocupado, foi contar ao santo o ocorrido, porque pensava que algu\u00e9m tivesse roubado o p\u00e3o. Santo Ant\u00f4nio mandou que o padeiro verificasse melhor o lugar em que os tinha deixado. Para sua surpresa e alegria, encontrou os cestos transbordando de p\u00e3o, em tanta quantidade que foram distribu\u00eddos aos frades e aos pobres do Convento&#8221;, relembrou Frei Medella.<\/p>\n<p>Para o frade, \u00e9 o esp\u00edrito de partilha que come\u00e7a no mais b\u00e1sico: o alimento para sustentar a vida. &#8220;E partilhar \u00e9 uma habilidade que se refor\u00e7a com treino. Jesus Cristo foi t\u00e3o excelente nesta arte que, ao partilhar seu tempo, seu alimento, seu abra\u00e7o, sua aten\u00e7\u00e3o, enfim, tudo o que recebeu do Pai, acabou por partilhar-se por inteiro na Eucaristia que hoje celebramos&#8221;, observou.<\/p>\n<p>&#8220;E por este caminho, o Esp\u00edrito Santo nos conduz. Quando falamos de partilha, devemos sonhar alto. Construir uma comunidade de f\u00e9 aqui no Centro de S\u00e3o Paulo que se destaque pela acolhida, pela partilha, pelo bem que se espalha e chega aos lugares onde ele faz mais necess\u00e1rio. Que todos os que aqui vierem saiam melhores, seja pelo gesto de aten\u00e7\u00e3o, por perceber que aqui \u00e9 um lugar onde se re\u00fanem pessoas que acreditam num Deus que se faz comunidade, encontro e partilha&#8221;, desejou.<\/p>\n<p>No final de sua homilia, como faz diariamente na Trezena, deixou um desafio aos fi\u00e9is devotos de Santo Ant\u00f4nio: cada um deve fazer a sua parte seja nas pastorais, nos movimentos e nas organiza\u00e7\u00f5es da Igreja para que sejamos cada vez mais uma Igreja em sa\u00edda, servidora, generosa, conforme nos pede o Papa Francisco.<\/p>\n<p><img loading=\"lazy\" class=\"alignleft\" src=\"http:\/\/franciscanos.org.br\/wp-content\/uploads\/2017\/06\/trezena_100617_1.jpg\" alt=\"trezena_100617_1\" width=\"830\" height=\"523\" \/><\/p>\n<p><strong>ALMANAQUE SANTO ANT\u00d4NIO<\/strong><\/p>\n<p>Conhecido por ser organizador da <em>Folhinha do Sagrado Cora\u00e7\u00e3o de Jesus<\/em>, Frei Edrian Josu\u00e9 Pasini tamb\u00e9m \u00e9 o respons\u00e1vel por outra publica\u00e7\u00e3o tradicional da Editora Vozes: o <em>Almanaque Santo Ant\u00f4nio<\/em>, que neste ano completa 40 anos. Neste s\u00e1bado, Frei Edrian fez o lan\u00e7amento da edi\u00e7\u00e3o 2018.<\/p>\n<p>Segundo o frade, o Almanaque \u00e9 uma homenagem ao santo franciscano e o leitor vai encontrar em suas p\u00e1ginas culin\u00e1ria, passatempo, hist\u00f3ria, ora\u00e7\u00f5es, calend\u00e1rios; contos;\u00a0 curiosidades; ecologia; educa\u00e7\u00e3o; sa\u00fade etc. &#8220;Indicado para a fam\u00edlia, para o professor, para o estudante&#8221;, refor\u00e7a o frade, que neste domingo continua no Largo S\u00e3o Francisco e, na ter\u00e7a-feira, participa da Festa de Santo Ant\u00f4nio do Pari.<\/p>\n<p>Tanto o <em>Almanaque Santo Ant\u00f4nio<\/em> como a<em> Folhinha do Sagrado Cora\u00e7\u00e3o de Jesus<\/em> podem ser adquiridos no local ou pelo telefone da Vozes (24) 2233-9042 ou 2233-9029. O email \u00e9 <a href=\"mailto:vendas@vozes.com.br\">vendas@vozes.com.br<\/a><\/p>\n<p><strong>M\u00daSICA ERUDITA<\/strong><\/p>\n<p>Dentro dos festejos de Santo Ant\u00f4nio no Largo S\u00e3o Francisco, neste s\u00e1bado se apresentou o trio &#8220;Conversa a Tr\u00eas&#8221;, trazendo sons barrocos na barroca igreja do Convento. O trio, composto por Beatriz Ribeiro, Manoela Bonilha (violinos barrocos) e Vitor Barbero (espineta e cravo), apresentou pe\u00e7as dos compositores Ant\u00f4nio Vivaldi, Johann Sebastian Bach e Georg Philip Telemann. Formado no in\u00edcio de 2016 por tr\u00eas jovens m\u00fasicos da Orquestra Arte Barroca, &#8220;Conversa a Tr\u00eas&#8221; se prop\u00f5e a interpretar o repert\u00f3rio camer\u00edstico dos s\u00e9culos XVII e XVIII, orientado pelo estudo de tratados hist\u00f3ricos e pela sonoridade diferenciada, usando c\u00f3pias de instrumentos pr\u00f3prios daquele per\u00edodo.<\/p>\n<p><img loading=\"lazy\" class=\"alignleft\" src=\"http:\/\/franciscanos.org.br\/wp-content\/uploads\/2017\/06\/trezena_100617_2.jpg\" alt=\"trezena_100617_2\" width=\"830\" height=\"570\" \/><\/p>\n<p><strong>&#8220;ARRAI\u00c1&#8221; NO CLAUSTRO<\/strong><\/p>\n<p>Teve in\u00edcio neste s\u00e1bado a Festa Junina no Convento, com direito a quadrilha e casamento caipira, protagonizadas pelas crian\u00e7as da Catequese. O marcador deu o tom: &#8220;Olha a cobra no caminho! \u00c9 mentira! Meia volta&#8230; Olha a ponte que caiu! \u00c9 mentira! Meia volta&#8230;&#8221;<\/p>\n<p>O frio que chegou a S\u00e3o Paulo deixou o dia com a cara ainda mais de festa junina. Por isso, n\u00e3o faltaram vinho quente e quent\u00e3o.<\/p>\n<p>Neste domingo, a festa continua, mas a Missa da Trezena come\u00e7ar\u00e1 com a prociss\u00e3o saindo da Igreja de Santo Ant\u00f4nio, na Pra\u00e7a do Patriarca, \u00e0s 10 horas.<\/p>\n<p>&nbsp;<\/p>\n","protected":false},"excerpt":{"rendered":"<p>Trezena <\/p>\n","protected":false},"author":1,"featured_media":196599,"comment_status":"open","ping_status":"open","sticky":false,"template":"","format":"standard","meta":[],"categories":[1],"tags":[312],"acf":[],"yoast_head":"<!-- This site is optimized with the Yoast SEO plugin v19.2 - https:\/\/yoast.com\/wordpress\/plugins\/seo\/ -->\n<title>O exemplo de partilha da Trindade para sermos generosos - Not\u00edcias - Franciscanos<\/title>\n<meta name=\"robots\" content=\"index, follow, max-snippet:-1, max-image-preview:large, max-video-preview:-1\" \/>\n<link rel=\"canonical\" href=\"https:\/\/franciscanos.org.br\/noticias\/o-exemplo-de-partilha-da-trindade-santa-para-sermos-generosos.html\" \/>\n<meta property=\"og:locale\" content=\"pt_BR\" \/>\n<meta property=\"og:type\" content=\"article\" \/>\n<meta property=\"og:title\" content=\"O exemplo de partilha da Trindade para sermos generosos - Not\u00edcias - Franciscanos\" \/>\n<meta property=\"og:description\" content=\"Trezena\" \/>\n<meta property=\"og:url\" content=\"https:\/\/franciscanos.org.br\/noticias\/o-exemplo-de-partilha-da-trindade-santa-para-sermos-generosos.html\" \/>\n<meta property=\"og:site_name\" content=\"Not\u00edcias - Franciscanos\" \/>\n<meta property=\"article:published_time\" content=\"2017-06-10T21:49:50+00:00\" \/>\n<meta property=\"article:modified_time\" content=\"2019-01-24T12:36:20+00:00\" \/>\n<meta property=\"og:image\" content=\"https:\/\/franciscanos.org.br\/noticias\/wp-content\/uploads\/2017\/06\/trezena-201p.jpg\" \/>\n\t<meta property=\"og:image:width\" content=\"273\" \/>\n\t<meta property=\"og:image:height\" content=\"181\" \/>\n\t<meta property=\"og:image:type\" content=\"image\/jpeg\" \/>\n<meta name=\"author\" content=\"admin\" \/>\n<meta name=\"twitter:card\" content=\"summary_large_image\" \/>\n<meta name=\"twitter:label1\" content=\"Escrito por\" \/>\n\t<meta name=\"twitter:data1\" content=\"admin\" \/>\n\t<meta name=\"twitter:label2\" content=\"Est. tempo de leitura\" \/>\n\t<meta name=\"twitter:data2\" content=\"5 minutos\" \/>\n<script type=\"application\/ld+json\" class=\"yoast-schema-graph\">{\"@context\":\"https:\/\/schema.org\",\"@graph\":[{\"@type\":\"WebSite\",\"@id\":\"https:\/\/franciscanos.org.br\/noticias\/#website\",\"url\":\"https:\/\/franciscanos.org.br\/noticias\/\",\"name\":\"Not\u00edcias - Franciscanos\",\"description\":\"Prov\u00edncia Franciscana da Imaculada Concei\u00e7\u00e3o do Brasil - Ordem dos Frades Menores - OFM\",\"potentialAction\":[{\"@type\":\"SearchAction\",\"target\":{\"@type\":\"EntryPoint\",\"urlTemplate\":\"https:\/\/franciscanos.org.br\/noticias\/?s={search_term_string}\"},\"query-input\":\"required name=search_term_string\"}],\"inLanguage\":\"pt-BR\"},{\"@type\":\"ImageObject\",\"inLanguage\":\"pt-BR\",\"@id\":\"https:\/\/franciscanos.org.br\/noticias\/o-exemplo-de-partilha-da-trindade-santa-para-sermos-generosos.html#primaryimage\",\"url\":\"https:\/\/franciscanos.org.br\/noticias\/wp-content\/uploads\/2017\/06\/trezena-201p.jpg\",\"contentUrl\":\"https:\/\/franciscanos.org.br\/noticias\/wp-content\/uploads\/2017\/06\/trezena-201p.jpg\",\"width\":273,\"height\":181},{\"@type\":\"WebPage\",\"@id\":\"https:\/\/franciscanos.org.br\/noticias\/o-exemplo-de-partilha-da-trindade-santa-para-sermos-generosos.html#webpage\",\"url\":\"https:\/\/franciscanos.org.br\/noticias\/o-exemplo-de-partilha-da-trindade-santa-para-sermos-generosos.html\",\"name\":\"O exemplo de partilha da Trindade para sermos generosos - Not\u00edcias - Franciscanos\",\"isPartOf\":{\"@id\":\"https:\/\/franciscanos.org.br\/noticias\/#website\"},\"primaryImageOfPage\":{\"@id\":\"https:\/\/franciscanos.org.br\/noticias\/o-exemplo-de-partilha-da-trindade-santa-para-sermos-generosos.html#primaryimage\"},\"datePublished\":\"2017-06-10T21:49:50+00:00\",\"dateModified\":\"2019-01-24T12:36:20+00:00\",\"author\":{\"@id\":\"https:\/\/franciscanos.org.br\/noticias\/#\/schema\/person\/b38fbf43118f02820bd932f2e4b14ad3\"},\"breadcrumb\":{\"@id\":\"https:\/\/franciscanos.org.br\/noticias\/o-exemplo-de-partilha-da-trindade-santa-para-sermos-generosos.html#breadcrumb\"},\"inLanguage\":\"pt-BR\",\"potentialAction\":[{\"@type\":\"ReadAction\",\"target\":[\"https:\/\/franciscanos.org.br\/noticias\/o-exemplo-de-partilha-da-trindade-santa-para-sermos-generosos.html\"]}]},{\"@type\":\"BreadcrumbList\",\"@id\":\"https:\/\/franciscanos.org.br\/noticias\/o-exemplo-de-partilha-da-trindade-santa-para-sermos-generosos.html#breadcrumb\",\"itemListElement\":[{\"@type\":\"ListItem\",\"position\":1,\"name\":\"Home\",\"item\":\"https:\/\/franciscanos.org.br\/noticias\"},{\"@type\":\"ListItem\",\"position\":2,\"name\":\"O exemplo de partilha da Trindade para sermos generosos\"}]},{\"@type\":\"Person\",\"@id\":\"https:\/\/franciscanos.org.br\/noticias\/#\/schema\/person\/b38fbf43118f02820bd932f2e4b14ad3\",\"name\":\"admin\",\"image\":{\"@type\":\"ImageObject\",\"inLanguage\":\"pt-BR\",\"@id\":\"https:\/\/franciscanos.org.br\/noticias\/#\/schema\/person\/image\/\",\"url\":\"https:\/\/secure.gravatar.com\/avatar\/e8495742d34d0ba6448ea1c628263b3e?s=96&d=mm&r=g\",\"contentUrl\":\"https:\/\/secure.gravatar.com\/avatar\/e8495742d34d0ba6448ea1c628263b3e?s=96&d=mm&r=g\",\"caption\":\"admin\"},\"url\":\"https:\/\/franciscanos.org.br\/noticias\/author\/admin\"}]}<\/script>\n<!-- \/ Yoast SEO plugin. -->","yoast_head_json":{"title":"O exemplo de partilha da Trindade para sermos generosos - Not\u00edcias - Franciscanos","robots":{"index":"index","follow":"follow","max-snippet":"max-snippet:-1","max-image-preview":"max-image-preview:large","max-video-preview":"max-video-preview:-1"},"canonical":"https:\/\/franciscanos.org.br\/noticias\/o-exemplo-de-partilha-da-trindade-santa-para-sermos-generosos.html","og_locale":"pt_BR","og_type":"article","og_title":"O exemplo de partilha da Trindade para sermos generosos - Not\u00edcias - Franciscanos","og_description":"Trezena","og_url":"https:\/\/franciscanos.org.br\/noticias\/o-exemplo-de-partilha-da-trindade-santa-para-sermos-generosos.html","og_site_name":"Not\u00edcias - Franciscanos","article_published_time":"2017-06-10T21:49:50+00:00","article_modified_time":"2019-01-24T12:36:20+00:00","og_image":[{"width":273,"height":181,"url":"https:\/\/franciscanos.org.br\/noticias\/wp-content\/uploads\/2017\/06\/trezena-201p.jpg","type":"image\/jpeg"}],"author":"admin","twitter_card":"summary_large_image","twitter_misc":{"Escrito por":"admin","Est. tempo de leitura":"5 minutos"},"schema":{"@context":"https:\/\/schema.org","@graph":[{"@type":"WebSite","@id":"https:\/\/franciscanos.org.br\/noticias\/#website","url":"https:\/\/franciscanos.org.br\/noticias\/","name":"Not\u00edcias - Franciscanos","description":"Prov\u00edncia Franciscana da Imaculada Concei\u00e7\u00e3o do Brasil - Ordem dos Frades Menores - OFM","potentialAction":[{"@type":"SearchAction","target":{"@type":"EntryPoint","urlTemplate":"https:\/\/franciscanos.org.br\/noticias\/?s={search_term_string}"},"query-input":"required name=search_term_string"}],"inLanguage":"pt-BR"},{"@type":"ImageObject","inLanguage":"pt-BR","@id":"https:\/\/franciscanos.org.br\/noticias\/o-exemplo-de-partilha-da-trindade-santa-para-sermos-generosos.html#primaryimage","url":"https:\/\/franciscanos.org.br\/noticias\/wp-content\/uploads\/2017\/06\/trezena-201p.jpg","contentUrl":"https:\/\/franciscanos.org.br\/noticias\/wp-content\/uploads\/2017\/06\/trezena-201p.jpg","width":273,"height":181},{"@type":"WebPage","@id":"https:\/\/franciscanos.org.br\/noticias\/o-exemplo-de-partilha-da-trindade-santa-para-sermos-generosos.html#webpage","url":"https:\/\/franciscanos.org.br\/noticias\/o-exemplo-de-partilha-da-trindade-santa-para-sermos-generosos.html","name":"O exemplo de partilha da Trindade para sermos generosos - Not\u00edcias - Franciscanos","isPartOf":{"@id":"https:\/\/franciscanos.org.br\/noticias\/#website"},"primaryImageOfPage":{"@id":"https:\/\/franciscanos.org.br\/noticias\/o-exemplo-de-partilha-da-trindade-santa-para-sermos-generosos.html#primaryimage"},"datePublished":"2017-06-10T21:49:50+00:00","dateModified":"2019-01-24T12:36:20+00:00","author":{"@id":"https:\/\/franciscanos.org.br\/noticias\/#\/schema\/person\/b38fbf43118f02820bd932f2e4b14ad3"},"breadcrumb":{"@id":"https:\/\/franciscanos.org.br\/noticias\/o-exemplo-de-partilha-da-trindade-santa-para-sermos-generosos.html#breadcrumb"},"inLanguage":"pt-BR","potentialAction":[{"@type":"ReadAction","target":["https:\/\/franciscanos.org.br\/noticias\/o-exemplo-de-partilha-da-trindade-santa-para-sermos-generosos.html"]}]},{"@type":"BreadcrumbList","@id":"https:\/\/franciscanos.org.br\/noticias\/o-exemplo-de-partilha-da-trindade-santa-para-sermos-generosos.html#breadcrumb","itemListElement":[{"@type":"ListItem","position":1,"name":"Home","item":"https:\/\/franciscanos.org.br\/noticias"},{"@type":"ListItem","position":2,"name":"O exemplo de partilha da Trindade para sermos generosos"}]},{"@type":"Person","@id":"https:\/\/franciscanos.org.br\/noticias\/#\/schema\/person\/b38fbf43118f02820bd932f2e4b14ad3","name":"admin","image":{"@type":"ImageObject","inLanguage":"pt-BR","@id":"https:\/\/franciscanos.org.br\/noticias\/#\/schema\/person\/image\/","url":"https:\/\/secure.gravatar.com\/avatar\/e8495742d34d0ba6448ea1c628263b3e?s=96&d=mm&r=g","contentUrl":"https:\/\/secure.gravatar.com\/avatar\/e8495742d34d0ba6448ea1c628263b3e?s=96&d=mm&r=g","caption":"admin"},"url":"https:\/\/franciscanos.org.br\/noticias\/author\/admin"}]}},"_links":{"self":[{"href":"https:\/\/franciscanos.org.br\/noticias\/wp-json\/wp\/v2\/posts\/135881"}],"collection":[{"href":"https:\/\/franciscanos.org.br\/noticias\/wp-json\/wp\/v2\/posts"}],"about":[{"href":"https:\/\/franciscanos.org.br\/noticias\/wp-json\/wp\/v2\/types\/post"}],"author":[{"embeddable":true,"href":"https:\/\/franciscanos.org.br\/noticias\/wp-json\/wp\/v2\/users\/1"}],"replies":[{"embeddable":true,"href":"https:\/\/franciscanos.org.br\/noticias\/wp-json\/wp\/v2\/comments?post=135881"}],"version-history":[{"count":0,"href":"https:\/\/franciscanos.org.br\/noticias\/wp-json\/wp\/v2\/posts\/135881\/revisions"}],"wp:featuredmedia":[{"embeddable":true,"href":"https:\/\/franciscanos.org.br\/noticias\/wp-json\/wp\/v2\/media\/196599"}],"wp:attachment":[{"href":"https:\/\/franciscanos.org.br\/noticias\/wp-json\/wp\/v2\/media?parent=135881"}],"wp:term":[{"taxonomy":"category","embeddable":true,"href":"https:\/\/franciscanos.org.br\/noticias\/wp-json\/wp\/v2\/categories?post=135881"},{"taxonomy":"post_tag","embeddable":true,"href":"https:\/\/franciscanos.org.br\/noticias\/wp-json\/wp\/v2\/tags?post=135881"}],"curies":[{"name":"wp","href":"https:\/\/api.w.org\/{rel}","templated":true}]}}