{"id":135843,"date":"2017-06-09T19:14:27","date_gmt":"2017-06-09T22:14:27","guid":{"rendered":"http:\/\/franciscanos.org.br\/?p=135843"},"modified":"2019-01-24T10:32:31","modified_gmt":"2019-01-24T12:32:31","slug":"a-palavra-de-deus-deve-despertar-bons-sentimentos-e-acoes","status":"publish","type":"post","link":"https:\/\/franciscanos.org.br\/noticias\/a-palavra-de-deus-deve-despertar-bons-sentimentos-e-acoes.html","title":{"rendered":"A Palavra desperta bons sentimentos e boas a\u00e7\u00f5es"},"content":{"rendered":"<p><strong><img loading=\"lazy\" class=\"alignleft size-full wp-image-196585\" src=\"https:\/\/franciscanos.org.br\/noticias\/wp-content\/uploads\/2017\/06\/trezena_090617G1.jpg\" alt=\"\" width=\"830\" height=\"400\" srcset=\"https:\/\/franciscanos.org.br\/noticias\/wp-content\/uploads\/2017\/06\/trezena_090617G1.jpg 830w, https:\/\/franciscanos.org.br\/noticias\/wp-content\/uploads\/2017\/06\/trezena_090617G1-450x217.jpg 450w, https:\/\/franciscanos.org.br\/noticias\/wp-content\/uploads\/2017\/06\/trezena_090617G1-768x370.jpg 768w, https:\/\/franciscanos.org.br\/noticias\/wp-content\/uploads\/2017\/06\/trezena_090617G1-150x72.jpg 150w\" sizes=\"(max-width: 830px) 100vw, 830px\" \/>\u00c9rika Augusto<\/strong><\/p>\n<p><strong>S\u00e3o Paulo (SP) &#8211;\u00a0<\/strong>Nesta sexta-feira, 9 de junho, aconteceu o 10\u00ba dia da trezena em honra a Santo Ant\u00f4nio no Santu\u00e1rio S\u00e3o Francisco, em S\u00e3o Paulo (SP). O tema deste dia foi Santo Ant\u00f4nio e Santa Maria: tornai-nos ouvintes atentos da Palavra de Deus.<\/p>\n<p>No in\u00edcio da celebra\u00e7\u00e3o, Frei Gustavo Medella, que \u00e9 o pregador da trezena deste ano, recordou S\u00e3o Jos\u00e9 de Anchieta, cuja mem\u00f3ria \u00e9 celebrada neste dia. Em sua homilia, o frade perguntou aos presentes: \u201cComo \u00e9 a minha rela\u00e7\u00e3o com a Palavra de Deus, qual \u00e9 o lugar que ela ocupa na minha vida? Como tenho me relacionado com a Palavra de Deus?\u201d.<\/p>\n<p>O pregador questionou se os presentes, ao lerem e meditarem a Palavra de Deus, oferecem palavras de encorajamento aos demais. \u201c\u00c9 muito triste quando n\u00f3s vemos pregadores que maldizem os outros a partir da Palavra, para desejar o mal, a doen\u00e7a. Isso a\u00ed certamente n\u00e3o \u00e9 fruto produzido pela Palavra de Deus. Isso \u00e9 um uso indevido da Palavra a partir de uma vis\u00e3o marcada pelo \u00f3dio, pela inveja. Isso n\u00e3o \u00e9 de Deus\u201d, salientou.<\/p>\n<p>Frei Gustavo acrescentou que quando as pessoas ouvem a Palavra de Deus mas est\u00e3o descrentes, a Palavra n\u00e3o suscita boas palavras e bons sentimentos. \u201cQue a\u00e7\u00f5es e atitudes a Palavra de Deus desperta em mim? Ela me torna mais solid\u00e1rio, af\u00e1vel, menos ego\u00edsta, mais capaz de partilhar meu tempo e meus bens? Eu estou no bom caminho!\u201d, afirmou o pregador.<\/p>\n<p>O frade falou ainda sobre Santo Ant\u00f4nio e sua intimidade com a Palavra de Deus, intimidade esta que o faz estar sempre representado com a B\u00edblia nos bra\u00e7os. Frei Gustavo destacou a rela\u00e7\u00e3o de Nossa Senhora com a Palavra e S\u00e3o Jos\u00e9 de Anchieta, afirmando\u00a0que sua missionariedade nasce da rela\u00e7\u00e3o com a Palavra de Deus, que o impulsiona a sair de seu pa\u00eds, vir para o Brasil, aprender o idioma dos \u00edndios e torna a Palavra de Deus compreens\u00edvel para este povo.<\/p>\n<p>Entre os muitos participantes fi\u00e9is da trezena deste ano, Dona Esmeralda chama a aten\u00e7\u00e3o. Aos 100 anos, ela esteve em todos os dias da trezena, acompanhada de sua filha.<\/p>\n<p>Neste s\u00e1bado (10), a trezena acontece \u00e0s 15h. A partir das 11h, acontece a Festa Junina no claustro do convento. No domingo (11), a missa da trezena come\u00e7ar\u00e1 com a prociss\u00e3o, saindo da Pra\u00e7a do Patriarca \u00e0s 10h.<\/p>\n","protected":false},"excerpt":{"rendered":"<p>Trezena<\/p>\n","protected":false},"author":1,"featured_media":196588,"comment_status":"open","ping_status":"open","sticky":false,"template":"","format":"standard","meta":[],"categories":[1],"tags":[312],"acf":[],"yoast_head":"<!-- This site is optimized with the Yoast SEO plugin v19.2 - https:\/\/yoast.com\/wordpress\/plugins\/seo\/ -->\n<title>A Palavra desperta bons sentimentos e boas a\u00e7\u00f5es - Not\u00edcias - Franciscanos<\/title>\n<meta name=\"robots\" content=\"index, follow, max-snippet:-1, max-image-preview:large, max-video-preview:-1\" \/>\n<link rel=\"canonical\" href=\"https:\/\/franciscanos.org.br\/noticias\/a-palavra-de-deus-deve-despertar-bons-sentimentos-e-acoes.html\" \/>\n<meta property=\"og:locale\" content=\"pt_BR\" \/>\n<meta property=\"og:type\" content=\"article\" \/>\n<meta property=\"og:title\" content=\"A Palavra desperta bons sentimentos e boas a\u00e7\u00f5es - Not\u00edcias - Franciscanos\" \/>\n<meta property=\"og:description\" content=\"Trezena\" \/>\n<meta property=\"og:url\" content=\"https:\/\/franciscanos.org.br\/noticias\/a-palavra-de-deus-deve-despertar-bons-sentimentos-e-acoes.html\" \/>\n<meta property=\"og:site_name\" content=\"Not\u00edcias - Franciscanos\" \/>\n<meta property=\"article:published_time\" content=\"2017-06-09T22:14:27+00:00\" \/>\n<meta property=\"article:modified_time\" content=\"2019-01-24T12:32:31+00:00\" \/>\n<meta property=\"og:image\" content=\"https:\/\/franciscanos.org.br\/noticias\/wp-content\/uploads\/2017\/06\/trezena_090617p.jpg\" \/>\n\t<meta property=\"og:image:width\" content=\"273\" \/>\n\t<meta property=\"og:image:height\" content=\"181\" \/>\n\t<meta property=\"og:image:type\" content=\"image\/jpeg\" \/>\n<meta name=\"author\" content=\"admin\" \/>\n<meta name=\"twitter:card\" content=\"summary_large_image\" \/>\n<meta name=\"twitter:label1\" content=\"Escrito por\" \/>\n\t<meta name=\"twitter:data1\" content=\"admin\" \/>\n\t<meta name=\"twitter:label2\" content=\"Est. tempo de leitura\" \/>\n\t<meta name=\"twitter:data2\" content=\"2 minutos\" \/>\n<script type=\"application\/ld+json\" class=\"yoast-schema-graph\">{\"@context\":\"https:\/\/schema.org\",\"@graph\":[{\"@type\":\"WebSite\",\"@id\":\"https:\/\/franciscanos.org.br\/noticias\/#website\",\"url\":\"https:\/\/franciscanos.org.br\/noticias\/\",\"name\":\"Not\u00edcias - Franciscanos\",\"description\":\"Prov\u00edncia Franciscana da Imaculada Concei\u00e7\u00e3o do Brasil - Ordem dos Frades Menores - OFM\",\"potentialAction\":[{\"@type\":\"SearchAction\",\"target\":{\"@type\":\"EntryPoint\",\"urlTemplate\":\"https:\/\/franciscanos.org.br\/noticias\/?s={search_term_string}\"},\"query-input\":\"required name=search_term_string\"}],\"inLanguage\":\"pt-BR\"},{\"@type\":\"ImageObject\",\"inLanguage\":\"pt-BR\",\"@id\":\"https:\/\/franciscanos.org.br\/noticias\/a-palavra-de-deus-deve-despertar-bons-sentimentos-e-acoes.html#primaryimage\",\"url\":\"https:\/\/franciscanos.org.br\/noticias\/wp-content\/uploads\/2017\/06\/trezena_090617p.jpg\",\"contentUrl\":\"https:\/\/franciscanos.org.br\/noticias\/wp-content\/uploads\/2017\/06\/trezena_090617p.jpg\",\"width\":273,\"height\":181},{\"@type\":\"WebPage\",\"@id\":\"https:\/\/franciscanos.org.br\/noticias\/a-palavra-de-deus-deve-despertar-bons-sentimentos-e-acoes.html#webpage\",\"url\":\"https:\/\/franciscanos.org.br\/noticias\/a-palavra-de-deus-deve-despertar-bons-sentimentos-e-acoes.html\",\"name\":\"A Palavra desperta bons sentimentos e boas a\u00e7\u00f5es - Not\u00edcias - Franciscanos\",\"isPartOf\":{\"@id\":\"https:\/\/franciscanos.org.br\/noticias\/#website\"},\"primaryImageOfPage\":{\"@id\":\"https:\/\/franciscanos.org.br\/noticias\/a-palavra-de-deus-deve-despertar-bons-sentimentos-e-acoes.html#primaryimage\"},\"datePublished\":\"2017-06-09T22:14:27+00:00\",\"dateModified\":\"2019-01-24T12:32:31+00:00\",\"author\":{\"@id\":\"https:\/\/franciscanos.org.br\/noticias\/#\/schema\/person\/b38fbf43118f02820bd932f2e4b14ad3\"},\"breadcrumb\":{\"@id\":\"https:\/\/franciscanos.org.br\/noticias\/a-palavra-de-deus-deve-despertar-bons-sentimentos-e-acoes.html#breadcrumb\"},\"inLanguage\":\"pt-BR\",\"potentialAction\":[{\"@type\":\"ReadAction\",\"target\":[\"https:\/\/franciscanos.org.br\/noticias\/a-palavra-de-deus-deve-despertar-bons-sentimentos-e-acoes.html\"]}]},{\"@type\":\"BreadcrumbList\",\"@id\":\"https:\/\/franciscanos.org.br\/noticias\/a-palavra-de-deus-deve-despertar-bons-sentimentos-e-acoes.html#breadcrumb\",\"itemListElement\":[{\"@type\":\"ListItem\",\"position\":1,\"name\":\"Home\",\"item\":\"https:\/\/franciscanos.org.br\/noticias\"},{\"@type\":\"ListItem\",\"position\":2,\"name\":\"A Palavra desperta bons sentimentos e boas a\u00e7\u00f5es\"}]},{\"@type\":\"Person\",\"@id\":\"https:\/\/franciscanos.org.br\/noticias\/#\/schema\/person\/b38fbf43118f02820bd932f2e4b14ad3\",\"name\":\"admin\",\"image\":{\"@type\":\"ImageObject\",\"inLanguage\":\"pt-BR\",\"@id\":\"https:\/\/franciscanos.org.br\/noticias\/#\/schema\/person\/image\/\",\"url\":\"https:\/\/secure.gravatar.com\/avatar\/e8495742d34d0ba6448ea1c628263b3e?s=96&d=mm&r=g\",\"contentUrl\":\"https:\/\/secure.gravatar.com\/avatar\/e8495742d34d0ba6448ea1c628263b3e?s=96&d=mm&r=g\",\"caption\":\"admin\"},\"url\":\"https:\/\/franciscanos.org.br\/noticias\/author\/admin\"}]}<\/script>\n<!-- \/ Yoast SEO plugin. -->","yoast_head_json":{"title":"A Palavra desperta bons sentimentos e boas a\u00e7\u00f5es - Not\u00edcias - Franciscanos","robots":{"index":"index","follow":"follow","max-snippet":"max-snippet:-1","max-image-preview":"max-image-preview:large","max-video-preview":"max-video-preview:-1"},"canonical":"https:\/\/franciscanos.org.br\/noticias\/a-palavra-de-deus-deve-despertar-bons-sentimentos-e-acoes.html","og_locale":"pt_BR","og_type":"article","og_title":"A Palavra desperta bons sentimentos e boas a\u00e7\u00f5es - Not\u00edcias - Franciscanos","og_description":"Trezena","og_url":"https:\/\/franciscanos.org.br\/noticias\/a-palavra-de-deus-deve-despertar-bons-sentimentos-e-acoes.html","og_site_name":"Not\u00edcias - Franciscanos","article_published_time":"2017-06-09T22:14:27+00:00","article_modified_time":"2019-01-24T12:32:31+00:00","og_image":[{"width":273,"height":181,"url":"https:\/\/franciscanos.org.br\/noticias\/wp-content\/uploads\/2017\/06\/trezena_090617p.jpg","type":"image\/jpeg"}],"author":"admin","twitter_card":"summary_large_image","twitter_misc":{"Escrito por":"admin","Est. tempo de leitura":"2 minutos"},"schema":{"@context":"https:\/\/schema.org","@graph":[{"@type":"WebSite","@id":"https:\/\/franciscanos.org.br\/noticias\/#website","url":"https:\/\/franciscanos.org.br\/noticias\/","name":"Not\u00edcias - Franciscanos","description":"Prov\u00edncia Franciscana da Imaculada Concei\u00e7\u00e3o do Brasil - Ordem dos Frades Menores - OFM","potentialAction":[{"@type":"SearchAction","target":{"@type":"EntryPoint","urlTemplate":"https:\/\/franciscanos.org.br\/noticias\/?s={search_term_string}"},"query-input":"required name=search_term_string"}],"inLanguage":"pt-BR"},{"@type":"ImageObject","inLanguage":"pt-BR","@id":"https:\/\/franciscanos.org.br\/noticias\/a-palavra-de-deus-deve-despertar-bons-sentimentos-e-acoes.html#primaryimage","url":"https:\/\/franciscanos.org.br\/noticias\/wp-content\/uploads\/2017\/06\/trezena_090617p.jpg","contentUrl":"https:\/\/franciscanos.org.br\/noticias\/wp-content\/uploads\/2017\/06\/trezena_090617p.jpg","width":273,"height":181},{"@type":"WebPage","@id":"https:\/\/franciscanos.org.br\/noticias\/a-palavra-de-deus-deve-despertar-bons-sentimentos-e-acoes.html#webpage","url":"https:\/\/franciscanos.org.br\/noticias\/a-palavra-de-deus-deve-despertar-bons-sentimentos-e-acoes.html","name":"A Palavra desperta bons sentimentos e boas a\u00e7\u00f5es - Not\u00edcias - Franciscanos","isPartOf":{"@id":"https:\/\/franciscanos.org.br\/noticias\/#website"},"primaryImageOfPage":{"@id":"https:\/\/franciscanos.org.br\/noticias\/a-palavra-de-deus-deve-despertar-bons-sentimentos-e-acoes.html#primaryimage"},"datePublished":"2017-06-09T22:14:27+00:00","dateModified":"2019-01-24T12:32:31+00:00","author":{"@id":"https:\/\/franciscanos.org.br\/noticias\/#\/schema\/person\/b38fbf43118f02820bd932f2e4b14ad3"},"breadcrumb":{"@id":"https:\/\/franciscanos.org.br\/noticias\/a-palavra-de-deus-deve-despertar-bons-sentimentos-e-acoes.html#breadcrumb"},"inLanguage":"pt-BR","potentialAction":[{"@type":"ReadAction","target":["https:\/\/franciscanos.org.br\/noticias\/a-palavra-de-deus-deve-despertar-bons-sentimentos-e-acoes.html"]}]},{"@type":"BreadcrumbList","@id":"https:\/\/franciscanos.org.br\/noticias\/a-palavra-de-deus-deve-despertar-bons-sentimentos-e-acoes.html#breadcrumb","itemListElement":[{"@type":"ListItem","position":1,"name":"Home","item":"https:\/\/franciscanos.org.br\/noticias"},{"@type":"ListItem","position":2,"name":"A Palavra desperta bons sentimentos e boas a\u00e7\u00f5es"}]},{"@type":"Person","@id":"https:\/\/franciscanos.org.br\/noticias\/#\/schema\/person\/b38fbf43118f02820bd932f2e4b14ad3","name":"admin","image":{"@type":"ImageObject","inLanguage":"pt-BR","@id":"https:\/\/franciscanos.org.br\/noticias\/#\/schema\/person\/image\/","url":"https:\/\/secure.gravatar.com\/avatar\/e8495742d34d0ba6448ea1c628263b3e?s=96&d=mm&r=g","contentUrl":"https:\/\/secure.gravatar.com\/avatar\/e8495742d34d0ba6448ea1c628263b3e?s=96&d=mm&r=g","caption":"admin"},"url":"https:\/\/franciscanos.org.br\/noticias\/author\/admin"}]}},"_links":{"self":[{"href":"https:\/\/franciscanos.org.br\/noticias\/wp-json\/wp\/v2\/posts\/135843"}],"collection":[{"href":"https:\/\/franciscanos.org.br\/noticias\/wp-json\/wp\/v2\/posts"}],"about":[{"href":"https:\/\/franciscanos.org.br\/noticias\/wp-json\/wp\/v2\/types\/post"}],"author":[{"embeddable":true,"href":"https:\/\/franciscanos.org.br\/noticias\/wp-json\/wp\/v2\/users\/1"}],"replies":[{"embeddable":true,"href":"https:\/\/franciscanos.org.br\/noticias\/wp-json\/wp\/v2\/comments?post=135843"}],"version-history":[{"count":0,"href":"https:\/\/franciscanos.org.br\/noticias\/wp-json\/wp\/v2\/posts\/135843\/revisions"}],"wp:featuredmedia":[{"embeddable":true,"href":"https:\/\/franciscanos.org.br\/noticias\/wp-json\/wp\/v2\/media\/196588"}],"wp:attachment":[{"href":"https:\/\/franciscanos.org.br\/noticias\/wp-json\/wp\/v2\/media?parent=135843"}],"wp:term":[{"taxonomy":"category","embeddable":true,"href":"https:\/\/franciscanos.org.br\/noticias\/wp-json\/wp\/v2\/categories?post=135843"},{"taxonomy":"post_tag","embeddable":true,"href":"https:\/\/franciscanos.org.br\/noticias\/wp-json\/wp\/v2\/tags?post=135843"}],"curies":[{"name":"wp","href":"https:\/\/api.w.org\/{rel}","templated":true}]}}