{"id":135810,"date":"2017-06-09T07:21:48","date_gmt":"2017-06-09T10:21:48","guid":{"rendered":"http:\/\/franciscanos.org.br\/?p=135810"},"modified":"2020-06-08T19:17:37","modified_gmt":"2020-06-08T22:17:37","slug":"a-oracao-nos-salva-nos-momentos-mais-dificeis","status":"publish","type":"post","link":"https:\/\/franciscanos.org.br\/noticias\/a-oracao-nos-salva-nos-momentos-mais-dificeis.html","title":{"rendered":"Papa: A ora\u00e7\u00e3o nos salva nos momentos mais dif\u00edceis"},"content":{"rendered":"<p><img loading=\"lazy\" src=\"http:\/\/franciscanos.org.br\/wp-content\/uploads\/2017\/06\/marta_090617.jpg\" alt=\"marta_090617\" width=\"820\" height=\"466\" \/><\/p>\n<p><strong>Cidade do Vaticano<\/strong> \u2013 Nos momentos mais dif\u00edceis, de tristeza e de dor, tamb\u00e9m diante dos insultos, \u00e9 preciso escolher o caminho da ora\u00e7\u00e3o, da paci\u00eancia e da esperan\u00e7a em Deus, sem cair na engana\u00e7\u00e3o da vaidade. Foi o que disse o Papa na missa matutina (09\/06) na Casa Santa Marta. Em sua homilia, Francisco comentou a primeira leitura, extra\u00edda do Livro de Tobias. O Papa comentou a hist\u00f3ria \u201cnormal\u201d de um sogro e de uma nora: Tobit \u2013 o pai de Tobias, que se tornou cego &#8211; e Sara, sua nora, acusada no passado de ter sido respons\u00e1vel pela morte de alguns homens.<\/p>\n<p>Um trecho, explicou o Pont\u00edfice, em que se compreende de que modo o Senhor leva avante \u201ca hist\u00f3ria\u201d e \u201ca vida das pessoas, inclusive a nossa\u201d. Tobit e Sara, prosseguiu, viveram de fato \u201cmomentos dif\u00edceis\u201d e \u201cmomentos belos\u201d. Tobit era \u201cperseguido\u201d, \u201cinsultado\u201d por sua mulher, que por\u00e9m \u2013 acrescentou o Papa \u2013 n\u00e3o era uma mulher m\u00e1, \u201ctrabalhava para levar a casa para frente porque ele era cego\u201d. E tamb\u00e9m Sara era insultata, sofrendo \u201cmuito\u201d. Naqueles momentos, os dois pensaram que era &#8220;melhor morrer\u201d.<\/p>\n<p>\u201cTodos n\u00f3s passamos por momentos dif\u00edceis, duros, n\u00e3o t\u00e3o dif\u00edceis como este, mas n\u00f3s sabemos o que se sente num momento dif\u00edcil, de dor, no momento das dificuldades, n\u00f3s sabemos. Mas ela, Sara, pensa: \u2018Mas se eu me enforcar provocarei sofrimento para os meus pais?\u2019 e para e reza. E Tobit diz: \u2018Mas esta \u00e9 a minha vida, vamos para frente\u2019, e reza. E esta \u00e9 a atitude que nos salva nos momentos dif\u00edceis: a ora\u00e7\u00e3o. A paci\u00eancia: porque os dois s\u00e3o pacientes com a pr\u00f3pria dor. E a esperan\u00e7a que Deus nos ou\u00e7a e fa\u00e7a passar esses momentos dif\u00edceis. Nos momentos de tristeza, pouca ou muita, nos momentos sombrios:: ora\u00e7\u00e3o, paci\u00eancia e esperan\u00e7a. N\u00e3o esque\u00e7am isto\u201d.<\/p>\n<p>Depois, h\u00e1 tamb\u00e9m momentos bonitos na sua hist\u00f3ria. Mas o Papa sublinha que n\u00e3o se trata de um \u201cfinal feliz\u201d de um romance: \u201cAp\u00f3s a prova, o Senhor est\u00e1 pr\u00f3ximo a eles e os salva. Mas h\u00e1 momentos bonitos, aut\u00eanticos, como este, n\u00e3o aqueles momentos com beleza maquiada, que \u00e9 tudo artificial, um fogo-de-artif\u00edcio, mas n\u00e3o \u00e9 a beleza da alma. E o que fazem os dois nos momentos bons? D\u00e3o gra\u00e7as a Deus, alargam o seu cora\u00e7\u00e3o na ora\u00e7\u00e3o de agradecimento\u201d.<\/p>\n<p>O Pont\u00edfice exorta ent\u00e3o a nos perguntarmos se nas diferentes situa\u00e7\u00f5es de nossas vidas somos capazes de discernir o que acontece em nossa alma, entendendo que os maus momentos s\u00e3o \u201ca cruz\u201d e \u00e9 necess\u00e1rio \u201crezar\u201d, ser paciente e ter pelo menos um pouquinho de esperan\u00e7a\u201d: \u00e9 preciso evitar cair \u201cna vaidade\u201d, porque \u201co Senhor est\u00e1 sempre ao nosso\u201d, quando nos dirigimos a Ele \u201cem ora\u00e7\u00e3o\u201d, agradecendo, al\u00e9m do mais, pela alegria que ele nos deu. Sara com discernimento, entendeu que n\u00e3o devia se enforcar; Tobias entendeu que devia \u201cesperar, na ora\u00e7\u00e3o, na esperan\u00e7a, a salva\u00e7\u00e3o do Senhor\u201d. O convite de Francisco \u00e9, portanto, reler estas passagens da B\u00edblia: \u201cQuanto, neste fim de semana, lermos este livro, vamos pedir a gra\u00e7a de saber discernir o que acontece nos maus momentos de nossas vidas e como ir avante, e o que acontece nos momentos bons e n\u00e3o se deixar enganar pela vaidade\u201d.<\/p>\n<hr \/>\n<p><em>Fonte: R\u00e1dio Vaticano<\/em><\/p>\n","protected":false},"excerpt":{"rendered":"<p>Missa em Santa Marta<\/p>\n","protected":false},"author":1,"featured_media":199528,"comment_status":"open","ping_status":"open","sticky":false,"template":"","format":"standard","meta":[],"categories":[1428],"tags":[1586],"acf":[],"yoast_head":"<!-- This site is optimized with the Yoast SEO plugin v19.2 - https:\/\/yoast.com\/wordpress\/plugins\/seo\/ -->\n<title>Papa: A ora\u00e7\u00e3o nos salva nos momentos mais dif\u00edceis - Not\u00edcias - Franciscanos<\/title>\n<meta name=\"robots\" content=\"index, follow, max-snippet:-1, max-image-preview:large, max-video-preview:-1\" \/>\n<link rel=\"canonical\" href=\"https:\/\/franciscanos.org.br\/noticias\/a-oracao-nos-salva-nos-momentos-mais-dificeis.html\" \/>\n<meta property=\"og:locale\" content=\"pt_BR\" \/>\n<meta property=\"og:type\" content=\"article\" \/>\n<meta property=\"og:title\" content=\"Papa: A ora\u00e7\u00e3o nos salva nos momentos mais dif\u00edceis - Not\u00edcias - Franciscanos\" \/>\n<meta property=\"og:description\" content=\"Missa em Santa Marta\" \/>\n<meta property=\"og:url\" content=\"https:\/\/franciscanos.org.br\/noticias\/a-oracao-nos-salva-nos-momentos-mais-dificeis.html\" \/>\n<meta property=\"og:site_name\" content=\"Not\u00edcias - Franciscanos\" \/>\n<meta property=\"article:published_time\" content=\"2017-06-09T10:21:48+00:00\" \/>\n<meta property=\"article:modified_time\" content=\"2020-06-08T22:17:37+00:00\" \/>\n<meta property=\"og:image\" content=\"https:\/\/franciscanos.org.br\/noticias\/wp-content\/uploads\/2017\/06\/marta_090617.jpg\" \/>\n\t<meta property=\"og:image:width\" content=\"273\" \/>\n\t<meta property=\"og:image:height\" content=\"181\" \/>\n\t<meta property=\"og:image:type\" content=\"image\/jpeg\" \/>\n<meta name=\"author\" content=\"admin\" \/>\n<meta name=\"twitter:card\" content=\"summary_large_image\" \/>\n<meta name=\"twitter:label1\" content=\"Escrito por\" \/>\n\t<meta name=\"twitter:data1\" content=\"admin\" \/>\n\t<meta name=\"twitter:label2\" content=\"Est. tempo de leitura\" \/>\n\t<meta name=\"twitter:data2\" content=\"3 minutos\" \/>\n<script type=\"application\/ld+json\" class=\"yoast-schema-graph\">{\"@context\":\"https:\/\/schema.org\",\"@graph\":[{\"@type\":\"WebSite\",\"@id\":\"https:\/\/franciscanos.org.br\/noticias\/#website\",\"url\":\"https:\/\/franciscanos.org.br\/noticias\/\",\"name\":\"Not\u00edcias - Franciscanos\",\"description\":\"Prov\u00edncia Franciscana da Imaculada Concei\u00e7\u00e3o do Brasil - Ordem dos Frades Menores - OFM\",\"potentialAction\":[{\"@type\":\"SearchAction\",\"target\":{\"@type\":\"EntryPoint\",\"urlTemplate\":\"https:\/\/franciscanos.org.br\/noticias\/?s={search_term_string}\"},\"query-input\":\"required name=search_term_string\"}],\"inLanguage\":\"pt-BR\"},{\"@type\":\"ImageObject\",\"inLanguage\":\"pt-BR\",\"@id\":\"https:\/\/franciscanos.org.br\/noticias\/a-oracao-nos-salva-nos-momentos-mais-dificeis.html#primaryimage\",\"url\":\"https:\/\/franciscanos.org.br\/noticias\/wp-content\/uploads\/2017\/06\/marta_090617.jpg\",\"contentUrl\":\"https:\/\/franciscanos.org.br\/noticias\/wp-content\/uploads\/2017\/06\/marta_090617.jpg\",\"width\":273,\"height\":181},{\"@type\":\"WebPage\",\"@id\":\"https:\/\/franciscanos.org.br\/noticias\/a-oracao-nos-salva-nos-momentos-mais-dificeis.html#webpage\",\"url\":\"https:\/\/franciscanos.org.br\/noticias\/a-oracao-nos-salva-nos-momentos-mais-dificeis.html\",\"name\":\"Papa: A ora\u00e7\u00e3o nos salva nos momentos mais dif\u00edceis - Not\u00edcias - Franciscanos\",\"isPartOf\":{\"@id\":\"https:\/\/franciscanos.org.br\/noticias\/#website\"},\"primaryImageOfPage\":{\"@id\":\"https:\/\/franciscanos.org.br\/noticias\/a-oracao-nos-salva-nos-momentos-mais-dificeis.html#primaryimage\"},\"datePublished\":\"2017-06-09T10:21:48+00:00\",\"dateModified\":\"2020-06-08T22:17:37+00:00\",\"author\":{\"@id\":\"https:\/\/franciscanos.org.br\/noticias\/#\/schema\/person\/b38fbf43118f02820bd932f2e4b14ad3\"},\"breadcrumb\":{\"@id\":\"https:\/\/franciscanos.org.br\/noticias\/a-oracao-nos-salva-nos-momentos-mais-dificeis.html#breadcrumb\"},\"inLanguage\":\"pt-BR\",\"potentialAction\":[{\"@type\":\"ReadAction\",\"target\":[\"https:\/\/franciscanos.org.br\/noticias\/a-oracao-nos-salva-nos-momentos-mais-dificeis.html\"]}]},{\"@type\":\"BreadcrumbList\",\"@id\":\"https:\/\/franciscanos.org.br\/noticias\/a-oracao-nos-salva-nos-momentos-mais-dificeis.html#breadcrumb\",\"itemListElement\":[{\"@type\":\"ListItem\",\"position\":1,\"name\":\"Home\",\"item\":\"https:\/\/franciscanos.org.br\/noticias\"},{\"@type\":\"ListItem\",\"position\":2,\"name\":\"Papa: A ora\u00e7\u00e3o nos salva nos momentos mais dif\u00edceis\"}]},{\"@type\":\"Person\",\"@id\":\"https:\/\/franciscanos.org.br\/noticias\/#\/schema\/person\/b38fbf43118f02820bd932f2e4b14ad3\",\"name\":\"admin\",\"image\":{\"@type\":\"ImageObject\",\"inLanguage\":\"pt-BR\",\"@id\":\"https:\/\/franciscanos.org.br\/noticias\/#\/schema\/person\/image\/\",\"url\":\"https:\/\/secure.gravatar.com\/avatar\/e8495742d34d0ba6448ea1c628263b3e?s=96&d=mm&r=g\",\"contentUrl\":\"https:\/\/secure.gravatar.com\/avatar\/e8495742d34d0ba6448ea1c628263b3e?s=96&d=mm&r=g\",\"caption\":\"admin\"},\"url\":\"https:\/\/franciscanos.org.br\/noticias\/author\/admin\"}]}<\/script>\n<!-- \/ Yoast SEO plugin. -->","yoast_head_json":{"title":"Papa: A ora\u00e7\u00e3o nos salva nos momentos mais dif\u00edceis - Not\u00edcias - Franciscanos","robots":{"index":"index","follow":"follow","max-snippet":"max-snippet:-1","max-image-preview":"max-image-preview:large","max-video-preview":"max-video-preview:-1"},"canonical":"https:\/\/franciscanos.org.br\/noticias\/a-oracao-nos-salva-nos-momentos-mais-dificeis.html","og_locale":"pt_BR","og_type":"article","og_title":"Papa: A ora\u00e7\u00e3o nos salva nos momentos mais dif\u00edceis - Not\u00edcias - Franciscanos","og_description":"Missa em Santa Marta","og_url":"https:\/\/franciscanos.org.br\/noticias\/a-oracao-nos-salva-nos-momentos-mais-dificeis.html","og_site_name":"Not\u00edcias - Franciscanos","article_published_time":"2017-06-09T10:21:48+00:00","article_modified_time":"2020-06-08T22:17:37+00:00","og_image":[{"width":273,"height":181,"url":"https:\/\/franciscanos.org.br\/noticias\/wp-content\/uploads\/2017\/06\/marta_090617.jpg","type":"image\/jpeg"}],"author":"admin","twitter_card":"summary_large_image","twitter_misc":{"Escrito por":"admin","Est. tempo de leitura":"3 minutos"},"schema":{"@context":"https:\/\/schema.org","@graph":[{"@type":"WebSite","@id":"https:\/\/franciscanos.org.br\/noticias\/#website","url":"https:\/\/franciscanos.org.br\/noticias\/","name":"Not\u00edcias - Franciscanos","description":"Prov\u00edncia Franciscana da Imaculada Concei\u00e7\u00e3o do Brasil - Ordem dos Frades Menores - OFM","potentialAction":[{"@type":"SearchAction","target":{"@type":"EntryPoint","urlTemplate":"https:\/\/franciscanos.org.br\/noticias\/?s={search_term_string}"},"query-input":"required name=search_term_string"}],"inLanguage":"pt-BR"},{"@type":"ImageObject","inLanguage":"pt-BR","@id":"https:\/\/franciscanos.org.br\/noticias\/a-oracao-nos-salva-nos-momentos-mais-dificeis.html#primaryimage","url":"https:\/\/franciscanos.org.br\/noticias\/wp-content\/uploads\/2017\/06\/marta_090617.jpg","contentUrl":"https:\/\/franciscanos.org.br\/noticias\/wp-content\/uploads\/2017\/06\/marta_090617.jpg","width":273,"height":181},{"@type":"WebPage","@id":"https:\/\/franciscanos.org.br\/noticias\/a-oracao-nos-salva-nos-momentos-mais-dificeis.html#webpage","url":"https:\/\/franciscanos.org.br\/noticias\/a-oracao-nos-salva-nos-momentos-mais-dificeis.html","name":"Papa: A ora\u00e7\u00e3o nos salva nos momentos mais dif\u00edceis - Not\u00edcias - Franciscanos","isPartOf":{"@id":"https:\/\/franciscanos.org.br\/noticias\/#website"},"primaryImageOfPage":{"@id":"https:\/\/franciscanos.org.br\/noticias\/a-oracao-nos-salva-nos-momentos-mais-dificeis.html#primaryimage"},"datePublished":"2017-06-09T10:21:48+00:00","dateModified":"2020-06-08T22:17:37+00:00","author":{"@id":"https:\/\/franciscanos.org.br\/noticias\/#\/schema\/person\/b38fbf43118f02820bd932f2e4b14ad3"},"breadcrumb":{"@id":"https:\/\/franciscanos.org.br\/noticias\/a-oracao-nos-salva-nos-momentos-mais-dificeis.html#breadcrumb"},"inLanguage":"pt-BR","potentialAction":[{"@type":"ReadAction","target":["https:\/\/franciscanos.org.br\/noticias\/a-oracao-nos-salva-nos-momentos-mais-dificeis.html"]}]},{"@type":"BreadcrumbList","@id":"https:\/\/franciscanos.org.br\/noticias\/a-oracao-nos-salva-nos-momentos-mais-dificeis.html#breadcrumb","itemListElement":[{"@type":"ListItem","position":1,"name":"Home","item":"https:\/\/franciscanos.org.br\/noticias"},{"@type":"ListItem","position":2,"name":"Papa: A ora\u00e7\u00e3o nos salva nos momentos mais dif\u00edceis"}]},{"@type":"Person","@id":"https:\/\/franciscanos.org.br\/noticias\/#\/schema\/person\/b38fbf43118f02820bd932f2e4b14ad3","name":"admin","image":{"@type":"ImageObject","inLanguage":"pt-BR","@id":"https:\/\/franciscanos.org.br\/noticias\/#\/schema\/person\/image\/","url":"https:\/\/secure.gravatar.com\/avatar\/e8495742d34d0ba6448ea1c628263b3e?s=96&d=mm&r=g","contentUrl":"https:\/\/secure.gravatar.com\/avatar\/e8495742d34d0ba6448ea1c628263b3e?s=96&d=mm&r=g","caption":"admin"},"url":"https:\/\/franciscanos.org.br\/noticias\/author\/admin"}]}},"_links":{"self":[{"href":"https:\/\/franciscanos.org.br\/noticias\/wp-json\/wp\/v2\/posts\/135810"}],"collection":[{"href":"https:\/\/franciscanos.org.br\/noticias\/wp-json\/wp\/v2\/posts"}],"about":[{"href":"https:\/\/franciscanos.org.br\/noticias\/wp-json\/wp\/v2\/types\/post"}],"author":[{"embeddable":true,"href":"https:\/\/franciscanos.org.br\/noticias\/wp-json\/wp\/v2\/users\/1"}],"replies":[{"embeddable":true,"href":"https:\/\/franciscanos.org.br\/noticias\/wp-json\/wp\/v2\/comments?post=135810"}],"version-history":[{"count":1,"href":"https:\/\/franciscanos.org.br\/noticias\/wp-json\/wp\/v2\/posts\/135810\/revisions"}],"predecessor-version":[{"id":225319,"href":"https:\/\/franciscanos.org.br\/noticias\/wp-json\/wp\/v2\/posts\/135810\/revisions\/225319"}],"wp:featuredmedia":[{"embeddable":true,"href":"https:\/\/franciscanos.org.br\/noticias\/wp-json\/wp\/v2\/media\/199528"}],"wp:attachment":[{"href":"https:\/\/franciscanos.org.br\/noticias\/wp-json\/wp\/v2\/media?parent=135810"}],"wp:term":[{"taxonomy":"category","embeddable":true,"href":"https:\/\/franciscanos.org.br\/noticias\/wp-json\/wp\/v2\/categories?post=135810"},{"taxonomy":"post_tag","embeddable":true,"href":"https:\/\/franciscanos.org.br\/noticias\/wp-json\/wp\/v2\/tags?post=135810"}],"curies":[{"name":"wp","href":"https:\/\/api.w.org\/{rel}","templated":true}]}}