{"id":135779,"date":"2017-06-08T18:01:37","date_gmt":"2017-06-08T21:01:37","guid":{"rendered":"http:\/\/franciscanos.org.br\/?p=135779"},"modified":"2019-01-24T10:00:16","modified_gmt":"2019-01-24T12:00:16","slug":"fazer-se-proximo-eis-a-tarefa-do-9o-dia-da-trezena","status":"publish","type":"post","link":"https:\/\/franciscanos.org.br\/noticias\/fazer-se-proximo-eis-a-tarefa-do-9o-dia-da-trezena.html","title":{"rendered":"Fazer-se pr\u00f3ximo, eis a tarefa do nono dia da Trezena"},"content":{"rendered":"<p><strong><img loading=\"lazy\" class=\"alignleft size-full wp-image-196552\" src=\"https:\/\/franciscanos.org.br\/noticias\/wp-content\/uploads\/2017\/06\/trezena_080617G.jpg\" alt=\"\" width=\"830\" height=\"400\" srcset=\"https:\/\/franciscanos.org.br\/noticias\/wp-content\/uploads\/2017\/06\/trezena_080617G.jpg 830w, https:\/\/franciscanos.org.br\/noticias\/wp-content\/uploads\/2017\/06\/trezena_080617G-450x217.jpg 450w, https:\/\/franciscanos.org.br\/noticias\/wp-content\/uploads\/2017\/06\/trezena_080617G-768x370.jpg 768w, https:\/\/franciscanos.org.br\/noticias\/wp-content\/uploads\/2017\/06\/trezena_080617G-150x72.jpg 150w\" sizes=\"(max-width: 830px) 100vw, 830px\" \/>\u00c9rika Augusto<\/strong><\/p>\n<p><strong>S\u00e3o Paulo (SP)<\/strong> &#8211; Nesta quinta-feira, 8, aconteceu o nono dia da Trezena em honra a Santo Ant\u00f4nio no Santu\u00e1rio S\u00e3o Francisco, regi\u00e3o central de S\u00e3o Paulo. Muitos devotos vieram participar da celebra\u00e7\u00e3o, e quanto mais pr\u00f3ximo o dia do santo, mais devotos comparecem \u00e0 trezena.<\/p>\n<p>O tema escolhido para o 9\u00ba dia foi: \u201cSanto Ant\u00f4nio e Santa Maria: animai-nos no amor ao pr\u00f3ximo\u201d. Em sua homilia, Frei Gustavo destacou que a sociedade vive hoje um tempo de muitas facilidades tecnol\u00f3gicas, fato que deveria aproximar as pessoas, mas acaba afastando ainda mais. E afirmou que Jesus, na par\u00e1bola do bom samaritano, mostra que se faz pr\u00f3ximo quem ajuda e faz o bem ao outro. \u201cEst\u00e1 a\u00ed o grande desafio crist\u00e3o: o decidir aproximar-se amorosamente das pessoas, especialmente daquelas que estejam em maior necessidade. Para cumprir bem esta tarefa, n\u00e3o h\u00e1 d\u00favida de que precisamos nos despir de preconceitos, buscar uma sintonia profunda com Deus e, com muita frequ\u00eancia, morrer para nossa vontade\u201d, afirmou.<\/p>\n<p>O pregador da trezena deste ano falou ainda da proximidade de Maria com as pessoas, por exemplo sua prima Isabel, que precisava da ajuda de uma pessoa mais jovem, e Maria prontamente se colocou a disposi\u00e7\u00e3o. O frade destacou ainda a proximidade de Nossa Senhora em suas apari\u00e7\u00f5es, destacando 3 delas: Nossa Senhora de Guadalupe, em 1531, Nossa Senhora Aparecida, em 1717 e Nossa Senhora de F\u00e1tima, em 1917.<\/p>\n<p>Sobre Santo Ant\u00f4nio, Frei Medella afirmou que ele, mesmo com toda sua sabedoria teol\u00f3gica, nunca se afastou dos mais pobres e humildes. Pelo contr\u00e1rio, em seus milagres \u00e9 poss\u00edvel notar a intimidade de Santo Ant\u00f4nio com os mais necessitados, fato que se estende at\u00e9 os tempos atuais, tornando-o um dos santos mais carism\u00e1ticos da Igreja. \u201cMostrando o caminho da constru\u00e7\u00e3o desta proximidade, Santo Ant\u00f4nio nos instrui: \u2018Somos templos de Deus e santos, se formos contemplativos, renunciando aos bens temporais; se mortificarmos nossa carne; se nos compadecermos do pr\u00f3ximo\u2019\u201d, acrescentou o frade, que deixou como gesto concreto deste 9\u00ba dia da Trezena a tarefa de fazer-se pr\u00f3ximo, numa postura amorosa.<\/p>\n<p><strong>Um minuto pela paz<\/strong><\/p>\n<p>Em seguida, Frei Gustavo falou da iniciativa \u201cUm minuto pela paz\u201d, promovida pelo Papa Francisco, em mem\u00f3ria pelo hist\u00f3rico encontro em 2014, que reuniu o Pont\u00edfice, o l\u00edder israelense Shimon Peres, o l\u00edder palestino Mahmoud Abbas e o Patriarca Bartolomeu I. Todos ent\u00e3o permaneceram em sil\u00eancio por um minuto, em p\u00e9 ou de joelhos, numa ora\u00e7\u00e3o silenciosa pela paz.<\/p>\n<p>A trezena continua nos pr\u00f3ximos dias, sendo celebrada nesta sexta (9) e s\u00e1bado (10) \u00e0s 15h, domingo \u00e0s 10h30 e na segunda (12), ao meio-dia. Neste fim de semana acontece tamb\u00e9m a Festa Junina, no claustro do convento.<\/p>\n","protected":false},"excerpt":{"rendered":"<p>Trezena<\/p>\n","protected":false},"author":1,"featured_media":196555,"comment_status":"open","ping_status":"open","sticky":false,"template":"","format":"standard","meta":[],"categories":[1],"tags":[312],"acf":[],"yoast_head":"<!-- This site is optimized with the Yoast SEO plugin v19.2 - https:\/\/yoast.com\/wordpress\/plugins\/seo\/ -->\n<title>Fazer-se pr\u00f3ximo, eis a tarefa do nono dia da Trezena - Not\u00edcias - Franciscanos<\/title>\n<meta name=\"robots\" content=\"index, follow, max-snippet:-1, max-image-preview:large, max-video-preview:-1\" \/>\n<link rel=\"canonical\" href=\"https:\/\/franciscanos.org.br\/noticias\/fazer-se-proximo-eis-a-tarefa-do-9o-dia-da-trezena.html\" \/>\n<meta property=\"og:locale\" content=\"pt_BR\" \/>\n<meta property=\"og:type\" content=\"article\" \/>\n<meta property=\"og:title\" content=\"Fazer-se pr\u00f3ximo, eis a tarefa do nono dia da Trezena - Not\u00edcias - Franciscanos\" \/>\n<meta property=\"og:description\" content=\"Trezena\" \/>\n<meta property=\"og:url\" content=\"https:\/\/franciscanos.org.br\/noticias\/fazer-se-proximo-eis-a-tarefa-do-9o-dia-da-trezena.html\" \/>\n<meta property=\"og:site_name\" content=\"Not\u00edcias - Franciscanos\" \/>\n<meta property=\"article:published_time\" content=\"2017-06-08T21:01:37+00:00\" \/>\n<meta property=\"article:modified_time\" content=\"2019-01-24T12:00:16+00:00\" \/>\n<meta property=\"og:image\" content=\"https:\/\/franciscanos.org.br\/noticias\/wp-content\/uploads\/2017\/06\/trezena_p.jpg\" \/>\n\t<meta property=\"og:image:width\" content=\"273\" \/>\n\t<meta property=\"og:image:height\" content=\"182\" \/>\n\t<meta property=\"og:image:type\" content=\"image\/jpeg\" \/>\n<meta name=\"author\" content=\"admin\" \/>\n<meta name=\"twitter:card\" content=\"summary_large_image\" \/>\n<meta name=\"twitter:label1\" content=\"Escrito por\" \/>\n\t<meta name=\"twitter:data1\" content=\"admin\" \/>\n\t<meta name=\"twitter:label2\" content=\"Est. tempo de leitura\" \/>\n\t<meta name=\"twitter:data2\" content=\"2 minutos\" \/>\n<script type=\"application\/ld+json\" class=\"yoast-schema-graph\">{\"@context\":\"https:\/\/schema.org\",\"@graph\":[{\"@type\":\"WebSite\",\"@id\":\"https:\/\/franciscanos.org.br\/noticias\/#website\",\"url\":\"https:\/\/franciscanos.org.br\/noticias\/\",\"name\":\"Not\u00edcias - Franciscanos\",\"description\":\"Prov\u00edncia Franciscana da Imaculada Concei\u00e7\u00e3o do Brasil - Ordem dos Frades Menores - OFM\",\"potentialAction\":[{\"@type\":\"SearchAction\",\"target\":{\"@type\":\"EntryPoint\",\"urlTemplate\":\"https:\/\/franciscanos.org.br\/noticias\/?s={search_term_string}\"},\"query-input\":\"required name=search_term_string\"}],\"inLanguage\":\"pt-BR\"},{\"@type\":\"ImageObject\",\"inLanguage\":\"pt-BR\",\"@id\":\"https:\/\/franciscanos.org.br\/noticias\/fazer-se-proximo-eis-a-tarefa-do-9o-dia-da-trezena.html#primaryimage\",\"url\":\"https:\/\/franciscanos.org.br\/noticias\/wp-content\/uploads\/2017\/06\/trezena_p.jpg\",\"contentUrl\":\"https:\/\/franciscanos.org.br\/noticias\/wp-content\/uploads\/2017\/06\/trezena_p.jpg\",\"width\":273,\"height\":182},{\"@type\":\"WebPage\",\"@id\":\"https:\/\/franciscanos.org.br\/noticias\/fazer-se-proximo-eis-a-tarefa-do-9o-dia-da-trezena.html#webpage\",\"url\":\"https:\/\/franciscanos.org.br\/noticias\/fazer-se-proximo-eis-a-tarefa-do-9o-dia-da-trezena.html\",\"name\":\"Fazer-se pr\u00f3ximo, eis a tarefa do nono dia da Trezena - Not\u00edcias - Franciscanos\",\"isPartOf\":{\"@id\":\"https:\/\/franciscanos.org.br\/noticias\/#website\"},\"primaryImageOfPage\":{\"@id\":\"https:\/\/franciscanos.org.br\/noticias\/fazer-se-proximo-eis-a-tarefa-do-9o-dia-da-trezena.html#primaryimage\"},\"datePublished\":\"2017-06-08T21:01:37+00:00\",\"dateModified\":\"2019-01-24T12:00:16+00:00\",\"author\":{\"@id\":\"https:\/\/franciscanos.org.br\/noticias\/#\/schema\/person\/b38fbf43118f02820bd932f2e4b14ad3\"},\"breadcrumb\":{\"@id\":\"https:\/\/franciscanos.org.br\/noticias\/fazer-se-proximo-eis-a-tarefa-do-9o-dia-da-trezena.html#breadcrumb\"},\"inLanguage\":\"pt-BR\",\"potentialAction\":[{\"@type\":\"ReadAction\",\"target\":[\"https:\/\/franciscanos.org.br\/noticias\/fazer-se-proximo-eis-a-tarefa-do-9o-dia-da-trezena.html\"]}]},{\"@type\":\"BreadcrumbList\",\"@id\":\"https:\/\/franciscanos.org.br\/noticias\/fazer-se-proximo-eis-a-tarefa-do-9o-dia-da-trezena.html#breadcrumb\",\"itemListElement\":[{\"@type\":\"ListItem\",\"position\":1,\"name\":\"Home\",\"item\":\"https:\/\/franciscanos.org.br\/noticias\"},{\"@type\":\"ListItem\",\"position\":2,\"name\":\"Fazer-se pr\u00f3ximo, eis a tarefa do nono dia da Trezena\"}]},{\"@type\":\"Person\",\"@id\":\"https:\/\/franciscanos.org.br\/noticias\/#\/schema\/person\/b38fbf43118f02820bd932f2e4b14ad3\",\"name\":\"admin\",\"image\":{\"@type\":\"ImageObject\",\"inLanguage\":\"pt-BR\",\"@id\":\"https:\/\/franciscanos.org.br\/noticias\/#\/schema\/person\/image\/\",\"url\":\"https:\/\/secure.gravatar.com\/avatar\/e8495742d34d0ba6448ea1c628263b3e?s=96&d=mm&r=g\",\"contentUrl\":\"https:\/\/secure.gravatar.com\/avatar\/e8495742d34d0ba6448ea1c628263b3e?s=96&d=mm&r=g\",\"caption\":\"admin\"},\"url\":\"https:\/\/franciscanos.org.br\/noticias\/author\/admin\"}]}<\/script>\n<!-- \/ Yoast SEO plugin. -->","yoast_head_json":{"title":"Fazer-se pr\u00f3ximo, eis a tarefa do nono dia da Trezena - Not\u00edcias - Franciscanos","robots":{"index":"index","follow":"follow","max-snippet":"max-snippet:-1","max-image-preview":"max-image-preview:large","max-video-preview":"max-video-preview:-1"},"canonical":"https:\/\/franciscanos.org.br\/noticias\/fazer-se-proximo-eis-a-tarefa-do-9o-dia-da-trezena.html","og_locale":"pt_BR","og_type":"article","og_title":"Fazer-se pr\u00f3ximo, eis a tarefa do nono dia da Trezena - Not\u00edcias - Franciscanos","og_description":"Trezena","og_url":"https:\/\/franciscanos.org.br\/noticias\/fazer-se-proximo-eis-a-tarefa-do-9o-dia-da-trezena.html","og_site_name":"Not\u00edcias - Franciscanos","article_published_time":"2017-06-08T21:01:37+00:00","article_modified_time":"2019-01-24T12:00:16+00:00","og_image":[{"width":273,"height":182,"url":"https:\/\/franciscanos.org.br\/noticias\/wp-content\/uploads\/2017\/06\/trezena_p.jpg","type":"image\/jpeg"}],"author":"admin","twitter_card":"summary_large_image","twitter_misc":{"Escrito por":"admin","Est. tempo de leitura":"2 minutos"},"schema":{"@context":"https:\/\/schema.org","@graph":[{"@type":"WebSite","@id":"https:\/\/franciscanos.org.br\/noticias\/#website","url":"https:\/\/franciscanos.org.br\/noticias\/","name":"Not\u00edcias - Franciscanos","description":"Prov\u00edncia Franciscana da Imaculada Concei\u00e7\u00e3o do Brasil - Ordem dos Frades Menores - OFM","potentialAction":[{"@type":"SearchAction","target":{"@type":"EntryPoint","urlTemplate":"https:\/\/franciscanos.org.br\/noticias\/?s={search_term_string}"},"query-input":"required name=search_term_string"}],"inLanguage":"pt-BR"},{"@type":"ImageObject","inLanguage":"pt-BR","@id":"https:\/\/franciscanos.org.br\/noticias\/fazer-se-proximo-eis-a-tarefa-do-9o-dia-da-trezena.html#primaryimage","url":"https:\/\/franciscanos.org.br\/noticias\/wp-content\/uploads\/2017\/06\/trezena_p.jpg","contentUrl":"https:\/\/franciscanos.org.br\/noticias\/wp-content\/uploads\/2017\/06\/trezena_p.jpg","width":273,"height":182},{"@type":"WebPage","@id":"https:\/\/franciscanos.org.br\/noticias\/fazer-se-proximo-eis-a-tarefa-do-9o-dia-da-trezena.html#webpage","url":"https:\/\/franciscanos.org.br\/noticias\/fazer-se-proximo-eis-a-tarefa-do-9o-dia-da-trezena.html","name":"Fazer-se pr\u00f3ximo, eis a tarefa do nono dia da Trezena - Not\u00edcias - Franciscanos","isPartOf":{"@id":"https:\/\/franciscanos.org.br\/noticias\/#website"},"primaryImageOfPage":{"@id":"https:\/\/franciscanos.org.br\/noticias\/fazer-se-proximo-eis-a-tarefa-do-9o-dia-da-trezena.html#primaryimage"},"datePublished":"2017-06-08T21:01:37+00:00","dateModified":"2019-01-24T12:00:16+00:00","author":{"@id":"https:\/\/franciscanos.org.br\/noticias\/#\/schema\/person\/b38fbf43118f02820bd932f2e4b14ad3"},"breadcrumb":{"@id":"https:\/\/franciscanos.org.br\/noticias\/fazer-se-proximo-eis-a-tarefa-do-9o-dia-da-trezena.html#breadcrumb"},"inLanguage":"pt-BR","potentialAction":[{"@type":"ReadAction","target":["https:\/\/franciscanos.org.br\/noticias\/fazer-se-proximo-eis-a-tarefa-do-9o-dia-da-trezena.html"]}]},{"@type":"BreadcrumbList","@id":"https:\/\/franciscanos.org.br\/noticias\/fazer-se-proximo-eis-a-tarefa-do-9o-dia-da-trezena.html#breadcrumb","itemListElement":[{"@type":"ListItem","position":1,"name":"Home","item":"https:\/\/franciscanos.org.br\/noticias"},{"@type":"ListItem","position":2,"name":"Fazer-se pr\u00f3ximo, eis a tarefa do nono dia da Trezena"}]},{"@type":"Person","@id":"https:\/\/franciscanos.org.br\/noticias\/#\/schema\/person\/b38fbf43118f02820bd932f2e4b14ad3","name":"admin","image":{"@type":"ImageObject","inLanguage":"pt-BR","@id":"https:\/\/franciscanos.org.br\/noticias\/#\/schema\/person\/image\/","url":"https:\/\/secure.gravatar.com\/avatar\/e8495742d34d0ba6448ea1c628263b3e?s=96&d=mm&r=g","contentUrl":"https:\/\/secure.gravatar.com\/avatar\/e8495742d34d0ba6448ea1c628263b3e?s=96&d=mm&r=g","caption":"admin"},"url":"https:\/\/franciscanos.org.br\/noticias\/author\/admin"}]}},"_links":{"self":[{"href":"https:\/\/franciscanos.org.br\/noticias\/wp-json\/wp\/v2\/posts\/135779"}],"collection":[{"href":"https:\/\/franciscanos.org.br\/noticias\/wp-json\/wp\/v2\/posts"}],"about":[{"href":"https:\/\/franciscanos.org.br\/noticias\/wp-json\/wp\/v2\/types\/post"}],"author":[{"embeddable":true,"href":"https:\/\/franciscanos.org.br\/noticias\/wp-json\/wp\/v2\/users\/1"}],"replies":[{"embeddable":true,"href":"https:\/\/franciscanos.org.br\/noticias\/wp-json\/wp\/v2\/comments?post=135779"}],"version-history":[{"count":0,"href":"https:\/\/franciscanos.org.br\/noticias\/wp-json\/wp\/v2\/posts\/135779\/revisions"}],"wp:featuredmedia":[{"embeddable":true,"href":"https:\/\/franciscanos.org.br\/noticias\/wp-json\/wp\/v2\/media\/196555"}],"wp:attachment":[{"href":"https:\/\/franciscanos.org.br\/noticias\/wp-json\/wp\/v2\/media?parent=135779"}],"wp:term":[{"taxonomy":"category","embeddable":true,"href":"https:\/\/franciscanos.org.br\/noticias\/wp-json\/wp\/v2\/categories?post=135779"},{"taxonomy":"post_tag","embeddable":true,"href":"https:\/\/franciscanos.org.br\/noticias\/wp-json\/wp\/v2\/tags?post=135779"}],"curies":[{"name":"wp","href":"https:\/\/api.w.org\/{rel}","templated":true}]}}