{"id":135765,"date":"2017-06-08T14:32:10","date_gmt":"2017-06-08T17:32:10","guid":{"rendered":"http:\/\/franciscanos.org.br\/?p=135765"},"modified":"2019-02-05T13:54:31","modified_gmt":"2019-02-05T15:54:31","slug":"alegria-acolhida-e-fraternidade-no-final-do-capitulo-generalissimo","status":"publish","type":"post","link":"https:\/\/franciscanos.org.br\/noticias\/alegria-acolhida-e-fraternidade-no-final-do-capitulo-generalissimo.html","title":{"rendered":"O caminho da reconcilia\u00e7\u00e3o das tr\u00eas Ordens Franciscanas"},"content":{"rendered":"<p><img loading=\"lazy\" src=\"http:\/\/franciscanos.org.br\/wp-content\/uploads\/2017\/06\/generalissimo_080617_21.jpg\" alt=\"generalissimo_080617_2\" width=\"830\" height=\"430\" \/><\/p>\n<p>A Bula do Papa Le\u00e3o X &#8220;<em>Ite vos<\/em>&#8220;, de 29 de maio de 1517, deveria ter recomposto as diferen\u00e7as j\u00e1 vis\u00edveis entre os Frades Menores sobre como viver verdadeiramente o carisma do Fundador. Em vez disso, ele decretou a divis\u00e3o em dois ramos (Frades Menores da Regular Observ\u00e2ncia e Irm\u00e3os Menores Conventuais) aos que, uma d\u00e9cada mais tarde, acrescentou um terceiro ramo, Frades Menores Capuchinhos. Desde ent\u00e3o, cada um dos tr\u00eas ramos masculinos levou em frente a sua pr\u00f3pria tradi\u00e7\u00e3o, cada vez mais refor\u00e7ando a diferen\u00e7a\u00a0 com os outros irm\u00e3os, manifestando-se em alguns momentos m\u00fatuo apoio e colabora\u00e7\u00e3o, mas tamb\u00e9m \u00e0s vezes chegando a algum tipo de choque.<\/p>\n<p>Nos \u00faltimos anos, os filhos de Francisco de Assis, especialmente aqueles da terra umbra &#8211; onde nasceu o carisma e regi\u00e3o para a qual dirigem o olhar todos os irm\u00e3os da Ordem \u2013 come\u00e7aram, com o apoio caloroso de seus respectivos Ministros Gerais, um caminho de reconcilia\u00e7\u00e3o para um testemunho de comunh\u00e3o cada vez mais evidente, pelo menos igual ao que foi a separa\u00e7\u00e3o de cinco s\u00e9culos atr\u00e1s. Nesta jornada de quatro anos, que j\u00e1 viu os Ministros Gerais concederem um perd\u00e3o rec\u00edproco na Porci\u00fancula em 11 de Julho de 2016, uma data significativa para este processo, chegou-se este ano \u00e0 celebra\u00e7\u00e3o de um Cap\u00edtulo, chamado por isso\u00a0 &#8220;General\u00edssimo&#8221;, a partir desta outra data significativa de 29 de Maio.<\/p>\n<p><img loading=\"lazy\" src=\"http:\/\/franciscanos.org.br\/wp-content\/uploads\/2017\/06\/generalissimo_080617_1.jpg\" alt=\"generalissimo_080617_1\" width=\"830\" height=\"424\" \/><\/p>\n<p>No o\u00e1sis de S\u00e3o Francisco, em Foligno, uma representa\u00e7\u00e3o de irm\u00e3os da \u00fanica Fam\u00edlia Franciscana,\u00a0 express\u00e3o da presen\u00e7a das Ordens masculinas na \u00dambria, reuniram-se durante quatro dias, juntamente com os Ministros Gerais conclu\u00eddo na manh\u00e3 de 2 de junho, em Assis, o encontro foi uma forma de &#8220;restituir&#8221;: aos irm\u00e3os, para faz\u00ea-los participantes do que se viveu \u00a0(aos capitulares se juntou uma representa\u00e7\u00e3o de outros conventos), e ao Senhor, com louvor e a\u00e7\u00e3o de gra\u00e7as pelo trabalho que est\u00e1 realizando.<\/p>\n<p>O primeiro desses momentos ocorreu na Sala de Imprensa do Sacro Convento e come\u00e7ou com tr\u00eas testemunhos. O primeiro a falar foi Frei Mauro Botti, OFM, que definiu como &#8220;belo o caminho empreendido de rec\u00edproca escuta, que j\u00e1 levou a uma reconcilia\u00e7\u00e3o celebrada diante do Senhor. Frei Iv\u00e1n Scicluna, OFMCap, viu como uma obra do Esp\u00edrito Santo, concluindo com a urg\u00eancia de compartilhar com a sua pr\u00f3pria fraternidade de Spello a beleza desta experi\u00eancia, convidando todos a fazer o mesmo para desencadear uma boa, positiva e frut\u00edfera &#8220;rea\u00e7\u00e3o em cadeia&#8221;. Igualmente Frei Danilo Marinelli, OFMConv, expressou muita gratid\u00e3o pelo momento vividos juntos, t\u00e3o ricos em gra\u00e7as que \u00e9 dif\u00edcil de sintetizar e cujos frutos certamente \u00a0ser\u00e3o vistos mais \u00e0 frente. Ap\u00f3s estas tr\u00eas interven\u00e7\u00f5es preciosas, Frei Marcello Fadda, TOR, prop\u00f4s um breve resumo de tudo que resultou desses quatro dias do Cap\u00edtulo. Frei Marcello enumerou algumas das muitas propostas espec\u00edficas surgidas, e que buscam expressar com fatos a possibilidade de um caminhar juntos, e cuja viabilidade ser\u00e1 verificada agora.<\/p>\n<p>Frei Mauro J\u00f6hri, OFMCap, em nome dos demais Ministros Gerais, ausentes por outros compromissos, garantiu aprova\u00e7\u00e3o &#8211; manifestada pela presen\u00e7a em todos os momentos na sede capitular &#8211; e o interesse de todos em prol desta inciativa nascida na \u00dambria, terra para qual se voltam todas as Ordens Franciscanas.<\/p>\n<p><img loading=\"lazy\" src=\"http:\/\/franciscanos.org.br\/wp-content\/uploads\/2017\/06\/generalissimo_080617.jpg\" alt=\"generalissimo_080617\" width=\"830\" height=\"329\" \/><\/p>\n<p>Os Ministros Gerais j\u00e1 t\u00eam um modo de se encontrar e trabalhar juntos e o Papa Francisco durante sua primeira visita a Assis, os exortava\u00a0 para isso. Pessoalmente acolheu com entusiasmo o convite, apresentado por Dom Dar\u00edo e o jornalista Angeli, para\u00a0 redescobrir e cuidar do nosso carisma, como uma exig\u00eancia que o mundo faz aos franciscanos, &#8220;nestes dias em que colocaram os alicerces &#8211; acrescentou &#8211; mas agora \u00e9 preciso construir usando o &#8220;cimento&#8221; da ora\u00e7\u00e3o e da vida espiritual&#8221;. Ele tamb\u00e9m desejou a realiza\u00e7\u00e3o de uma das ideias surgidas durante o Cap\u00edtulo: um &#8220;pensat\u00f3rio franciscano&#8221; que fa\u00e7a conhecer e valorizar a hist\u00f3ria franciscana, e, atrav\u00e9s dela, promova a estima e o respeito das pessoas, aquelas da pr\u00f3pria Ordem ou das outras. Frei Mauro concluiu sua interven\u00e7\u00e3o aprovando a inten\u00e7\u00e3o de se dirigir ao Papa com o maior n\u00famero de frades no pr\u00f3ximo 29 de novembro de 2017 para receber dele a b\u00ean\u00e7\u00e3o e uma palavra sobre este caminho empreendido juntos. Um primeiro assentimento, verbal, j\u00e1 o deu o Papa aos quatro Ministros Gerais durante um encontro privado,\u00a0 mas agora ser\u00e1 necess\u00e1rio especificar data e modalidade.<\/p>\n<p>Na espl\u00eandida Bas\u00edlica Menor, os frades celebraram a Eucaristia presidida por S. E. Mons. Jos\u00e9 Rodr\u00edguez Carballo, OFM, Secret\u00e1rio da Congrega\u00e7\u00e3o para os Institutos de Vida Consagrada e Sociedades de Vida Apost\u00f3lica, na qual come\u00e7ou expressando a &#8220;grande alegria de se encontrar com a amad\u00edssima Fam\u00edlia Franciscana&#8221;.<\/p>\n<p>Mais informa\u00e7\u00f5es em: <a href=\"http:\/\/www.assisiofm.it\">www.assisiofm.it<\/a><\/p>\n","protected":false},"excerpt":{"rendered":"<p>Cap\u00edtulo &#8216;General\u00edssimo&#8217;<\/p>\n","protected":false},"author":1,"featured_media":199525,"comment_status":"open","ping_status":"open","sticky":false,"template":"","format":"standard","meta":[],"categories":[1],"tags":[128,397],"acf":[],"yoast_head":"<!-- This site is optimized with the Yoast SEO plugin v19.2 - https:\/\/yoast.com\/wordpress\/plugins\/seo\/ -->\n<title>O caminho da reconcilia\u00e7\u00e3o das tr\u00eas Ordens Franciscanas - Not\u00edcias - Franciscanos<\/title>\n<meta name=\"robots\" content=\"index, follow, max-snippet:-1, max-image-preview:large, max-video-preview:-1\" \/>\n<link rel=\"canonical\" href=\"https:\/\/franciscanos.org.br\/noticias\/alegria-acolhida-e-fraternidade-no-final-do-capitulo-generalissimo.html\" \/>\n<meta property=\"og:locale\" content=\"pt_BR\" \/>\n<meta property=\"og:type\" content=\"article\" \/>\n<meta property=\"og:title\" content=\"O caminho da reconcilia\u00e7\u00e3o das tr\u00eas Ordens Franciscanas - Not\u00edcias - Franciscanos\" \/>\n<meta property=\"og:description\" content=\"Cap\u00edtulo &#039;General\u00edssimo&#039;\" \/>\n<meta property=\"og:url\" content=\"https:\/\/franciscanos.org.br\/noticias\/alegria-acolhida-e-fraternidade-no-final-do-capitulo-generalissimo.html\" \/>\n<meta property=\"og:site_name\" content=\"Not\u00edcias - Franciscanos\" \/>\n<meta property=\"article:published_time\" content=\"2017-06-08T17:32:10+00:00\" \/>\n<meta property=\"article:modified_time\" content=\"2019-02-05T15:54:31+00:00\" \/>\n<meta property=\"og:image\" content=\"https:\/\/franciscanos.org.br\/noticias\/wp-content\/uploads\/2017\/06\/generalissimo_080617_1.jpg\" \/>\n\t<meta property=\"og:image:width\" content=\"273\" \/>\n\t<meta property=\"og:image:height\" content=\"181\" \/>\n\t<meta property=\"og:image:type\" content=\"image\/jpeg\" \/>\n<meta name=\"author\" content=\"admin\" \/>\n<meta name=\"twitter:card\" content=\"summary_large_image\" \/>\n<meta name=\"twitter:label1\" content=\"Escrito por\" \/>\n\t<meta name=\"twitter:data1\" content=\"admin\" \/>\n\t<meta name=\"twitter:label2\" content=\"Est. tempo de leitura\" \/>\n\t<meta name=\"twitter:data2\" content=\"4 minutos\" \/>\n<script type=\"application\/ld+json\" class=\"yoast-schema-graph\">{\"@context\":\"https:\/\/schema.org\",\"@graph\":[{\"@type\":\"WebSite\",\"@id\":\"https:\/\/franciscanos.org.br\/noticias\/#website\",\"url\":\"https:\/\/franciscanos.org.br\/noticias\/\",\"name\":\"Not\u00edcias - Franciscanos\",\"description\":\"Prov\u00edncia Franciscana da Imaculada Concei\u00e7\u00e3o do Brasil - Ordem dos Frades Menores - OFM\",\"potentialAction\":[{\"@type\":\"SearchAction\",\"target\":{\"@type\":\"EntryPoint\",\"urlTemplate\":\"https:\/\/franciscanos.org.br\/noticias\/?s={search_term_string}\"},\"query-input\":\"required name=search_term_string\"}],\"inLanguage\":\"pt-BR\"},{\"@type\":\"ImageObject\",\"inLanguage\":\"pt-BR\",\"@id\":\"https:\/\/franciscanos.org.br\/noticias\/alegria-acolhida-e-fraternidade-no-final-do-capitulo-generalissimo.html#primaryimage\",\"url\":\"https:\/\/franciscanos.org.br\/noticias\/wp-content\/uploads\/2017\/06\/generalissimo_080617_1.jpg\",\"contentUrl\":\"https:\/\/franciscanos.org.br\/noticias\/wp-content\/uploads\/2017\/06\/generalissimo_080617_1.jpg\",\"width\":273,\"height\":181},{\"@type\":\"WebPage\",\"@id\":\"https:\/\/franciscanos.org.br\/noticias\/alegria-acolhida-e-fraternidade-no-final-do-capitulo-generalissimo.html#webpage\",\"url\":\"https:\/\/franciscanos.org.br\/noticias\/alegria-acolhida-e-fraternidade-no-final-do-capitulo-generalissimo.html\",\"name\":\"O caminho da reconcilia\u00e7\u00e3o das tr\u00eas Ordens Franciscanas - Not\u00edcias - Franciscanos\",\"isPartOf\":{\"@id\":\"https:\/\/franciscanos.org.br\/noticias\/#website\"},\"primaryImageOfPage\":{\"@id\":\"https:\/\/franciscanos.org.br\/noticias\/alegria-acolhida-e-fraternidade-no-final-do-capitulo-generalissimo.html#primaryimage\"},\"datePublished\":\"2017-06-08T17:32:10+00:00\",\"dateModified\":\"2019-02-05T15:54:31+00:00\",\"author\":{\"@id\":\"https:\/\/franciscanos.org.br\/noticias\/#\/schema\/person\/b38fbf43118f02820bd932f2e4b14ad3\"},\"breadcrumb\":{\"@id\":\"https:\/\/franciscanos.org.br\/noticias\/alegria-acolhida-e-fraternidade-no-final-do-capitulo-generalissimo.html#breadcrumb\"},\"inLanguage\":\"pt-BR\",\"potentialAction\":[{\"@type\":\"ReadAction\",\"target\":[\"https:\/\/franciscanos.org.br\/noticias\/alegria-acolhida-e-fraternidade-no-final-do-capitulo-generalissimo.html\"]}]},{\"@type\":\"BreadcrumbList\",\"@id\":\"https:\/\/franciscanos.org.br\/noticias\/alegria-acolhida-e-fraternidade-no-final-do-capitulo-generalissimo.html#breadcrumb\",\"itemListElement\":[{\"@type\":\"ListItem\",\"position\":1,\"name\":\"Home\",\"item\":\"https:\/\/franciscanos.org.br\/noticias\"},{\"@type\":\"ListItem\",\"position\":2,\"name\":\"O caminho da reconcilia\u00e7\u00e3o das tr\u00eas Ordens Franciscanas\"}]},{\"@type\":\"Person\",\"@id\":\"https:\/\/franciscanos.org.br\/noticias\/#\/schema\/person\/b38fbf43118f02820bd932f2e4b14ad3\",\"name\":\"admin\",\"image\":{\"@type\":\"ImageObject\",\"inLanguage\":\"pt-BR\",\"@id\":\"https:\/\/franciscanos.org.br\/noticias\/#\/schema\/person\/image\/\",\"url\":\"https:\/\/secure.gravatar.com\/avatar\/e8495742d34d0ba6448ea1c628263b3e?s=96&d=mm&r=g\",\"contentUrl\":\"https:\/\/secure.gravatar.com\/avatar\/e8495742d34d0ba6448ea1c628263b3e?s=96&d=mm&r=g\",\"caption\":\"admin\"},\"url\":\"https:\/\/franciscanos.org.br\/noticias\/author\/admin\"}]}<\/script>\n<!-- \/ Yoast SEO plugin. -->","yoast_head_json":{"title":"O caminho da reconcilia\u00e7\u00e3o das tr\u00eas Ordens Franciscanas - Not\u00edcias - Franciscanos","robots":{"index":"index","follow":"follow","max-snippet":"max-snippet:-1","max-image-preview":"max-image-preview:large","max-video-preview":"max-video-preview:-1"},"canonical":"https:\/\/franciscanos.org.br\/noticias\/alegria-acolhida-e-fraternidade-no-final-do-capitulo-generalissimo.html","og_locale":"pt_BR","og_type":"article","og_title":"O caminho da reconcilia\u00e7\u00e3o das tr\u00eas Ordens Franciscanas - Not\u00edcias - Franciscanos","og_description":"Cap\u00edtulo 'General\u00edssimo'","og_url":"https:\/\/franciscanos.org.br\/noticias\/alegria-acolhida-e-fraternidade-no-final-do-capitulo-generalissimo.html","og_site_name":"Not\u00edcias - Franciscanos","article_published_time":"2017-06-08T17:32:10+00:00","article_modified_time":"2019-02-05T15:54:31+00:00","og_image":[{"width":273,"height":181,"url":"https:\/\/franciscanos.org.br\/noticias\/wp-content\/uploads\/2017\/06\/generalissimo_080617_1.jpg","type":"image\/jpeg"}],"author":"admin","twitter_card":"summary_large_image","twitter_misc":{"Escrito por":"admin","Est. tempo de leitura":"4 minutos"},"schema":{"@context":"https:\/\/schema.org","@graph":[{"@type":"WebSite","@id":"https:\/\/franciscanos.org.br\/noticias\/#website","url":"https:\/\/franciscanos.org.br\/noticias\/","name":"Not\u00edcias - Franciscanos","description":"Prov\u00edncia Franciscana da Imaculada Concei\u00e7\u00e3o do Brasil - Ordem dos Frades Menores - OFM","potentialAction":[{"@type":"SearchAction","target":{"@type":"EntryPoint","urlTemplate":"https:\/\/franciscanos.org.br\/noticias\/?s={search_term_string}"},"query-input":"required name=search_term_string"}],"inLanguage":"pt-BR"},{"@type":"ImageObject","inLanguage":"pt-BR","@id":"https:\/\/franciscanos.org.br\/noticias\/alegria-acolhida-e-fraternidade-no-final-do-capitulo-generalissimo.html#primaryimage","url":"https:\/\/franciscanos.org.br\/noticias\/wp-content\/uploads\/2017\/06\/generalissimo_080617_1.jpg","contentUrl":"https:\/\/franciscanos.org.br\/noticias\/wp-content\/uploads\/2017\/06\/generalissimo_080617_1.jpg","width":273,"height":181},{"@type":"WebPage","@id":"https:\/\/franciscanos.org.br\/noticias\/alegria-acolhida-e-fraternidade-no-final-do-capitulo-generalissimo.html#webpage","url":"https:\/\/franciscanos.org.br\/noticias\/alegria-acolhida-e-fraternidade-no-final-do-capitulo-generalissimo.html","name":"O caminho da reconcilia\u00e7\u00e3o das tr\u00eas Ordens Franciscanas - Not\u00edcias - Franciscanos","isPartOf":{"@id":"https:\/\/franciscanos.org.br\/noticias\/#website"},"primaryImageOfPage":{"@id":"https:\/\/franciscanos.org.br\/noticias\/alegria-acolhida-e-fraternidade-no-final-do-capitulo-generalissimo.html#primaryimage"},"datePublished":"2017-06-08T17:32:10+00:00","dateModified":"2019-02-05T15:54:31+00:00","author":{"@id":"https:\/\/franciscanos.org.br\/noticias\/#\/schema\/person\/b38fbf43118f02820bd932f2e4b14ad3"},"breadcrumb":{"@id":"https:\/\/franciscanos.org.br\/noticias\/alegria-acolhida-e-fraternidade-no-final-do-capitulo-generalissimo.html#breadcrumb"},"inLanguage":"pt-BR","potentialAction":[{"@type":"ReadAction","target":["https:\/\/franciscanos.org.br\/noticias\/alegria-acolhida-e-fraternidade-no-final-do-capitulo-generalissimo.html"]}]},{"@type":"BreadcrumbList","@id":"https:\/\/franciscanos.org.br\/noticias\/alegria-acolhida-e-fraternidade-no-final-do-capitulo-generalissimo.html#breadcrumb","itemListElement":[{"@type":"ListItem","position":1,"name":"Home","item":"https:\/\/franciscanos.org.br\/noticias"},{"@type":"ListItem","position":2,"name":"O caminho da reconcilia\u00e7\u00e3o das tr\u00eas Ordens Franciscanas"}]},{"@type":"Person","@id":"https:\/\/franciscanos.org.br\/noticias\/#\/schema\/person\/b38fbf43118f02820bd932f2e4b14ad3","name":"admin","image":{"@type":"ImageObject","inLanguage":"pt-BR","@id":"https:\/\/franciscanos.org.br\/noticias\/#\/schema\/person\/image\/","url":"https:\/\/secure.gravatar.com\/avatar\/e8495742d34d0ba6448ea1c628263b3e?s=96&d=mm&r=g","contentUrl":"https:\/\/secure.gravatar.com\/avatar\/e8495742d34d0ba6448ea1c628263b3e?s=96&d=mm&r=g","caption":"admin"},"url":"https:\/\/franciscanos.org.br\/noticias\/author\/admin"}]}},"_links":{"self":[{"href":"https:\/\/franciscanos.org.br\/noticias\/wp-json\/wp\/v2\/posts\/135765"}],"collection":[{"href":"https:\/\/franciscanos.org.br\/noticias\/wp-json\/wp\/v2\/posts"}],"about":[{"href":"https:\/\/franciscanos.org.br\/noticias\/wp-json\/wp\/v2\/types\/post"}],"author":[{"embeddable":true,"href":"https:\/\/franciscanos.org.br\/noticias\/wp-json\/wp\/v2\/users\/1"}],"replies":[{"embeddable":true,"href":"https:\/\/franciscanos.org.br\/noticias\/wp-json\/wp\/v2\/comments?post=135765"}],"version-history":[{"count":0,"href":"https:\/\/franciscanos.org.br\/noticias\/wp-json\/wp\/v2\/posts\/135765\/revisions"}],"wp:featuredmedia":[{"embeddable":true,"href":"https:\/\/franciscanos.org.br\/noticias\/wp-json\/wp\/v2\/media\/199525"}],"wp:attachment":[{"href":"https:\/\/franciscanos.org.br\/noticias\/wp-json\/wp\/v2\/media?parent=135765"}],"wp:term":[{"taxonomy":"category","embeddable":true,"href":"https:\/\/franciscanos.org.br\/noticias\/wp-json\/wp\/v2\/categories?post=135765"},{"taxonomy":"post_tag","embeddable":true,"href":"https:\/\/franciscanos.org.br\/noticias\/wp-json\/wp\/v2\/tags?post=135765"}],"curies":[{"name":"wp","href":"https:\/\/api.w.org\/{rel}","templated":true}]}}