{"id":135678,"date":"2017-06-07T20:09:14","date_gmt":"2017-06-07T23:09:14","guid":{"rendered":"http:\/\/franciscanos.org.br\/?p=135678"},"modified":"2021-05-29T10:00:02","modified_gmt":"2021-05-29T13:00:02","slug":"perseverar-na-oracao-fiel-e-humilde-indica-frei-gustavo","status":"publish","type":"post","link":"https:\/\/franciscanos.org.br\/noticias\/perseverar-na-oracao-fiel-e-humilde-indica-frei-gustavo.html","title":{"rendered":"Perseverar na ora\u00e7\u00e3o fiel e humilde, indica Frei Gustavo"},"content":{"rendered":"<p><strong><img loading=\"lazy\" class=\"size-full wp-image-196531 alignnone\" src=\"https:\/\/franciscanos.org.br\/noticias\/wp-content\/uploads\/2017\/06\/trezena_070617G.jpg\" alt=\"\" width=\"830\" height=\"360\" srcset=\"https:\/\/franciscanos.org.br\/noticias\/wp-content\/uploads\/2017\/06\/trezena_070617G.jpg 830w, https:\/\/franciscanos.org.br\/noticias\/wp-content\/uploads\/2017\/06\/trezena_070617G-450x195.jpg 450w, https:\/\/franciscanos.org.br\/noticias\/wp-content\/uploads\/2017\/06\/trezena_070617G-768x333.jpg 768w, https:\/\/franciscanos.org.br\/noticias\/wp-content\/uploads\/2017\/06\/trezena_070617G-150x65.jpg 150w\" sizes=\"(max-width: 830px) 100vw, 830px\" \/><br \/>\n<\/strong><\/p>\n<p><strong>S\u00e3o Paulo (SP) &#8211;<\/strong> Neste ano, em que a Igreja do Brasil celebra o Ano Mariano, por ocasi\u00e3o dos 300 anos da apari\u00e7\u00e3o de Nossa Senhora nas \u00e1guas do Rio Para\u00edba do Sul, a trezena de Santo Ant\u00f4nio no Santu\u00e1rio S\u00e3o Francisco, regi\u00e3o central de S\u00e3o Paulo, dedicou todos os temas a Santo Ant\u00f4nio e Nossa Senhora. No 8\u00ba dia da trezena, celebrado nesta quarta-feira (7), o tema foi \u201cSanto Ant\u00f4nio e Santa Maria: mostrai-nos o sentido da verdadeira ora\u00e7\u00e3o\u201d.<br \/>\nAntes de iniciar sua homilia, Frei Gustavo Medella e Jos\u00e9, que conduz os cantos na celebra\u00e7\u00e3o, recordaram um cl\u00e1ssico do Pe. Zezinho: &#8220;Ensina o teu povo a rezar\/ Maria, M\u00e3e de Jesus \/ Que um dia o teu povo desperta e na certa vai ver a luz \/ Que um dia o teu povo se anima e caminha com teu Jesus&#8221;.<\/p>\n<p>O pregador da trezena afirmou: \u201cOlhando para as Escrituras, percebemos o quanto a Virgem fez de sua ora\u00e7\u00e3o uma resposta positiva e cheia de esperan\u00e7a diante das d\u00favidas e dores que passou em sua caminhada\u201d, e comentou ainda a primeira leitura da Liturgia de hoje, extra\u00edda do livro de Tobias (Tb 3,1-11a.16-17a), onde Tobit e Sara abrem seus cora\u00e7\u00f5es a Deus, expressando sua dor e abrindo-se \u00e0 miseric\u00f3rdia de Deus:<\/p>\n<p><em>\u201cNo mesmo instante,<\/em><br \/>\n<em>estendendo as m\u00e3os em dire\u00e7\u00e3o \u00e0 janela,<\/em><br \/>\n<em>fez esta ora\u00e7\u00e3o:<\/em><br \/>\n<em>&#8216;Tu \u00e9s bendito, Deus de miseric\u00f3rdia,<\/em><br \/>\n<em>e \u00e9 bendito eternamente o teu nome!<\/em><br \/>\n<em>Na mesma hora,<\/em><br \/>\n<em>a prece dos dois foi ouvida perante a gl\u00f3ria de Deus<\/em><br \/>\n<em>e Rafael foi enviado para curar a ambos.\u201d<\/em><\/p>\n<p><strong>Ora\u00e7\u00e3o como servi\u00e7o<\/strong><\/p>\n<p>Frei Gustavo recordou o esp\u00edrito de Maria, de estar sempre dispon\u00edvel, como nas bodas de Can\u00e1, onde intercede pelos noivos. E destacou a for\u00e7a quando se ora pelas inten\u00e7\u00f5es de terceiros. \u201cN\u00e3o \u00e9 um poder que nos faz achar-nos superiores aos outros, mas que nos anima a nos colocarmos a servi\u00e7o das pessoas tamb\u00e9m pela via da ora\u00e7\u00e3o\u201d, acrescentou.<\/p>\n<p>O frade recordou ainda S\u00e3o Francisco de Assis, padroeiro do Santu\u00e1rio, relembrando que a vida de ora\u00e7\u00e3o do santo era t\u00e3o intensa e t\u00e3o intr\u00ednseca \u00e0 sua pessoa, que ele n\u00e3o era conhecido como um homem de ora\u00e7\u00e3o, mas o homem feito ora\u00e7\u00e3o. E descreveu a passagem onde S\u00e3o Francisco de Assis pede a Santo Ant\u00f4nio que ensine a Sagrada Teologia aos frades, mas sem que eles abandonassem o principal: o esp\u00edrito de ora\u00e7\u00e3o e devo\u00e7\u00e3o. \u201cS\u00e3o Francisco e Santo Ant\u00f4nio sabiam que o Esp\u00edrito de Ora\u00e7\u00e3o e Devo\u00e7\u00e3o nada mais era do que o pr\u00f3prio Esp\u00edrito Santo derramado por Deus nos cora\u00e7\u00f5es de seus filhos e filhas. Por isso, meus irm\u00e3os e minhas irm\u00e3s, perseverar na ora\u00e7\u00e3o fiel e humilde \u00e9 a maneira que temos para manter acesa em n\u00f3s a chama de Deus\u201d, acrescentou.<\/p>\n<p>E para concluir a homilia, Frei Gustavo convidou os presentes a se ajoelharem para rezar, e proclamou:<\/p>\n<p>\u201cSenhor, n\u00f3s somos necessitados de mais vida e reconhecemos que V\u00f3s sois a fonte de todos os bens. A V\u00f3s recorremos na ora\u00e7\u00e3o para nos manter em sintonia convosco. De cora\u00e7\u00e3o arrependido, pedimos perd\u00e3o de nossos pecados. De cora\u00e7\u00e3o agradecido, vos louvamos pelas vossas maravilhas em favor da vida. Com Santo Ant\u00f4nio, mestre da ora\u00e7\u00e3o, estamos em vossa presen\u00e7a como filhos e filhas. Am\u00e9m!\u201d<\/p>\n<p>A trezena acontece at\u00e9 o dia 12 de junho, e \u00e9 celebrada \u00e0s 15h de ter\u00e7a a sexta, \u00e0s 10h30 no domingo e meio-dia na segunda-feira. Neste domingo, a trezena come\u00e7ar\u00e1 na Pra\u00e7a do Patriarca, com a prociss\u00e3o saindo da igreja de Santo Ant\u00f4nio, em dire\u00e7\u00e3o ao Santu\u00e1rio. No final de semana acontece tamb\u00e9m a Festa Junina, dentro do claustro do Convento.<\/p>\n","protected":false},"excerpt":{"rendered":"<p>Trezena<\/p>\n","protected":false},"author":1,"featured_media":196535,"comment_status":"open","ping_status":"open","sticky":false,"template":"","format":"standard","meta":[],"categories":[1],"tags":[312],"acf":[],"yoast_head":"<!-- This site is optimized with the Yoast SEO plugin v19.2 - https:\/\/yoast.com\/wordpress\/plugins\/seo\/ -->\n<title>Perseverar na ora\u00e7\u00e3o fiel e humilde, indica Frei Gustavo - Not\u00edcias - Franciscanos<\/title>\n<meta name=\"robots\" content=\"index, follow, max-snippet:-1, max-image-preview:large, max-video-preview:-1\" \/>\n<link rel=\"canonical\" href=\"https:\/\/franciscanos.org.br\/noticias\/perseverar-na-oracao-fiel-e-humilde-indica-frei-gustavo.html\" \/>\n<meta property=\"og:locale\" content=\"pt_BR\" \/>\n<meta property=\"og:type\" content=\"article\" \/>\n<meta property=\"og:title\" content=\"Perseverar na ora\u00e7\u00e3o fiel e humilde, indica Frei Gustavo - Not\u00edcias - Franciscanos\" \/>\n<meta property=\"og:description\" content=\"Trezena\" \/>\n<meta property=\"og:url\" content=\"https:\/\/franciscanos.org.br\/noticias\/perseverar-na-oracao-fiel-e-humilde-indica-frei-gustavo.html\" \/>\n<meta property=\"og:site_name\" content=\"Not\u00edcias - Franciscanos\" \/>\n<meta property=\"article:published_time\" content=\"2017-06-07T23:09:14+00:00\" \/>\n<meta property=\"article:modified_time\" content=\"2021-05-29T13:00:02+00:00\" \/>\n<meta property=\"og:image\" content=\"https:\/\/franciscanos.org.br\/noticias\/wp-content\/uploads\/2017\/06\/trezena_070617-17.jpg\" \/>\n\t<meta property=\"og:image:width\" content=\"273\" \/>\n\t<meta property=\"og:image:height\" content=\"181\" \/>\n\t<meta property=\"og:image:type\" content=\"image\/jpeg\" \/>\n<meta name=\"author\" content=\"admin\" \/>\n<meta name=\"twitter:card\" content=\"summary_large_image\" \/>\n<meta name=\"twitter:label1\" content=\"Escrito por\" \/>\n\t<meta name=\"twitter:data1\" content=\"admin\" \/>\n\t<meta name=\"twitter:label2\" content=\"Est. tempo de leitura\" \/>\n\t<meta name=\"twitter:data2\" content=\"3 minutos\" \/>\n<script type=\"application\/ld+json\" class=\"yoast-schema-graph\">{\"@context\":\"https:\/\/schema.org\",\"@graph\":[{\"@type\":\"WebSite\",\"@id\":\"https:\/\/franciscanos.org.br\/noticias\/#website\",\"url\":\"https:\/\/franciscanos.org.br\/noticias\/\",\"name\":\"Not\u00edcias - Franciscanos\",\"description\":\"Prov\u00edncia Franciscana da Imaculada Concei\u00e7\u00e3o do Brasil - Ordem dos Frades Menores - OFM\",\"potentialAction\":[{\"@type\":\"SearchAction\",\"target\":{\"@type\":\"EntryPoint\",\"urlTemplate\":\"https:\/\/franciscanos.org.br\/noticias\/?s={search_term_string}\"},\"query-input\":\"required name=search_term_string\"}],\"inLanguage\":\"pt-BR\"},{\"@type\":\"ImageObject\",\"inLanguage\":\"pt-BR\",\"@id\":\"https:\/\/franciscanos.org.br\/noticias\/perseverar-na-oracao-fiel-e-humilde-indica-frei-gustavo.html#primaryimage\",\"url\":\"https:\/\/franciscanos.org.br\/noticias\/wp-content\/uploads\/2017\/06\/trezena_070617-17.jpg\",\"contentUrl\":\"https:\/\/franciscanos.org.br\/noticias\/wp-content\/uploads\/2017\/06\/trezena_070617-17.jpg\",\"width\":273,\"height\":181},{\"@type\":\"WebPage\",\"@id\":\"https:\/\/franciscanos.org.br\/noticias\/perseverar-na-oracao-fiel-e-humilde-indica-frei-gustavo.html#webpage\",\"url\":\"https:\/\/franciscanos.org.br\/noticias\/perseverar-na-oracao-fiel-e-humilde-indica-frei-gustavo.html\",\"name\":\"Perseverar na ora\u00e7\u00e3o fiel e humilde, indica Frei Gustavo - Not\u00edcias - Franciscanos\",\"isPartOf\":{\"@id\":\"https:\/\/franciscanos.org.br\/noticias\/#website\"},\"primaryImageOfPage\":{\"@id\":\"https:\/\/franciscanos.org.br\/noticias\/perseverar-na-oracao-fiel-e-humilde-indica-frei-gustavo.html#primaryimage\"},\"datePublished\":\"2017-06-07T23:09:14+00:00\",\"dateModified\":\"2021-05-29T13:00:02+00:00\",\"author\":{\"@id\":\"https:\/\/franciscanos.org.br\/noticias\/#\/schema\/person\/b38fbf43118f02820bd932f2e4b14ad3\"},\"breadcrumb\":{\"@id\":\"https:\/\/franciscanos.org.br\/noticias\/perseverar-na-oracao-fiel-e-humilde-indica-frei-gustavo.html#breadcrumb\"},\"inLanguage\":\"pt-BR\",\"potentialAction\":[{\"@type\":\"ReadAction\",\"target\":[\"https:\/\/franciscanos.org.br\/noticias\/perseverar-na-oracao-fiel-e-humilde-indica-frei-gustavo.html\"]}]},{\"@type\":\"BreadcrumbList\",\"@id\":\"https:\/\/franciscanos.org.br\/noticias\/perseverar-na-oracao-fiel-e-humilde-indica-frei-gustavo.html#breadcrumb\",\"itemListElement\":[{\"@type\":\"ListItem\",\"position\":1,\"name\":\"Home\",\"item\":\"https:\/\/franciscanos.org.br\/noticias\"},{\"@type\":\"ListItem\",\"position\":2,\"name\":\"Perseverar na ora\u00e7\u00e3o fiel e humilde, indica Frei Gustavo\"}]},{\"@type\":\"Person\",\"@id\":\"https:\/\/franciscanos.org.br\/noticias\/#\/schema\/person\/b38fbf43118f02820bd932f2e4b14ad3\",\"name\":\"admin\",\"image\":{\"@type\":\"ImageObject\",\"inLanguage\":\"pt-BR\",\"@id\":\"https:\/\/franciscanos.org.br\/noticias\/#\/schema\/person\/image\/\",\"url\":\"https:\/\/secure.gravatar.com\/avatar\/e8495742d34d0ba6448ea1c628263b3e?s=96&d=mm&r=g\",\"contentUrl\":\"https:\/\/secure.gravatar.com\/avatar\/e8495742d34d0ba6448ea1c628263b3e?s=96&d=mm&r=g\",\"caption\":\"admin\"},\"url\":\"https:\/\/franciscanos.org.br\/noticias\/author\/admin\"}]}<\/script>\n<!-- \/ Yoast SEO plugin. -->","yoast_head_json":{"title":"Perseverar na ora\u00e7\u00e3o fiel e humilde, indica Frei Gustavo - Not\u00edcias - Franciscanos","robots":{"index":"index","follow":"follow","max-snippet":"max-snippet:-1","max-image-preview":"max-image-preview:large","max-video-preview":"max-video-preview:-1"},"canonical":"https:\/\/franciscanos.org.br\/noticias\/perseverar-na-oracao-fiel-e-humilde-indica-frei-gustavo.html","og_locale":"pt_BR","og_type":"article","og_title":"Perseverar na ora\u00e7\u00e3o fiel e humilde, indica Frei Gustavo - Not\u00edcias - Franciscanos","og_description":"Trezena","og_url":"https:\/\/franciscanos.org.br\/noticias\/perseverar-na-oracao-fiel-e-humilde-indica-frei-gustavo.html","og_site_name":"Not\u00edcias - Franciscanos","article_published_time":"2017-06-07T23:09:14+00:00","article_modified_time":"2021-05-29T13:00:02+00:00","og_image":[{"width":273,"height":181,"url":"https:\/\/franciscanos.org.br\/noticias\/wp-content\/uploads\/2017\/06\/trezena_070617-17.jpg","type":"image\/jpeg"}],"author":"admin","twitter_card":"summary_large_image","twitter_misc":{"Escrito por":"admin","Est. tempo de leitura":"3 minutos"},"schema":{"@context":"https:\/\/schema.org","@graph":[{"@type":"WebSite","@id":"https:\/\/franciscanos.org.br\/noticias\/#website","url":"https:\/\/franciscanos.org.br\/noticias\/","name":"Not\u00edcias - Franciscanos","description":"Prov\u00edncia Franciscana da Imaculada Concei\u00e7\u00e3o do Brasil - Ordem dos Frades Menores - OFM","potentialAction":[{"@type":"SearchAction","target":{"@type":"EntryPoint","urlTemplate":"https:\/\/franciscanos.org.br\/noticias\/?s={search_term_string}"},"query-input":"required name=search_term_string"}],"inLanguage":"pt-BR"},{"@type":"ImageObject","inLanguage":"pt-BR","@id":"https:\/\/franciscanos.org.br\/noticias\/perseverar-na-oracao-fiel-e-humilde-indica-frei-gustavo.html#primaryimage","url":"https:\/\/franciscanos.org.br\/noticias\/wp-content\/uploads\/2017\/06\/trezena_070617-17.jpg","contentUrl":"https:\/\/franciscanos.org.br\/noticias\/wp-content\/uploads\/2017\/06\/trezena_070617-17.jpg","width":273,"height":181},{"@type":"WebPage","@id":"https:\/\/franciscanos.org.br\/noticias\/perseverar-na-oracao-fiel-e-humilde-indica-frei-gustavo.html#webpage","url":"https:\/\/franciscanos.org.br\/noticias\/perseverar-na-oracao-fiel-e-humilde-indica-frei-gustavo.html","name":"Perseverar na ora\u00e7\u00e3o fiel e humilde, indica Frei Gustavo - Not\u00edcias - Franciscanos","isPartOf":{"@id":"https:\/\/franciscanos.org.br\/noticias\/#website"},"primaryImageOfPage":{"@id":"https:\/\/franciscanos.org.br\/noticias\/perseverar-na-oracao-fiel-e-humilde-indica-frei-gustavo.html#primaryimage"},"datePublished":"2017-06-07T23:09:14+00:00","dateModified":"2021-05-29T13:00:02+00:00","author":{"@id":"https:\/\/franciscanos.org.br\/noticias\/#\/schema\/person\/b38fbf43118f02820bd932f2e4b14ad3"},"breadcrumb":{"@id":"https:\/\/franciscanos.org.br\/noticias\/perseverar-na-oracao-fiel-e-humilde-indica-frei-gustavo.html#breadcrumb"},"inLanguage":"pt-BR","potentialAction":[{"@type":"ReadAction","target":["https:\/\/franciscanos.org.br\/noticias\/perseverar-na-oracao-fiel-e-humilde-indica-frei-gustavo.html"]}]},{"@type":"BreadcrumbList","@id":"https:\/\/franciscanos.org.br\/noticias\/perseverar-na-oracao-fiel-e-humilde-indica-frei-gustavo.html#breadcrumb","itemListElement":[{"@type":"ListItem","position":1,"name":"Home","item":"https:\/\/franciscanos.org.br\/noticias"},{"@type":"ListItem","position":2,"name":"Perseverar na ora\u00e7\u00e3o fiel e humilde, indica Frei Gustavo"}]},{"@type":"Person","@id":"https:\/\/franciscanos.org.br\/noticias\/#\/schema\/person\/b38fbf43118f02820bd932f2e4b14ad3","name":"admin","image":{"@type":"ImageObject","inLanguage":"pt-BR","@id":"https:\/\/franciscanos.org.br\/noticias\/#\/schema\/person\/image\/","url":"https:\/\/secure.gravatar.com\/avatar\/e8495742d34d0ba6448ea1c628263b3e?s=96&d=mm&r=g","contentUrl":"https:\/\/secure.gravatar.com\/avatar\/e8495742d34d0ba6448ea1c628263b3e?s=96&d=mm&r=g","caption":"admin"},"url":"https:\/\/franciscanos.org.br\/noticias\/author\/admin"}]}},"_links":{"self":[{"href":"https:\/\/franciscanos.org.br\/noticias\/wp-json\/wp\/v2\/posts\/135678"}],"collection":[{"href":"https:\/\/franciscanos.org.br\/noticias\/wp-json\/wp\/v2\/posts"}],"about":[{"href":"https:\/\/franciscanos.org.br\/noticias\/wp-json\/wp\/v2\/types\/post"}],"author":[{"embeddable":true,"href":"https:\/\/franciscanos.org.br\/noticias\/wp-json\/wp\/v2\/users\/1"}],"replies":[{"embeddable":true,"href":"https:\/\/franciscanos.org.br\/noticias\/wp-json\/wp\/v2\/comments?post=135678"}],"version-history":[{"count":1,"href":"https:\/\/franciscanos.org.br\/noticias\/wp-json\/wp\/v2\/posts\/135678\/revisions"}],"predecessor-version":[{"id":232209,"href":"https:\/\/franciscanos.org.br\/noticias\/wp-json\/wp\/v2\/posts\/135678\/revisions\/232209"}],"wp:featuredmedia":[{"embeddable":true,"href":"https:\/\/franciscanos.org.br\/noticias\/wp-json\/wp\/v2\/media\/196535"}],"wp:attachment":[{"href":"https:\/\/franciscanos.org.br\/noticias\/wp-json\/wp\/v2\/media?parent=135678"}],"wp:term":[{"taxonomy":"category","embeddable":true,"href":"https:\/\/franciscanos.org.br\/noticias\/wp-json\/wp\/v2\/categories?post=135678"},{"taxonomy":"post_tag","embeddable":true,"href":"https:\/\/franciscanos.org.br\/noticias\/wp-json\/wp\/v2\/tags?post=135678"}],"curies":[{"name":"wp","href":"https:\/\/api.w.org\/{rel}","templated":true}]}}