{"id":135634,"date":"2017-06-07T07:38:16","date_gmt":"2017-06-07T10:38:16","guid":{"rendered":"http:\/\/franciscanos.org.br\/?p=135634"},"modified":"2020-06-08T19:18:13","modified_gmt":"2020-06-08T22:18:13","slug":"grande-misterio-deus-nao-pode-ser-deus-sem-o-homem","status":"publish","type":"post","link":"https:\/\/franciscanos.org.br\/noticias\/grande-misterio-deus-nao-pode-ser-deus-sem-o-homem.html","title":{"rendered":"\u201cTodo o mist\u00e9rio da vida crist\u00e3 est\u00e1 resumido em ter coragem de chamar Deus de Pai\u201d"},"content":{"rendered":"<p><img loading=\"lazy\" src=\"http:\/\/franciscanos.org.br\/wp-content\/uploads\/2017\/06\/papa_070617.jpg\" alt=\"papa_070617\" width=\"820\" height=\"456\" \/><\/p>\n<p><strong>Cidade do Vaticano<\/strong> \u2013 Chamar Deus com o nome de \u201cPai \u201c\u00e9 a grande revolu\u00e7\u00e3o que o cristianismo imprime na psicologia religiosa do homem\u201d, e \u201cque mist\u00e9rio insond\u00e1vel \u00e9 um Deus que nutre este tipo de amor pelos seus filhos\u201d, um Deus que fica \u201cindefeso diante do livre arb\u00edtrio do homem\u201d. Na Audi\u00eancia Geral desta quarta-feira, onde deu prosseguimento \u00e0 sua s\u00e9rie de catequeses sobre o tema da esperan\u00e7a, o Papa Francisco falou sobre \u201cA paternidade de Deus, fonte da nossa esperan\u00e7a\u201d. \u201cUm Deus que n\u00e3o pode viver sem o homem, \u00e9 um grande mist\u00e9rio\u201d, exclamou!<\/p>\n<p>O Evangelho de Lucas \u00e9 o que melhor documenta o \u201cCristo orante\u201d e a ora\u00e7\u00e3o do Pai Nosso, revela justamente esta intimidade de Jesus com seu Pai. Especialmente pela manh\u00e3 e durante a noite, Jesus se retirava sozinho em ora\u00e7\u00e3o, e havia algo de fascinante nesta ora\u00e7\u00e3o. E os disc\u00edpulos \u2013 tocados por isto \u2013 pedem que Jesus ensine a eles a rezar. \u00c9 ent\u00e3o que Jesus transmite aquela que tornou-se \u201ca ora\u00e7\u00e3o crist\u00e3 por excel\u00eancia\u201d, o \u201cPai Nosso\u201d.<\/p>\n<p>\u201cTodo o mist\u00e9rio da vida crist\u00e3 \u2013 diz Francisco \u2013 est\u00e1 resumido aqui, nesta palavra: ter a coragem de chamar Deus com o nome de Pai\u201d. Mesmo a Liturgia, quando nos convida \u00e0 rezar o Pai Nosso na comunidade, utiliza a express\u00e3o \u201cousemos dizer\u201d.<\/p>\n<p><img loading=\"lazy\" src=\"http:\/\/franciscanos.org.br\/wp-content\/uploads\/2017\/06\/papa_070617_1.jpg\" alt=\"papa_070617_1\" width=\"820\" height=\"412\" \/><\/p>\n<p>De fato, chamar Deus com o nome de \u201cPai\u201d \u2013 observa o Papa &#8211; de forma alguma \u00e9 um fato \u00f3bvio. O normal, \u00e9 que usemos \u201ct\u00edtulos mais elevados, que nos pare\u00e7am mais respeitosos \u00e0 sua transcend\u00eancia\u201d: \u201cAo inv\u00e9s disto, invoc\u00e1-lo como \u201cPai\u201d, nos coloca em rela\u00e7\u00e3o de confian\u00e7a com Ele, como uma crian\u00e7a que se dirige ao seu pai, sabendo ser amada e cuidada por ele. Esta \u00e9 a grande revolu\u00e7\u00e3o que o cristianismo imprime na psicologia religiosa do homem. O mist\u00e9rio de Deus, que sempre nos fascina e nos faz sentir pequenos, por\u00e9m, n\u00e3o causa medo, n\u00e3o nos sufoca, n\u00e3o nos angustia. Esta \u00e9 uma revolu\u00e7\u00e3o dif\u00edcil de acolher em nossa alma humana\u201d.<\/p>\n<p>Tanto \u00e9 verdade isto \u2013 observa o Papa \u2013 que at\u00e9 mesmo as narrativas da Ressurrei\u00e7\u00e3o falam do medo e do estupor das mulheres diante do sepulcro vazio e do anjo. \u201cMas Jesus nos revela que Deus \u00e9 um Pai bom e nos diz: \u201cN\u00e3o tenhais medo!\u201d. E este Deus que \u00e9 um Pai, \u201cque sabe ser somente amor por seus filhos\u201d, encontra grande express\u00e3o na Par\u00e1bola do Filho Pr\u00f3digo, narrada em Lucas: \u201cUm Pai que n\u00e3o pune o filho pela sua arrog\u00e2ncia e que \u00e9 capaz at\u00e9 mesmo de confiar a ele a sua parte de heran\u00e7a e deix\u00e1-lo ir embora de casa. Deus \u00e9 Pai, diz Jesus, mas n\u00e3o da maneira humana, porque n\u00e3o existe nenhum pai neste mundo que se comportaria como o protagonista desta par\u00e1bola. Deus \u00e9 Pai a sua maneira: bom, indefeso diante do livre arb\u00edtrio do homem, capaz somente de declinar o verbo amar\u201d.<\/p>\n<p><img loading=\"lazy\" src=\"http:\/\/franciscanos.org.br\/wp-content\/uploads\/2017\/06\/papa_070617_3.jpg\" alt=\"papa_070617_3\" width=\"820\" height=\"440\" \/><\/p>\n<p>E quando o filho rebelde, depois de ter superado tudo, finalmente retorna para casa, \u201caquele pai n\u00e3o aplica crit\u00e9rios de justi\u00e7a humana, mas sente, antes de tudo, necessidade de perdoar, e com o seu abra\u00e7o faz entender ao filho que durante o longo tempo de aus\u00eancia, ele lhe fez falta, dolorosamente fez falta ao seu amor de Pai\u201d.<\/p>\n<p>\u201cQue mist\u00e9rio insond\u00e1vel \u00e9 um Deus que nutre este tipo de amor em rela\u00e7\u00e3o aos seus filhos!\u201d, exclama Francisco. Talvez por esta raz\u00e3o \u2013 explica \u2013 o ap\u00f3stolo Paulo n\u00e3o consegue encontrar uma tradu\u00e7\u00e3o em grego para a palavra \u201cabb\u00e1\u201d, que Jesus pronunciava em aramaico. Por duas vezes S\u00e3o Paulo fala sobre isto e por duas vezes deixa esta palavra sem tradu\u00e7\u00e3o, na mesma forma de como sa\u00eda dos l\u00e1bios de Jesus, \u201cabb\u00e0\u201d, uma express\u00e3o ainda mais \u00edntima em rela\u00e7\u00e3o a \u201cpai\u201d, e que alguns traduzem como \u201cpapai, papaizinho\u201d.<\/p>\n<p><iframe loading=\"lazy\" title=\"Audi\u00eancia: Deus n\u00e3o pode ser Deus sem o homem\" width=\"500\" height=\"281\" src=\"https:\/\/www.youtube.com\/embed\/4tGJqiCAbqg?feature=oembed\" frameborder=\"0\" allow=\"accelerometer; autoplay; encrypted-media; gyroscope; picture-in-picture\" allowfullscreen><\/iframe><\/p>\n<p>\u201cO Evangelho de Jesus Cristo nos revela que Deus n\u00e3o pode estar sem n\u00f3s: Ele nunca ser\u00e1 um Deus \u201csem o homem\u201d; \u00e9 Ele que n\u00e3o pode estar sem n\u00f3s, e isto \u00e9 um grande mist\u00e9rio&#8230; Deus n\u00e3o pode ser Deus sem o homem: um grande mist\u00e9rio isto\u201d, exclama o Pont\u00edfice! &#8220;Mesmo que nos afastemos, sejamos hostis, nos professemos \u201csem Deus\u201d. E esta certeza \u00e9 \u201ca fonte de nossa esperan\u00e7a\u201d, que est\u00e1 em todas as invoca\u00e7\u00f5es do Pai Nosso&#8221;.<\/p>\n<p>Quando temos necessidade de ajuda, Jesus n\u00e3o nos diz para nos resignar-nos e nos fechar em n\u00f3s mesmos, mas de nos dirigir ao Pai e pedir a Ele com confian\u00e7a: \u201cTodas as nossas necessidade, desde as mais evidentes e cotidianas, como a comida, a sa\u00fade, o trabalho, at\u00e9 aquelas como ser perdoados e sustentados nas tenta\u00e7\u00f5es, n\u00e3o s\u00e3o o espelho de nossa solid\u00e3o, pois existe um Pai que sempre nos olha com amor e que, seguramente, n\u00e3o nos abandona\u201d.<\/p>\n<p>Ao final de sua catequese, ap\u00f3s convidar os presentes a pensarem em seus problemas e dificuldades e no \u201cPai que n\u00e3o pode ser sem n\u00f3s e que nos olha neste momento\u201d, o Papa rezou com todos a ora\u00e7\u00e3o do Pai Nosso.<\/p>\n<p><img loading=\"lazy\" src=\"http:\/\/franciscanos.org.br\/wp-content\/uploads\/2017\/06\/papa_070617_2.jpg\" alt=\"papa_070617_2\" width=\"820\" height=\"439\" \/><\/p>\n<p><strong>UM MINUTO PELA PAZ<\/strong><\/p>\n<p>Ao final da Audi\u00eancia Geral desta quarta-feira, o Papa Francisco lan\u00e7ou um apelo em favor da iniciativa \u201cUm minuto pela paz\u201d, a ser realizada esta quinta-feira, 8 de junho. \u201cAmanh\u00e3, \u00e0s 13 horas, renova-se em diversos pa\u00edses a iniciativa \u201cUm minuto pela paz\u201d, isto \u00e9, um pequeno momento de ora\u00e7\u00e3o na recorr\u00eancia do encontro no Vaticano entre eu, o falecido Presidente israelense Peres e o Presidente palestino Abbas. Em nosso tempo, h\u00e1 tanta necessidade de rezar \u2013 crist\u00e3os, judeus e mu\u00e7ulmanos \u2013 pela paz\u201d.<\/p>\n<p>A iniciativa \u2013 realizada em v\u00e1rios pa\u00edses &#8211; \u00e9 apoiada em n\u00edvel internacional tamb\u00e9m pelo F\u00f3rum Internacional da A\u00e7\u00e3o Cat\u00f3lica (FIAC) e pela Uni\u00e3o Mundial das Organiza\u00e7\u00f5es Femininas Cat\u00f3licas (UMOFC).<br \/>\nNa Argentina, por exemplo, diversas organiza\u00e7\u00f5es uniram-se \u00e0 Confer\u00eancia Episcopal local, no convite para que todas interrompam por um minuto suas atividades cotidianas \u00e0s 13 horas, para refletir e rezar \u2013 cada um na pr\u00f3pria tradi\u00e7\u00e3o religiosa \u2013 num gesto de comprometimento com a paz no mundo.<\/p>\n<p>Este \u201cminuto\u201d poder\u00e1 ser vivenciado em grupo ou individualmente, na rua ou em uma igreja, em fam\u00edlia, na escola, no local de trabalho, na f\u00e1brica, no escrit\u00f3rio, enfim, no local onde for poss\u00edvel recolher-se brevemente em sil\u00eancio.<br \/>\nA data recorda o terceiro anivers\u00e1rio do hist\u00f3rico encontro realizado no Vaticano em 8 de junho de 2014, e que reuniu o Papa Francisco, o Patriarca Bartolomeu e os Presidentes de Israel, Shimon Peres (falecido 28 de setembro de 2016), e da Palestina, Abu Mazen.<\/p>\n<hr \/>\n<p><em>Fonte: R\u00e1dio Vaticano<\/em><\/p>\n","protected":false},"excerpt":{"rendered":"<p>Audi\u00eancia Geral <\/p>\n","protected":false},"author":1,"featured_media":199522,"comment_status":"open","ping_status":"open","sticky":false,"template":"","format":"standard","meta":[],"categories":[1428],"tags":[487],"acf":[],"yoast_head":"<!-- This site is optimized with the Yoast SEO plugin v19.2 - https:\/\/yoast.com\/wordpress\/plugins\/seo\/ -->\n<title>\u201cTodo o mist\u00e9rio da vida crist\u00e3 est\u00e1 resumido em ter coragem de chamar Deus de Pai\u201d - Not\u00edcias - Franciscanos<\/title>\n<meta name=\"robots\" content=\"index, follow, max-snippet:-1, max-image-preview:large, max-video-preview:-1\" \/>\n<link rel=\"canonical\" href=\"https:\/\/franciscanos.org.br\/noticias\/grande-misterio-deus-nao-pode-ser-deus-sem-o-homem.html\" \/>\n<meta property=\"og:locale\" content=\"pt_BR\" \/>\n<meta property=\"og:type\" content=\"article\" \/>\n<meta property=\"og:title\" content=\"\u201cTodo o mist\u00e9rio da vida crist\u00e3 est\u00e1 resumido em ter coragem de chamar Deus de Pai\u201d - Not\u00edcias - Franciscanos\" \/>\n<meta property=\"og:description\" content=\"Audi\u00eancia Geral\" \/>\n<meta property=\"og:url\" content=\"https:\/\/franciscanos.org.br\/noticias\/grande-misterio-deus-nao-pode-ser-deus-sem-o-homem.html\" \/>\n<meta property=\"og:site_name\" content=\"Not\u00edcias - Franciscanos\" \/>\n<meta property=\"article:published_time\" content=\"2017-06-07T10:38:16+00:00\" \/>\n<meta property=\"article:modified_time\" content=\"2020-06-08T22:18:13+00:00\" \/>\n<meta property=\"og:image\" content=\"https:\/\/franciscanos.org.br\/noticias\/wp-content\/uploads\/2017\/06\/papa_070617.jpg\" \/>\n\t<meta property=\"og:image:width\" content=\"273\" \/>\n\t<meta property=\"og:image:height\" content=\"181\" \/>\n\t<meta property=\"og:image:type\" content=\"image\/jpeg\" \/>\n<meta name=\"author\" content=\"admin\" \/>\n<meta name=\"twitter:card\" content=\"summary_large_image\" \/>\n<meta name=\"twitter:label1\" content=\"Escrito por\" \/>\n\t<meta name=\"twitter:data1\" content=\"admin\" \/>\n\t<meta name=\"twitter:label2\" content=\"Est. tempo de leitura\" \/>\n\t<meta name=\"twitter:data2\" content=\"6 minutos\" \/>\n<script type=\"application\/ld+json\" class=\"yoast-schema-graph\">{\"@context\":\"https:\/\/schema.org\",\"@graph\":[{\"@type\":\"WebSite\",\"@id\":\"https:\/\/franciscanos.org.br\/noticias\/#website\",\"url\":\"https:\/\/franciscanos.org.br\/noticias\/\",\"name\":\"Not\u00edcias - Franciscanos\",\"description\":\"Prov\u00edncia Franciscana da Imaculada Concei\u00e7\u00e3o do Brasil - Ordem dos Frades Menores - OFM\",\"potentialAction\":[{\"@type\":\"SearchAction\",\"target\":{\"@type\":\"EntryPoint\",\"urlTemplate\":\"https:\/\/franciscanos.org.br\/noticias\/?s={search_term_string}\"},\"query-input\":\"required name=search_term_string\"}],\"inLanguage\":\"pt-BR\"},{\"@type\":\"ImageObject\",\"inLanguage\":\"pt-BR\",\"@id\":\"https:\/\/franciscanos.org.br\/noticias\/grande-misterio-deus-nao-pode-ser-deus-sem-o-homem.html#primaryimage\",\"url\":\"https:\/\/franciscanos.org.br\/noticias\/wp-content\/uploads\/2017\/06\/papa_070617.jpg\",\"contentUrl\":\"https:\/\/franciscanos.org.br\/noticias\/wp-content\/uploads\/2017\/06\/papa_070617.jpg\",\"width\":273,\"height\":181},{\"@type\":\"WebPage\",\"@id\":\"https:\/\/franciscanos.org.br\/noticias\/grande-misterio-deus-nao-pode-ser-deus-sem-o-homem.html#webpage\",\"url\":\"https:\/\/franciscanos.org.br\/noticias\/grande-misterio-deus-nao-pode-ser-deus-sem-o-homem.html\",\"name\":\"\u201cTodo o mist\u00e9rio da vida crist\u00e3 est\u00e1 resumido em ter coragem de chamar Deus de Pai\u201d - Not\u00edcias - Franciscanos\",\"isPartOf\":{\"@id\":\"https:\/\/franciscanos.org.br\/noticias\/#website\"},\"primaryImageOfPage\":{\"@id\":\"https:\/\/franciscanos.org.br\/noticias\/grande-misterio-deus-nao-pode-ser-deus-sem-o-homem.html#primaryimage\"},\"datePublished\":\"2017-06-07T10:38:16+00:00\",\"dateModified\":\"2020-06-08T22:18:13+00:00\",\"author\":{\"@id\":\"https:\/\/franciscanos.org.br\/noticias\/#\/schema\/person\/b38fbf43118f02820bd932f2e4b14ad3\"},\"breadcrumb\":{\"@id\":\"https:\/\/franciscanos.org.br\/noticias\/grande-misterio-deus-nao-pode-ser-deus-sem-o-homem.html#breadcrumb\"},\"inLanguage\":\"pt-BR\",\"potentialAction\":[{\"@type\":\"ReadAction\",\"target\":[\"https:\/\/franciscanos.org.br\/noticias\/grande-misterio-deus-nao-pode-ser-deus-sem-o-homem.html\"]}]},{\"@type\":\"BreadcrumbList\",\"@id\":\"https:\/\/franciscanos.org.br\/noticias\/grande-misterio-deus-nao-pode-ser-deus-sem-o-homem.html#breadcrumb\",\"itemListElement\":[{\"@type\":\"ListItem\",\"position\":1,\"name\":\"Home\",\"item\":\"https:\/\/franciscanos.org.br\/noticias\"},{\"@type\":\"ListItem\",\"position\":2,\"name\":\"\u201cTodo o mist\u00e9rio da vida crist\u00e3 est\u00e1 resumido em ter coragem de chamar Deus de Pai\u201d\"}]},{\"@type\":\"Person\",\"@id\":\"https:\/\/franciscanos.org.br\/noticias\/#\/schema\/person\/b38fbf43118f02820bd932f2e4b14ad3\",\"name\":\"admin\",\"image\":{\"@type\":\"ImageObject\",\"inLanguage\":\"pt-BR\",\"@id\":\"https:\/\/franciscanos.org.br\/noticias\/#\/schema\/person\/image\/\",\"url\":\"https:\/\/secure.gravatar.com\/avatar\/e8495742d34d0ba6448ea1c628263b3e?s=96&d=mm&r=g\",\"contentUrl\":\"https:\/\/secure.gravatar.com\/avatar\/e8495742d34d0ba6448ea1c628263b3e?s=96&d=mm&r=g\",\"caption\":\"admin\"},\"url\":\"https:\/\/franciscanos.org.br\/noticias\/author\/admin\"}]}<\/script>\n<!-- \/ Yoast SEO plugin. -->","yoast_head_json":{"title":"\u201cTodo o mist\u00e9rio da vida crist\u00e3 est\u00e1 resumido em ter coragem de chamar Deus de Pai\u201d - Not\u00edcias - Franciscanos","robots":{"index":"index","follow":"follow","max-snippet":"max-snippet:-1","max-image-preview":"max-image-preview:large","max-video-preview":"max-video-preview:-1"},"canonical":"https:\/\/franciscanos.org.br\/noticias\/grande-misterio-deus-nao-pode-ser-deus-sem-o-homem.html","og_locale":"pt_BR","og_type":"article","og_title":"\u201cTodo o mist\u00e9rio da vida crist\u00e3 est\u00e1 resumido em ter coragem de chamar Deus de Pai\u201d - Not\u00edcias - Franciscanos","og_description":"Audi\u00eancia Geral","og_url":"https:\/\/franciscanos.org.br\/noticias\/grande-misterio-deus-nao-pode-ser-deus-sem-o-homem.html","og_site_name":"Not\u00edcias - Franciscanos","article_published_time":"2017-06-07T10:38:16+00:00","article_modified_time":"2020-06-08T22:18:13+00:00","og_image":[{"width":273,"height":181,"url":"https:\/\/franciscanos.org.br\/noticias\/wp-content\/uploads\/2017\/06\/papa_070617.jpg","type":"image\/jpeg"}],"author":"admin","twitter_card":"summary_large_image","twitter_misc":{"Escrito por":"admin","Est. tempo de leitura":"6 minutos"},"schema":{"@context":"https:\/\/schema.org","@graph":[{"@type":"WebSite","@id":"https:\/\/franciscanos.org.br\/noticias\/#website","url":"https:\/\/franciscanos.org.br\/noticias\/","name":"Not\u00edcias - Franciscanos","description":"Prov\u00edncia Franciscana da Imaculada Concei\u00e7\u00e3o do Brasil - Ordem dos Frades Menores - OFM","potentialAction":[{"@type":"SearchAction","target":{"@type":"EntryPoint","urlTemplate":"https:\/\/franciscanos.org.br\/noticias\/?s={search_term_string}"},"query-input":"required name=search_term_string"}],"inLanguage":"pt-BR"},{"@type":"ImageObject","inLanguage":"pt-BR","@id":"https:\/\/franciscanos.org.br\/noticias\/grande-misterio-deus-nao-pode-ser-deus-sem-o-homem.html#primaryimage","url":"https:\/\/franciscanos.org.br\/noticias\/wp-content\/uploads\/2017\/06\/papa_070617.jpg","contentUrl":"https:\/\/franciscanos.org.br\/noticias\/wp-content\/uploads\/2017\/06\/papa_070617.jpg","width":273,"height":181},{"@type":"WebPage","@id":"https:\/\/franciscanos.org.br\/noticias\/grande-misterio-deus-nao-pode-ser-deus-sem-o-homem.html#webpage","url":"https:\/\/franciscanos.org.br\/noticias\/grande-misterio-deus-nao-pode-ser-deus-sem-o-homem.html","name":"\u201cTodo o mist\u00e9rio da vida crist\u00e3 est\u00e1 resumido em ter coragem de chamar Deus de Pai\u201d - Not\u00edcias - Franciscanos","isPartOf":{"@id":"https:\/\/franciscanos.org.br\/noticias\/#website"},"primaryImageOfPage":{"@id":"https:\/\/franciscanos.org.br\/noticias\/grande-misterio-deus-nao-pode-ser-deus-sem-o-homem.html#primaryimage"},"datePublished":"2017-06-07T10:38:16+00:00","dateModified":"2020-06-08T22:18:13+00:00","author":{"@id":"https:\/\/franciscanos.org.br\/noticias\/#\/schema\/person\/b38fbf43118f02820bd932f2e4b14ad3"},"breadcrumb":{"@id":"https:\/\/franciscanos.org.br\/noticias\/grande-misterio-deus-nao-pode-ser-deus-sem-o-homem.html#breadcrumb"},"inLanguage":"pt-BR","potentialAction":[{"@type":"ReadAction","target":["https:\/\/franciscanos.org.br\/noticias\/grande-misterio-deus-nao-pode-ser-deus-sem-o-homem.html"]}]},{"@type":"BreadcrumbList","@id":"https:\/\/franciscanos.org.br\/noticias\/grande-misterio-deus-nao-pode-ser-deus-sem-o-homem.html#breadcrumb","itemListElement":[{"@type":"ListItem","position":1,"name":"Home","item":"https:\/\/franciscanos.org.br\/noticias"},{"@type":"ListItem","position":2,"name":"\u201cTodo o mist\u00e9rio da vida crist\u00e3 est\u00e1 resumido em ter coragem de chamar Deus de Pai\u201d"}]},{"@type":"Person","@id":"https:\/\/franciscanos.org.br\/noticias\/#\/schema\/person\/b38fbf43118f02820bd932f2e4b14ad3","name":"admin","image":{"@type":"ImageObject","inLanguage":"pt-BR","@id":"https:\/\/franciscanos.org.br\/noticias\/#\/schema\/person\/image\/","url":"https:\/\/secure.gravatar.com\/avatar\/e8495742d34d0ba6448ea1c628263b3e?s=96&d=mm&r=g","contentUrl":"https:\/\/secure.gravatar.com\/avatar\/e8495742d34d0ba6448ea1c628263b3e?s=96&d=mm&r=g","caption":"admin"},"url":"https:\/\/franciscanos.org.br\/noticias\/author\/admin"}]}},"_links":{"self":[{"href":"https:\/\/franciscanos.org.br\/noticias\/wp-json\/wp\/v2\/posts\/135634"}],"collection":[{"href":"https:\/\/franciscanos.org.br\/noticias\/wp-json\/wp\/v2\/posts"}],"about":[{"href":"https:\/\/franciscanos.org.br\/noticias\/wp-json\/wp\/v2\/types\/post"}],"author":[{"embeddable":true,"href":"https:\/\/franciscanos.org.br\/noticias\/wp-json\/wp\/v2\/users\/1"}],"replies":[{"embeddable":true,"href":"https:\/\/franciscanos.org.br\/noticias\/wp-json\/wp\/v2\/comments?post=135634"}],"version-history":[{"count":1,"href":"https:\/\/franciscanos.org.br\/noticias\/wp-json\/wp\/v2\/posts\/135634\/revisions"}],"predecessor-version":[{"id":225320,"href":"https:\/\/franciscanos.org.br\/noticias\/wp-json\/wp\/v2\/posts\/135634\/revisions\/225320"}],"wp:featuredmedia":[{"embeddable":true,"href":"https:\/\/franciscanos.org.br\/noticias\/wp-json\/wp\/v2\/media\/199522"}],"wp:attachment":[{"href":"https:\/\/franciscanos.org.br\/noticias\/wp-json\/wp\/v2\/media?parent=135634"}],"wp:term":[{"taxonomy":"category","embeddable":true,"href":"https:\/\/franciscanos.org.br\/noticias\/wp-json\/wp\/v2\/categories?post=135634"},{"taxonomy":"post_tag","embeddable":true,"href":"https:\/\/franciscanos.org.br\/noticias\/wp-json\/wp\/v2\/tags?post=135634"}],"curies":[{"name":"wp","href":"https:\/\/api.w.org\/{rel}","templated":true}]}}