{"id":135584,"date":"2017-06-06T18:58:45","date_gmt":"2017-06-06T21:58:45","guid":{"rendered":"http:\/\/franciscanos.org.br\/?p=135584"},"modified":"2019-01-24T09:34:32","modified_gmt":"2019-01-24T11:34:32","slug":"a-busca-da-justica-e-um-compromisso-pessoal-e-social","status":"publish","type":"post","link":"https:\/\/franciscanos.org.br\/noticias\/a-busca-da-justica-e-um-compromisso-pessoal-e-social.html","title":{"rendered":"A busca da justi\u00e7a \u00e9 um compromisso pessoal e social"},"content":{"rendered":"<p><strong><img loading=\"lazy\" class=\"alignleft size-full wp-image-196524\" src=\"https:\/\/franciscanos.org.br\/noticias\/wp-content\/uploads\/2017\/06\/trezena_060617G.jpg\" alt=\"\" width=\"830\" height=\"400\" srcset=\"https:\/\/franciscanos.org.br\/noticias\/wp-content\/uploads\/2017\/06\/trezena_060617G.jpg 830w, https:\/\/franciscanos.org.br\/noticias\/wp-content\/uploads\/2017\/06\/trezena_060617G-450x217.jpg 450w, https:\/\/franciscanos.org.br\/noticias\/wp-content\/uploads\/2017\/06\/trezena_060617G-768x370.jpg 768w, https:\/\/franciscanos.org.br\/noticias\/wp-content\/uploads\/2017\/06\/trezena_060617G-150x72.jpg 150w\" sizes=\"(max-width: 830px) 100vw, 830px\" \/>\u00c9rika Augusto<\/strong><\/p>\n<p><strong>S\u00e3o Paulo (SP) &#8211;\u00a0<\/strong>Santo Ant\u00f4nio morreu numa ter\u00e7a-feira. Surge da\u00ed a tradi\u00e7\u00e3o de prestar-lhe homenagem neste dia da semana. Ele \u00e9 um dos poucos santos, sen\u00e3o o \u00fanico, cuja devo\u00e7\u00e3o permanece ao longo do ano. Al\u00e9m do dia de sua morte, 13 de junho, o santo \u00e9 lembrado todo dia 13 de cada m\u00eas e toda ter\u00e7a-feira. Nas par\u00f3quias e comunidades onde ele \u00e9 o padroeiro, geralmente \u00e0s ter\u00e7as-feiras \u00e9 dada a b\u00ean\u00e7\u00e3o de Santo Ant\u00f4nio e distribui\u00e7\u00e3o do p\u00e3o bento.<\/p>\n<p>E a primeira e \u00fanica ter\u00e7a-feira da Trezena no Santu\u00e1rio S\u00e3o Francisco, no centro de S\u00e3o Paulo, teve grande participa\u00e7\u00e3o, a maior presen\u00e7a de fi\u00e9is nas missas durante a semana. A Trezena, que come\u00e7ou na \u00faltima quarta, 31, est\u00e1 no seu 7\u00ba dia e teve como tema \u201cSanto Ant\u00f4nio e Santa Maria: instru\u00ed-nos na pr\u00e1tica da justi\u00e7a\u201d.<\/p>\n<p>Em sua reflex\u00e3o, Frei Gustavo Medella, o pregador da Trezena deste ano, comentou o evangelho do dia, extra\u00eddo de Mc 12,13-17. Ele destacou que este \u00e9 um pedido muito s\u00e9rio, pois pressup\u00f5e compromisso da parte daquele que pede, de cumprir com as suas obriga\u00e7\u00f5es e ir al\u00e9m disso, comprometendo-se com o pr\u00f3ximo e com uma sociedade mais justa. \u201c\u00c9 a justi\u00e7a capaz de gerar a paz numa sociedade onde a dignidade das pessoas seja respeitada, onde n\u00e3o falte a ningu\u00e9m o p\u00e3o, a terra, o teto e o trabalho. Seria a primeir\u00edssima tarefa da humanidade -, para al\u00e9m das diferen\u00e7as de ra\u00e7a, religi\u00e3o, modo de pensar, classe social etc. \u2013 o n\u00edvel mais prim\u00e1rio do que chamamos de justi\u00e7a\u201d, afirmou.<\/p>\n<p>O pregador ressaltou o abismo que existe entre ricos e pobres no Brasil, onde uma pessoa compra um rel\u00f3gio cujo valor seria suficiente para adquirir v\u00e1rias casas populares, ou o valor pago numa bebida que poderia prover a compra do m\u00eas para dezenas de fam\u00edlias. \u201cIsso sem mencionarmos os esc\u00e2ndalos relativos ao dinheiro p\u00fablico, que deve obrigatoriamente se destinar ao bem p\u00fablico, ao atendimento das necessidades da popula\u00e7\u00e3o e se transforma em gorjetas semanais de R$500 mil reais, a agrados de milh\u00f5es entre aqueles que se habituam em falar de verdadeiras fortunas como n\u00f3s falamos do troco do p\u00e3o que compramos na padaria. \u00c9 muita, muita injusti\u00e7a\u201d, contextualizou Frei Gustavo.<\/p>\n<p>Ele afirmou ainda que ao buscar a intercess\u00e3o dos santos pela justi\u00e7a, \u00e9 necess\u00e1rio que cada um se comprometa, fazendo a sua parte e impedindo que estes esc\u00e2ndalos aconte\u00e7am. \u201cDo jeito que est\u00e1, n\u00e3o d\u00e1 para continuar\u201d, acrescentou. \u201cPenso que, para in\u00edcio de conversa, Deus j\u00e1 estaria bastante satisfeito conosco se consegu\u00edssemos dar passos concretos em dire\u00e7\u00e3o de uma sociedade mais comprometida com o sentido mais b\u00e1sico de justi\u00e7a, descrito pelo Papa Francisco como: nenhum trabalhador sem trabalho, nenhum ser humano sem teto, nenhum agricultor sem terra e nenhum filho de Deus sem p\u00e3o\u201d, concluiu.<\/p>\n<p>Ap\u00f3s a homilia, os participantes cantaram o respons\u00f3rio de Santo Ant\u00f4nio, pr\u00e1tica di\u00e1ria desta trezena. Todos os dias tamb\u00e9m \u00e9 sorteado um kit da Editora Vozes, contendo uma B\u00edblia, um Almanaque de Santo Ant\u00f4nio e outros produtos.<\/p>\n<p>A trezena continua at\u00e9 a pr\u00f3xima segunda-feira (12), e acontece \u00e0s 15h e ter\u00e7a a sexta, \u00e0s 10h30 aos domingos e ao meio-dia \u00e0s segundas-feiras. Neste fim de semana acontece a Festa Junina, que est\u00e1 sendo preparada com muita dedica\u00e7\u00e3o pelos funcion\u00e1rios e volunt\u00e1rios do Convento e Santu\u00e1rio, conforme destacou Frei Gustavo Medella.<\/p>\n","protected":false},"excerpt":{"rendered":"<p>Trezena<\/p>\n","protected":false},"author":1,"featured_media":196526,"comment_status":"open","ping_status":"open","sticky":false,"template":"","format":"standard","meta":[],"categories":[1],"tags":[312],"acf":[],"yoast_head":"<!-- This site is optimized with the Yoast SEO plugin v19.2 - https:\/\/yoast.com\/wordpress\/plugins\/seo\/ -->\n<title>A busca da justi\u00e7a \u00e9 um compromisso pessoal e social - Not\u00edcias - Franciscanos<\/title>\n<meta name=\"robots\" content=\"index, follow, max-snippet:-1, max-image-preview:large, max-video-preview:-1\" \/>\n<link rel=\"canonical\" href=\"https:\/\/franciscanos.org.br\/noticias\/a-busca-da-justica-e-um-compromisso-pessoal-e-social.html\" \/>\n<meta property=\"og:locale\" content=\"pt_BR\" \/>\n<meta property=\"og:type\" content=\"article\" \/>\n<meta property=\"og:title\" content=\"A busca da justi\u00e7a \u00e9 um compromisso pessoal e social - Not\u00edcias - Franciscanos\" \/>\n<meta property=\"og:description\" content=\"Trezena\" \/>\n<meta property=\"og:url\" content=\"https:\/\/franciscanos.org.br\/noticias\/a-busca-da-justica-e-um-compromisso-pessoal-e-social.html\" \/>\n<meta property=\"og:site_name\" content=\"Not\u00edcias - Franciscanos\" \/>\n<meta property=\"article:published_time\" content=\"2017-06-06T21:58:45+00:00\" \/>\n<meta property=\"article:modified_time\" content=\"2019-01-24T11:34:32+00:00\" \/>\n<meta property=\"og:image\" content=\"https:\/\/franciscanos.org.br\/noticias\/wp-content\/uploads\/2017\/06\/trezena_060617p.jpg\" \/>\n\t<meta property=\"og:image:width\" content=\"273\" \/>\n\t<meta property=\"og:image:height\" content=\"181\" \/>\n\t<meta property=\"og:image:type\" content=\"image\/jpeg\" \/>\n<meta name=\"author\" content=\"admin\" \/>\n<meta name=\"twitter:card\" content=\"summary_large_image\" \/>\n<meta name=\"twitter:label1\" content=\"Escrito por\" \/>\n\t<meta name=\"twitter:data1\" content=\"admin\" \/>\n\t<meta name=\"twitter:label2\" content=\"Est. tempo de leitura\" \/>\n\t<meta name=\"twitter:data2\" content=\"3 minutos\" \/>\n<script type=\"application\/ld+json\" class=\"yoast-schema-graph\">{\"@context\":\"https:\/\/schema.org\",\"@graph\":[{\"@type\":\"WebSite\",\"@id\":\"https:\/\/franciscanos.org.br\/noticias\/#website\",\"url\":\"https:\/\/franciscanos.org.br\/noticias\/\",\"name\":\"Not\u00edcias - Franciscanos\",\"description\":\"Prov\u00edncia Franciscana da Imaculada Concei\u00e7\u00e3o do Brasil - Ordem dos Frades Menores - OFM\",\"potentialAction\":[{\"@type\":\"SearchAction\",\"target\":{\"@type\":\"EntryPoint\",\"urlTemplate\":\"https:\/\/franciscanos.org.br\/noticias\/?s={search_term_string}\"},\"query-input\":\"required name=search_term_string\"}],\"inLanguage\":\"pt-BR\"},{\"@type\":\"ImageObject\",\"inLanguage\":\"pt-BR\",\"@id\":\"https:\/\/franciscanos.org.br\/noticias\/a-busca-da-justica-e-um-compromisso-pessoal-e-social.html#primaryimage\",\"url\":\"https:\/\/franciscanos.org.br\/noticias\/wp-content\/uploads\/2017\/06\/trezena_060617p.jpg\",\"contentUrl\":\"https:\/\/franciscanos.org.br\/noticias\/wp-content\/uploads\/2017\/06\/trezena_060617p.jpg\",\"width\":273,\"height\":181},{\"@type\":\"WebPage\",\"@id\":\"https:\/\/franciscanos.org.br\/noticias\/a-busca-da-justica-e-um-compromisso-pessoal-e-social.html#webpage\",\"url\":\"https:\/\/franciscanos.org.br\/noticias\/a-busca-da-justica-e-um-compromisso-pessoal-e-social.html\",\"name\":\"A busca da justi\u00e7a \u00e9 um compromisso pessoal e social - Not\u00edcias - Franciscanos\",\"isPartOf\":{\"@id\":\"https:\/\/franciscanos.org.br\/noticias\/#website\"},\"primaryImageOfPage\":{\"@id\":\"https:\/\/franciscanos.org.br\/noticias\/a-busca-da-justica-e-um-compromisso-pessoal-e-social.html#primaryimage\"},\"datePublished\":\"2017-06-06T21:58:45+00:00\",\"dateModified\":\"2019-01-24T11:34:32+00:00\",\"author\":{\"@id\":\"https:\/\/franciscanos.org.br\/noticias\/#\/schema\/person\/b38fbf43118f02820bd932f2e4b14ad3\"},\"breadcrumb\":{\"@id\":\"https:\/\/franciscanos.org.br\/noticias\/a-busca-da-justica-e-um-compromisso-pessoal-e-social.html#breadcrumb\"},\"inLanguage\":\"pt-BR\",\"potentialAction\":[{\"@type\":\"ReadAction\",\"target\":[\"https:\/\/franciscanos.org.br\/noticias\/a-busca-da-justica-e-um-compromisso-pessoal-e-social.html\"]}]},{\"@type\":\"BreadcrumbList\",\"@id\":\"https:\/\/franciscanos.org.br\/noticias\/a-busca-da-justica-e-um-compromisso-pessoal-e-social.html#breadcrumb\",\"itemListElement\":[{\"@type\":\"ListItem\",\"position\":1,\"name\":\"Home\",\"item\":\"https:\/\/franciscanos.org.br\/noticias\"},{\"@type\":\"ListItem\",\"position\":2,\"name\":\"A busca da justi\u00e7a \u00e9 um compromisso pessoal e social\"}]},{\"@type\":\"Person\",\"@id\":\"https:\/\/franciscanos.org.br\/noticias\/#\/schema\/person\/b38fbf43118f02820bd932f2e4b14ad3\",\"name\":\"admin\",\"image\":{\"@type\":\"ImageObject\",\"inLanguage\":\"pt-BR\",\"@id\":\"https:\/\/franciscanos.org.br\/noticias\/#\/schema\/person\/image\/\",\"url\":\"https:\/\/secure.gravatar.com\/avatar\/e8495742d34d0ba6448ea1c628263b3e?s=96&d=mm&r=g\",\"contentUrl\":\"https:\/\/secure.gravatar.com\/avatar\/e8495742d34d0ba6448ea1c628263b3e?s=96&d=mm&r=g\",\"caption\":\"admin\"},\"url\":\"https:\/\/franciscanos.org.br\/noticias\/author\/admin\"}]}<\/script>\n<!-- \/ Yoast SEO plugin. -->","yoast_head_json":{"title":"A busca da justi\u00e7a \u00e9 um compromisso pessoal e social - Not\u00edcias - Franciscanos","robots":{"index":"index","follow":"follow","max-snippet":"max-snippet:-1","max-image-preview":"max-image-preview:large","max-video-preview":"max-video-preview:-1"},"canonical":"https:\/\/franciscanos.org.br\/noticias\/a-busca-da-justica-e-um-compromisso-pessoal-e-social.html","og_locale":"pt_BR","og_type":"article","og_title":"A busca da justi\u00e7a \u00e9 um compromisso pessoal e social - Not\u00edcias - Franciscanos","og_description":"Trezena","og_url":"https:\/\/franciscanos.org.br\/noticias\/a-busca-da-justica-e-um-compromisso-pessoal-e-social.html","og_site_name":"Not\u00edcias - Franciscanos","article_published_time":"2017-06-06T21:58:45+00:00","article_modified_time":"2019-01-24T11:34:32+00:00","og_image":[{"width":273,"height":181,"url":"https:\/\/franciscanos.org.br\/noticias\/wp-content\/uploads\/2017\/06\/trezena_060617p.jpg","type":"image\/jpeg"}],"author":"admin","twitter_card":"summary_large_image","twitter_misc":{"Escrito por":"admin","Est. tempo de leitura":"3 minutos"},"schema":{"@context":"https:\/\/schema.org","@graph":[{"@type":"WebSite","@id":"https:\/\/franciscanos.org.br\/noticias\/#website","url":"https:\/\/franciscanos.org.br\/noticias\/","name":"Not\u00edcias - Franciscanos","description":"Prov\u00edncia Franciscana da Imaculada Concei\u00e7\u00e3o do Brasil - Ordem dos Frades Menores - OFM","potentialAction":[{"@type":"SearchAction","target":{"@type":"EntryPoint","urlTemplate":"https:\/\/franciscanos.org.br\/noticias\/?s={search_term_string}"},"query-input":"required name=search_term_string"}],"inLanguage":"pt-BR"},{"@type":"ImageObject","inLanguage":"pt-BR","@id":"https:\/\/franciscanos.org.br\/noticias\/a-busca-da-justica-e-um-compromisso-pessoal-e-social.html#primaryimage","url":"https:\/\/franciscanos.org.br\/noticias\/wp-content\/uploads\/2017\/06\/trezena_060617p.jpg","contentUrl":"https:\/\/franciscanos.org.br\/noticias\/wp-content\/uploads\/2017\/06\/trezena_060617p.jpg","width":273,"height":181},{"@type":"WebPage","@id":"https:\/\/franciscanos.org.br\/noticias\/a-busca-da-justica-e-um-compromisso-pessoal-e-social.html#webpage","url":"https:\/\/franciscanos.org.br\/noticias\/a-busca-da-justica-e-um-compromisso-pessoal-e-social.html","name":"A busca da justi\u00e7a \u00e9 um compromisso pessoal e social - Not\u00edcias - Franciscanos","isPartOf":{"@id":"https:\/\/franciscanos.org.br\/noticias\/#website"},"primaryImageOfPage":{"@id":"https:\/\/franciscanos.org.br\/noticias\/a-busca-da-justica-e-um-compromisso-pessoal-e-social.html#primaryimage"},"datePublished":"2017-06-06T21:58:45+00:00","dateModified":"2019-01-24T11:34:32+00:00","author":{"@id":"https:\/\/franciscanos.org.br\/noticias\/#\/schema\/person\/b38fbf43118f02820bd932f2e4b14ad3"},"breadcrumb":{"@id":"https:\/\/franciscanos.org.br\/noticias\/a-busca-da-justica-e-um-compromisso-pessoal-e-social.html#breadcrumb"},"inLanguage":"pt-BR","potentialAction":[{"@type":"ReadAction","target":["https:\/\/franciscanos.org.br\/noticias\/a-busca-da-justica-e-um-compromisso-pessoal-e-social.html"]}]},{"@type":"BreadcrumbList","@id":"https:\/\/franciscanos.org.br\/noticias\/a-busca-da-justica-e-um-compromisso-pessoal-e-social.html#breadcrumb","itemListElement":[{"@type":"ListItem","position":1,"name":"Home","item":"https:\/\/franciscanos.org.br\/noticias"},{"@type":"ListItem","position":2,"name":"A busca da justi\u00e7a \u00e9 um compromisso pessoal e social"}]},{"@type":"Person","@id":"https:\/\/franciscanos.org.br\/noticias\/#\/schema\/person\/b38fbf43118f02820bd932f2e4b14ad3","name":"admin","image":{"@type":"ImageObject","inLanguage":"pt-BR","@id":"https:\/\/franciscanos.org.br\/noticias\/#\/schema\/person\/image\/","url":"https:\/\/secure.gravatar.com\/avatar\/e8495742d34d0ba6448ea1c628263b3e?s=96&d=mm&r=g","contentUrl":"https:\/\/secure.gravatar.com\/avatar\/e8495742d34d0ba6448ea1c628263b3e?s=96&d=mm&r=g","caption":"admin"},"url":"https:\/\/franciscanos.org.br\/noticias\/author\/admin"}]}},"_links":{"self":[{"href":"https:\/\/franciscanos.org.br\/noticias\/wp-json\/wp\/v2\/posts\/135584"}],"collection":[{"href":"https:\/\/franciscanos.org.br\/noticias\/wp-json\/wp\/v2\/posts"}],"about":[{"href":"https:\/\/franciscanos.org.br\/noticias\/wp-json\/wp\/v2\/types\/post"}],"author":[{"embeddable":true,"href":"https:\/\/franciscanos.org.br\/noticias\/wp-json\/wp\/v2\/users\/1"}],"replies":[{"embeddable":true,"href":"https:\/\/franciscanos.org.br\/noticias\/wp-json\/wp\/v2\/comments?post=135584"}],"version-history":[{"count":0,"href":"https:\/\/franciscanos.org.br\/noticias\/wp-json\/wp\/v2\/posts\/135584\/revisions"}],"wp:featuredmedia":[{"embeddable":true,"href":"https:\/\/franciscanos.org.br\/noticias\/wp-json\/wp\/v2\/media\/196526"}],"wp:attachment":[{"href":"https:\/\/franciscanos.org.br\/noticias\/wp-json\/wp\/v2\/media?parent=135584"}],"wp:term":[{"taxonomy":"category","embeddable":true,"href":"https:\/\/franciscanos.org.br\/noticias\/wp-json\/wp\/v2\/categories?post=135584"},{"taxonomy":"post_tag","embeddable":true,"href":"https:\/\/franciscanos.org.br\/noticias\/wp-json\/wp\/v2\/tags?post=135584"}],"curies":[{"name":"wp","href":"https:\/\/api.w.org\/{rel}","templated":true}]}}