{"id":135562,"date":"2017-06-06T08:11:12","date_gmt":"2017-06-06T11:11:12","guid":{"rendered":"http:\/\/franciscanos.org.br\/?p=135562"},"modified":"2019-02-05T13:38:08","modified_gmt":"2019-02-05T15:38:08","slug":"frei-clarencio-lanca-novo-livro-e-fala-do-fascinio-por-santo-antonio","status":"publish","type":"post","link":"https:\/\/franciscanos.org.br\/noticias\/frei-clarencio-lanca-novo-livro-e-fala-do-fascinio-por-santo-antonio.html","title":{"rendered":"O novo livro de Frei Clar\u00eancio sobre Santo Ant\u00f4nio"},"content":{"rendered":"<p><img loading=\"lazy\" src=\"http:\/\/franciscanos.org.br\/wp-content\/uploads\/2017\/06\/clarencio_060617.jpg\" alt=\"clarencio_060617\" width=\"830\" height=\"453\" \/><\/p>\n<p><em>&#8220;Santo Ant\u00f4nio, filho apaixonado de Maria, servo da imaculada, te\u00f3logo da Sant\u00edssima Trindade, obra da Sant\u00edssima Trindade, homem santo, mission\u00e1rio, ap\u00f3stolo do Reino de Deus, pregador, doutor, sal da terra, mestre da ora\u00e7\u00e3o&#8221;. Esses s\u00e3o alguns dos temas que Frei Clar\u00eancio Neotti desenvolve no seu mais novo livro sobre o querido santo franciscano, intitulado \u201cSanto Ant\u00f4nio: simpatia de Deus e do povo\u201d, uma publica\u00e7\u00e3o da Editora Santu\u00e1rio (Aparecida) com 198 p\u00e1ginas. Este lan\u00e7amento oferece, a uma semana da festa de Santo Ant\u00f4nio, os serm\u00f5es feitos por ocasi\u00e3o de Trezenas e festas de Santo Ant\u00f4nio. E ningu\u00e9m melhor do que Frei Clar\u00eancio para falar de Ant\u00f4nio. Ele \u00e9 tamb\u00e9m autor de \u201cSanto Ant\u00f4nio, Mestre da Vida\u201d, \u201cOrar 15 dias com Santo Ant\u00f4nio\u201d, \u201cSanto Ant\u00f4nio: simpatia de Deus e simpatia dos homens\u201d, \u201cSanto Ant\u00f4nio, Luz do Mundo\u201d (os 9 serm\u00f5es do Padre Vieira sobre Santo Ant\u00f4nio, comentados) e tamb\u00e9m participou da reedi\u00e7\u00e3o do livro de Frei Bas\u00edlio R\u00f6wer sobre &#8220;O Convento Santo Ant\u00f4nio do Rio de Janeiro&#8221;.<\/em><\/p>\n<p><em>\u00a0<\/em><em>Nesta entrevista, Frei Clar\u00eancio fala sobre o fasc\u00ednio que este santo exerce na piedade popular e conta que sua voca\u00e7\u00e3o religiosa franciscana teve a inspira\u00e7\u00e3o do santo. &#8220;E foi com ele que, ao longo da vida, aprendi a unidade alegre e harmoniosa das duas voca\u00e7\u00f5es: a consagrada e a sacerdotal, e aprendi que as duas se necessitam como o parafuso e a porca&#8221;, revelou o frade, que reside, desde 2012, em Vila Velha (ES), onde \u00e9 Vig\u00e1rio Paroquial no Santu\u00e1rio do Divino Esp\u00edrito Santo.\u00a0<\/em><\/p>\n<p><em>\u00a0<\/em><em>Frei Clar\u00eancio, que ingressou na Ordem Franciscana em 23 de dezembro de 1954, \u00e9 tamb\u00e9m autor dos livros \u201cMinist\u00e9rio da Palavra\u201d (3 volumes), \u201cOrar 15 dias com Frei Galv\u00e3o\u201d, \u201cComunica\u00e7\u00e3o e Igreja no Brasil\u201d, \u201cImaculada Concei\u00e7\u00e3o de Maria\u201d, \u201cFrei Aur\u00e9lio Stulzer, Pai, Irm\u00e3o, Amigo\u201d, \u201cAnimais no altar &#8211; um estudo de Iconografia e Simbologia\u201d, &#8220;Frei Bruno Linden, tudo para todos&#8221; (biografia) e &#8220;S\u00e3o Benedito, homem de Deus e do povo&#8221;.<\/em><\/p>\n<p><em>\u00a0<\/em><em>Mas no campo da comunica\u00e7\u00e3o cat\u00f3lica, Frei Clar\u00eancio \u00e9 um dos pioneiros. Foi professor de Comunica\u00e7\u00e3o e Teologia Pastoral em Petr\u00f3polis (1970-1986), um dos fundadores da Uni\u00e3o Crist\u00e3 Brasileira de Comunica\u00e7\u00e3o Social, foi presidente por tr\u00eas per\u00edodos consecutivos da Uni\u00e3o Cat\u00f3lica Latino-americana de Imprensa e vice-presidente da Uni\u00e3o Cat\u00f3lica Internacional de Imprensa, da qual hoje \u00e9 membro de honra. Foi tamb\u00e9m fundador da Uni\u00e3o dos Editores Franciscanos e fundou junto \u00e0 C\u00faria Geral em Roma, o Departamento de Comunica\u00e7\u00e3o e Informa\u00e7\u00e3o da Ordem.<\/em><\/p>\n<p><em>\u00a0<\/em>O LIVRO DE FREI CLAR\u00caNCIO PODE SER ADQUIRIDO NA<strong> <a href=\"https:\/\/editorasantuario.com.br\/produtos\/detalhe\/1561\/santo_antonio\">LIVRARIA ON LINE (CLIQUE AQUI)<\/a><\/strong> \u00a0DA EDITORA SANTU\u00c1RIO<\/p>\n<h3>Acompanhe a entrevista<\/h3>\n<p><strong>\u00a0<\/strong><strong>Por que esse fasc\u00ednio que exerce Santo Ant\u00f4nio no povo?<\/strong><\/p>\n<p><strong>Frei Clar\u00eancio<\/strong> &#8211; Esta pergunta me fiz muitas vezes. Porque, de fato, Santo Ant\u00f4nio \u00e9 um fen\u00f4meno. E fen\u00f4meno \u00e9 muito complicado para se explicar. Fen\u00f4meno para os intelectuais, a ponto de estar \u00e0 raiz de toda a Escol\u00e1stica e hoje ser um dos doutores da Igreja. Fen\u00f4meno para o povo semianalfabeto, a ponto de ser em v\u00e1rios pa\u00edses o santo mais popular, ganhando, como \u00e9 o caso do Brasil, da pr\u00f3pria M\u00e3e de Deus. Fen\u00f4meno de vida religiosa, a ponto de, embebido de espiritualidade agostiniana (de longe Santo Agostinho \u00e9 o autor mais citado por ele), viver a pobreza e a simplicidade franciscana, sem nunca citar S\u00e3o Francisco. Fen\u00f4meno entre estudantes de teologia, sendo deles o padroeiro oficial, mas amad\u00edssimo pelas mo\u00e7as que nada querem saber de teorias teol\u00f3gicas, mas andam \u00e0 procura de um homem em carne e osso. O fen\u00f4meno n\u00e3o se explica. O fen\u00f4meno \u00e9. \u00c9 o caso de Santo Ant\u00f4nio<\/p>\n<p><strong>\u00c9 vis\u00edvel a sua admira\u00e7\u00e3o por Santo Ant\u00f4nio em seus livros. Como se deu esse &#8220;enamoramento&#8221;?<\/strong><\/p>\n<p><strong>Frei Clar\u00eancio<\/strong> &#8211; Sei exatamente quando come\u00e7ou. Conto isso nas minhas mem\u00f3rias, cujo primeiro volume deve sair ainda este ano. Foi no dia de minha Primeira Comunh\u00e3o, domingo de Cristo Rei, naquele tempo o domingo depois da festa de Todos os Santos. Faltavam ainda quase dois meses para eu completar quatro anos. A Irm\u00e3 Maria Giosoli, que nos prepararava, nos disse que, recebida a Santa Comunh\u00e3o, fech\u00e1ssemos os olhos e prest\u00e1ssemos aten\u00e7\u00e3o ao que Jesus nos ia dizer. Eu estava muito curioso para ouvir a voz de Jesus. Fechei r\u00e1pido meus olhos. E escutei a voz que mandava abrir. E ao abrir vi na minha frente, no altar lateral a imagem de Santo Ant\u00f4nio, vestido de marrom. Eu nunca tinha visto um franciscano vivo. Meu p\u00e1roco era diocesano e sempre vestia batina preta. Eu tamb\u00e9m n\u00e3o sabia nem imaginava o que fosse voca\u00e7\u00e3o pra isso ou pra aquilo. Naquele momento nasceu clara para mim a voca\u00e7\u00e3o franciscana e meu apego carinhoso a Santo Ant\u00f4nio. E foi com ele que, ao longo da vida, aprendi a unidade alegre e harmoniosa das duas voca\u00e7\u00f5es: a consagrada e a sacerdotal, e aprendi que as duas se necessitam como o parafuso e a porca.<\/p>\n<p><strong>Todos os t\u00edtulos cabem bem a Santo Ant\u00f4nio. Como explicar essa abrang\u00eancia de sua espiritualidade e vida evang\u00e9lica?<\/strong><\/p>\n<p><strong>Frei Clar\u00eancio<\/strong> &#8211; A meu ver, o t\u00edtulo que melhor lhe cabe \u00e9 o de \u2018evang\u00e9lico\u2019. Da viv\u00eancia sincera dos valores evang\u00e9licos, lhe nascem todos os outros poss\u00edveis t\u00edtulos. Mas se voc\u00ea puser sobre a mesa todos os t\u00edtulos que ele tem, ver\u00e1 que todos nascem do preceito maior: da caridade gratuita pregada por Jesus na \u00daltima Ceia, tendo como modelo seguro o pr\u00f3prio Jesus. O que \u00e9 \u2018evang\u00e9lico\u2019 n\u00e3o tem limites. Francisco foi claro na norma: \u201cA Regra e a Vida do Frade menor \u00e9 esta: viver o Santo Evangelho\u201d. Para quem vive o Evangelho, tudo \u00e9 sagrado, tudo \u00e9 manto do Senhor, tudo \u00e9 escada para Deus.<\/p>\n<p><strong>S\u00e3o Francisco ou Santo Ant\u00f4nio?<\/strong><\/p>\n<p><strong>Frei Clar\u00eancio<\/strong> &#8211; Que Santo Ant\u00f4nio viveu o Evangelho, se alimentou do Evangelho, se santificou atrav\u00e9s do Evangelho, n\u00e3o h\u00e1 d\u00favida. Mas isso n\u00e3o significa que ele repetiu Francisco. Os dois tiveram Cristo como Caminho. Mas o caminho dos dois \u00e9 bastante diferente. Ant\u00f4nio n\u00e3o \u00e9 Francisco. Ant\u00f4nio \u00e9 franciscano. Nem eu sou Francisco nem sou Ant\u00f4nio. Mas ao longo do meu caminho franciscano me encontro com Francisco, com Ant\u00f4nio, com Bruno, com os duzentos Confrades de minha Prov\u00edncia, de quem escrevi o necrol\u00f3gio, e conversamos, na express\u00e3o de Frei Constantino \u201cda coisa com Deus\u201d.<\/p>\n<p><strong>Entrevista a Moacir Beggo\u00a0<\/strong><\/p>\n","protected":false},"excerpt":{"rendered":"<p>Lan\u00e7amento<\/p>\n","protected":false},"author":1,"featured_media":199516,"comment_status":"open","ping_status":"open","sticky":false,"template":"","format":"standard","meta":[],"categories":[1],"tags":[1122],"acf":[],"yoast_head":"<!-- This site is optimized with the Yoast SEO plugin v19.2 - https:\/\/yoast.com\/wordpress\/plugins\/seo\/ -->\n<title>O novo livro de Frei Clar\u00eancio sobre Santo Ant\u00f4nio - Not\u00edcias - Franciscanos<\/title>\n<meta name=\"robots\" content=\"index, follow, max-snippet:-1, max-image-preview:large, max-video-preview:-1\" \/>\n<link rel=\"canonical\" href=\"https:\/\/franciscanos.org.br\/noticias\/frei-clarencio-lanca-novo-livro-e-fala-do-fascinio-por-santo-antonio.html\" \/>\n<meta property=\"og:locale\" content=\"pt_BR\" \/>\n<meta property=\"og:type\" content=\"article\" \/>\n<meta property=\"og:title\" content=\"O novo livro de Frei Clar\u00eancio sobre Santo Ant\u00f4nio - Not\u00edcias - Franciscanos\" \/>\n<meta property=\"og:description\" content=\"Lan\u00e7amento\" \/>\n<meta property=\"og:url\" content=\"https:\/\/franciscanos.org.br\/noticias\/frei-clarencio-lanca-novo-livro-e-fala-do-fascinio-por-santo-antonio.html\" \/>\n<meta property=\"og:site_name\" content=\"Not\u00edcias - Franciscanos\" \/>\n<meta property=\"article:published_time\" content=\"2017-06-06T11:11:12+00:00\" \/>\n<meta property=\"article:modified_time\" content=\"2019-02-05T15:38:08+00:00\" \/>\n<meta property=\"og:image\" content=\"https:\/\/franciscanos.org.br\/noticias\/wp-content\/uploads\/2017\/06\/clarencio_060617.jpg\" \/>\n\t<meta property=\"og:image:width\" content=\"273\" \/>\n\t<meta property=\"og:image:height\" content=\"181\" \/>\n\t<meta property=\"og:image:type\" content=\"image\/jpeg\" \/>\n<meta name=\"author\" content=\"admin\" \/>\n<meta name=\"twitter:card\" content=\"summary_large_image\" \/>\n<meta name=\"twitter:label1\" content=\"Escrito por\" \/>\n\t<meta name=\"twitter:data1\" content=\"admin\" \/>\n\t<meta name=\"twitter:label2\" content=\"Est. tempo de leitura\" \/>\n\t<meta name=\"twitter:data2\" content=\"6 minutos\" \/>\n<script type=\"application\/ld+json\" class=\"yoast-schema-graph\">{\"@context\":\"https:\/\/schema.org\",\"@graph\":[{\"@type\":\"WebSite\",\"@id\":\"https:\/\/franciscanos.org.br\/noticias\/#website\",\"url\":\"https:\/\/franciscanos.org.br\/noticias\/\",\"name\":\"Not\u00edcias - Franciscanos\",\"description\":\"Prov\u00edncia Franciscana da Imaculada Concei\u00e7\u00e3o do Brasil - Ordem dos Frades Menores - OFM\",\"potentialAction\":[{\"@type\":\"SearchAction\",\"target\":{\"@type\":\"EntryPoint\",\"urlTemplate\":\"https:\/\/franciscanos.org.br\/noticias\/?s={search_term_string}\"},\"query-input\":\"required name=search_term_string\"}],\"inLanguage\":\"pt-BR\"},{\"@type\":\"ImageObject\",\"inLanguage\":\"pt-BR\",\"@id\":\"https:\/\/franciscanos.org.br\/noticias\/frei-clarencio-lanca-novo-livro-e-fala-do-fascinio-por-santo-antonio.html#primaryimage\",\"url\":\"https:\/\/franciscanos.org.br\/noticias\/wp-content\/uploads\/2017\/06\/clarencio_060617.jpg\",\"contentUrl\":\"https:\/\/franciscanos.org.br\/noticias\/wp-content\/uploads\/2017\/06\/clarencio_060617.jpg\",\"width\":273,\"height\":181},{\"@type\":\"WebPage\",\"@id\":\"https:\/\/franciscanos.org.br\/noticias\/frei-clarencio-lanca-novo-livro-e-fala-do-fascinio-por-santo-antonio.html#webpage\",\"url\":\"https:\/\/franciscanos.org.br\/noticias\/frei-clarencio-lanca-novo-livro-e-fala-do-fascinio-por-santo-antonio.html\",\"name\":\"O novo livro de Frei Clar\u00eancio sobre Santo Ant\u00f4nio - Not\u00edcias - Franciscanos\",\"isPartOf\":{\"@id\":\"https:\/\/franciscanos.org.br\/noticias\/#website\"},\"primaryImageOfPage\":{\"@id\":\"https:\/\/franciscanos.org.br\/noticias\/frei-clarencio-lanca-novo-livro-e-fala-do-fascinio-por-santo-antonio.html#primaryimage\"},\"datePublished\":\"2017-06-06T11:11:12+00:00\",\"dateModified\":\"2019-02-05T15:38:08+00:00\",\"author\":{\"@id\":\"https:\/\/franciscanos.org.br\/noticias\/#\/schema\/person\/b38fbf43118f02820bd932f2e4b14ad3\"},\"breadcrumb\":{\"@id\":\"https:\/\/franciscanos.org.br\/noticias\/frei-clarencio-lanca-novo-livro-e-fala-do-fascinio-por-santo-antonio.html#breadcrumb\"},\"inLanguage\":\"pt-BR\",\"potentialAction\":[{\"@type\":\"ReadAction\",\"target\":[\"https:\/\/franciscanos.org.br\/noticias\/frei-clarencio-lanca-novo-livro-e-fala-do-fascinio-por-santo-antonio.html\"]}]},{\"@type\":\"BreadcrumbList\",\"@id\":\"https:\/\/franciscanos.org.br\/noticias\/frei-clarencio-lanca-novo-livro-e-fala-do-fascinio-por-santo-antonio.html#breadcrumb\",\"itemListElement\":[{\"@type\":\"ListItem\",\"position\":1,\"name\":\"Home\",\"item\":\"https:\/\/franciscanos.org.br\/noticias\"},{\"@type\":\"ListItem\",\"position\":2,\"name\":\"O novo livro de Frei Clar\u00eancio sobre Santo Ant\u00f4nio\"}]},{\"@type\":\"Person\",\"@id\":\"https:\/\/franciscanos.org.br\/noticias\/#\/schema\/person\/b38fbf43118f02820bd932f2e4b14ad3\",\"name\":\"admin\",\"image\":{\"@type\":\"ImageObject\",\"inLanguage\":\"pt-BR\",\"@id\":\"https:\/\/franciscanos.org.br\/noticias\/#\/schema\/person\/image\/\",\"url\":\"https:\/\/secure.gravatar.com\/avatar\/e8495742d34d0ba6448ea1c628263b3e?s=96&d=mm&r=g\",\"contentUrl\":\"https:\/\/secure.gravatar.com\/avatar\/e8495742d34d0ba6448ea1c628263b3e?s=96&d=mm&r=g\",\"caption\":\"admin\"},\"url\":\"https:\/\/franciscanos.org.br\/noticias\/author\/admin\"}]}<\/script>\n<!-- \/ Yoast SEO plugin. -->","yoast_head_json":{"title":"O novo livro de Frei Clar\u00eancio sobre Santo Ant\u00f4nio - Not\u00edcias - Franciscanos","robots":{"index":"index","follow":"follow","max-snippet":"max-snippet:-1","max-image-preview":"max-image-preview:large","max-video-preview":"max-video-preview:-1"},"canonical":"https:\/\/franciscanos.org.br\/noticias\/frei-clarencio-lanca-novo-livro-e-fala-do-fascinio-por-santo-antonio.html","og_locale":"pt_BR","og_type":"article","og_title":"O novo livro de Frei Clar\u00eancio sobre Santo Ant\u00f4nio - Not\u00edcias - Franciscanos","og_description":"Lan\u00e7amento","og_url":"https:\/\/franciscanos.org.br\/noticias\/frei-clarencio-lanca-novo-livro-e-fala-do-fascinio-por-santo-antonio.html","og_site_name":"Not\u00edcias - Franciscanos","article_published_time":"2017-06-06T11:11:12+00:00","article_modified_time":"2019-02-05T15:38:08+00:00","og_image":[{"width":273,"height":181,"url":"https:\/\/franciscanos.org.br\/noticias\/wp-content\/uploads\/2017\/06\/clarencio_060617.jpg","type":"image\/jpeg"}],"author":"admin","twitter_card":"summary_large_image","twitter_misc":{"Escrito por":"admin","Est. tempo de leitura":"6 minutos"},"schema":{"@context":"https:\/\/schema.org","@graph":[{"@type":"WebSite","@id":"https:\/\/franciscanos.org.br\/noticias\/#website","url":"https:\/\/franciscanos.org.br\/noticias\/","name":"Not\u00edcias - Franciscanos","description":"Prov\u00edncia Franciscana da Imaculada Concei\u00e7\u00e3o do Brasil - Ordem dos Frades Menores - OFM","potentialAction":[{"@type":"SearchAction","target":{"@type":"EntryPoint","urlTemplate":"https:\/\/franciscanos.org.br\/noticias\/?s={search_term_string}"},"query-input":"required name=search_term_string"}],"inLanguage":"pt-BR"},{"@type":"ImageObject","inLanguage":"pt-BR","@id":"https:\/\/franciscanos.org.br\/noticias\/frei-clarencio-lanca-novo-livro-e-fala-do-fascinio-por-santo-antonio.html#primaryimage","url":"https:\/\/franciscanos.org.br\/noticias\/wp-content\/uploads\/2017\/06\/clarencio_060617.jpg","contentUrl":"https:\/\/franciscanos.org.br\/noticias\/wp-content\/uploads\/2017\/06\/clarencio_060617.jpg","width":273,"height":181},{"@type":"WebPage","@id":"https:\/\/franciscanos.org.br\/noticias\/frei-clarencio-lanca-novo-livro-e-fala-do-fascinio-por-santo-antonio.html#webpage","url":"https:\/\/franciscanos.org.br\/noticias\/frei-clarencio-lanca-novo-livro-e-fala-do-fascinio-por-santo-antonio.html","name":"O novo livro de Frei Clar\u00eancio sobre Santo Ant\u00f4nio - Not\u00edcias - Franciscanos","isPartOf":{"@id":"https:\/\/franciscanos.org.br\/noticias\/#website"},"primaryImageOfPage":{"@id":"https:\/\/franciscanos.org.br\/noticias\/frei-clarencio-lanca-novo-livro-e-fala-do-fascinio-por-santo-antonio.html#primaryimage"},"datePublished":"2017-06-06T11:11:12+00:00","dateModified":"2019-02-05T15:38:08+00:00","author":{"@id":"https:\/\/franciscanos.org.br\/noticias\/#\/schema\/person\/b38fbf43118f02820bd932f2e4b14ad3"},"breadcrumb":{"@id":"https:\/\/franciscanos.org.br\/noticias\/frei-clarencio-lanca-novo-livro-e-fala-do-fascinio-por-santo-antonio.html#breadcrumb"},"inLanguage":"pt-BR","potentialAction":[{"@type":"ReadAction","target":["https:\/\/franciscanos.org.br\/noticias\/frei-clarencio-lanca-novo-livro-e-fala-do-fascinio-por-santo-antonio.html"]}]},{"@type":"BreadcrumbList","@id":"https:\/\/franciscanos.org.br\/noticias\/frei-clarencio-lanca-novo-livro-e-fala-do-fascinio-por-santo-antonio.html#breadcrumb","itemListElement":[{"@type":"ListItem","position":1,"name":"Home","item":"https:\/\/franciscanos.org.br\/noticias"},{"@type":"ListItem","position":2,"name":"O novo livro de Frei Clar\u00eancio sobre Santo Ant\u00f4nio"}]},{"@type":"Person","@id":"https:\/\/franciscanos.org.br\/noticias\/#\/schema\/person\/b38fbf43118f02820bd932f2e4b14ad3","name":"admin","image":{"@type":"ImageObject","inLanguage":"pt-BR","@id":"https:\/\/franciscanos.org.br\/noticias\/#\/schema\/person\/image\/","url":"https:\/\/secure.gravatar.com\/avatar\/e8495742d34d0ba6448ea1c628263b3e?s=96&d=mm&r=g","contentUrl":"https:\/\/secure.gravatar.com\/avatar\/e8495742d34d0ba6448ea1c628263b3e?s=96&d=mm&r=g","caption":"admin"},"url":"https:\/\/franciscanos.org.br\/noticias\/author\/admin"}]}},"_links":{"self":[{"href":"https:\/\/franciscanos.org.br\/noticias\/wp-json\/wp\/v2\/posts\/135562"}],"collection":[{"href":"https:\/\/franciscanos.org.br\/noticias\/wp-json\/wp\/v2\/posts"}],"about":[{"href":"https:\/\/franciscanos.org.br\/noticias\/wp-json\/wp\/v2\/types\/post"}],"author":[{"embeddable":true,"href":"https:\/\/franciscanos.org.br\/noticias\/wp-json\/wp\/v2\/users\/1"}],"replies":[{"embeddable":true,"href":"https:\/\/franciscanos.org.br\/noticias\/wp-json\/wp\/v2\/comments?post=135562"}],"version-history":[{"count":0,"href":"https:\/\/franciscanos.org.br\/noticias\/wp-json\/wp\/v2\/posts\/135562\/revisions"}],"wp:featuredmedia":[{"embeddable":true,"href":"https:\/\/franciscanos.org.br\/noticias\/wp-json\/wp\/v2\/media\/199516"}],"wp:attachment":[{"href":"https:\/\/franciscanos.org.br\/noticias\/wp-json\/wp\/v2\/media?parent=135562"}],"wp:term":[{"taxonomy":"category","embeddable":true,"href":"https:\/\/franciscanos.org.br\/noticias\/wp-json\/wp\/v2\/categories?post=135562"},{"taxonomy":"post_tag","embeddable":true,"href":"https:\/\/franciscanos.org.br\/noticias\/wp-json\/wp\/v2\/tags?post=135562"}],"curies":[{"name":"wp","href":"https:\/\/api.w.org\/{rel}","templated":true}]}}