{"id":135529,"date":"2017-06-05T15:37:01","date_gmt":"2017-06-05T18:37:01","guid":{"rendered":"http:\/\/franciscanos.org.br\/?p=135529"},"modified":"2019-01-24T09:31:39","modified_gmt":"2019-01-24T11:31:39","slug":"operarios-da-vinha-promotores-da-vida-e-da-esperanca","status":"publish","type":"post","link":"https:\/\/franciscanos.org.br\/noticias\/operarios-da-vinha-promotores-da-vida-e-da-esperanca.html","title":{"rendered":"Oper\u00e1rios da vinha: promotores da vida e da esperan\u00e7a"},"content":{"rendered":"<p><strong><img loading=\"lazy\" class=\"alignleft size-full wp-image-196519\" src=\"https:\/\/franciscanos.org.br\/noticias\/wp-content\/uploads\/2017\/06\/trezena_050617G.jpg\" alt=\"\" width=\"830\" height=\"400\" srcset=\"https:\/\/franciscanos.org.br\/noticias\/wp-content\/uploads\/2017\/06\/trezena_050617G.jpg 830w, https:\/\/franciscanos.org.br\/noticias\/wp-content\/uploads\/2017\/06\/trezena_050617G-450x217.jpg 450w, https:\/\/franciscanos.org.br\/noticias\/wp-content\/uploads\/2017\/06\/trezena_050617G-768x370.jpg 768w, https:\/\/franciscanos.org.br\/noticias\/wp-content\/uploads\/2017\/06\/trezena_050617G-150x72.jpg 150w\" sizes=\"(max-width: 830px) 100vw, 830px\" \/>\u00c9rika Augusto<\/strong><\/p>\n<p><strong>S\u00e3o Paulo (SP)<\/strong> &#8211; A manh\u00e3 de segunda-feira surpreendeu os paulistanos com muita chuva, depois de um fim de semana de sol e tempo agrad\u00e1vel. Mesmo assim, os devotos de Santo Ant\u00f4nio foram fi\u00e9is e vieram celebrar o 6\u00ba dia da trezena em honra ao santo paduano no Santu\u00e1rio S\u00e3o Francisco, centro de S\u00e3o Paulo. A missa aconteceu ao meio dia, o que possibilitou a participa\u00e7\u00e3o de muitas pessoas que trabalham no centro e aproveitam a hora de almo\u00e7o para rezar.<\/p>\n<p>No in\u00edcio da celebra\u00e7\u00e3o, foi lembrada a mem\u00f3ria de S\u00e3o Bonif\u00e1cio, m\u00e1rtir celebrado neste dia 5 junho. Ele \u00e9 conhecido como o Ap\u00f3stolo da Alemanha, pois foi em fun\u00e7\u00e3o de seu trabalho mission\u00e1rio naquele pa\u00eds que ele foi martirizado junto a outros crist\u00e3os.<\/p>\n<p>O tema deste 6\u00ba dia da trezena \u00e9: Santo Ant\u00f4nio e Santa Maria: orientai-nos para o servi\u00e7o na vinha do Senhor. No in\u00edcio de sua homilia, Frei Gustavo Medella, que presidiu a celebra\u00e7\u00e3o, recordou as palavras do Papa em\u00e9rito Bento XVI em sua primeira apari\u00e7\u00e3o, em abril de 2005. \u201cDepois do grande Papa Jo\u00e3o Paulo II, os Senhores Cardeais elegeram-me, simples e humilde trabalhador na vinha do Senhor. Consola-me saber que o Senhor sabe trabalhar e agir tamb\u00e9m com instrumentos insuficientes. E, sobretudo, recomendo-me \u00e0s vossas ora\u00e7\u00f5es\u201d.<br \/>\n<img loading=\"lazy\" class=\"alignleft wp-image-135531\" src=\"http:\/\/franciscanos.org.br\/wp-content\/uploads\/2017\/06\/trezena_050617-12.jpg\" alt=\"trezena_050617-12\" width=\"206\" height=\"347\" \/><\/p>\n<p>O frade ressaltou a humildade com que Bento XVI colocou-se a servi\u00e7o da Igreja e dos irm\u00e3os e irm\u00e3s e fez um contraponto com o evangelho do dia, extra\u00eddo de Mc 12, 1-12, intitulada A hist\u00f3ria dos vinhateiros homicidas. Frei Gustavo afirmou que quando o ser humano sucumbe ao ego\u00edsmo, \u00e0 gan\u00e2ncia, ao orgulho e sede de poder, torna-se homicida, pois n\u00e3o age em favor do Reino de Deus. \u201cSe desejamos ser bons oper\u00e1rios na vinha do Senhor, precisamos abandonar estas pr\u00e1ticas para sermos promotores da vida e da esperan\u00e7a\u201d, exortou.<\/p>\n<p>Frei Gustavo afirmou ainda que a vinha do Senhor \u00e9 a fam\u00edlia, a comunidade e o planeta. \u201cA vinha do Senhor \u00e9 nosso planeta, rico em recursos que poderiam garantir uma vida de qualidade para todos os seus habitantes. No entanto, muitos de nossos irm\u00e3os, e com frequ\u00eancia n\u00f3s mesmos, deixamos o nosso cora\u00e7\u00e3o se seduzir por desejos de grandeza e de poder e, em vez de cuidarmos com amor dos bens que Deus nos concede, agimos como seus exploradores. Esta atitude aparece em n\u00edvel pessoal e tamb\u00e9m social\u201d, acrescentou.<\/p>\n<p>A cada dia desta trezena \u00e9 dada uma \u201ctarefa\u201d aos participantes. Neste 6\u00ba dia, Frei Gustavo pediu que os presentes sejam propagadores da l\u00f3gica do cuidado e da defesa da vida, para que todos se sintam acolhidos e filhos amados de Deus.<br \/>\nAo final da celebra\u00e7\u00e3o, o frade pediu ora\u00e7\u00f5es por todo o povo catarinense, que sofre com as chuvas intensas. Ap\u00f3s a ora\u00e7\u00e3o, ele aspergiu o povo com \u00e1gua benta. A Trezena continua amanh\u00e3, ter\u00e7a-feira, \u00e0s 15 horas.<\/p>\n","protected":false},"excerpt":{"rendered":"<p>Trezena<\/p>\n","protected":false},"author":1,"featured_media":196521,"comment_status":"open","ping_status":"open","sticky":false,"template":"","format":"standard","meta":[],"categories":[1],"tags":[312],"acf":[],"yoast_head":"<!-- This site is optimized with the Yoast SEO plugin v19.2 - https:\/\/yoast.com\/wordpress\/plugins\/seo\/ -->\n<title>Oper\u00e1rios da vinha: promotores da vida e da esperan\u00e7a - Not\u00edcias - Franciscanos<\/title>\n<meta name=\"robots\" content=\"index, follow, max-snippet:-1, max-image-preview:large, max-video-preview:-1\" \/>\n<link rel=\"canonical\" href=\"https:\/\/franciscanos.org.br\/noticias\/operarios-da-vinha-promotores-da-vida-e-da-esperanca.html\" \/>\n<meta property=\"og:locale\" content=\"pt_BR\" \/>\n<meta property=\"og:type\" content=\"article\" \/>\n<meta property=\"og:title\" content=\"Oper\u00e1rios da vinha: promotores da vida e da esperan\u00e7a - Not\u00edcias - Franciscanos\" \/>\n<meta property=\"og:description\" content=\"Trezena\" \/>\n<meta property=\"og:url\" content=\"https:\/\/franciscanos.org.br\/noticias\/operarios-da-vinha-promotores-da-vida-e-da-esperanca.html\" \/>\n<meta property=\"og:site_name\" content=\"Not\u00edcias - Franciscanos\" \/>\n<meta property=\"article:published_time\" content=\"2017-06-05T18:37:01+00:00\" \/>\n<meta property=\"article:modified_time\" content=\"2019-01-24T11:31:39+00:00\" \/>\n<meta property=\"og:image\" content=\"https:\/\/franciscanos.org.br\/noticias\/wp-content\/uploads\/2017\/06\/trezena_050617p.jpg\" \/>\n\t<meta property=\"og:image:width\" content=\"273\" \/>\n\t<meta property=\"og:image:height\" content=\"181\" \/>\n\t<meta property=\"og:image:type\" content=\"image\/jpeg\" \/>\n<meta name=\"author\" content=\"admin\" \/>\n<meta name=\"twitter:card\" content=\"summary_large_image\" \/>\n<meta name=\"twitter:label1\" content=\"Escrito por\" \/>\n\t<meta name=\"twitter:data1\" content=\"admin\" \/>\n\t<meta name=\"twitter:label2\" content=\"Est. tempo de leitura\" \/>\n\t<meta name=\"twitter:data2\" content=\"3 minutos\" \/>\n<script type=\"application\/ld+json\" class=\"yoast-schema-graph\">{\"@context\":\"https:\/\/schema.org\",\"@graph\":[{\"@type\":\"WebSite\",\"@id\":\"https:\/\/franciscanos.org.br\/noticias\/#website\",\"url\":\"https:\/\/franciscanos.org.br\/noticias\/\",\"name\":\"Not\u00edcias - Franciscanos\",\"description\":\"Prov\u00edncia Franciscana da Imaculada Concei\u00e7\u00e3o do Brasil - Ordem dos Frades Menores - OFM\",\"potentialAction\":[{\"@type\":\"SearchAction\",\"target\":{\"@type\":\"EntryPoint\",\"urlTemplate\":\"https:\/\/franciscanos.org.br\/noticias\/?s={search_term_string}\"},\"query-input\":\"required name=search_term_string\"}],\"inLanguage\":\"pt-BR\"},{\"@type\":\"ImageObject\",\"inLanguage\":\"pt-BR\",\"@id\":\"https:\/\/franciscanos.org.br\/noticias\/operarios-da-vinha-promotores-da-vida-e-da-esperanca.html#primaryimage\",\"url\":\"https:\/\/franciscanos.org.br\/noticias\/wp-content\/uploads\/2017\/06\/trezena_050617p.jpg\",\"contentUrl\":\"https:\/\/franciscanos.org.br\/noticias\/wp-content\/uploads\/2017\/06\/trezena_050617p.jpg\",\"width\":273,\"height\":181},{\"@type\":\"WebPage\",\"@id\":\"https:\/\/franciscanos.org.br\/noticias\/operarios-da-vinha-promotores-da-vida-e-da-esperanca.html#webpage\",\"url\":\"https:\/\/franciscanos.org.br\/noticias\/operarios-da-vinha-promotores-da-vida-e-da-esperanca.html\",\"name\":\"Oper\u00e1rios da vinha: promotores da vida e da esperan\u00e7a - Not\u00edcias - Franciscanos\",\"isPartOf\":{\"@id\":\"https:\/\/franciscanos.org.br\/noticias\/#website\"},\"primaryImageOfPage\":{\"@id\":\"https:\/\/franciscanos.org.br\/noticias\/operarios-da-vinha-promotores-da-vida-e-da-esperanca.html#primaryimage\"},\"datePublished\":\"2017-06-05T18:37:01+00:00\",\"dateModified\":\"2019-01-24T11:31:39+00:00\",\"author\":{\"@id\":\"https:\/\/franciscanos.org.br\/noticias\/#\/schema\/person\/b38fbf43118f02820bd932f2e4b14ad3\"},\"breadcrumb\":{\"@id\":\"https:\/\/franciscanos.org.br\/noticias\/operarios-da-vinha-promotores-da-vida-e-da-esperanca.html#breadcrumb\"},\"inLanguage\":\"pt-BR\",\"potentialAction\":[{\"@type\":\"ReadAction\",\"target\":[\"https:\/\/franciscanos.org.br\/noticias\/operarios-da-vinha-promotores-da-vida-e-da-esperanca.html\"]}]},{\"@type\":\"BreadcrumbList\",\"@id\":\"https:\/\/franciscanos.org.br\/noticias\/operarios-da-vinha-promotores-da-vida-e-da-esperanca.html#breadcrumb\",\"itemListElement\":[{\"@type\":\"ListItem\",\"position\":1,\"name\":\"Home\",\"item\":\"https:\/\/franciscanos.org.br\/noticias\"},{\"@type\":\"ListItem\",\"position\":2,\"name\":\"Oper\u00e1rios da vinha: promotores da vida e da esperan\u00e7a\"}]},{\"@type\":\"Person\",\"@id\":\"https:\/\/franciscanos.org.br\/noticias\/#\/schema\/person\/b38fbf43118f02820bd932f2e4b14ad3\",\"name\":\"admin\",\"image\":{\"@type\":\"ImageObject\",\"inLanguage\":\"pt-BR\",\"@id\":\"https:\/\/franciscanos.org.br\/noticias\/#\/schema\/person\/image\/\",\"url\":\"https:\/\/secure.gravatar.com\/avatar\/e8495742d34d0ba6448ea1c628263b3e?s=96&d=mm&r=g\",\"contentUrl\":\"https:\/\/secure.gravatar.com\/avatar\/e8495742d34d0ba6448ea1c628263b3e?s=96&d=mm&r=g\",\"caption\":\"admin\"},\"url\":\"https:\/\/franciscanos.org.br\/noticias\/author\/admin\"}]}<\/script>\n<!-- \/ Yoast SEO plugin. -->","yoast_head_json":{"title":"Oper\u00e1rios da vinha: promotores da vida e da esperan\u00e7a - Not\u00edcias - Franciscanos","robots":{"index":"index","follow":"follow","max-snippet":"max-snippet:-1","max-image-preview":"max-image-preview:large","max-video-preview":"max-video-preview:-1"},"canonical":"https:\/\/franciscanos.org.br\/noticias\/operarios-da-vinha-promotores-da-vida-e-da-esperanca.html","og_locale":"pt_BR","og_type":"article","og_title":"Oper\u00e1rios da vinha: promotores da vida e da esperan\u00e7a - Not\u00edcias - Franciscanos","og_description":"Trezena","og_url":"https:\/\/franciscanos.org.br\/noticias\/operarios-da-vinha-promotores-da-vida-e-da-esperanca.html","og_site_name":"Not\u00edcias - Franciscanos","article_published_time":"2017-06-05T18:37:01+00:00","article_modified_time":"2019-01-24T11:31:39+00:00","og_image":[{"width":273,"height":181,"url":"https:\/\/franciscanos.org.br\/noticias\/wp-content\/uploads\/2017\/06\/trezena_050617p.jpg","type":"image\/jpeg"}],"author":"admin","twitter_card":"summary_large_image","twitter_misc":{"Escrito por":"admin","Est. tempo de leitura":"3 minutos"},"schema":{"@context":"https:\/\/schema.org","@graph":[{"@type":"WebSite","@id":"https:\/\/franciscanos.org.br\/noticias\/#website","url":"https:\/\/franciscanos.org.br\/noticias\/","name":"Not\u00edcias - Franciscanos","description":"Prov\u00edncia Franciscana da Imaculada Concei\u00e7\u00e3o do Brasil - Ordem dos Frades Menores - OFM","potentialAction":[{"@type":"SearchAction","target":{"@type":"EntryPoint","urlTemplate":"https:\/\/franciscanos.org.br\/noticias\/?s={search_term_string}"},"query-input":"required name=search_term_string"}],"inLanguage":"pt-BR"},{"@type":"ImageObject","inLanguage":"pt-BR","@id":"https:\/\/franciscanos.org.br\/noticias\/operarios-da-vinha-promotores-da-vida-e-da-esperanca.html#primaryimage","url":"https:\/\/franciscanos.org.br\/noticias\/wp-content\/uploads\/2017\/06\/trezena_050617p.jpg","contentUrl":"https:\/\/franciscanos.org.br\/noticias\/wp-content\/uploads\/2017\/06\/trezena_050617p.jpg","width":273,"height":181},{"@type":"WebPage","@id":"https:\/\/franciscanos.org.br\/noticias\/operarios-da-vinha-promotores-da-vida-e-da-esperanca.html#webpage","url":"https:\/\/franciscanos.org.br\/noticias\/operarios-da-vinha-promotores-da-vida-e-da-esperanca.html","name":"Oper\u00e1rios da vinha: promotores da vida e da esperan\u00e7a - Not\u00edcias - Franciscanos","isPartOf":{"@id":"https:\/\/franciscanos.org.br\/noticias\/#website"},"primaryImageOfPage":{"@id":"https:\/\/franciscanos.org.br\/noticias\/operarios-da-vinha-promotores-da-vida-e-da-esperanca.html#primaryimage"},"datePublished":"2017-06-05T18:37:01+00:00","dateModified":"2019-01-24T11:31:39+00:00","author":{"@id":"https:\/\/franciscanos.org.br\/noticias\/#\/schema\/person\/b38fbf43118f02820bd932f2e4b14ad3"},"breadcrumb":{"@id":"https:\/\/franciscanos.org.br\/noticias\/operarios-da-vinha-promotores-da-vida-e-da-esperanca.html#breadcrumb"},"inLanguage":"pt-BR","potentialAction":[{"@type":"ReadAction","target":["https:\/\/franciscanos.org.br\/noticias\/operarios-da-vinha-promotores-da-vida-e-da-esperanca.html"]}]},{"@type":"BreadcrumbList","@id":"https:\/\/franciscanos.org.br\/noticias\/operarios-da-vinha-promotores-da-vida-e-da-esperanca.html#breadcrumb","itemListElement":[{"@type":"ListItem","position":1,"name":"Home","item":"https:\/\/franciscanos.org.br\/noticias"},{"@type":"ListItem","position":2,"name":"Oper\u00e1rios da vinha: promotores da vida e da esperan\u00e7a"}]},{"@type":"Person","@id":"https:\/\/franciscanos.org.br\/noticias\/#\/schema\/person\/b38fbf43118f02820bd932f2e4b14ad3","name":"admin","image":{"@type":"ImageObject","inLanguage":"pt-BR","@id":"https:\/\/franciscanos.org.br\/noticias\/#\/schema\/person\/image\/","url":"https:\/\/secure.gravatar.com\/avatar\/e8495742d34d0ba6448ea1c628263b3e?s=96&d=mm&r=g","contentUrl":"https:\/\/secure.gravatar.com\/avatar\/e8495742d34d0ba6448ea1c628263b3e?s=96&d=mm&r=g","caption":"admin"},"url":"https:\/\/franciscanos.org.br\/noticias\/author\/admin"}]}},"_links":{"self":[{"href":"https:\/\/franciscanos.org.br\/noticias\/wp-json\/wp\/v2\/posts\/135529"}],"collection":[{"href":"https:\/\/franciscanos.org.br\/noticias\/wp-json\/wp\/v2\/posts"}],"about":[{"href":"https:\/\/franciscanos.org.br\/noticias\/wp-json\/wp\/v2\/types\/post"}],"author":[{"embeddable":true,"href":"https:\/\/franciscanos.org.br\/noticias\/wp-json\/wp\/v2\/users\/1"}],"replies":[{"embeddable":true,"href":"https:\/\/franciscanos.org.br\/noticias\/wp-json\/wp\/v2\/comments?post=135529"}],"version-history":[{"count":0,"href":"https:\/\/franciscanos.org.br\/noticias\/wp-json\/wp\/v2\/posts\/135529\/revisions"}],"wp:featuredmedia":[{"embeddable":true,"href":"https:\/\/franciscanos.org.br\/noticias\/wp-json\/wp\/v2\/media\/196521"}],"wp:attachment":[{"href":"https:\/\/franciscanos.org.br\/noticias\/wp-json\/wp\/v2\/media?parent=135529"}],"wp:term":[{"taxonomy":"category","embeddable":true,"href":"https:\/\/franciscanos.org.br\/noticias\/wp-json\/wp\/v2\/categories?post=135529"},{"taxonomy":"post_tag","embeddable":true,"href":"https:\/\/franciscanos.org.br\/noticias\/wp-json\/wp\/v2\/tags?post=135529"}],"curies":[{"name":"wp","href":"https:\/\/api.w.org\/{rel}","templated":true}]}}