{"id":135359,"date":"2017-06-05T11:02:58","date_gmt":"2017-06-05T14:02:58","guid":{"rendered":"http:\/\/franciscanos.org.br\/?p=135359"},"modified":"2019-02-05T13:36:14","modified_gmt":"2019-02-05T15:36:14","slug":"frei-fidencio-agradece-pelos-50-anos-e-pede-novo-pentecostes-no-santuario","status":"publish","type":"post","link":"https:\/\/franciscanos.org.br\/noticias\/frei-fidencio-agradece-pelos-50-anos-e-pede-novo-pentecostes-no-santuario.html","title":{"rendered":"Frei Fid\u00eancio pede novo Pentecostes na Igreja"},"content":{"rendered":"<p><img loading=\"lazy\" src=\"https:\/\/franciscanos.org.br\/noticias\/wp-content\/uploads\/2017\/06\/oitavo_030617_1.jpg\" alt=\"\" width=\"820\" height=\"543\" \/><\/p>\n<p>Neste domingo (4\/6) solene de Pentecostes, o Santu\u00e1rio do Divino Esp\u00edrito Santo, em\u00a0 Vila Velha (ES), celebrou com alegria o Padroeiro. Coroando a novena e todas as festividades, a celebra\u00e7\u00e3o foi presidida pelo Ministro Provincial desta Prov\u00edncia da Imaculada, Frei Fid\u00eancio Vanb\u00f6emmel.<\/p>\n<p>O Cen\u00e1culo que recebeu o Esp\u00edrito Santo foi representado em um breve instante durante a celebra\u00e7\u00e3o. No escuro, alguns jovens entraram na igreja encenando pessoas \u201csem a Luz\u201d, mas se colocaram em ora\u00e7\u00e3o e, ap\u00f3s breve momento, receberam de uma jovem caracterizada como Maria, M\u00e3e de Jesus, a luz do C\u00edrio Pascal. Depois, aos poucos, foram acessas as outras velas do espa\u00e7o celebrativo. Frei Fid\u00eancio, sens\u00edvel a esse momento, finalizou pedindo: \u201cQue o fogo do Esp\u00edrito Santo queime nossos pecados e nos transforme em pessoas melhores\u201d.<\/p>\n<p><strong>A LUZ DO ESP\u00cdRITO SANTO<\/strong><\/p>\n<p>\u201cA paz esteja convosco. Como o Pai me enviou, tamb\u00e9m eu vos envio.\u00a0 Recebei o Esp\u00edrito Santo\u201d. Frei Fid\u00eancio iniciou a sua homilia, agradecendo em primeiro lugar o convite para celebrar, n\u00e3o s\u00f3 neste dia, mas tamb\u00e9m no \u00faltimo dia da novena.\u00a0 Agradeceu a toda a assembleia que fez parte dessa hist\u00f3ria de 50 anos do Santu\u00e1rio e pediu: \u201cQue o Esp\u00edrito Santo de Deus esteja sempre no cora\u00e7\u00e3o de cada um, para que sejam sempre animadores, guias e pais espirituais desse povo de Vila Velha\u201d.<\/p>\n<p>O Ministro Provincial saudou a comunidade do Divino Esp\u00edrito Santo.\u00a0 \u201cPor cada um, pelo que s\u00e3o e pelo que foram para o Santu\u00e1rio. \u00a0Que sejam sempre Igreja viva, como os jovens que acabaram de demonstrar aqui no altar. Como \u00e9 bonito celebrar o Esp\u00edrito santo, o cuidador por excel\u00eancia dessa casa de Deus. O dom prometido por Jesus que transforma e faz renascer sempre esse homem novo na manh\u00e3 de Pentecostes. A palavra de Deus que ouvimos \u00e9 maravilhosa.\u00a0 S\u00e3o Jo\u00e3o apresenta a comunidade reunida no Cen\u00e1culo onde Jesus celebrou a \u00faltima ceia e onde receberam o dom do Esp\u00edrito Santo no primeiro dia da ressurrei\u00e7\u00e3o\u201d.<\/p>\n<p>Frei Fid\u00eancio lembrou que o contexto do evangelho de Jo\u00e3o apresentava uma comunidade crist\u00e3 \u201csem Jesus\u201d, pois estava anoitecendo. \u201cAnoitecer, nesse momento, significa n\u00e3o ter ideia clara do que vai acontecer. A porta estava trancada por medo. Esta \u00e9 a comunidade sem Jesus, uma comunidade desamparada, com medo, desorientada, insegura, que perdeu a refer\u00eancia e n\u00e3o sabe onde e em quem se agarrar\u201d, explicou o celebrante.<\/p>\n<p><img loading=\"lazy\" src=\"http:\/\/franciscanos.org.br\/wp-content\/uploads\/2017\/06\/fidencio_050617.jpg\" alt=\"fidencio_050617\" width=\"820\" height=\"389\" \/><\/p>\n<p><strong>O CENTRO DE NOSSA VIDA<\/strong><\/p>\n<p>\u201cDe repente, continuou o Ministro Provincial, essa comunidade\u00a0 \u00e9 surpreendida pela presen\u00e7a do Ressuscitado. Para mostrar a eles que Ele, Jesus, \u00e9 a refer\u00eancia principal. \u00c9 o centro. E onde est\u00e1 o Ressuscitado, ali est\u00e1 a comunidade.\u00a0 O que Ele lhes deseja em primeiro lugar \u00e9 a paz.\u00a0 A paz devolve novamente a esses temerosos disc\u00edpulos a coragem.\u00a0 Eles perdem o medo.\u00a0 O Ressuscitado, mostrando as marcas, mostra o tamanho do seu amor.\u00a0 Essas marcas mostram at\u00e9 onde Deus \u00e9 capaz de chegar.\u00a0 Ele mostra que voltou para livr\u00e1-los do medo. E sopra sobre eles o Esp\u00edrito Santo, recriando a vida nessas pessoas que estavam trancadas lamentando a morte, para que pudessem compreender o sentido mais profundo do mist\u00e9rio da ressurrei\u00e7\u00e3o do Senhor.\u00a0 Ele confia a essa comunidade uma miss\u00e3o, a esses disc\u00edpulos, perdoar os pecados. Essa miss\u00e3o significa eliminar do mundo tudo o que \u00e9 pecado, para que atrav\u00e9s do amor do Ressuscitado, pudessem criar novas comunidades.\u00a0 Por isso, uma comunidade verdadeira \u00e9 aquela conduzida pelo sopro do Esp\u00edrito Santo, que se encontra em volta dos sinais do amor de Deus, que continua a mesma miss\u00e3o de Jesus de anunciar a miseric\u00f3rdia\u201d, explicou.<\/p>\n<p>Voltando para a primeira leitura, Frei Fid\u00eancio destacou que \u00e9 o Esp\u00edrito Santo quem cria a comunidade, a Igreja do povo de Deus: \u201cO Esp\u00edrito Santo recria a comunidade crist\u00e3 para que pudesse ir pelo mundo levar o amor de Deus, a gra\u00e7a de Deus, para que, atrav\u00e9s das l\u00ednguas de fogo, a comunidade pudesse entender o verdadeiro amor de Deus\u201d.<\/p>\n<p>\u201cPercebemos\u201d \u2013 diz o ministro, retomando a segunda leitura dessa solenidade \u2013 que o Esp\u00edrito Santo \u00e9 a fonte de onde brota a vida na comunidade.\u00a0 \u201cS\u00e3o Paulo fala dos dons, do carisma que devem ser a vida da comunidade.\u00a0 Quando esses carismas somam, a comunidade se torna mais perfeita. O primeiro dom que devemos professar \u00e9: \u201cJesus \u00e9 o Senhor\u201d.\u00a0\u00a0 Para esse dom, tudo deve ser convergido. H\u00e1 diversidades de gra\u00e7as, de minist\u00e9rios, de costumes, mas quando tudo converge para Jesus, que \u00e9 o Senhor, podemos dizer que essa \u00e9 a Igreja do Esp\u00edrito Santo de Deus.<\/p>\n<p><img loading=\"lazy\" src=\"http:\/\/franciscanos.org.br\/wp-content\/uploads\/2017\/06\/djalmo_050617.jpg\" alt=\"djalmo_050617\" width=\"820\" height=\"543\" \/><\/p>\n<p><strong>NOVO PENTECOSTES<\/strong><\/p>\n<p>Frei Fid\u00eancio tomando a celebra\u00e7\u00e3o dos 50 do Santu\u00e1rio, relembrou a comunidade reunida, dizendo: \u201cQuando tudo se transforma em conflitos, ali n\u00e3o h\u00e1 dons. Se estamos aqui festejando os 50 anos do santu\u00e1rio, temos que olhar para tr\u00e1s e agradecer ao Espirito Santo de Deus que agiu nas pessoas. Para o presente, devemos olhar com esperan\u00e7a e ver que podemos criar um novo Pentecostes nessa igreja, amada e querida de nosso Papa Francisco\u201d.<\/p>\n<p>Ap\u00f3s a Comunh\u00e3o, os corais <em>Sancte Spritus<\/em> e \u201cSementes do Amanh\u00e3\u201d, da Comunidade S\u00e3o Marcos, fizeram uma homenagem \u00e0 Comunidade do Divino Esp\u00edrito Santo e ao Dia de Pentecostes. Rafael, representando toda a juventude da comunidade, agradeceu a participa\u00e7\u00e3o de Frei Fid\u00eancio, entregando uma garrafa de vinho como lembran\u00e7a. E enfatizou dizendo que essa lembran\u00e7a significa a transforma\u00e7\u00e3o.<\/p>\n<p>Em seguida, Frei Djalmo agradeceu a todos que participaram pelo menos uma vez dos nove dias da novena.\u00a0 E pediu um aplauso especial para quem n\u00e3o estava presente na celebra\u00e7\u00e3o, mas que trabalhou absurdamente todos esses dias nos bastidores, como a equipe da cozinha. Frei Fid\u00eancio se despediu da comunidade e agradeceu, mais uma vez, a acolhida de todos.\u00a0 Em seguida deu b\u00ean\u00e7\u00e3o solene de Pentecostes, encerrando as festividades de Pentecostes.<\/p>\n<p><strong>Pascom da Par\u00f3quia do Ros\u00e1rio<\/strong><\/p>\n\n","protected":false},"excerpt":{"rendered":"<p>Vila Velha<\/p>\n","protected":false},"author":1,"featured_media":199514,"comment_status":"open","ping_status":"open","sticky":false,"template":"","format":"standard","meta":[],"categories":[1],"tags":[1352],"acf":[],"yoast_head":"<!-- This site is optimized with the Yoast SEO plugin v19.2 - https:\/\/yoast.com\/wordpress\/plugins\/seo\/ -->\n<title>Frei Fid\u00eancio pede novo Pentecostes na Igreja - Not\u00edcias - Franciscanos<\/title>\n<meta name=\"robots\" content=\"index, follow, max-snippet:-1, max-image-preview:large, max-video-preview:-1\" \/>\n<link rel=\"canonical\" href=\"https:\/\/franciscanos.org.br\/noticias\/frei-fidencio-agradece-pelos-50-anos-e-pede-novo-pentecostes-no-santuario.html\" \/>\n<meta property=\"og:locale\" content=\"pt_BR\" \/>\n<meta property=\"og:type\" content=\"article\" \/>\n<meta property=\"og:title\" content=\"Frei Fid\u00eancio pede novo Pentecostes na Igreja - Not\u00edcias - Franciscanos\" \/>\n<meta property=\"og:description\" content=\"Vila Velha\" \/>\n<meta property=\"og:url\" content=\"https:\/\/franciscanos.org.br\/noticias\/frei-fidencio-agradece-pelos-50-anos-e-pede-novo-pentecostes-no-santuario.html\" \/>\n<meta property=\"og:site_name\" content=\"Not\u00edcias - Franciscanos\" \/>\n<meta property=\"article:published_time\" content=\"2017-06-05T14:02:58+00:00\" \/>\n<meta property=\"article:modified_time\" content=\"2019-02-05T15:36:14+00:00\" \/>\n<meta property=\"og:image\" content=\"https:\/\/franciscanos.org.br\/noticias\/wp-content\/uploads\/2017\/06\/fidencio_050617.jpg\" \/>\n\t<meta property=\"og:image:width\" content=\"273\" \/>\n\t<meta property=\"og:image:height\" content=\"181\" \/>\n\t<meta property=\"og:image:type\" content=\"image\/jpeg\" \/>\n<meta name=\"author\" content=\"admin\" \/>\n<meta name=\"twitter:card\" content=\"summary_large_image\" \/>\n<meta name=\"twitter:label1\" content=\"Escrito por\" \/>\n\t<meta name=\"twitter:data1\" content=\"admin\" \/>\n\t<meta name=\"twitter:label2\" content=\"Est. tempo de leitura\" \/>\n\t<meta name=\"twitter:data2\" content=\"5 minutos\" \/>\n<script type=\"application\/ld+json\" class=\"yoast-schema-graph\">{\"@context\":\"https:\/\/schema.org\",\"@graph\":[{\"@type\":\"WebSite\",\"@id\":\"https:\/\/franciscanos.org.br\/noticias\/#website\",\"url\":\"https:\/\/franciscanos.org.br\/noticias\/\",\"name\":\"Not\u00edcias - Franciscanos\",\"description\":\"Prov\u00edncia Franciscana da Imaculada Concei\u00e7\u00e3o do Brasil - Ordem dos Frades Menores - OFM\",\"potentialAction\":[{\"@type\":\"SearchAction\",\"target\":{\"@type\":\"EntryPoint\",\"urlTemplate\":\"https:\/\/franciscanos.org.br\/noticias\/?s={search_term_string}\"},\"query-input\":\"required name=search_term_string\"}],\"inLanguage\":\"pt-BR\"},{\"@type\":\"ImageObject\",\"inLanguage\":\"pt-BR\",\"@id\":\"https:\/\/franciscanos.org.br\/noticias\/frei-fidencio-agradece-pelos-50-anos-e-pede-novo-pentecostes-no-santuario.html#primaryimage\",\"url\":\"https:\/\/franciscanos.org.br\/noticias\/wp-content\/uploads\/2017\/06\/fidencio_050617.jpg\",\"contentUrl\":\"https:\/\/franciscanos.org.br\/noticias\/wp-content\/uploads\/2017\/06\/fidencio_050617.jpg\",\"width\":273,\"height\":181},{\"@type\":\"WebPage\",\"@id\":\"https:\/\/franciscanos.org.br\/noticias\/frei-fidencio-agradece-pelos-50-anos-e-pede-novo-pentecostes-no-santuario.html#webpage\",\"url\":\"https:\/\/franciscanos.org.br\/noticias\/frei-fidencio-agradece-pelos-50-anos-e-pede-novo-pentecostes-no-santuario.html\",\"name\":\"Frei Fid\u00eancio pede novo Pentecostes na Igreja - Not\u00edcias - Franciscanos\",\"isPartOf\":{\"@id\":\"https:\/\/franciscanos.org.br\/noticias\/#website\"},\"primaryImageOfPage\":{\"@id\":\"https:\/\/franciscanos.org.br\/noticias\/frei-fidencio-agradece-pelos-50-anos-e-pede-novo-pentecostes-no-santuario.html#primaryimage\"},\"datePublished\":\"2017-06-05T14:02:58+00:00\",\"dateModified\":\"2019-02-05T15:36:14+00:00\",\"author\":{\"@id\":\"https:\/\/franciscanos.org.br\/noticias\/#\/schema\/person\/b38fbf43118f02820bd932f2e4b14ad3\"},\"breadcrumb\":{\"@id\":\"https:\/\/franciscanos.org.br\/noticias\/frei-fidencio-agradece-pelos-50-anos-e-pede-novo-pentecostes-no-santuario.html#breadcrumb\"},\"inLanguage\":\"pt-BR\",\"potentialAction\":[{\"@type\":\"ReadAction\",\"target\":[\"https:\/\/franciscanos.org.br\/noticias\/frei-fidencio-agradece-pelos-50-anos-e-pede-novo-pentecostes-no-santuario.html\"]}]},{\"@type\":\"BreadcrumbList\",\"@id\":\"https:\/\/franciscanos.org.br\/noticias\/frei-fidencio-agradece-pelos-50-anos-e-pede-novo-pentecostes-no-santuario.html#breadcrumb\",\"itemListElement\":[{\"@type\":\"ListItem\",\"position\":1,\"name\":\"Home\",\"item\":\"https:\/\/franciscanos.org.br\/noticias\"},{\"@type\":\"ListItem\",\"position\":2,\"name\":\"Frei Fid\u00eancio pede novo Pentecostes na Igreja\"}]},{\"@type\":\"Person\",\"@id\":\"https:\/\/franciscanos.org.br\/noticias\/#\/schema\/person\/b38fbf43118f02820bd932f2e4b14ad3\",\"name\":\"admin\",\"image\":{\"@type\":\"ImageObject\",\"inLanguage\":\"pt-BR\",\"@id\":\"https:\/\/franciscanos.org.br\/noticias\/#\/schema\/person\/image\/\",\"url\":\"https:\/\/secure.gravatar.com\/avatar\/e8495742d34d0ba6448ea1c628263b3e?s=96&d=mm&r=g\",\"contentUrl\":\"https:\/\/secure.gravatar.com\/avatar\/e8495742d34d0ba6448ea1c628263b3e?s=96&d=mm&r=g\",\"caption\":\"admin\"},\"url\":\"https:\/\/franciscanos.org.br\/noticias\/author\/admin\"}]}<\/script>\n<!-- \/ Yoast SEO plugin. -->","yoast_head_json":{"title":"Frei Fid\u00eancio pede novo Pentecostes na Igreja - Not\u00edcias - Franciscanos","robots":{"index":"index","follow":"follow","max-snippet":"max-snippet:-1","max-image-preview":"max-image-preview:large","max-video-preview":"max-video-preview:-1"},"canonical":"https:\/\/franciscanos.org.br\/noticias\/frei-fidencio-agradece-pelos-50-anos-e-pede-novo-pentecostes-no-santuario.html","og_locale":"pt_BR","og_type":"article","og_title":"Frei Fid\u00eancio pede novo Pentecostes na Igreja - Not\u00edcias - Franciscanos","og_description":"Vila Velha","og_url":"https:\/\/franciscanos.org.br\/noticias\/frei-fidencio-agradece-pelos-50-anos-e-pede-novo-pentecostes-no-santuario.html","og_site_name":"Not\u00edcias - Franciscanos","article_published_time":"2017-06-05T14:02:58+00:00","article_modified_time":"2019-02-05T15:36:14+00:00","og_image":[{"width":273,"height":181,"url":"https:\/\/franciscanos.org.br\/noticias\/wp-content\/uploads\/2017\/06\/fidencio_050617.jpg","type":"image\/jpeg"}],"author":"admin","twitter_card":"summary_large_image","twitter_misc":{"Escrito por":"admin","Est. tempo de leitura":"5 minutos"},"schema":{"@context":"https:\/\/schema.org","@graph":[{"@type":"WebSite","@id":"https:\/\/franciscanos.org.br\/noticias\/#website","url":"https:\/\/franciscanos.org.br\/noticias\/","name":"Not\u00edcias - Franciscanos","description":"Prov\u00edncia Franciscana da Imaculada Concei\u00e7\u00e3o do Brasil - Ordem dos Frades Menores - OFM","potentialAction":[{"@type":"SearchAction","target":{"@type":"EntryPoint","urlTemplate":"https:\/\/franciscanos.org.br\/noticias\/?s={search_term_string}"},"query-input":"required name=search_term_string"}],"inLanguage":"pt-BR"},{"@type":"ImageObject","inLanguage":"pt-BR","@id":"https:\/\/franciscanos.org.br\/noticias\/frei-fidencio-agradece-pelos-50-anos-e-pede-novo-pentecostes-no-santuario.html#primaryimage","url":"https:\/\/franciscanos.org.br\/noticias\/wp-content\/uploads\/2017\/06\/fidencio_050617.jpg","contentUrl":"https:\/\/franciscanos.org.br\/noticias\/wp-content\/uploads\/2017\/06\/fidencio_050617.jpg","width":273,"height":181},{"@type":"WebPage","@id":"https:\/\/franciscanos.org.br\/noticias\/frei-fidencio-agradece-pelos-50-anos-e-pede-novo-pentecostes-no-santuario.html#webpage","url":"https:\/\/franciscanos.org.br\/noticias\/frei-fidencio-agradece-pelos-50-anos-e-pede-novo-pentecostes-no-santuario.html","name":"Frei Fid\u00eancio pede novo Pentecostes na Igreja - Not\u00edcias - Franciscanos","isPartOf":{"@id":"https:\/\/franciscanos.org.br\/noticias\/#website"},"primaryImageOfPage":{"@id":"https:\/\/franciscanos.org.br\/noticias\/frei-fidencio-agradece-pelos-50-anos-e-pede-novo-pentecostes-no-santuario.html#primaryimage"},"datePublished":"2017-06-05T14:02:58+00:00","dateModified":"2019-02-05T15:36:14+00:00","author":{"@id":"https:\/\/franciscanos.org.br\/noticias\/#\/schema\/person\/b38fbf43118f02820bd932f2e4b14ad3"},"breadcrumb":{"@id":"https:\/\/franciscanos.org.br\/noticias\/frei-fidencio-agradece-pelos-50-anos-e-pede-novo-pentecostes-no-santuario.html#breadcrumb"},"inLanguage":"pt-BR","potentialAction":[{"@type":"ReadAction","target":["https:\/\/franciscanos.org.br\/noticias\/frei-fidencio-agradece-pelos-50-anos-e-pede-novo-pentecostes-no-santuario.html"]}]},{"@type":"BreadcrumbList","@id":"https:\/\/franciscanos.org.br\/noticias\/frei-fidencio-agradece-pelos-50-anos-e-pede-novo-pentecostes-no-santuario.html#breadcrumb","itemListElement":[{"@type":"ListItem","position":1,"name":"Home","item":"https:\/\/franciscanos.org.br\/noticias"},{"@type":"ListItem","position":2,"name":"Frei Fid\u00eancio pede novo Pentecostes na Igreja"}]},{"@type":"Person","@id":"https:\/\/franciscanos.org.br\/noticias\/#\/schema\/person\/b38fbf43118f02820bd932f2e4b14ad3","name":"admin","image":{"@type":"ImageObject","inLanguage":"pt-BR","@id":"https:\/\/franciscanos.org.br\/noticias\/#\/schema\/person\/image\/","url":"https:\/\/secure.gravatar.com\/avatar\/e8495742d34d0ba6448ea1c628263b3e?s=96&d=mm&r=g","contentUrl":"https:\/\/secure.gravatar.com\/avatar\/e8495742d34d0ba6448ea1c628263b3e?s=96&d=mm&r=g","caption":"admin"},"url":"https:\/\/franciscanos.org.br\/noticias\/author\/admin"}]}},"_links":{"self":[{"href":"https:\/\/franciscanos.org.br\/noticias\/wp-json\/wp\/v2\/posts\/135359"}],"collection":[{"href":"https:\/\/franciscanos.org.br\/noticias\/wp-json\/wp\/v2\/posts"}],"about":[{"href":"https:\/\/franciscanos.org.br\/noticias\/wp-json\/wp\/v2\/types\/post"}],"author":[{"embeddable":true,"href":"https:\/\/franciscanos.org.br\/noticias\/wp-json\/wp\/v2\/users\/1"}],"replies":[{"embeddable":true,"href":"https:\/\/franciscanos.org.br\/noticias\/wp-json\/wp\/v2\/comments?post=135359"}],"version-history":[{"count":0,"href":"https:\/\/franciscanos.org.br\/noticias\/wp-json\/wp\/v2\/posts\/135359\/revisions"}],"wp:featuredmedia":[{"embeddable":true,"href":"https:\/\/franciscanos.org.br\/noticias\/wp-json\/wp\/v2\/media\/199514"}],"wp:attachment":[{"href":"https:\/\/franciscanos.org.br\/noticias\/wp-json\/wp\/v2\/media?parent=135359"}],"wp:term":[{"taxonomy":"category","embeddable":true,"href":"https:\/\/franciscanos.org.br\/noticias\/wp-json\/wp\/v2\/categories?post=135359"},{"taxonomy":"post_tag","embeddable":true,"href":"https:\/\/franciscanos.org.br\/noticias\/wp-json\/wp\/v2\/tags?post=135359"}],"curies":[{"name":"wp","href":"https:\/\/api.w.org\/{rel}","templated":true}]}}