{"id":13530,"date":"2012-03-21T09:58:38","date_gmt":"2012-03-21T12:58:38","guid":{"rendered":"http:\/\/new.franciscanos.org.br\/?p=13530"},"modified":"2019-09-13T13:38:53","modified_gmt":"2019-09-13T16:38:53","slug":"projeto-amazonia-primeiras-impressoes","status":"publish","type":"post","link":"https:\/\/franciscanos.org.br\/noticias\/projeto-amazonia-primeiras-impressoes.html","title":{"rendered":"Projeto Amaz\u00f4nia da Ordem: primeiras impress\u00f5es"},"content":{"rendered":"<p><a href=\"http:\/\/franciscanos.org.br\/wp-content\/uploads\/2012\/03\/amazonia_g21.jpg\"><img loading=\"lazy\" class=\"alignright size-full wp-image-13531\" title=\"Mission\u00e1rios\" src=\"http:\/\/franciscanos.org.br\/wp-content\/uploads\/2012\/03\/amazonia_g21.jpg\" alt=\"\" width=\"400\" height=\"533\" \/><\/a>Quero partilhar um pouco as primeiras impress\u00f5es e experi\u00eancias em terras peruanas. Est\u00e1 sendo um momento muito rico de forma\u00e7\u00e3o, de vida fraterna, de conviv\u00eancia com os frades, de conhecimento da realidade e da hist\u00f3ria da presen\u00e7a franciscana no Peru, especialmente da Prov\u00edncia Mission\u00e1ria de S\u00e3o Francisco Solano. O Ministro Provincial, Frei Mauro Valejjo nos acompanhou at\u00e9 Requena (sede da Miss\u00e3o Amaz\u00f4nia da Ordem dos Frades Menores); \u00e9 atencioso e presente, ali\u00e1s, todos os frades t\u00eam sido atenciosos e acolhedores.<\/p>\n<p>Todos os seis mission\u00e1rios da nova fraternidade chegamos na data prevista. Alguns at\u00e9 chegaram antes. A chegada e acolhida em Lima foi muito simples, mas muito fraterna e cordial. J\u00e1 no dia da chegada, um frei j\u00e1 bem idoso nos presenteou um livro de mais de 700 p\u00e1ginas, o VII volume de uma cole\u00e7\u00e3o sobre a \u201cHist\u00f3ria das Miss\u00f5es Franciscana no Oriente do Peru\u201d. Nossa hospedagem foi no \u201cCentro Missional\u201d. Logo me chamou a aten\u00e7\u00e3o o fato de a Prov\u00edncia ter criado uma estrutura (faz parte do estatuto da Prov\u00edncia) pr\u00f3pria para acolher, hospedar e apoiar mission\u00e1rios e mission\u00e1rias dos tr\u00eas vicariatos da selva peruana, confiados \u00e0 Prov\u00edncia. Ao mesmo tempo que tem uma privacidade e independ\u00eancia f\u00edsica, favorece a conviv\u00eancia fraterna com a comunidade.<\/p>\n<p>Encaminhamos a documenta\u00e7\u00e3o necess\u00e1ria, participamos do encontro de forma\u00e7\u00e3o permanente dos frades da Prov\u00edncia, com o tema \u201cA Nova Evangeliza\u00e7\u00e3o com enfoque franciscano\u201d, fizemos exames m\u00e9dicos, tomamos as vacinas recomendadas, visitamos as fraternidades de Lima, e realizamos alguns passeios para conhecer a cidade. O Convento onde estamos (provincialado e casa de forma\u00e7\u00e3o) teve como primeiro guardi\u00e3o S\u00e3o Francisco Solano. Ali\u00e1s, Lima deu para a Igreja cinco santos, logo nos in\u00edcios da Evangeliza\u00e7\u00e3o. Santo Toribio de Mogrovejo (+ 1606), S\u00e3o Francisco Solano (+ 1610), Santa Rosa de Lima (+ 1617), S\u00e3o Martin de Porres (+ 1639) e S\u00e3o Jo\u00e3o Macias (+ 1645). Visitar o lugar onde nasceram e viveram (S\u00e3o Martin e Santa Rosa nasceram na mesma rua) \u00e9 impressionante. \u00c9 preciso \u201ctirar as sand\u00e1lias\u201d, porque este ch\u00e3o \u00e9 sagrado.<\/p>\n<p>Uma visita que quero destacar foi ao Convento de Santa Rosa de Ocopa, na cordilheira dos Andes. Viajar pelos Andes \u00e9 um espet\u00e1culo \u00e0 parte. Ocopa est\u00e1 situado no Vale do Rio Mantaro (que faz parte das nascentes do Amazonas), distante 290 km de Lima e h\u00e1 3.300 metros de altitude. Mantaro \u00e9 um grande vale na cordilheira, de 80 km de comprimento, muito f\u00e9rtil, muito verde e frio, habitado pelos descendestes do povo de cultura Wanka, salpicado de pequenos povoados, cultivado por camponeses com agricultura artesanal, em canteiros, que vistos de cima dos morros formam verdadeiros mosaicos com variados tons de verde. Permanecemos em Ocopa uma semana, bebendo da m\u00edstica, da espiritualidade, da cultura, da hist\u00f3ria mission\u00e1ria e da beleza de sua geografia. Ocopa foi fundado em 1725, como escola de \u201cPropaganda Fidei\u201d, com o objetivo de ser um centro mission\u00e1rio. De fato, formou gera\u00e7\u00f5es e gera\u00e7\u00f5es de mission\u00e1rios. De l\u00e1 partiram centenas de mission\u00e1rios para as selvas peruanas, mas tamb\u00e9m para a \u201csierra\u201d (cordilheira), para a Bol\u00edvia, Equador, Chile, Argentina.<\/p>\n<p>Para se ter uma ideia do que representa Ocopa para as miss\u00f5es e para a hist\u00f3ria do Peru, na capela dos M\u00e1rtires h\u00e1 uma galeria com mais de 80 frades, de 1532 a 1925 (em torno de 50 s\u00f3 os que partiram de Ocopa). S\u00e3o considerados m\u00e1rtires os frades que tiveram mortes violentas nas miss\u00f5es (flechados, afogados, por picaduras de serpentes, mordidas de feras, ou perdidos na selva). Os mission\u00e1rios de Ocopa foram fundadores de cidades, construtores de caminhos, escolas, igrejas, ge\u00f3grafos, cart\u00f3grafos, historiadores, bot\u00e2nicos, linguistas e desbravadores do solo peruano. Foram os mission\u00e1rios que criaram consci\u00eancia da \u201cperuanidade\u201d, conquistaram territ\u00f3rios e impuseram limites \u00e0s fronteiras brasileiras.<\/p>\n<p>At\u00e9 hoje esse m\u00e9rito \u00e9 reconhecido com gratid\u00e3o pelo governo peruano. Os mission\u00e1rios de Ocopa criaram at\u00e9 um porto \u2013 Porto Ocopa \u2013 num dos afluentes do Amazonas, para terem acesso \u00e0 selva. Ocopa estava ligado diretamente ao Governo Geral da Ordem e \u00e0 Congrega\u00e7\u00e3o da Propaganda Fidei. Teve sua hist\u00f3ria violentamente interrompida, ap\u00f3s a independ\u00eancia, no dia 1\u00ba de novembro de 1824, por conta de um decreto de Sim\u00f3n Bol\u00edvar, decretando sua suspens\u00e3o, transformando-o numa escola para os filhos dos ca\u00eddos na guerra de independ\u00eancia. Foi restaurado 20 anos depois, com a chegada de novos mission\u00e1rios. Com a cria\u00e7\u00e3o da Prov\u00edncia Mission\u00e1ria de S\u00e3o Francisco Solano, em 1908, foi incorporado \u00e0 nova Prov\u00edncia. De 1928 a 1972 funcionou como Casa de Estudos Superiores de Filosofia e Teologia. Hoje \u00e9 casa de noviciado.<\/p>\n<p><strong>Frei At\u00edlio Battistuz<\/strong><\/p>\n","protected":false},"excerpt":{"rendered":"<p>Miss\u00e3o<\/p>\n","protected":false},"author":1,"featured_media":210919,"comment_status":"closed","ping_status":"closed","sticky":false,"template":"","format":"standard","meta":[],"categories":[1],"tags":[201],"acf":[],"yoast_head":"<!-- This site is optimized with the Yoast SEO plugin v19.2 - https:\/\/yoast.com\/wordpress\/plugins\/seo\/ -->\n<title>Projeto Amaz\u00f4nia da Ordem: primeiras impress\u00f5es - Not\u00edcias - Franciscanos<\/title>\n<meta name=\"robots\" content=\"index, follow, max-snippet:-1, max-image-preview:large, max-video-preview:-1\" \/>\n<link rel=\"canonical\" href=\"https:\/\/franciscanos.org.br\/noticias\/projeto-amazonia-primeiras-impressoes.html\" \/>\n<meta property=\"og:locale\" content=\"pt_BR\" \/>\n<meta property=\"og:type\" content=\"article\" \/>\n<meta property=\"og:title\" content=\"Projeto Amaz\u00f4nia da Ordem: primeiras impress\u00f5es - Not\u00edcias - Franciscanos\" \/>\n<meta property=\"og:description\" content=\"Miss\u00e3o\" \/>\n<meta property=\"og:url\" content=\"https:\/\/franciscanos.org.br\/noticias\/projeto-amazonia-primeiras-impressoes.html\" \/>\n<meta property=\"og:site_name\" content=\"Not\u00edcias - Franciscanos\" \/>\n<meta property=\"article:published_time\" content=\"2012-03-21T12:58:38+00:00\" \/>\n<meta property=\"article:modified_time\" content=\"2019-09-13T16:38:53+00:00\" \/>\n<meta property=\"og:image\" content=\"https:\/\/franciscanos.org.br\/noticias\/wp-content\/uploads\/2012\/03\/amazonia_g21.jpg\" \/>\n\t<meta property=\"og:image:width\" content=\"273\" \/>\n\t<meta property=\"og:image:height\" content=\"181\" \/>\n\t<meta property=\"og:image:type\" content=\"image\/jpeg\" \/>\n<meta name=\"author\" content=\"admin\" \/>\n<meta name=\"twitter:card\" content=\"summary_large_image\" \/>\n<meta name=\"twitter:label1\" content=\"Escrito por\" \/>\n\t<meta name=\"twitter:data1\" content=\"admin\" \/>\n\t<meta name=\"twitter:label2\" content=\"Est. tempo de leitura\" \/>\n\t<meta name=\"twitter:data2\" content=\"4 minutos\" \/>\n<script type=\"application\/ld+json\" class=\"yoast-schema-graph\">{\"@context\":\"https:\/\/schema.org\",\"@graph\":[{\"@type\":\"WebSite\",\"@id\":\"https:\/\/franciscanos.org.br\/noticias\/#website\",\"url\":\"https:\/\/franciscanos.org.br\/noticias\/\",\"name\":\"Not\u00edcias - Franciscanos\",\"description\":\"Prov\u00edncia Franciscana da Imaculada Concei\u00e7\u00e3o do Brasil - Ordem dos Frades Menores - OFM\",\"potentialAction\":[{\"@type\":\"SearchAction\",\"target\":{\"@type\":\"EntryPoint\",\"urlTemplate\":\"https:\/\/franciscanos.org.br\/noticias\/?s={search_term_string}\"},\"query-input\":\"required name=search_term_string\"}],\"inLanguage\":\"pt-BR\"},{\"@type\":\"ImageObject\",\"inLanguage\":\"pt-BR\",\"@id\":\"https:\/\/franciscanos.org.br\/noticias\/projeto-amazonia-primeiras-impressoes.html#primaryimage\",\"url\":\"https:\/\/franciscanos.org.br\/noticias\/wp-content\/uploads\/2012\/03\/amazonia_g21.jpg\",\"contentUrl\":\"https:\/\/franciscanos.org.br\/noticias\/wp-content\/uploads\/2012\/03\/amazonia_g21.jpg\",\"width\":273,\"height\":181},{\"@type\":\"WebPage\",\"@id\":\"https:\/\/franciscanos.org.br\/noticias\/projeto-amazonia-primeiras-impressoes.html#webpage\",\"url\":\"https:\/\/franciscanos.org.br\/noticias\/projeto-amazonia-primeiras-impressoes.html\",\"name\":\"Projeto Amaz\u00f4nia da Ordem: primeiras impress\u00f5es - Not\u00edcias - Franciscanos\",\"isPartOf\":{\"@id\":\"https:\/\/franciscanos.org.br\/noticias\/#website\"},\"primaryImageOfPage\":{\"@id\":\"https:\/\/franciscanos.org.br\/noticias\/projeto-amazonia-primeiras-impressoes.html#primaryimage\"},\"datePublished\":\"2012-03-21T12:58:38+00:00\",\"dateModified\":\"2019-09-13T16:38:53+00:00\",\"author\":{\"@id\":\"https:\/\/franciscanos.org.br\/noticias\/#\/schema\/person\/b38fbf43118f02820bd932f2e4b14ad3\"},\"breadcrumb\":{\"@id\":\"https:\/\/franciscanos.org.br\/noticias\/projeto-amazonia-primeiras-impressoes.html#breadcrumb\"},\"inLanguage\":\"pt-BR\",\"potentialAction\":[{\"@type\":\"ReadAction\",\"target\":[\"https:\/\/franciscanos.org.br\/noticias\/projeto-amazonia-primeiras-impressoes.html\"]}]},{\"@type\":\"BreadcrumbList\",\"@id\":\"https:\/\/franciscanos.org.br\/noticias\/projeto-amazonia-primeiras-impressoes.html#breadcrumb\",\"itemListElement\":[{\"@type\":\"ListItem\",\"position\":1,\"name\":\"Home\",\"item\":\"https:\/\/franciscanos.org.br\/noticias\"},{\"@type\":\"ListItem\",\"position\":2,\"name\":\"Projeto Amaz\u00f4nia da Ordem: primeiras impress\u00f5es\"}]},{\"@type\":\"Person\",\"@id\":\"https:\/\/franciscanos.org.br\/noticias\/#\/schema\/person\/b38fbf43118f02820bd932f2e4b14ad3\",\"name\":\"admin\",\"image\":{\"@type\":\"ImageObject\",\"inLanguage\":\"pt-BR\",\"@id\":\"https:\/\/franciscanos.org.br\/noticias\/#\/schema\/person\/image\/\",\"url\":\"https:\/\/secure.gravatar.com\/avatar\/e8495742d34d0ba6448ea1c628263b3e?s=96&d=mm&r=g\",\"contentUrl\":\"https:\/\/secure.gravatar.com\/avatar\/e8495742d34d0ba6448ea1c628263b3e?s=96&d=mm&r=g\",\"caption\":\"admin\"},\"url\":\"https:\/\/franciscanos.org.br\/noticias\/author\/admin\"}]}<\/script>\n<!-- \/ Yoast SEO plugin. -->","yoast_head_json":{"title":"Projeto Amaz\u00f4nia da Ordem: primeiras impress\u00f5es - Not\u00edcias - Franciscanos","robots":{"index":"index","follow":"follow","max-snippet":"max-snippet:-1","max-image-preview":"max-image-preview:large","max-video-preview":"max-video-preview:-1"},"canonical":"https:\/\/franciscanos.org.br\/noticias\/projeto-amazonia-primeiras-impressoes.html","og_locale":"pt_BR","og_type":"article","og_title":"Projeto Amaz\u00f4nia da Ordem: primeiras impress\u00f5es - Not\u00edcias - Franciscanos","og_description":"Miss\u00e3o","og_url":"https:\/\/franciscanos.org.br\/noticias\/projeto-amazonia-primeiras-impressoes.html","og_site_name":"Not\u00edcias - Franciscanos","article_published_time":"2012-03-21T12:58:38+00:00","article_modified_time":"2019-09-13T16:38:53+00:00","og_image":[{"width":273,"height":181,"url":"https:\/\/franciscanos.org.br\/noticias\/wp-content\/uploads\/2012\/03\/amazonia_g21.jpg","type":"image\/jpeg"}],"author":"admin","twitter_card":"summary_large_image","twitter_misc":{"Escrito por":"admin","Est. tempo de leitura":"4 minutos"},"schema":{"@context":"https:\/\/schema.org","@graph":[{"@type":"WebSite","@id":"https:\/\/franciscanos.org.br\/noticias\/#website","url":"https:\/\/franciscanos.org.br\/noticias\/","name":"Not\u00edcias - Franciscanos","description":"Prov\u00edncia Franciscana da Imaculada Concei\u00e7\u00e3o do Brasil - Ordem dos Frades Menores - OFM","potentialAction":[{"@type":"SearchAction","target":{"@type":"EntryPoint","urlTemplate":"https:\/\/franciscanos.org.br\/noticias\/?s={search_term_string}"},"query-input":"required name=search_term_string"}],"inLanguage":"pt-BR"},{"@type":"ImageObject","inLanguage":"pt-BR","@id":"https:\/\/franciscanos.org.br\/noticias\/projeto-amazonia-primeiras-impressoes.html#primaryimage","url":"https:\/\/franciscanos.org.br\/noticias\/wp-content\/uploads\/2012\/03\/amazonia_g21.jpg","contentUrl":"https:\/\/franciscanos.org.br\/noticias\/wp-content\/uploads\/2012\/03\/amazonia_g21.jpg","width":273,"height":181},{"@type":"WebPage","@id":"https:\/\/franciscanos.org.br\/noticias\/projeto-amazonia-primeiras-impressoes.html#webpage","url":"https:\/\/franciscanos.org.br\/noticias\/projeto-amazonia-primeiras-impressoes.html","name":"Projeto Amaz\u00f4nia da Ordem: primeiras impress\u00f5es - Not\u00edcias - Franciscanos","isPartOf":{"@id":"https:\/\/franciscanos.org.br\/noticias\/#website"},"primaryImageOfPage":{"@id":"https:\/\/franciscanos.org.br\/noticias\/projeto-amazonia-primeiras-impressoes.html#primaryimage"},"datePublished":"2012-03-21T12:58:38+00:00","dateModified":"2019-09-13T16:38:53+00:00","author":{"@id":"https:\/\/franciscanos.org.br\/noticias\/#\/schema\/person\/b38fbf43118f02820bd932f2e4b14ad3"},"breadcrumb":{"@id":"https:\/\/franciscanos.org.br\/noticias\/projeto-amazonia-primeiras-impressoes.html#breadcrumb"},"inLanguage":"pt-BR","potentialAction":[{"@type":"ReadAction","target":["https:\/\/franciscanos.org.br\/noticias\/projeto-amazonia-primeiras-impressoes.html"]}]},{"@type":"BreadcrumbList","@id":"https:\/\/franciscanos.org.br\/noticias\/projeto-amazonia-primeiras-impressoes.html#breadcrumb","itemListElement":[{"@type":"ListItem","position":1,"name":"Home","item":"https:\/\/franciscanos.org.br\/noticias"},{"@type":"ListItem","position":2,"name":"Projeto Amaz\u00f4nia da Ordem: primeiras impress\u00f5es"}]},{"@type":"Person","@id":"https:\/\/franciscanos.org.br\/noticias\/#\/schema\/person\/b38fbf43118f02820bd932f2e4b14ad3","name":"admin","image":{"@type":"ImageObject","inLanguage":"pt-BR","@id":"https:\/\/franciscanos.org.br\/noticias\/#\/schema\/person\/image\/","url":"https:\/\/secure.gravatar.com\/avatar\/e8495742d34d0ba6448ea1c628263b3e?s=96&d=mm&r=g","contentUrl":"https:\/\/secure.gravatar.com\/avatar\/e8495742d34d0ba6448ea1c628263b3e?s=96&d=mm&r=g","caption":"admin"},"url":"https:\/\/franciscanos.org.br\/noticias\/author\/admin"}]}},"_links":{"self":[{"href":"https:\/\/franciscanos.org.br\/noticias\/wp-json\/wp\/v2\/posts\/13530"}],"collection":[{"href":"https:\/\/franciscanos.org.br\/noticias\/wp-json\/wp\/v2\/posts"}],"about":[{"href":"https:\/\/franciscanos.org.br\/noticias\/wp-json\/wp\/v2\/types\/post"}],"author":[{"embeddable":true,"href":"https:\/\/franciscanos.org.br\/noticias\/wp-json\/wp\/v2\/users\/1"}],"replies":[{"embeddable":true,"href":"https:\/\/franciscanos.org.br\/noticias\/wp-json\/wp\/v2\/comments?post=13530"}],"version-history":[{"count":0,"href":"https:\/\/franciscanos.org.br\/noticias\/wp-json\/wp\/v2\/posts\/13530\/revisions"}],"wp:featuredmedia":[{"embeddable":true,"href":"https:\/\/franciscanos.org.br\/noticias\/wp-json\/wp\/v2\/media\/210919"}],"wp:attachment":[{"href":"https:\/\/franciscanos.org.br\/noticias\/wp-json\/wp\/v2\/media?parent=13530"}],"wp:term":[{"taxonomy":"category","embeddable":true,"href":"https:\/\/franciscanos.org.br\/noticias\/wp-json\/wp\/v2\/categories?post=13530"},{"taxonomy":"post_tag","embeddable":true,"href":"https:\/\/franciscanos.org.br\/noticias\/wp-json\/wp\/v2\/tags?post=13530"}],"curies":[{"name":"wp","href":"https:\/\/api.w.org\/{rel}","templated":true}]}}