{"id":135261,"date":"2017-06-05T08:08:35","date_gmt":"2017-06-05T11:08:35","guid":{"rendered":"http:\/\/franciscanos.org.br\/?p=135261"},"modified":"2020-06-08T19:19:25","modified_gmt":"2020-06-08T22:19:25","slug":"as-obras-de-misericordia-diz-o-papa-francisco-sao-as-que-tiram-voce-do-egoismo","status":"publish","type":"post","link":"https:\/\/franciscanos.org.br\/noticias\/as-obras-de-misericordia-diz-o-papa-francisco-sao-as-que-tiram-voce-do-egoismo.html","title":{"rendered":"As obras de miseric\u00f3rdia s\u00e3o as que tiram voc\u00ea do ego\u00edsmo"},"content":{"rendered":"<p><img loading=\"lazy\" src=\"http:\/\/franciscanos.org.br\/wp-content\/uploads\/2017\/06\/papa_050617.jpg\" alt=\"papa_050617\" width=\"820\" height=\"431\" \/><\/p>\n<p><strong>Cidade do Vaticano<\/strong> &#8211; As obras de miseric\u00f3rdia n\u00e3o sejam um dar esmolas para descarregar a consci\u00eancia, mas um participar do sofrimento dos outros, mesmo a seu pr\u00f3prio risco e deixando-se incomodar. Foi o que disse o Papa na missa desta manh\u00e3 de segunda-feira (05\/6) na Casa Santa Marta.<\/p>\n<p>O ponto de partida da homilia do Papa Francisco foi a primeira leitura do Livro de Tobias. Os hebreus foram deportados para a Ass\u00edria: um homem justo, chamado Tobias, ajuda compatriotas pobres e &#8211; com o risco da pr\u00f3pria vida &#8211; secretamente enterra os hebreus que s\u00e3o mortos impunemente. Tobias fica triste diante do sofrimento dos outros. Daqui a reflex\u00e3o sobre 14 obras de miseric\u00f3rdia corporais e espirituais. Realiz\u00e1-las &#8211; explica Francisco &#8211; n\u00e3o significa somente compartilhar o que se tem, mas compadecer: \u201cIsto \u00e9, sofrer com quem sofre. Uma obra de miseric\u00f3rdia n\u00e3o \u00e9 fazer algo para descarregar a consci\u00eancia: uma boa a\u00e7\u00e3o, assim estou mais tranquilo, tiro um peso das costas&#8230; N\u00e3o! \u00c9 tamb\u00e9m sofrer a dor dos outros. Compartilhar e compadecer: caminham juntos. \u00c9 misericordioso aquele que sabe compartilhar e tamb\u00e9m se compadecer os problemas de outras pessoas. E aqui a pergunta: \u201cEu sei compartilhar? Eu sou generoso? Eu sou generosa? Mas tamb\u00e9m, quando vejo uma pessoa que est\u00e1 sofrendo, que est\u00e1 em dificuldade, tamb\u00e9m eu sofro? Sei colocar-me nos sapatos dos outros? Na situa\u00e7\u00e3o de sofrimento?&#8221;.<\/p>\n<p>Aos judeus era proibido enterrar seus compatriotas: eles mesmos poderiam ser mortos. Ent\u00e3o Tobias corria perigo. Realizar obras de miseric\u00f3rdia &#8211; disse o Papa &#8211; n\u00e3o significa apenas partilhar e ter compaix\u00e3o, mas tamb\u00e9m arriscar:<br \/>\n\u201cMas, muitas vezes se corre o risco. Pensemos aqui, em Roma. Em plena guerra: quantos se arriscaram, come\u00e7ando por Pio XII, para esconder os hebreus, para que n\u00e3o fossem mortos, para que n\u00e3o fossem deportados. Eles arriscaram a sua pele! Mas era uma obra de miseric\u00f3rdia, salvar a vida daquelas pessoas! Arriscar&#8221;.<\/p>\n<p>O Papa Francisco enfatiza dois outros aspectos. Quem faz obras de miseric\u00f3rdia pode ser ridicularizado por outros &#8211; como aconteceu com Tobias &#8211; porque \u00e9 considerada uma pessoa que faz coisas loucas, em vez de estar tranquilo. E \u00e9 algu\u00e9m que se incomoda: \u201cFazer obras de miseric\u00f3rdia \u00e9 desconfort\u00e1vel. \u201cMas, eu tenho um amigo, um amigo doente, gostaria de visit\u00e1-lo, mas &#8230; n\u00e3o tenho vontade &#8230; prefiro descansar ou assistir TV &#8230; tranquilo&#8230;\u201d. Fazer obras de miseric\u00f3rdia \u00e9 sempre desconfort\u00e1vel. \u00c9 inconveniente. Mas o Senhor sofreu a inconveni\u00eancia por n\u00f3s: foi para a cruz. Para nos dar miseric\u00f3rdia\u201d.<\/p>\n<p>Quem \u201c\u00e9 capaz de fazer uma obra de miseric\u00f3rdia\u201d &#8211; disse o Papa &#8211; \u00e9 \u201cporque sabe que ele recebeu miseric\u00f3rdia antes; que foi o Senhor a conceder miseric\u00f3rdia a ele. E se n\u00f3s fazemos essas coisas, \u00e9 porque o Senhor teve miseric\u00f3rdia de n\u00f3s. E pensemos aos nossos pecados, aos nossos erros e a como o Senhor nos perdoou; perdoou-nos tudo, teve esta miseric\u00f3rdia\u201d e \u201cn\u00f3s fa\u00e7amos o mesmo com os nossos irm\u00e3os\u201d. \u201cAs obras de miseric\u00f3rdia &#8211; concluiu Francisco &#8211; s\u00e3o as que tiram voc\u00ea do ego\u00edsmo e nos fazem imitar Jesus mais de perto\u201d.<\/p>\n<hr \/>\n<p><em>Fonte: R\u00e1dio Vaticano<\/em><\/p>\n","protected":false},"excerpt":{"rendered":"<p>Missa em Santa Marta<\/p>\n","protected":false},"author":1,"featured_media":199510,"comment_status":"open","ping_status":"open","sticky":false,"template":"","format":"standard","meta":[],"categories":[1428],"tags":[1586],"acf":[],"yoast_head":"<!-- This site is optimized with the Yoast SEO plugin v19.2 - https:\/\/yoast.com\/wordpress\/plugins\/seo\/ -->\n<title>As obras de miseric\u00f3rdia s\u00e3o as que tiram voc\u00ea do ego\u00edsmo - Not\u00edcias - Franciscanos<\/title>\n<meta name=\"robots\" content=\"index, follow, max-snippet:-1, max-image-preview:large, max-video-preview:-1\" \/>\n<link rel=\"canonical\" href=\"https:\/\/franciscanos.org.br\/noticias\/as-obras-de-misericordia-diz-o-papa-francisco-sao-as-que-tiram-voce-do-egoismo.html\" \/>\n<meta property=\"og:locale\" content=\"pt_BR\" \/>\n<meta property=\"og:type\" content=\"article\" \/>\n<meta property=\"og:title\" content=\"As obras de miseric\u00f3rdia s\u00e3o as que tiram voc\u00ea do ego\u00edsmo - Not\u00edcias - Franciscanos\" \/>\n<meta property=\"og:description\" content=\"Missa em Santa Marta\" \/>\n<meta property=\"og:url\" content=\"https:\/\/franciscanos.org.br\/noticias\/as-obras-de-misericordia-diz-o-papa-francisco-sao-as-que-tiram-voce-do-egoismo.html\" \/>\n<meta property=\"og:site_name\" content=\"Not\u00edcias - Franciscanos\" \/>\n<meta property=\"article:published_time\" content=\"2017-06-05T11:08:35+00:00\" \/>\n<meta property=\"article:modified_time\" content=\"2020-06-08T22:19:25+00:00\" \/>\n<meta property=\"og:image\" content=\"https:\/\/franciscanos.org.br\/noticias\/wp-content\/uploads\/2017\/06\/papa_050617.jpg\" \/>\n\t<meta property=\"og:image:width\" content=\"273\" \/>\n\t<meta property=\"og:image:height\" content=\"181\" \/>\n\t<meta property=\"og:image:type\" content=\"image\/jpeg\" \/>\n<meta name=\"author\" content=\"admin\" \/>\n<meta name=\"twitter:card\" content=\"summary_large_image\" \/>\n<meta name=\"twitter:label1\" content=\"Escrito por\" \/>\n\t<meta name=\"twitter:data1\" content=\"admin\" \/>\n\t<meta name=\"twitter:label2\" content=\"Est. tempo de leitura\" \/>\n\t<meta name=\"twitter:data2\" content=\"3 minutos\" \/>\n<script type=\"application\/ld+json\" class=\"yoast-schema-graph\">{\"@context\":\"https:\/\/schema.org\",\"@graph\":[{\"@type\":\"WebSite\",\"@id\":\"https:\/\/franciscanos.org.br\/noticias\/#website\",\"url\":\"https:\/\/franciscanos.org.br\/noticias\/\",\"name\":\"Not\u00edcias - Franciscanos\",\"description\":\"Prov\u00edncia Franciscana da Imaculada Concei\u00e7\u00e3o do Brasil - Ordem dos Frades Menores - OFM\",\"potentialAction\":[{\"@type\":\"SearchAction\",\"target\":{\"@type\":\"EntryPoint\",\"urlTemplate\":\"https:\/\/franciscanos.org.br\/noticias\/?s={search_term_string}\"},\"query-input\":\"required name=search_term_string\"}],\"inLanguage\":\"pt-BR\"},{\"@type\":\"ImageObject\",\"inLanguage\":\"pt-BR\",\"@id\":\"https:\/\/franciscanos.org.br\/noticias\/as-obras-de-misericordia-diz-o-papa-francisco-sao-as-que-tiram-voce-do-egoismo.html#primaryimage\",\"url\":\"https:\/\/franciscanos.org.br\/noticias\/wp-content\/uploads\/2017\/06\/papa_050617.jpg\",\"contentUrl\":\"https:\/\/franciscanos.org.br\/noticias\/wp-content\/uploads\/2017\/06\/papa_050617.jpg\",\"width\":273,\"height\":181},{\"@type\":\"WebPage\",\"@id\":\"https:\/\/franciscanos.org.br\/noticias\/as-obras-de-misericordia-diz-o-papa-francisco-sao-as-que-tiram-voce-do-egoismo.html#webpage\",\"url\":\"https:\/\/franciscanos.org.br\/noticias\/as-obras-de-misericordia-diz-o-papa-francisco-sao-as-que-tiram-voce-do-egoismo.html\",\"name\":\"As obras de miseric\u00f3rdia s\u00e3o as que tiram voc\u00ea do ego\u00edsmo - Not\u00edcias - Franciscanos\",\"isPartOf\":{\"@id\":\"https:\/\/franciscanos.org.br\/noticias\/#website\"},\"primaryImageOfPage\":{\"@id\":\"https:\/\/franciscanos.org.br\/noticias\/as-obras-de-misericordia-diz-o-papa-francisco-sao-as-que-tiram-voce-do-egoismo.html#primaryimage\"},\"datePublished\":\"2017-06-05T11:08:35+00:00\",\"dateModified\":\"2020-06-08T22:19:25+00:00\",\"author\":{\"@id\":\"https:\/\/franciscanos.org.br\/noticias\/#\/schema\/person\/b38fbf43118f02820bd932f2e4b14ad3\"},\"breadcrumb\":{\"@id\":\"https:\/\/franciscanos.org.br\/noticias\/as-obras-de-misericordia-diz-o-papa-francisco-sao-as-que-tiram-voce-do-egoismo.html#breadcrumb\"},\"inLanguage\":\"pt-BR\",\"potentialAction\":[{\"@type\":\"ReadAction\",\"target\":[\"https:\/\/franciscanos.org.br\/noticias\/as-obras-de-misericordia-diz-o-papa-francisco-sao-as-que-tiram-voce-do-egoismo.html\"]}]},{\"@type\":\"BreadcrumbList\",\"@id\":\"https:\/\/franciscanos.org.br\/noticias\/as-obras-de-misericordia-diz-o-papa-francisco-sao-as-que-tiram-voce-do-egoismo.html#breadcrumb\",\"itemListElement\":[{\"@type\":\"ListItem\",\"position\":1,\"name\":\"Home\",\"item\":\"https:\/\/franciscanos.org.br\/noticias\"},{\"@type\":\"ListItem\",\"position\":2,\"name\":\"As obras de miseric\u00f3rdia s\u00e3o as que tiram voc\u00ea do ego\u00edsmo\"}]},{\"@type\":\"Person\",\"@id\":\"https:\/\/franciscanos.org.br\/noticias\/#\/schema\/person\/b38fbf43118f02820bd932f2e4b14ad3\",\"name\":\"admin\",\"image\":{\"@type\":\"ImageObject\",\"inLanguage\":\"pt-BR\",\"@id\":\"https:\/\/franciscanos.org.br\/noticias\/#\/schema\/person\/image\/\",\"url\":\"https:\/\/secure.gravatar.com\/avatar\/e8495742d34d0ba6448ea1c628263b3e?s=96&d=mm&r=g\",\"contentUrl\":\"https:\/\/secure.gravatar.com\/avatar\/e8495742d34d0ba6448ea1c628263b3e?s=96&d=mm&r=g\",\"caption\":\"admin\"},\"url\":\"https:\/\/franciscanos.org.br\/noticias\/author\/admin\"}]}<\/script>\n<!-- \/ Yoast SEO plugin. -->","yoast_head_json":{"title":"As obras de miseric\u00f3rdia s\u00e3o as que tiram voc\u00ea do ego\u00edsmo - Not\u00edcias - Franciscanos","robots":{"index":"index","follow":"follow","max-snippet":"max-snippet:-1","max-image-preview":"max-image-preview:large","max-video-preview":"max-video-preview:-1"},"canonical":"https:\/\/franciscanos.org.br\/noticias\/as-obras-de-misericordia-diz-o-papa-francisco-sao-as-que-tiram-voce-do-egoismo.html","og_locale":"pt_BR","og_type":"article","og_title":"As obras de miseric\u00f3rdia s\u00e3o as que tiram voc\u00ea do ego\u00edsmo - Not\u00edcias - Franciscanos","og_description":"Missa em Santa Marta","og_url":"https:\/\/franciscanos.org.br\/noticias\/as-obras-de-misericordia-diz-o-papa-francisco-sao-as-que-tiram-voce-do-egoismo.html","og_site_name":"Not\u00edcias - Franciscanos","article_published_time":"2017-06-05T11:08:35+00:00","article_modified_time":"2020-06-08T22:19:25+00:00","og_image":[{"width":273,"height":181,"url":"https:\/\/franciscanos.org.br\/noticias\/wp-content\/uploads\/2017\/06\/papa_050617.jpg","type":"image\/jpeg"}],"author":"admin","twitter_card":"summary_large_image","twitter_misc":{"Escrito por":"admin","Est. tempo de leitura":"3 minutos"},"schema":{"@context":"https:\/\/schema.org","@graph":[{"@type":"WebSite","@id":"https:\/\/franciscanos.org.br\/noticias\/#website","url":"https:\/\/franciscanos.org.br\/noticias\/","name":"Not\u00edcias - Franciscanos","description":"Prov\u00edncia Franciscana da Imaculada Concei\u00e7\u00e3o do Brasil - Ordem dos Frades Menores - OFM","potentialAction":[{"@type":"SearchAction","target":{"@type":"EntryPoint","urlTemplate":"https:\/\/franciscanos.org.br\/noticias\/?s={search_term_string}"},"query-input":"required name=search_term_string"}],"inLanguage":"pt-BR"},{"@type":"ImageObject","inLanguage":"pt-BR","@id":"https:\/\/franciscanos.org.br\/noticias\/as-obras-de-misericordia-diz-o-papa-francisco-sao-as-que-tiram-voce-do-egoismo.html#primaryimage","url":"https:\/\/franciscanos.org.br\/noticias\/wp-content\/uploads\/2017\/06\/papa_050617.jpg","contentUrl":"https:\/\/franciscanos.org.br\/noticias\/wp-content\/uploads\/2017\/06\/papa_050617.jpg","width":273,"height":181},{"@type":"WebPage","@id":"https:\/\/franciscanos.org.br\/noticias\/as-obras-de-misericordia-diz-o-papa-francisco-sao-as-que-tiram-voce-do-egoismo.html#webpage","url":"https:\/\/franciscanos.org.br\/noticias\/as-obras-de-misericordia-diz-o-papa-francisco-sao-as-que-tiram-voce-do-egoismo.html","name":"As obras de miseric\u00f3rdia s\u00e3o as que tiram voc\u00ea do ego\u00edsmo - Not\u00edcias - Franciscanos","isPartOf":{"@id":"https:\/\/franciscanos.org.br\/noticias\/#website"},"primaryImageOfPage":{"@id":"https:\/\/franciscanos.org.br\/noticias\/as-obras-de-misericordia-diz-o-papa-francisco-sao-as-que-tiram-voce-do-egoismo.html#primaryimage"},"datePublished":"2017-06-05T11:08:35+00:00","dateModified":"2020-06-08T22:19:25+00:00","author":{"@id":"https:\/\/franciscanos.org.br\/noticias\/#\/schema\/person\/b38fbf43118f02820bd932f2e4b14ad3"},"breadcrumb":{"@id":"https:\/\/franciscanos.org.br\/noticias\/as-obras-de-misericordia-diz-o-papa-francisco-sao-as-que-tiram-voce-do-egoismo.html#breadcrumb"},"inLanguage":"pt-BR","potentialAction":[{"@type":"ReadAction","target":["https:\/\/franciscanos.org.br\/noticias\/as-obras-de-misericordia-diz-o-papa-francisco-sao-as-que-tiram-voce-do-egoismo.html"]}]},{"@type":"BreadcrumbList","@id":"https:\/\/franciscanos.org.br\/noticias\/as-obras-de-misericordia-diz-o-papa-francisco-sao-as-que-tiram-voce-do-egoismo.html#breadcrumb","itemListElement":[{"@type":"ListItem","position":1,"name":"Home","item":"https:\/\/franciscanos.org.br\/noticias"},{"@type":"ListItem","position":2,"name":"As obras de miseric\u00f3rdia s\u00e3o as que tiram voc\u00ea do ego\u00edsmo"}]},{"@type":"Person","@id":"https:\/\/franciscanos.org.br\/noticias\/#\/schema\/person\/b38fbf43118f02820bd932f2e4b14ad3","name":"admin","image":{"@type":"ImageObject","inLanguage":"pt-BR","@id":"https:\/\/franciscanos.org.br\/noticias\/#\/schema\/person\/image\/","url":"https:\/\/secure.gravatar.com\/avatar\/e8495742d34d0ba6448ea1c628263b3e?s=96&d=mm&r=g","contentUrl":"https:\/\/secure.gravatar.com\/avatar\/e8495742d34d0ba6448ea1c628263b3e?s=96&d=mm&r=g","caption":"admin"},"url":"https:\/\/franciscanos.org.br\/noticias\/author\/admin"}]}},"_links":{"self":[{"href":"https:\/\/franciscanos.org.br\/noticias\/wp-json\/wp\/v2\/posts\/135261"}],"collection":[{"href":"https:\/\/franciscanos.org.br\/noticias\/wp-json\/wp\/v2\/posts"}],"about":[{"href":"https:\/\/franciscanos.org.br\/noticias\/wp-json\/wp\/v2\/types\/post"}],"author":[{"embeddable":true,"href":"https:\/\/franciscanos.org.br\/noticias\/wp-json\/wp\/v2\/users\/1"}],"replies":[{"embeddable":true,"href":"https:\/\/franciscanos.org.br\/noticias\/wp-json\/wp\/v2\/comments?post=135261"}],"version-history":[{"count":1,"href":"https:\/\/franciscanos.org.br\/noticias\/wp-json\/wp\/v2\/posts\/135261\/revisions"}],"predecessor-version":[{"id":225322,"href":"https:\/\/franciscanos.org.br\/noticias\/wp-json\/wp\/v2\/posts\/135261\/revisions\/225322"}],"wp:featuredmedia":[{"embeddable":true,"href":"https:\/\/franciscanos.org.br\/noticias\/wp-json\/wp\/v2\/media\/199510"}],"wp:attachment":[{"href":"https:\/\/franciscanos.org.br\/noticias\/wp-json\/wp\/v2\/media?parent=135261"}],"wp:term":[{"taxonomy":"category","embeddable":true,"href":"https:\/\/franciscanos.org.br\/noticias\/wp-json\/wp\/v2\/categories?post=135261"},{"taxonomy":"post_tag","embeddable":true,"href":"https:\/\/franciscanos.org.br\/noticias\/wp-json\/wp\/v2\/tags?post=135261"}],"curies":[{"name":"wp","href":"https:\/\/api.w.org\/{rel}","templated":true}]}}