{"id":135156,"date":"2017-06-04T14:15:05","date_gmt":"2017-06-04T17:15:05","guid":{"rendered":"http:\/\/franciscanos.org.br\/?p=135156"},"modified":"2019-01-24T09:28:09","modified_gmt":"2019-01-24T11:28:09","slug":"deixar-que-jesus-seja-o-centro-de-nossas-vidas","status":"publish","type":"post","link":"https:\/\/franciscanos.org.br\/noticias\/deixar-que-jesus-seja-o-centro-de-nossas-vidas.html","title":{"rendered":"Frei Medella pede para deixar Jesus no centro de nossa vida"},"content":{"rendered":"<p><strong><img loading=\"lazy\" class=\"alignleft size-full wp-image-196516\" src=\"https:\/\/franciscanos.org.br\/noticias\/wp-content\/uploads\/2017\/06\/pentecostessf_040617.jpg\" alt=\"\" width=\"830\" height=\"623\" srcset=\"https:\/\/franciscanos.org.br\/noticias\/wp-content\/uploads\/2017\/06\/pentecostessf_040617.jpg 830w, https:\/\/franciscanos.org.br\/noticias\/wp-content\/uploads\/2017\/06\/pentecostessf_040617-450x338.jpg 450w, https:\/\/franciscanos.org.br\/noticias\/wp-content\/uploads\/2017\/06\/pentecostessf_040617-768x576.jpg 768w, https:\/\/franciscanos.org.br\/noticias\/wp-content\/uploads\/2017\/06\/pentecostessf_040617-150x113.jpg 150w\" sizes=\"(max-width: 830px) 100vw, 830px\" \/>Moacir Beggo<\/strong><\/p>\n<p><strong>\u00a0<\/strong><strong>S\u00e3o Paulo (SP)<\/strong> &#8211; Domingo de sol, manh\u00e3 agrad\u00e1vel de outono, para muita gente o centro velho de S\u00e3o Paulo \u00e9 &#8220;morto&#8221;. Mas no Largo S\u00e3o Francisco, o domingo de Pentecostes mostrou uma Igreja viva e participativa.\u00a0 \u00c0s 10h30, a igreja do Convento S\u00e3o Francisco, que celebra 370 anos de funda\u00e7\u00e3o neste ano, ficou cheia de fi\u00e9is para celebrar Ant\u00f4nio, na sua Trezena;\u00a0 Maria, no Ano Mariano; e o Esp\u00edrito Santo na solenidade deste dia.<\/p>\n<p>Neste domingo, a Trezena chegou ao quinto dia e o pregador, Frei Gustavo Medella, refletiu sobre o tema \u201cSanto Ant\u00f4nio e Santa Maria, ajudai-nos a nos tornar morada do Esp\u00edrito\u201d.<\/p>\n<p>O Definidor e coordenador da Frente de Comunica\u00e7\u00e3o da Prov\u00edncia da Imaculada tomou um texto de Santo Ant\u00f4nio, \u201cum te\u00f3logo brilhante e intelectual de primeira linha\u201d, para fundamentar sua reflex\u00e3o.<\/p>\n<p>&#8220;Santo Ant\u00f4nio chama a aten\u00e7\u00e3o para o significado da sauda\u00e7\u00e3o que Jesus repete v\u00e1rias vezes: &#8216;A paz esteja convosco&#8217;. O santo destaca que a palavra PAZ, composta por tr\u00eas letras, em latim <strong>PAX (P A X<\/strong>) \u00e9 um convite de Jesus \u00e0 f\u00e9 na unidade da Trindade. O \u201cP\u201d refere-se ao Pai, o \u201cA\u201d, primeira vogal, aponta para Jesus, a voz (ou vogal) do Pai, e o \u201cX\u201d, consoante dupla, \u00e9 o Esp\u00edrito Santo, que procede do Pai e do Filho. Ao nos dizer, ainda hoje, a &#8216;paz esteja convosco&#8217;, Jesus nos recomenda a f\u00e9 na unidade da Trindade. Em rela\u00e7\u00e3o \u00e0 Trindade, pela f\u00e9, Maria \u00e9 Filha do Pai, M\u00e3e do Filho e esposa do Esp\u00edrito Santo. Eis a\u00ed o primeiro elemento para sermos morada do Esp\u00edrito: a f\u00e9 na Trindade Santa&#8221;, explicou.<\/p>\n<p><img loading=\"lazy\" class=\"alignleft size-full wp-image-135159\" src=\"http:\/\/franciscanos.org.br\/wp-content\/uploads\/2017\/06\/pentecostessf_040617_1.jpg\" alt=\"pentecostessf_040617_1\" width=\"351\" height=\"500\" \/>\u00a0Segundo Frei Gustavo, outro ponto destacado por Ant\u00f4nio \u00e9 a posi\u00e7\u00e3o na qual Jesus se coloca entre os seus: <em>sempre no meio deles<\/em>. &#8220;Santo Ant\u00f4nio nos lembra que o centro \u00e9 o lugar que compete a Jesus, no c\u00e9u, no seio da Virgem, na manjedoura e na cruz. No c\u00e9u, segundo diz o livro do Apocalipse, o &#8216;Cordeiro est\u00e1 no centro do trono, isto \u00e9, no Seio do Pai&#8217;; no ventre de Maria, Nossa Senhora \u00e9 s\u00edmbolo dos habitantes de Si\u00e3o, sobre os quais diz o profeta Isa\u00edas: &#8216;Exultai e cantai louvores, habitantes de Si\u00e3o, porque grande \u00e9 no meio de v\u00f3s o Santo de Israel&#8217; (Is 12,6); na manjedoura, colocado entre dois animais; sobre o madeiro da cruz, crucificado entre dois condenados. Sempre ao centro. Por isso, diz Ant\u00f4nio: &#8216;Jesus est\u00e1 no centro de todo cora\u00e7\u00e3o. Est\u00e1 no centro porque dele, como do centro, todos os raios da gra\u00e7a se irradiam a n\u00f3s que caminhamos ao seu redor e nos agitamos na periferia&#8217;\u201d, acrescentou o frade, citando os raios que irradiam do Sagrado Cora\u00e7\u00e3o de Jesus.<\/p>\n<p>Para o frade, Jesus diz ainda que est\u00e1 em &#8216;vosso meio&#8217; como aquele que serve. &#8220;Justamente porque Jesus est\u00e1 no centro \u00e9 que o crist\u00e3o tem a seguran\u00e7a de sair de si. Os ap\u00f3stolos, cheios do Esp\u00edrito Santo, fizeram-se compreender porque ganharam a coragem de abandonar os pr\u00f3prios medos, tiveram a capacidade de ir ao encontro do outro para anunciar com as palavras e com a vida as maravilhas do Senhor. Est\u00e1 a\u00ed a segunda li\u00e7\u00e3o que Maria e Ant\u00f4nio nos ensinam para sermos morada do Esp\u00edrito: Deixar que Jesus seja o centro em nossas vidas para termos a coragem de sair de n\u00f3s mesmos para nos colocar a servi\u00e7o da humanidade. &#8216;Eu estou em vosso meio como aquele que serve&#8217;. \u00c9 deste modo que devemos estar no meio do mundo&#8221;, enfatizou Frei Gustavo.<\/p>\n<p>O frade terminou a homilia dando um alento \u00e0s pessoas. &#8220;E quando ca\u00edmos no pecado do ego\u00edsmo e da indiferen\u00e7a? Baseando-se no exemplo de S\u00e3o Pedro, que foi capaz de negar Jesus por tr\u00eas vezes, Santo Ant\u00f4nio nos instrui: &#8216;Pedro que, antes de todos, tinha ca\u00eddo renegando-O, levantou-se no meio dos irm\u00e3os, indicando com isso a n\u00f3s que, levantando-nos do pecado, nos colocamos no meio dos irm\u00e3os, porque no centro existe o amor que se estende seja ao amigo ou ao inimigo&#8217;\u201d, ensinou.<\/p>\n<p>Todo dia, Frei Gustavo deixa uma &#8220;tarefa de casa&#8221; para refletir. Ontem, ele esqueceu do desafio e deixou, neste domingo, duas tarefas: &#8220;Reforcemos nossa f\u00e9 na Sant\u00edssima Trindade pela ora\u00e7\u00e3o e medita\u00e7\u00e3o e busquemos sair de n\u00f3s para nos colocarmos \u00e0 disposi\u00e7\u00e3o do outro, perguntando-nos, o que eu posso fazer por aqueles que precisam de mim?&#8221;.<\/p>\n<p>No encerramento da celebra\u00e7\u00e3o, ao fechar-se o Tempo da P\u00e1scoa, o C\u00edrio foi apagado. Segundo Frei Medella, como disc\u00edpulos de Jesus, cheios do Esp\u00edrito Santo, agora devemos ser n\u00f3s a \u201cLuz de Cristo\u201d que se irradia em meio aos irm\u00e3os. Frei Medella deu a b\u00ean\u00e7\u00e3o final, pr\u00f3pria para o dia.<\/p>\n<p>A Missa das 10h30 conta com as crian\u00e7as da catequese, que participaram ativamente da liturgia. O p\u00e1roco, Frei Alvaci Mendes da Luz, lembrou que nesta segunda a Trezena continua ao meio-dia. Uma das campanhas da Par\u00f3quia, segundo Frei Alvaci, \u00e9 angariar fundos para restaurar e pintar a fachada do Convento at\u00e9 setembro, quando ser\u00e3o celebrados, festivamente, os 370 anos do Convento.<\/p>\n","protected":false},"excerpt":{"rendered":"<p>Trezena <\/p>\n","protected":false},"author":1,"featured_media":196517,"comment_status":"open","ping_status":"open","sticky":false,"template":"","format":"standard","meta":[],"categories":[1],"tags":[312],"acf":[],"yoast_head":"<!-- This site is optimized with the Yoast SEO plugin v19.2 - https:\/\/yoast.com\/wordpress\/plugins\/seo\/ -->\n<title>Frei Medella pede para deixar Jesus no centro de nossa vida - Not\u00edcias - Franciscanos<\/title>\n<meta name=\"robots\" content=\"index, follow, max-snippet:-1, max-image-preview:large, max-video-preview:-1\" \/>\n<link rel=\"canonical\" href=\"https:\/\/franciscanos.org.br\/noticias\/deixar-que-jesus-seja-o-centro-de-nossas-vidas.html\" \/>\n<meta property=\"og:locale\" content=\"pt_BR\" \/>\n<meta property=\"og:type\" content=\"article\" \/>\n<meta property=\"og:title\" content=\"Frei Medella pede para deixar Jesus no centro de nossa vida - Not\u00edcias - Franciscanos\" \/>\n<meta property=\"og:description\" content=\"Trezena\" \/>\n<meta property=\"og:url\" content=\"https:\/\/franciscanos.org.br\/noticias\/deixar-que-jesus-seja-o-centro-de-nossas-vidas.html\" \/>\n<meta property=\"og:site_name\" content=\"Not\u00edcias - Franciscanos\" \/>\n<meta property=\"article:published_time\" content=\"2017-06-04T17:15:05+00:00\" \/>\n<meta property=\"article:modified_time\" content=\"2019-01-24T11:28:09+00:00\" \/>\n<meta property=\"og:image\" content=\"https:\/\/franciscanos.org.br\/noticias\/wp-content\/uploads\/2017\/06\/pentecostessf_040617p.jpg\" \/>\n\t<meta property=\"og:image:width\" content=\"273\" \/>\n\t<meta property=\"og:image:height\" content=\"181\" \/>\n\t<meta property=\"og:image:type\" content=\"image\/jpeg\" \/>\n<meta name=\"author\" content=\"admin\" \/>\n<meta name=\"twitter:card\" content=\"summary_large_image\" \/>\n<meta name=\"twitter:label1\" content=\"Escrito por\" \/>\n\t<meta name=\"twitter:data1\" content=\"admin\" \/>\n\t<meta name=\"twitter:label2\" content=\"Est. tempo de leitura\" \/>\n\t<meta name=\"twitter:data2\" content=\"4 minutos\" \/>\n<script type=\"application\/ld+json\" class=\"yoast-schema-graph\">{\"@context\":\"https:\/\/schema.org\",\"@graph\":[{\"@type\":\"WebSite\",\"@id\":\"https:\/\/franciscanos.org.br\/noticias\/#website\",\"url\":\"https:\/\/franciscanos.org.br\/noticias\/\",\"name\":\"Not\u00edcias - Franciscanos\",\"description\":\"Prov\u00edncia Franciscana da Imaculada Concei\u00e7\u00e3o do Brasil - Ordem dos Frades Menores - OFM\",\"potentialAction\":[{\"@type\":\"SearchAction\",\"target\":{\"@type\":\"EntryPoint\",\"urlTemplate\":\"https:\/\/franciscanos.org.br\/noticias\/?s={search_term_string}\"},\"query-input\":\"required name=search_term_string\"}],\"inLanguage\":\"pt-BR\"},{\"@type\":\"ImageObject\",\"inLanguage\":\"pt-BR\",\"@id\":\"https:\/\/franciscanos.org.br\/noticias\/deixar-que-jesus-seja-o-centro-de-nossas-vidas.html#primaryimage\",\"url\":\"https:\/\/franciscanos.org.br\/noticias\/wp-content\/uploads\/2017\/06\/pentecostessf_040617p.jpg\",\"contentUrl\":\"https:\/\/franciscanos.org.br\/noticias\/wp-content\/uploads\/2017\/06\/pentecostessf_040617p.jpg\",\"width\":273,\"height\":181},{\"@type\":\"WebPage\",\"@id\":\"https:\/\/franciscanos.org.br\/noticias\/deixar-que-jesus-seja-o-centro-de-nossas-vidas.html#webpage\",\"url\":\"https:\/\/franciscanos.org.br\/noticias\/deixar-que-jesus-seja-o-centro-de-nossas-vidas.html\",\"name\":\"Frei Medella pede para deixar Jesus no centro de nossa vida - Not\u00edcias - Franciscanos\",\"isPartOf\":{\"@id\":\"https:\/\/franciscanos.org.br\/noticias\/#website\"},\"primaryImageOfPage\":{\"@id\":\"https:\/\/franciscanos.org.br\/noticias\/deixar-que-jesus-seja-o-centro-de-nossas-vidas.html#primaryimage\"},\"datePublished\":\"2017-06-04T17:15:05+00:00\",\"dateModified\":\"2019-01-24T11:28:09+00:00\",\"author\":{\"@id\":\"https:\/\/franciscanos.org.br\/noticias\/#\/schema\/person\/b38fbf43118f02820bd932f2e4b14ad3\"},\"breadcrumb\":{\"@id\":\"https:\/\/franciscanos.org.br\/noticias\/deixar-que-jesus-seja-o-centro-de-nossas-vidas.html#breadcrumb\"},\"inLanguage\":\"pt-BR\",\"potentialAction\":[{\"@type\":\"ReadAction\",\"target\":[\"https:\/\/franciscanos.org.br\/noticias\/deixar-que-jesus-seja-o-centro-de-nossas-vidas.html\"]}]},{\"@type\":\"BreadcrumbList\",\"@id\":\"https:\/\/franciscanos.org.br\/noticias\/deixar-que-jesus-seja-o-centro-de-nossas-vidas.html#breadcrumb\",\"itemListElement\":[{\"@type\":\"ListItem\",\"position\":1,\"name\":\"Home\",\"item\":\"https:\/\/franciscanos.org.br\/noticias\"},{\"@type\":\"ListItem\",\"position\":2,\"name\":\"Frei Medella pede para deixar Jesus no centro de nossa vida\"}]},{\"@type\":\"Person\",\"@id\":\"https:\/\/franciscanos.org.br\/noticias\/#\/schema\/person\/b38fbf43118f02820bd932f2e4b14ad3\",\"name\":\"admin\",\"image\":{\"@type\":\"ImageObject\",\"inLanguage\":\"pt-BR\",\"@id\":\"https:\/\/franciscanos.org.br\/noticias\/#\/schema\/person\/image\/\",\"url\":\"https:\/\/secure.gravatar.com\/avatar\/e8495742d34d0ba6448ea1c628263b3e?s=96&d=mm&r=g\",\"contentUrl\":\"https:\/\/secure.gravatar.com\/avatar\/e8495742d34d0ba6448ea1c628263b3e?s=96&d=mm&r=g\",\"caption\":\"admin\"},\"url\":\"https:\/\/franciscanos.org.br\/noticias\/author\/admin\"}]}<\/script>\n<!-- \/ Yoast SEO plugin. -->","yoast_head_json":{"title":"Frei Medella pede para deixar Jesus no centro de nossa vida - Not\u00edcias - Franciscanos","robots":{"index":"index","follow":"follow","max-snippet":"max-snippet:-1","max-image-preview":"max-image-preview:large","max-video-preview":"max-video-preview:-1"},"canonical":"https:\/\/franciscanos.org.br\/noticias\/deixar-que-jesus-seja-o-centro-de-nossas-vidas.html","og_locale":"pt_BR","og_type":"article","og_title":"Frei Medella pede para deixar Jesus no centro de nossa vida - Not\u00edcias - Franciscanos","og_description":"Trezena","og_url":"https:\/\/franciscanos.org.br\/noticias\/deixar-que-jesus-seja-o-centro-de-nossas-vidas.html","og_site_name":"Not\u00edcias - Franciscanos","article_published_time":"2017-06-04T17:15:05+00:00","article_modified_time":"2019-01-24T11:28:09+00:00","og_image":[{"width":273,"height":181,"url":"https:\/\/franciscanos.org.br\/noticias\/wp-content\/uploads\/2017\/06\/pentecostessf_040617p.jpg","type":"image\/jpeg"}],"author":"admin","twitter_card":"summary_large_image","twitter_misc":{"Escrito por":"admin","Est. tempo de leitura":"4 minutos"},"schema":{"@context":"https:\/\/schema.org","@graph":[{"@type":"WebSite","@id":"https:\/\/franciscanos.org.br\/noticias\/#website","url":"https:\/\/franciscanos.org.br\/noticias\/","name":"Not\u00edcias - Franciscanos","description":"Prov\u00edncia Franciscana da Imaculada Concei\u00e7\u00e3o do Brasil - Ordem dos Frades Menores - OFM","potentialAction":[{"@type":"SearchAction","target":{"@type":"EntryPoint","urlTemplate":"https:\/\/franciscanos.org.br\/noticias\/?s={search_term_string}"},"query-input":"required name=search_term_string"}],"inLanguage":"pt-BR"},{"@type":"ImageObject","inLanguage":"pt-BR","@id":"https:\/\/franciscanos.org.br\/noticias\/deixar-que-jesus-seja-o-centro-de-nossas-vidas.html#primaryimage","url":"https:\/\/franciscanos.org.br\/noticias\/wp-content\/uploads\/2017\/06\/pentecostessf_040617p.jpg","contentUrl":"https:\/\/franciscanos.org.br\/noticias\/wp-content\/uploads\/2017\/06\/pentecostessf_040617p.jpg","width":273,"height":181},{"@type":"WebPage","@id":"https:\/\/franciscanos.org.br\/noticias\/deixar-que-jesus-seja-o-centro-de-nossas-vidas.html#webpage","url":"https:\/\/franciscanos.org.br\/noticias\/deixar-que-jesus-seja-o-centro-de-nossas-vidas.html","name":"Frei Medella pede para deixar Jesus no centro de nossa vida - Not\u00edcias - Franciscanos","isPartOf":{"@id":"https:\/\/franciscanos.org.br\/noticias\/#website"},"primaryImageOfPage":{"@id":"https:\/\/franciscanos.org.br\/noticias\/deixar-que-jesus-seja-o-centro-de-nossas-vidas.html#primaryimage"},"datePublished":"2017-06-04T17:15:05+00:00","dateModified":"2019-01-24T11:28:09+00:00","author":{"@id":"https:\/\/franciscanos.org.br\/noticias\/#\/schema\/person\/b38fbf43118f02820bd932f2e4b14ad3"},"breadcrumb":{"@id":"https:\/\/franciscanos.org.br\/noticias\/deixar-que-jesus-seja-o-centro-de-nossas-vidas.html#breadcrumb"},"inLanguage":"pt-BR","potentialAction":[{"@type":"ReadAction","target":["https:\/\/franciscanos.org.br\/noticias\/deixar-que-jesus-seja-o-centro-de-nossas-vidas.html"]}]},{"@type":"BreadcrumbList","@id":"https:\/\/franciscanos.org.br\/noticias\/deixar-que-jesus-seja-o-centro-de-nossas-vidas.html#breadcrumb","itemListElement":[{"@type":"ListItem","position":1,"name":"Home","item":"https:\/\/franciscanos.org.br\/noticias"},{"@type":"ListItem","position":2,"name":"Frei Medella pede para deixar Jesus no centro de nossa vida"}]},{"@type":"Person","@id":"https:\/\/franciscanos.org.br\/noticias\/#\/schema\/person\/b38fbf43118f02820bd932f2e4b14ad3","name":"admin","image":{"@type":"ImageObject","inLanguage":"pt-BR","@id":"https:\/\/franciscanos.org.br\/noticias\/#\/schema\/person\/image\/","url":"https:\/\/secure.gravatar.com\/avatar\/e8495742d34d0ba6448ea1c628263b3e?s=96&d=mm&r=g","contentUrl":"https:\/\/secure.gravatar.com\/avatar\/e8495742d34d0ba6448ea1c628263b3e?s=96&d=mm&r=g","caption":"admin"},"url":"https:\/\/franciscanos.org.br\/noticias\/author\/admin"}]}},"_links":{"self":[{"href":"https:\/\/franciscanos.org.br\/noticias\/wp-json\/wp\/v2\/posts\/135156"}],"collection":[{"href":"https:\/\/franciscanos.org.br\/noticias\/wp-json\/wp\/v2\/posts"}],"about":[{"href":"https:\/\/franciscanos.org.br\/noticias\/wp-json\/wp\/v2\/types\/post"}],"author":[{"embeddable":true,"href":"https:\/\/franciscanos.org.br\/noticias\/wp-json\/wp\/v2\/users\/1"}],"replies":[{"embeddable":true,"href":"https:\/\/franciscanos.org.br\/noticias\/wp-json\/wp\/v2\/comments?post=135156"}],"version-history":[{"count":0,"href":"https:\/\/franciscanos.org.br\/noticias\/wp-json\/wp\/v2\/posts\/135156\/revisions"}],"wp:featuredmedia":[{"embeddable":true,"href":"https:\/\/franciscanos.org.br\/noticias\/wp-json\/wp\/v2\/media\/196517"}],"wp:attachment":[{"href":"https:\/\/franciscanos.org.br\/noticias\/wp-json\/wp\/v2\/media?parent=135156"}],"wp:term":[{"taxonomy":"category","embeddable":true,"href":"https:\/\/franciscanos.org.br\/noticias\/wp-json\/wp\/v2\/categories?post=135156"},{"taxonomy":"post_tag","embeddable":true,"href":"https:\/\/franciscanos.org.br\/noticias\/wp-json\/wp\/v2\/tags?post=135156"}],"curies":[{"name":"wp","href":"https:\/\/api.w.org\/{rel}","templated":true}]}}