{"id":135146,"date":"2017-06-04T08:51:01","date_gmt":"2017-06-04T11:51:01","guid":{"rendered":"http:\/\/franciscanos.org.br\/?p=135146"},"modified":"2019-02-05T13:25:33","modified_gmt":"2019-02-05T15:25:33","slug":"ministro-provincial-encerra-a-novena-antes-da-vigilia","status":"publish","type":"post","link":"https:\/\/franciscanos.org.br\/noticias\/ministro-provincial-encerra-a-novena-antes-da-vigilia.html","title":{"rendered":"Ministro Provincial encerra a Novena"},"content":{"rendered":"<p><img loading=\"lazy\" src=\"https:\/\/franciscanos.org.br\/noticias\/wp-content\/uploads\/2017\/06\/oitavo_030617_1-1.jpg\" alt=\"\" width=\"820\" height=\"543\" \/><\/p>\n<p>Com o tema,<strong> \u201co Esp\u00edrito Santo intercede por n\u00f3s\u201d, <\/strong>o nono e \u00faltimo dia da Novena de Pentecostes, no Santu\u00e1rio do Divino Esp\u00edrito Santo, em Vila Velha (ES), teve como presidente Frei Fid\u00eancio Vanboemmel, Ministro Provincial da Prov\u00edncia Imaculada Concei\u00e7\u00e3o, com sede em S\u00e3o Paulo. A prece estava direcionada \u00e0s Pastorais, Movimentos e Servi\u00e7os da comunidade. Frei Djalmo acolheu a todos que estavam em comunidade e apresentou Frei Fid\u00eancio, exaltando a import\u00e2ncia de sua presen\u00e7a, principalmente neste \u00faltimo dia da Novena.<\/p>\n<p><strong><em>\u201cO Esp\u00edrito do Senhor vem em socorro de nossa fraqueza e acende em n\u00f3s o amor e a alegria de sermos a assembleia amada de Deus\u201d<\/em><\/strong><em>.<\/em><\/p>\n<p>A Nona vela da novena foi entregue a Frei Djalmo, P\u00e1roco do Santu\u00e1rio, representando o servi\u00e7o e a miss\u00e3o de todos os franciscanos que aqui est\u00e3o e os que j\u00e1 passaram por aqui.\u00a0 Ele acendeu a vela no C\u00edrio Pascal e foi ao encontro de alguns membros das diversas, pastorais e movimentos, que formavam um corredor central, iluminado. Em seguida, Frei Djalmo guiou os representantes da comunidade, que estavam com as velas, at\u00e9 imagem de Nossa Senhora Aparecida, onde todas as velas s\u00e3o colocadas e entoado o canto \u201cA N\u00f3s descei\u201d.<\/p>\n<p><strong>\u00a0<\/strong><strong>ABRIR O CORA\u00c7\u00c3O AO ESP\u00cdRITO DE DEUS<\/strong><\/p>\n<p>Frei Fid\u00eancio saudou os confrades e as pastorais, movimentos e servi\u00e7os do Santu\u00e1rio neste ano jubilar, onde completa 50 anos e tamb\u00e9m no jubileu do Ano Mariano.\u00a0 Santu\u00e1rio, uma igreja que se prepara para celebrar Aquele que aqui \u00e9 sempre invocado, \u00a0o Divino Espirito Santo.<\/p>\n<p>O Ministro destacou que, com o tema do dia \u201cO Esp\u00edrito Santo intercede por n\u00f3s\u201d, o foco \u00e9 olhar exatamente para o Esp\u00edrito Santo como nosso verdadeiro intercessor. \u00a0Segundo o frade, intercessor \u00e9 aquele ou aquela que se coloca no lugar do outro para ajud\u00e1-lo em uma eventual necessidade.\u00a0 Aquele que se coloca como defesa da pessoa. Intercessor \u00e9 aquele que se move para o meio, para o centro.\u00a0 N\u00e3o \u00e9 apenas movimento f\u00edsico, mas se coloca no centro de nossas causas.\u00a0 Por isso, invocamos o Esp\u00edrito Santo para que esteja sempre no centro de nossas a\u00e7\u00f5es e causas. O Esp\u00edrito Santo \u00e9 aquele que intercede a Deus por n\u00f3s e nossas necessidades. Neste domingo, celebramos o Esp\u00edrito Santo que aparece entre l\u00ednguas de fogo.<\/p>\n<p>Mas para entender melhor toda essa palavra, devemos retroceder um pouquinho.\u00a0 Quando lemos Carta de Paulo, onde fala de um s\u00f3 mediador que \u00e9 Jesus Cristo.\u00a0 Onde colocar o Esp\u00edrito Santo se o pr\u00f3prio Deus fala de um s\u00f3 mediador.\u00a0 Como assim se desde pequenos fomos educados a pedir a ajuda da m\u00e3e? Quando lemos a palavra <em>\u201c..e quando chegou a plenitude dos tempos, Deus enviou seu filho Jesus Cristo para que fosse nosso mediador\u201d.\u00a0 <\/em>Quando jesus inicia sua miss\u00e3o, ele proclama \u201c<em>o Espirito do Senhor est\u00e1 sobre mim<\/em>\u201d.<\/p>\n<p>Foi assim que Jesus, o grande e \u00fanico mediador, passou pela terra pedindo. A samaritana ele oferece o perd\u00e3o; \u00a0ao cego ele oferece a vis\u00e3o; \u00e0 multid\u00e3o faminta ele oferece a partilha do p\u00e3o; \u00a0aos leprosos ele purifica a pele; \u00a0aos medrosos ele oferece a f\u00e9; \u00a0ao pecador no alto da cruz o perd\u00e3o; \u00a0e a Pedro, que o negou 3 vezes, ele ainda o pergunta: Pedro voc\u00ea me ama?<\/p>\n<p>Enfim, o \u00fanico mediador, Jesus rezou e intercedeu por todos os que creram nele. Portando, Jesus \u00e9 o primeiro grande intercessor entre Deus e a vida humana. Ele foi de fato e continua a ser o nosso advogado, que n\u00e3o precisa de muitas palavras, mas usa da miseric\u00f3rdia de Deus para fazer o bem \u00a0a cada uma das pessoas. Depois de cumprir a miss\u00e3o na terra, Jesus come\u00e7a a preparar o cora\u00e7\u00e3o dos disc\u00edpulos para que eles pudessem abrir seu cora\u00e7\u00e3o \u00e0 vinda do Esp\u00edrito Santo: <em>\u201ceu novamente vou para o Pai.\u00a0 E \u00e9 muito bom, porque se eu for, vou enviar o Par\u00e1clito que lhes ensinar\u00e1 todas as coisas. Quando vier o par\u00e1clito, ele \u00e9 que vai dar testemunho de Mim.\u00a0 N\u00e3o precisam ter medo, porque atrav\u00e9s do Esp\u00edrito Santo Eu estarei com voc\u00eas.<\/em><\/p>\n<p>Frei Fid\u00eancio lembrou que ouvimos um texto maravilhoso da segunda leitura, quando S\u00e3o Paulo fala: \u201cTamb\u00e9m o Esp\u00edrito vem em socorro de vossa franqueza.\u00a0 Pois n\u00f3s n\u00e3o sabemos o que pedir, nem como pedir; \u00e9 o pr\u00f3prio Esp\u00edrito que vem em socorro da nossa fraqueza..\u201d&#8230; Jesus foi mediador enquanto viveu e depois nos enviou o Esp\u00edrito Santo.\u00a0 Mas, o Esp\u00edrito Santo precisa ser invocado, n\u00e3o somos n\u00f3s que oramos para o Esp\u00edrito Santo e o Esp\u00edrito Santo que ora em n\u00f3s.\u00a0 Por isso \u00e9 importante invocar para que Ele seja de fato nosso protetor.\u00a0 Se acreditamos que Jesus \u00e9 o mediador, quem nos d\u00e1 essa f\u00e9 \u00e9 o Esp\u00edrito Santo, o defensor enviado por Jesus para nos defender diante do Pai.<\/p>\n<p>A primeira atitude, segundo o Ministro Provincial, \u00a0e a mais importante \u00e9 abrir o cora\u00e7\u00e3o ao Esp\u00edrito Santo de Deus. Porque \u00e9 do cora\u00e7\u00e3o que brotam todas as coisas boas, todo o bem. N\u00e3o devemos deixar o esp\u00edrito da lux\u00faria e da gan\u00e2ncia tomar conta de n\u00f3s. Devemos pedir para que esse Esp\u00edrito Santo do Senhor nos anime para que possamos continuar nessa caminhada de Deus.\u00a0 Nos preparamos em uni\u00e3o como Esp\u00edrito Santo nesses nove dias para receber e nos saciar da grande festa da vida.\u00a0 Devemos invocar o Esp\u00edrito Santo para que nos encaminhe para Jesus, para o evangelho.\u00a0 E finalizou invocando \u201cEsp\u00edrito Santo de Deus intercedei por n\u00f3s\u201d.<\/p>\n<p><strong>PAZ SONHADA E CANTADA<\/strong><\/p>\n<p>Ap\u00f3s a Comunh\u00e3o, Frei Florival lembrou da Festa de Pentecostes e falou do temor que tiveram se dariam conta de fazer uma \u00a0Novena.\u00a0 Mas, ressaltou que quando colocamos nossos dons e carismas a servi\u00e7o do irm\u00e3o, o Esp\u00edrito Santo intercede por n\u00f3s.<\/p>\n<p>Alguns jovens com vestes brancas e bandeiras se posicionaram \u00e0 \u00a0frente do altar e no presbit\u00e9rio.\u00a0 Ao som de uma m\u00fasica, \u00a0abriram as bandeiras, onde se lia \u201cPAZ\u201d e caminharam pela igreja.\u00a0 Um grande v\u00e9u branco foi- se abrindo e cobrindo as pessoas.\u00a0 Em seguida outros jovens entraram com cora\u00e7\u00f5es vermelhos, onde estavam em destaque os dons do Esp\u00edrito Santo. Um momento de muita emo\u00e7\u00e3o e alegria que foi finalizado com toda a assembleia cantando \u2018Seja bem-vindo Esp\u00edrito Santo\u201d.<\/p>\n<p><strong>HOMENAGEM<\/strong><\/p>\n<p>Como gesto de agradecimento \u00e0 comunidade paroquial pelos in\u00fameros esfor\u00e7os de seus membros, Frei Djalmo chamou Dona Eutalinha ao altar para lhe prestar agradecimentos, por tudo que ela \u00e9, e por tudo que representa para a comunidade Santu\u00e1rio.\u00a0 De forma brev\u00edssima, Frei Djalmo fez uma reverente lembran\u00e7a da caminhada de Dona Eutalinha. Ele contou que Dona Eutalinha dava catequese para as crian\u00e7as no presbit\u00e9rio da igreja, onde ainda n\u00e3o tinha nada.\u00a0 Al\u00e9m de ajudar em outros servi\u00e7os.\u00a0 O que faz at\u00e9 hoje.<\/p>\n<p>Duas crian\u00e7as entregaram rosas e uma placa comemorativa dos 50 anos do Santu\u00e1rio a Dona Eutalinha.\u00a0 Na placa, os dizeres: <em>\u201cAo celebrar 50 anos de exist\u00eancia, o Santu\u00e1rio do Divino Esp\u00edrito Santo presta justa homenagem e agradecimento a Sra. Eut\u00e1lia, pelos muitos anos de servi\u00e7o e gratid\u00e3o\u201d. <\/em>\u00a0Dona Eutalinha, ou vov\u00f3 Tat\u00e1, como \u00e9 carinhosamente chamada, deu um emocionado depoimento, lembrando todos que passaram e fizeram hist\u00f3ria \u00a0no Santu\u00e1rio, principalmente os Freis falecidos: Frei M\u00e1rcio, Frei Vitalino e Frei Vunibaldo.<\/p>\n<p>Em seguida, Frei Djalmo aben\u00e7oou as medalhas que, como aconteceu durante toda a semana, foram entregues ao final das celebra\u00e7\u00f5es. Frei Fid\u00eancio, no final, deu a b\u00ean\u00e7\u00e3o de Pentecostes, antes de se iniciar a Vig\u00edlia de Pentecostes durante toda a noite.<\/p>\n<p>&nbsp;<\/p>\n","protected":false},"excerpt":{"rendered":"<p>Novena de Pentecostes<\/p>\n","protected":false},"author":1,"featured_media":199504,"comment_status":"open","ping_status":"open","sticky":false,"template":"","format":"standard","meta":[],"categories":[1],"tags":[231],"acf":[],"yoast_head":"<!-- This site is optimized with the Yoast SEO plugin v19.2 - https:\/\/yoast.com\/wordpress\/plugins\/seo\/ -->\n<title>Ministro Provincial encerra a Novena - Not\u00edcias - Franciscanos<\/title>\n<meta name=\"robots\" content=\"index, follow, max-snippet:-1, max-image-preview:large, max-video-preview:-1\" \/>\n<link rel=\"canonical\" href=\"https:\/\/franciscanos.org.br\/noticias\/ministro-provincial-encerra-a-novena-antes-da-vigilia.html\" \/>\n<meta property=\"og:locale\" content=\"pt_BR\" \/>\n<meta property=\"og:type\" content=\"article\" \/>\n<meta property=\"og:title\" content=\"Ministro Provincial encerra a Novena - Not\u00edcias - Franciscanos\" \/>\n<meta property=\"og:description\" content=\"Novena de Pentecostes\" \/>\n<meta property=\"og:url\" content=\"https:\/\/franciscanos.org.br\/noticias\/ministro-provincial-encerra-a-novena-antes-da-vigilia.html\" \/>\n<meta property=\"og:site_name\" content=\"Not\u00edcias - Franciscanos\" \/>\n<meta property=\"article:published_time\" content=\"2017-06-04T11:51:01+00:00\" \/>\n<meta property=\"article:modified_time\" content=\"2019-02-05T15:25:33+00:00\" \/>\n<meta property=\"og:image\" content=\"https:\/\/franciscanos.org.br\/noticias\/wp-content\/uploads\/2017\/06\/273-2.jpg\" \/>\n\t<meta property=\"og:image:width\" content=\"273\" \/>\n\t<meta property=\"og:image:height\" content=\"181\" \/>\n\t<meta property=\"og:image:type\" content=\"image\/jpeg\" \/>\n<meta name=\"author\" content=\"admin\" \/>\n<meta name=\"twitter:card\" content=\"summary_large_image\" \/>\n<meta name=\"twitter:label1\" content=\"Escrito por\" \/>\n\t<meta name=\"twitter:data1\" content=\"admin\" \/>\n\t<meta name=\"twitter:label2\" content=\"Est. tempo de leitura\" \/>\n\t<meta name=\"twitter:data2\" content=\"7 minutos\" \/>\n<script type=\"application\/ld+json\" class=\"yoast-schema-graph\">{\"@context\":\"https:\/\/schema.org\",\"@graph\":[{\"@type\":\"WebSite\",\"@id\":\"https:\/\/franciscanos.org.br\/noticias\/#website\",\"url\":\"https:\/\/franciscanos.org.br\/noticias\/\",\"name\":\"Not\u00edcias - Franciscanos\",\"description\":\"Prov\u00edncia Franciscana da Imaculada Concei\u00e7\u00e3o do Brasil - Ordem dos Frades Menores - OFM\",\"potentialAction\":[{\"@type\":\"SearchAction\",\"target\":{\"@type\":\"EntryPoint\",\"urlTemplate\":\"https:\/\/franciscanos.org.br\/noticias\/?s={search_term_string}\"},\"query-input\":\"required name=search_term_string\"}],\"inLanguage\":\"pt-BR\"},{\"@type\":\"ImageObject\",\"inLanguage\":\"pt-BR\",\"@id\":\"https:\/\/franciscanos.org.br\/noticias\/ministro-provincial-encerra-a-novena-antes-da-vigilia.html#primaryimage\",\"url\":\"https:\/\/franciscanos.org.br\/noticias\/wp-content\/uploads\/2017\/06\/273-2.jpg\",\"contentUrl\":\"https:\/\/franciscanos.org.br\/noticias\/wp-content\/uploads\/2017\/06\/273-2.jpg\",\"width\":273,\"height\":181},{\"@type\":\"WebPage\",\"@id\":\"https:\/\/franciscanos.org.br\/noticias\/ministro-provincial-encerra-a-novena-antes-da-vigilia.html#webpage\",\"url\":\"https:\/\/franciscanos.org.br\/noticias\/ministro-provincial-encerra-a-novena-antes-da-vigilia.html\",\"name\":\"Ministro Provincial encerra a Novena - Not\u00edcias - Franciscanos\",\"isPartOf\":{\"@id\":\"https:\/\/franciscanos.org.br\/noticias\/#website\"},\"primaryImageOfPage\":{\"@id\":\"https:\/\/franciscanos.org.br\/noticias\/ministro-provincial-encerra-a-novena-antes-da-vigilia.html#primaryimage\"},\"datePublished\":\"2017-06-04T11:51:01+00:00\",\"dateModified\":\"2019-02-05T15:25:33+00:00\",\"author\":{\"@id\":\"https:\/\/franciscanos.org.br\/noticias\/#\/schema\/person\/b38fbf43118f02820bd932f2e4b14ad3\"},\"breadcrumb\":{\"@id\":\"https:\/\/franciscanos.org.br\/noticias\/ministro-provincial-encerra-a-novena-antes-da-vigilia.html#breadcrumb\"},\"inLanguage\":\"pt-BR\",\"potentialAction\":[{\"@type\":\"ReadAction\",\"target\":[\"https:\/\/franciscanos.org.br\/noticias\/ministro-provincial-encerra-a-novena-antes-da-vigilia.html\"]}]},{\"@type\":\"BreadcrumbList\",\"@id\":\"https:\/\/franciscanos.org.br\/noticias\/ministro-provincial-encerra-a-novena-antes-da-vigilia.html#breadcrumb\",\"itemListElement\":[{\"@type\":\"ListItem\",\"position\":1,\"name\":\"Home\",\"item\":\"https:\/\/franciscanos.org.br\/noticias\"},{\"@type\":\"ListItem\",\"position\":2,\"name\":\"Ministro Provincial encerra a Novena\"}]},{\"@type\":\"Person\",\"@id\":\"https:\/\/franciscanos.org.br\/noticias\/#\/schema\/person\/b38fbf43118f02820bd932f2e4b14ad3\",\"name\":\"admin\",\"image\":{\"@type\":\"ImageObject\",\"inLanguage\":\"pt-BR\",\"@id\":\"https:\/\/franciscanos.org.br\/noticias\/#\/schema\/person\/image\/\",\"url\":\"https:\/\/secure.gravatar.com\/avatar\/e8495742d34d0ba6448ea1c628263b3e?s=96&d=mm&r=g\",\"contentUrl\":\"https:\/\/secure.gravatar.com\/avatar\/e8495742d34d0ba6448ea1c628263b3e?s=96&d=mm&r=g\",\"caption\":\"admin\"},\"url\":\"https:\/\/franciscanos.org.br\/noticias\/author\/admin\"}]}<\/script>\n<!-- \/ Yoast SEO plugin. -->","yoast_head_json":{"title":"Ministro Provincial encerra a Novena - Not\u00edcias - Franciscanos","robots":{"index":"index","follow":"follow","max-snippet":"max-snippet:-1","max-image-preview":"max-image-preview:large","max-video-preview":"max-video-preview:-1"},"canonical":"https:\/\/franciscanos.org.br\/noticias\/ministro-provincial-encerra-a-novena-antes-da-vigilia.html","og_locale":"pt_BR","og_type":"article","og_title":"Ministro Provincial encerra a Novena - Not\u00edcias - Franciscanos","og_description":"Novena de Pentecostes","og_url":"https:\/\/franciscanos.org.br\/noticias\/ministro-provincial-encerra-a-novena-antes-da-vigilia.html","og_site_name":"Not\u00edcias - Franciscanos","article_published_time":"2017-06-04T11:51:01+00:00","article_modified_time":"2019-02-05T15:25:33+00:00","og_image":[{"width":273,"height":181,"url":"https:\/\/franciscanos.org.br\/noticias\/wp-content\/uploads\/2017\/06\/273-2.jpg","type":"image\/jpeg"}],"author":"admin","twitter_card":"summary_large_image","twitter_misc":{"Escrito por":"admin","Est. tempo de leitura":"7 minutos"},"schema":{"@context":"https:\/\/schema.org","@graph":[{"@type":"WebSite","@id":"https:\/\/franciscanos.org.br\/noticias\/#website","url":"https:\/\/franciscanos.org.br\/noticias\/","name":"Not\u00edcias - Franciscanos","description":"Prov\u00edncia Franciscana da Imaculada Concei\u00e7\u00e3o do Brasil - Ordem dos Frades Menores - OFM","potentialAction":[{"@type":"SearchAction","target":{"@type":"EntryPoint","urlTemplate":"https:\/\/franciscanos.org.br\/noticias\/?s={search_term_string}"},"query-input":"required name=search_term_string"}],"inLanguage":"pt-BR"},{"@type":"ImageObject","inLanguage":"pt-BR","@id":"https:\/\/franciscanos.org.br\/noticias\/ministro-provincial-encerra-a-novena-antes-da-vigilia.html#primaryimage","url":"https:\/\/franciscanos.org.br\/noticias\/wp-content\/uploads\/2017\/06\/273-2.jpg","contentUrl":"https:\/\/franciscanos.org.br\/noticias\/wp-content\/uploads\/2017\/06\/273-2.jpg","width":273,"height":181},{"@type":"WebPage","@id":"https:\/\/franciscanos.org.br\/noticias\/ministro-provincial-encerra-a-novena-antes-da-vigilia.html#webpage","url":"https:\/\/franciscanos.org.br\/noticias\/ministro-provincial-encerra-a-novena-antes-da-vigilia.html","name":"Ministro Provincial encerra a Novena - Not\u00edcias - Franciscanos","isPartOf":{"@id":"https:\/\/franciscanos.org.br\/noticias\/#website"},"primaryImageOfPage":{"@id":"https:\/\/franciscanos.org.br\/noticias\/ministro-provincial-encerra-a-novena-antes-da-vigilia.html#primaryimage"},"datePublished":"2017-06-04T11:51:01+00:00","dateModified":"2019-02-05T15:25:33+00:00","author":{"@id":"https:\/\/franciscanos.org.br\/noticias\/#\/schema\/person\/b38fbf43118f02820bd932f2e4b14ad3"},"breadcrumb":{"@id":"https:\/\/franciscanos.org.br\/noticias\/ministro-provincial-encerra-a-novena-antes-da-vigilia.html#breadcrumb"},"inLanguage":"pt-BR","potentialAction":[{"@type":"ReadAction","target":["https:\/\/franciscanos.org.br\/noticias\/ministro-provincial-encerra-a-novena-antes-da-vigilia.html"]}]},{"@type":"BreadcrumbList","@id":"https:\/\/franciscanos.org.br\/noticias\/ministro-provincial-encerra-a-novena-antes-da-vigilia.html#breadcrumb","itemListElement":[{"@type":"ListItem","position":1,"name":"Home","item":"https:\/\/franciscanos.org.br\/noticias"},{"@type":"ListItem","position":2,"name":"Ministro Provincial encerra a Novena"}]},{"@type":"Person","@id":"https:\/\/franciscanos.org.br\/noticias\/#\/schema\/person\/b38fbf43118f02820bd932f2e4b14ad3","name":"admin","image":{"@type":"ImageObject","inLanguage":"pt-BR","@id":"https:\/\/franciscanos.org.br\/noticias\/#\/schema\/person\/image\/","url":"https:\/\/secure.gravatar.com\/avatar\/e8495742d34d0ba6448ea1c628263b3e?s=96&d=mm&r=g","contentUrl":"https:\/\/secure.gravatar.com\/avatar\/e8495742d34d0ba6448ea1c628263b3e?s=96&d=mm&r=g","caption":"admin"},"url":"https:\/\/franciscanos.org.br\/noticias\/author\/admin"}]}},"_links":{"self":[{"href":"https:\/\/franciscanos.org.br\/noticias\/wp-json\/wp\/v2\/posts\/135146"}],"collection":[{"href":"https:\/\/franciscanos.org.br\/noticias\/wp-json\/wp\/v2\/posts"}],"about":[{"href":"https:\/\/franciscanos.org.br\/noticias\/wp-json\/wp\/v2\/types\/post"}],"author":[{"embeddable":true,"href":"https:\/\/franciscanos.org.br\/noticias\/wp-json\/wp\/v2\/users\/1"}],"replies":[{"embeddable":true,"href":"https:\/\/franciscanos.org.br\/noticias\/wp-json\/wp\/v2\/comments?post=135146"}],"version-history":[{"count":0,"href":"https:\/\/franciscanos.org.br\/noticias\/wp-json\/wp\/v2\/posts\/135146\/revisions"}],"wp:featuredmedia":[{"embeddable":true,"href":"https:\/\/franciscanos.org.br\/noticias\/wp-json\/wp\/v2\/media\/199504"}],"wp:attachment":[{"href":"https:\/\/franciscanos.org.br\/noticias\/wp-json\/wp\/v2\/media?parent=135146"}],"wp:term":[{"taxonomy":"category","embeddable":true,"href":"https:\/\/franciscanos.org.br\/noticias\/wp-json\/wp\/v2\/categories?post=135146"},{"taxonomy":"post_tag","embeddable":true,"href":"https:\/\/franciscanos.org.br\/noticias\/wp-json\/wp\/v2\/tags?post=135146"}],"curies":[{"name":"wp","href":"https:\/\/api.w.org\/{rel}","templated":true}]}}