{"id":135110,"date":"2017-06-03T18:18:39","date_gmt":"2017-06-03T21:18:39","guid":{"rendered":"http:\/\/franciscanos.org.br\/?p=135110"},"modified":"2019-01-24T09:25:27","modified_gmt":"2019-01-24T11:25:27","slug":"devocao-e-arte-no-quarto-dia-da-trezena","status":"publish","type":"post","link":"https:\/\/franciscanos.org.br\/noticias\/devocao-e-arte-no-quarto-dia-da-trezena.html","title":{"rendered":"Devo\u00e7\u00e3o e arte no quarto dia da Trezena de Santo Ant\u00f4nio"},"content":{"rendered":"<p><img loading=\"lazy\" class=\"alignleft size-full wp-image-196513\" src=\"https:\/\/franciscanos.org.br\/noticias\/wp-content\/uploads\/2017\/06\/trezena_030617G.jpg\" alt=\"\" width=\"830\" height=\"564\" srcset=\"https:\/\/franciscanos.org.br\/noticias\/wp-content\/uploads\/2017\/06\/trezena_030617G.jpg 830w, https:\/\/franciscanos.org.br\/noticias\/wp-content\/uploads\/2017\/06\/trezena_030617G-450x306.jpg 450w, https:\/\/franciscanos.org.br\/noticias\/wp-content\/uploads\/2017\/06\/trezena_030617G-768x522.jpg 768w, https:\/\/franciscanos.org.br\/noticias\/wp-content\/uploads\/2017\/06\/trezena_030617G-150x102.jpg 150w\" sizes=\"(max-width: 830px) 100vw, 830px\" \/><\/p>\n<p><strong>Moacir Beggo<\/strong><\/p>\n<p><strong>\u00a0<\/strong><strong>S\u00e3o Paulo (SP)<\/strong> &#8211; No quarto dia (3\/6) da Trezena de Santo Ant\u00f4nio, no Convento S\u00e3o Francisco, no centro de S\u00e3o Paulo, o pregador Frei Gustavo Medella abordou o tema do seguimento de Cristo tendo como modelos Maria Sant\u00edssima e Santo Ant\u00f4nio. Frei Gustavo tamb\u00e9m soltou a sua voz ao fazer uma homenagem \u00e0 M\u00e3e de Deus cantando &#8220;Maria, exemplo de m\u00e3e&#8221;. Al\u00e9m da devo\u00e7\u00e3o do momento, o dia tamb\u00e9m foi de arte com o Concerto de M\u00fasica Erudita logo ap\u00f3s a Celebra\u00e7\u00e3o Eucar\u00edstica, que teve in\u00edcio \u00e0s 15 horas.<\/p>\n<p>Frei Gustavo, que \u00e9 Definidor e coordenador da Frente de Comunica\u00e7\u00e3o da Prov\u00edncia da Imaculada, partiu do evangelho do dia para fazer a sua reflex\u00e3o: &#8220;O ensinamento que Maria e Ant\u00f4nio nos trazem neste dia festivo \u00e9 o de que, com muita frequ\u00eancia, a decis\u00e3o de seguir Jesus nos traz mais perguntas do que respostas, mais trabalho do que descanso, mais desconforto do que repouso&#8221;, observou o pregador.<\/p>\n<p>Segundo o frade, Maria, ainda muito jovem, recebe a visita do anjo que apresenta a ela os planos de Deus. Ali j\u00e1 se planta no cora\u00e7\u00e3o da menina uma s\u00e9rie de perguntas: como se daria aquilo tudo? Que caminhos ela deveria seguir? Como Jos\u00e9 reagiria \u00e0quela gravidez sobrenatural? Ela daria conta de orientar e instruir o Filho de Deus? &#8220;Maria n\u00e3o tinha todas as respostas, ou melhor, possu\u00eda perguntas, mas mesmo assim corajosamente se colocou a servi\u00e7o do projeto de Deus. Com o passar tempo novas quest\u00f5es foram surgindo e Maria, fielmente, guardava tudo isso no cora\u00e7\u00e3o. Mesmo sem compreender tudo, jamais deixou que o medo paralisasse a sua disposi\u00e7\u00e3o em se colocar no seguimento de Jesus. Por isso chamamos Maria de M\u00e3e e primeira disc\u00edpula do Senhor&#8221;, explicou.<\/p>\n<p>J\u00e1 Ant\u00f4nio, segundo Frei Medella, desde pequeno tinha uma alma inquieta, buscando aquietar-se em Deus. Descobriu sua voca\u00e7\u00e3o \u00e0 vida consagrada e ingressou no Mosteiro Agostiniano em Coimbra, aos 19 anos, e l\u00e1 ordenou-se sacerdote aos 25. &#8220;Mas as perguntas ainda seguiam aquele jovem seguidor. Eis que certo dia passam por seu mosteiro alguns frades franciscanos que rumavam para a miss\u00e3o na \u00c1frica, no Marrocos. Aquela visita deixou seu cora\u00e7\u00e3o inquieto e mais inquieto ficou quando descobriu que aqueles mission\u00e1rios e abnegados seguidores do Senhor derramaram seu sangue em miss\u00e3o e se tornaram m\u00e1rtires da causa do Reino&#8221;, recordou o frade. &#8220;Ant\u00f4nio segue o rumo de seu discipulado e sente chamado por Cristo para se tornar um frade franciscano, impulsionado por um misterioso desejo de levar \u00e0 radicalidade do mart\u00edrio se necess\u00e1rio fosse o seu seguimento de nosso Senhor&#8221;.<\/p>\n<p><img loading=\"lazy\" class=\"alignleft\" src=\"http:\/\/franciscanos.org.br\/wp-content\/uploads\/2017\/06\/trezena_030617_1.jpg\" alt=\"trezena_030617_1\" width=\"830\" height=\"498\" \/><\/p>\n<p>Dois santos, duas hist\u00f3rias, dois modelos de seguimento que t\u00eam em comum frequentes e intensos momentos de inquieta\u00e7\u00e3o interior, de perguntas que n\u00e3o possuem respostas r\u00e1pidas e imediatas. &#8220;Grande li\u00e7\u00e3o para n\u00f3s que estamos nesta escola da vida como candidatos ao discipulado. Perceber que abra\u00e7ar a f\u00e9 demanda coragem e disposi\u00e7\u00e3o para encarar as perguntas que a vida nos faz. Olhar a hist\u00f3ria destes grandes homens e mulheres que nos precederam nos d\u00e1 for\u00e7a para encararmos as nossas cruzes, as nossas quest\u00f5es. Que este ensinamento precioso de Ant\u00f4nio e Maria qualifiquem-nos cada vez mais como disc\u00edpulos e disc\u00edpulas de Nosso Senhor Jesus Cristo&#8221;, completou Frei Medella.<\/p>\n<p>O p\u00e1roco Frei Alvaci Mendes da Luz lembrou que no pr\u00f3ximo final de semana come\u00e7a a Festa Junina no claustro do Convento. E no domingo, \u00e0s 10 horas, haver\u00e1 a prociss\u00e3o com a imagem de Santo Ant\u00f4nio partindo da Igreja de Santo Ant\u00f4nio da Pra\u00e7a do Patriarca at\u00e9 o Convento no Largo S\u00e3o Francisco. Neste domingo de Pentecostes, a Novena, que chega ao quinto dia, ser\u00e1 celebrada \u00e0s 10 horas. A celebra\u00e7\u00e3o terminou com a b\u00ean\u00e7\u00e3o de Santo Ant\u00f4nio com uma rel\u00edquia do santo franciscano.<\/p>\n<p><img loading=\"lazy\" class=\"alignleft\" src=\"http:\/\/franciscanos.org.br\/wp-content\/uploads\/2017\/06\/trezena_030617_2.jpg\" alt=\"trezena_030617_2\" width=\"830\" height=\"315\" \/><\/p>\n<p><strong>ARTE BARROCA<\/strong><\/p>\n<p>O barroco Convento S\u00e3o Francisco n\u00e3o poderia ser o palco mais perfeito para a Orquestra Arte Barroca, que fez um concerto de m\u00fasica erudita logo ap\u00f3s a Missa. Formada em 2007 por Paulo Henes, esta Orquestra tem como proposta interpretar repert\u00f3rio camer\u00edstico e orquestral dos s\u00e9culos XVII e XVIII, \u00e9poca do per\u00edodo Barroco. O diferencial desses m\u00fasicos \u00e9 apresentar c\u00f3pias de instrumentos barrocos usados nas orquestras daquele per\u00edodo.<\/p>\n<p>Al\u00e9m de violinos e violas, usa outros instrumentos que compunham o baixo cont\u00ednuo, tais como violoncelo, contrabaixo, guitarra barroca, teorba e cravo. Neste concerto teve no repert\u00f3rio Vivaldi (&#8220;L&#8217;Olimpiade&#8221;, Concerto II Op 4 para violino, cordas e cont\u00ednuo e Concerto para Cordas em Sol Menor) e Georg Philipp Teleman (Sonata 1 e Concerto para flauta, cordas e cont\u00ednuo).<\/p>\n","protected":false},"excerpt":{"rendered":"<p>Convento S\u00e3o Francisco<\/p>\n","protected":false},"author":1,"featured_media":196514,"comment_status":"open","ping_status":"open","sticky":false,"template":"","format":"standard","meta":[],"categories":[1],"tags":[312],"acf":[],"yoast_head":"<!-- This site is optimized with the Yoast SEO plugin v19.2 - https:\/\/yoast.com\/wordpress\/plugins\/seo\/ -->\n<title>Devo\u00e7\u00e3o e arte no quarto dia da Trezena de Santo Ant\u00f4nio - Not\u00edcias - Franciscanos<\/title>\n<meta name=\"robots\" content=\"index, follow, max-snippet:-1, max-image-preview:large, max-video-preview:-1\" \/>\n<link rel=\"canonical\" href=\"https:\/\/franciscanos.org.br\/noticias\/devocao-e-arte-no-quarto-dia-da-trezena.html\" \/>\n<meta property=\"og:locale\" content=\"pt_BR\" \/>\n<meta property=\"og:type\" content=\"article\" \/>\n<meta property=\"og:title\" content=\"Devo\u00e7\u00e3o e arte no quarto dia da Trezena de Santo Ant\u00f4nio - Not\u00edcias - Franciscanos\" \/>\n<meta property=\"og:description\" content=\"Convento S\u00e3o Francisco\" \/>\n<meta property=\"og:url\" content=\"https:\/\/franciscanos.org.br\/noticias\/devocao-e-arte-no-quarto-dia-da-trezena.html\" \/>\n<meta property=\"og:site_name\" content=\"Not\u00edcias - Franciscanos\" \/>\n<meta property=\"article:published_time\" content=\"2017-06-03T21:18:39+00:00\" \/>\n<meta property=\"article:modified_time\" content=\"2019-01-24T11:25:27+00:00\" \/>\n<meta property=\"og:image\" content=\"https:\/\/franciscanos.org.br\/noticias\/wp-content\/uploads\/2017\/06\/trezena_030617.jpg\" \/>\n\t<meta property=\"og:image:width\" content=\"273\" \/>\n\t<meta property=\"og:image:height\" content=\"181\" \/>\n\t<meta property=\"og:image:type\" content=\"image\/jpeg\" \/>\n<meta name=\"author\" content=\"admin\" \/>\n<meta name=\"twitter:card\" content=\"summary_large_image\" \/>\n<meta name=\"twitter:label1\" content=\"Escrito por\" \/>\n\t<meta name=\"twitter:data1\" content=\"admin\" \/>\n\t<meta name=\"twitter:label2\" content=\"Est. tempo de leitura\" \/>\n\t<meta name=\"twitter:data2\" content=\"4 minutos\" \/>\n<script type=\"application\/ld+json\" class=\"yoast-schema-graph\">{\"@context\":\"https:\/\/schema.org\",\"@graph\":[{\"@type\":\"WebSite\",\"@id\":\"https:\/\/franciscanos.org.br\/noticias\/#website\",\"url\":\"https:\/\/franciscanos.org.br\/noticias\/\",\"name\":\"Not\u00edcias - Franciscanos\",\"description\":\"Prov\u00edncia Franciscana da Imaculada Concei\u00e7\u00e3o do Brasil - Ordem dos Frades Menores - OFM\",\"potentialAction\":[{\"@type\":\"SearchAction\",\"target\":{\"@type\":\"EntryPoint\",\"urlTemplate\":\"https:\/\/franciscanos.org.br\/noticias\/?s={search_term_string}\"},\"query-input\":\"required name=search_term_string\"}],\"inLanguage\":\"pt-BR\"},{\"@type\":\"ImageObject\",\"inLanguage\":\"pt-BR\",\"@id\":\"https:\/\/franciscanos.org.br\/noticias\/devocao-e-arte-no-quarto-dia-da-trezena.html#primaryimage\",\"url\":\"https:\/\/franciscanos.org.br\/noticias\/wp-content\/uploads\/2017\/06\/trezena_030617.jpg\",\"contentUrl\":\"https:\/\/franciscanos.org.br\/noticias\/wp-content\/uploads\/2017\/06\/trezena_030617.jpg\",\"width\":273,\"height\":181},{\"@type\":\"WebPage\",\"@id\":\"https:\/\/franciscanos.org.br\/noticias\/devocao-e-arte-no-quarto-dia-da-trezena.html#webpage\",\"url\":\"https:\/\/franciscanos.org.br\/noticias\/devocao-e-arte-no-quarto-dia-da-trezena.html\",\"name\":\"Devo\u00e7\u00e3o e arte no quarto dia da Trezena de Santo Ant\u00f4nio - Not\u00edcias - Franciscanos\",\"isPartOf\":{\"@id\":\"https:\/\/franciscanos.org.br\/noticias\/#website\"},\"primaryImageOfPage\":{\"@id\":\"https:\/\/franciscanos.org.br\/noticias\/devocao-e-arte-no-quarto-dia-da-trezena.html#primaryimage\"},\"datePublished\":\"2017-06-03T21:18:39+00:00\",\"dateModified\":\"2019-01-24T11:25:27+00:00\",\"author\":{\"@id\":\"https:\/\/franciscanos.org.br\/noticias\/#\/schema\/person\/b38fbf43118f02820bd932f2e4b14ad3\"},\"breadcrumb\":{\"@id\":\"https:\/\/franciscanos.org.br\/noticias\/devocao-e-arte-no-quarto-dia-da-trezena.html#breadcrumb\"},\"inLanguage\":\"pt-BR\",\"potentialAction\":[{\"@type\":\"ReadAction\",\"target\":[\"https:\/\/franciscanos.org.br\/noticias\/devocao-e-arte-no-quarto-dia-da-trezena.html\"]}]},{\"@type\":\"BreadcrumbList\",\"@id\":\"https:\/\/franciscanos.org.br\/noticias\/devocao-e-arte-no-quarto-dia-da-trezena.html#breadcrumb\",\"itemListElement\":[{\"@type\":\"ListItem\",\"position\":1,\"name\":\"Home\",\"item\":\"https:\/\/franciscanos.org.br\/noticias\"},{\"@type\":\"ListItem\",\"position\":2,\"name\":\"Devo\u00e7\u00e3o e arte no quarto dia da Trezena de Santo Ant\u00f4nio\"}]},{\"@type\":\"Person\",\"@id\":\"https:\/\/franciscanos.org.br\/noticias\/#\/schema\/person\/b38fbf43118f02820bd932f2e4b14ad3\",\"name\":\"admin\",\"image\":{\"@type\":\"ImageObject\",\"inLanguage\":\"pt-BR\",\"@id\":\"https:\/\/franciscanos.org.br\/noticias\/#\/schema\/person\/image\/\",\"url\":\"https:\/\/secure.gravatar.com\/avatar\/e8495742d34d0ba6448ea1c628263b3e?s=96&d=mm&r=g\",\"contentUrl\":\"https:\/\/secure.gravatar.com\/avatar\/e8495742d34d0ba6448ea1c628263b3e?s=96&d=mm&r=g\",\"caption\":\"admin\"},\"url\":\"https:\/\/franciscanos.org.br\/noticias\/author\/admin\"}]}<\/script>\n<!-- \/ Yoast SEO plugin. -->","yoast_head_json":{"title":"Devo\u00e7\u00e3o e arte no quarto dia da Trezena de Santo Ant\u00f4nio - Not\u00edcias - Franciscanos","robots":{"index":"index","follow":"follow","max-snippet":"max-snippet:-1","max-image-preview":"max-image-preview:large","max-video-preview":"max-video-preview:-1"},"canonical":"https:\/\/franciscanos.org.br\/noticias\/devocao-e-arte-no-quarto-dia-da-trezena.html","og_locale":"pt_BR","og_type":"article","og_title":"Devo\u00e7\u00e3o e arte no quarto dia da Trezena de Santo Ant\u00f4nio - Not\u00edcias - Franciscanos","og_description":"Convento S\u00e3o Francisco","og_url":"https:\/\/franciscanos.org.br\/noticias\/devocao-e-arte-no-quarto-dia-da-trezena.html","og_site_name":"Not\u00edcias - Franciscanos","article_published_time":"2017-06-03T21:18:39+00:00","article_modified_time":"2019-01-24T11:25:27+00:00","og_image":[{"width":273,"height":181,"url":"https:\/\/franciscanos.org.br\/noticias\/wp-content\/uploads\/2017\/06\/trezena_030617.jpg","type":"image\/jpeg"}],"author":"admin","twitter_card":"summary_large_image","twitter_misc":{"Escrito por":"admin","Est. tempo de leitura":"4 minutos"},"schema":{"@context":"https:\/\/schema.org","@graph":[{"@type":"WebSite","@id":"https:\/\/franciscanos.org.br\/noticias\/#website","url":"https:\/\/franciscanos.org.br\/noticias\/","name":"Not\u00edcias - Franciscanos","description":"Prov\u00edncia Franciscana da Imaculada Concei\u00e7\u00e3o do Brasil - Ordem dos Frades Menores - OFM","potentialAction":[{"@type":"SearchAction","target":{"@type":"EntryPoint","urlTemplate":"https:\/\/franciscanos.org.br\/noticias\/?s={search_term_string}"},"query-input":"required name=search_term_string"}],"inLanguage":"pt-BR"},{"@type":"ImageObject","inLanguage":"pt-BR","@id":"https:\/\/franciscanos.org.br\/noticias\/devocao-e-arte-no-quarto-dia-da-trezena.html#primaryimage","url":"https:\/\/franciscanos.org.br\/noticias\/wp-content\/uploads\/2017\/06\/trezena_030617.jpg","contentUrl":"https:\/\/franciscanos.org.br\/noticias\/wp-content\/uploads\/2017\/06\/trezena_030617.jpg","width":273,"height":181},{"@type":"WebPage","@id":"https:\/\/franciscanos.org.br\/noticias\/devocao-e-arte-no-quarto-dia-da-trezena.html#webpage","url":"https:\/\/franciscanos.org.br\/noticias\/devocao-e-arte-no-quarto-dia-da-trezena.html","name":"Devo\u00e7\u00e3o e arte no quarto dia da Trezena de Santo Ant\u00f4nio - Not\u00edcias - Franciscanos","isPartOf":{"@id":"https:\/\/franciscanos.org.br\/noticias\/#website"},"primaryImageOfPage":{"@id":"https:\/\/franciscanos.org.br\/noticias\/devocao-e-arte-no-quarto-dia-da-trezena.html#primaryimage"},"datePublished":"2017-06-03T21:18:39+00:00","dateModified":"2019-01-24T11:25:27+00:00","author":{"@id":"https:\/\/franciscanos.org.br\/noticias\/#\/schema\/person\/b38fbf43118f02820bd932f2e4b14ad3"},"breadcrumb":{"@id":"https:\/\/franciscanos.org.br\/noticias\/devocao-e-arte-no-quarto-dia-da-trezena.html#breadcrumb"},"inLanguage":"pt-BR","potentialAction":[{"@type":"ReadAction","target":["https:\/\/franciscanos.org.br\/noticias\/devocao-e-arte-no-quarto-dia-da-trezena.html"]}]},{"@type":"BreadcrumbList","@id":"https:\/\/franciscanos.org.br\/noticias\/devocao-e-arte-no-quarto-dia-da-trezena.html#breadcrumb","itemListElement":[{"@type":"ListItem","position":1,"name":"Home","item":"https:\/\/franciscanos.org.br\/noticias"},{"@type":"ListItem","position":2,"name":"Devo\u00e7\u00e3o e arte no quarto dia da Trezena de Santo Ant\u00f4nio"}]},{"@type":"Person","@id":"https:\/\/franciscanos.org.br\/noticias\/#\/schema\/person\/b38fbf43118f02820bd932f2e4b14ad3","name":"admin","image":{"@type":"ImageObject","inLanguage":"pt-BR","@id":"https:\/\/franciscanos.org.br\/noticias\/#\/schema\/person\/image\/","url":"https:\/\/secure.gravatar.com\/avatar\/e8495742d34d0ba6448ea1c628263b3e?s=96&d=mm&r=g","contentUrl":"https:\/\/secure.gravatar.com\/avatar\/e8495742d34d0ba6448ea1c628263b3e?s=96&d=mm&r=g","caption":"admin"},"url":"https:\/\/franciscanos.org.br\/noticias\/author\/admin"}]}},"_links":{"self":[{"href":"https:\/\/franciscanos.org.br\/noticias\/wp-json\/wp\/v2\/posts\/135110"}],"collection":[{"href":"https:\/\/franciscanos.org.br\/noticias\/wp-json\/wp\/v2\/posts"}],"about":[{"href":"https:\/\/franciscanos.org.br\/noticias\/wp-json\/wp\/v2\/types\/post"}],"author":[{"embeddable":true,"href":"https:\/\/franciscanos.org.br\/noticias\/wp-json\/wp\/v2\/users\/1"}],"replies":[{"embeddable":true,"href":"https:\/\/franciscanos.org.br\/noticias\/wp-json\/wp\/v2\/comments?post=135110"}],"version-history":[{"count":0,"href":"https:\/\/franciscanos.org.br\/noticias\/wp-json\/wp\/v2\/posts\/135110\/revisions"}],"wp:featuredmedia":[{"embeddable":true,"href":"https:\/\/franciscanos.org.br\/noticias\/wp-json\/wp\/v2\/media\/196514"}],"wp:attachment":[{"href":"https:\/\/franciscanos.org.br\/noticias\/wp-json\/wp\/v2\/media?parent=135110"}],"wp:term":[{"taxonomy":"category","embeddable":true,"href":"https:\/\/franciscanos.org.br\/noticias\/wp-json\/wp\/v2\/categories?post=135110"},{"taxonomy":"post_tag","embeddable":true,"href":"https:\/\/franciscanos.org.br\/noticias\/wp-json\/wp\/v2\/tags?post=135110"}],"curies":[{"name":"wp","href":"https:\/\/api.w.org\/{rel}","templated":true}]}}