{"id":135060,"date":"2017-06-03T08:20:04","date_gmt":"2017-06-03T11:20:04","guid":{"rendered":"http:\/\/franciscanos.org.br\/?p=135060"},"modified":"2019-02-05T13:16:42","modified_gmt":"2019-02-05T15:16:42","slug":"queremos-e-devemos-ser-santos-diz-frei-paulo","status":"publish","type":"post","link":"https:\/\/franciscanos.org.br\/noticias\/queremos-e-devemos-ser-santos-diz-frei-paulo.html","title":{"rendered":"\u201cQueremos e devemos ser santos\u201d, diz Frei Paulo"},"content":{"rendered":"<p><img loading=\"lazy\" src=\"https:\/\/franciscanos.org.br\/noticias\/wp-content\/uploads\/2017\/06\/oitavo_030617_1.jpg\" alt=\"\" width=\"820\" height=\"543\" \/><\/p>\n<p>Na noite de sexta feira (02\/06), o oitavo dia da Novena de Pentecostes, no Santu\u00e1rio do Divino Esp\u00edrito Santo, em Vila Velha (ES), \u00a0teve como tema \u201cTer o Esp\u00edrito do Senhor e seu santo modo de operar\u201d. Representando a Fraternidade do Convento da Penha, presidiu a Celebra\u00e7\u00e3o Eucar\u00edstica Frei Pedro de Oliveira, sendo o pregador, Frei Paulo Roberto Pereira, atual guardi\u00e3o. Participou da celebra\u00e7\u00e3o o irm\u00e3o leigo Frei Pedro Engel. Neste dia da novena, a inten\u00e7\u00e3o da comunidade reunida esteve voltada aos jovens. Cantando o refr\u00e3o \u201ca n\u00f3s descei divina luz\u201d, alguns jovens entraram em prociss\u00e3o, trazendo a oitava vela.<\/p>\n<p>Frei Paulo iniciou sua homilia falando que as faixas espalhadas pelas ruas da cidade anunciavam a alegria da festa do Santu\u00e1rio. E continuou refor\u00e7ando que <em>\u201cestamos vivendo o jubileu dos 300 anos de Nossa Senhora Aparecida, e junto da devo\u00e7\u00e3o \u00e0 Virgem de Aparecida, o jubileu de 50 anos do nosso Santu\u00e1rio\u201d. <\/em>Explicou a origem do que viria a ser \u201ccelebrar o jubileu\u201d. \u201cEm sua origem<em> \u2013 disse Frei Paulo \u2013 jubileu significa o toque de uma pequena trombeta, feita de chifre de carneiro. Ao executar o toque dessa trombeta, era anunciado o tempo de festa\u201d.<\/em><\/p>\n<p>Recorrendo a outros significados, ainda disse Frei Paulo: \u201cO jubileu \u00e9 um tempo de perd\u00e3o das d\u00edvidas. \u00a0O perd\u00e3o enchia a vida do povo.\u00a0 Era tempo da terra descansar e se refazer.\u00a0 \u00c9 o tempo da renova\u00e7\u00e3o da alian\u00e7a de vida e liberta\u00e7\u00e3o. Por isso, a gra\u00e7a do Senhor se faz vida em n\u00f3s.<\/p>\n<p><strong>S\u00c3O FRANCISCO DE ASSIS<\/strong><\/p>\n<p>\u201c\u00c9 importante viver esse momento e viv\u00ea-lo com gra\u00e7a.\u00a0 S\u00e3o Francisco tinha uma intimidade muito grande com o Esp\u00edrito Santo. \u00c9 o Esp\u00edrito de Deus que coordena a a\u00e7\u00e3o de todos os franciscanos desde o primeiro dia da Ordem Franciscana. Uma das virtudes franciscanas \u00e9 o desprendimento, a pobreza&#8230;\u00a0 S\u00e3o Francisco pregava que se tivessem que desejar alguma coisa, que desejassem possuir o Esp\u00edrito do Senhor e seu Santo modo de operar\u201d, comentou Frei Paulo.<\/p>\n<p>Tendo em mente S\u00e3o Francisco, Frei Paula falou: \u201cPara sabermos se um irm\u00e3o tem de fato o Esp\u00edrito do Senhor, devemos observ\u00e1-lo fazendo alguma coisa.\u00a0 Se por um acaso, ele se exaltar e se mostrar muito orgulhoso de suas obras, ele n\u00e3o tem o Esp\u00edrito do Senhor. Porque faltou-lhe humildade.\u00a0 Deus age em n\u00f3s!\u00a0 E a gra\u00e7a do Senhor faz grandes coisas. Cultivar o Esp\u00edrito do Senhor \u00e9 a miss\u00e3o de todos n\u00f3s.\u00a0 Nos faz cultivar e praticar a humildade, a paci\u00eancia. O Esp\u00edrito do senhor e seu modo de operar est\u00e1 relacionado \u00e0 obra, \u00e0 constru\u00e7\u00e3o, a fazer algo em prol do outro\u201d, acrescentou o pregador.<\/p>\n<p>\u201cTer o Espirito do Senhor e agir como ele age, \u00e9 dom, \u00e9 gra\u00e7a \u00e9 mover-se por Ele. Por gra\u00e7a recebemos o Esp\u00edrito e por esfor\u00e7o nosso podemos produzir boas obras.\u00a0 N\u00f3s que professamos a Sant\u00edssima Trindade sabemos que o Esp\u00edrito de Deus existe e age desde que o mundo \u00e9 mundo. O Esp\u00edrito do senhor \u00e9 o sopro de Deus que habita o nosso pulm\u00e3o. \u00c9 aquele que dialoga com a Virgem Maria. E n\u00f3s temos esse Esp\u00edrito que nos encoraja e nos enche de esperan\u00e7a\u201d, continuou.<\/p>\n<p><strong>SANTIFICADOR<\/strong><\/p>\n<p>Para Frei Paulo, o Esp\u00edrito de Deus \u00e9 Santo e por isso merece nosso louvor.\u00a0 \u201cAl\u00e9m de ser santo \u00e9 santificador. E essa \u00e9 a grande obra do Esp\u00edrito de Deus: nos santificar.\u00a0 Queremos e devemos ser santos.\u00a0 \u00c9 o Esp\u00edrito do Senhor que nos move apesar de n\u00f3s. \u00a0Quando Jesus pergunta a Pedro se ele o ama, est\u00e1 oferecendo a oportunidade de redimir-se.\u00a0\u00a0\u00a0 O Esp\u00edrito de Deus nos fortalece para que possamos dizer 3, 5, 10mil vezes mais: \u2018sim Senhor eu te amo\u2019, ensinou o guardi\u00e3o da Penha.<\/p>\n<p>Frei Paulo finalizou a homilia refor\u00e7ando: \u201cO Santu\u00e1rio do Divino Esp\u00edrito Santo \u00e9 um campo f\u00e9rtil para que possamos sentir e viver o amor de Deus.\u00a0 \u00c9 um local para aprender e partilhar. Viemos aqui para beber dessa fonte do Espirito de Deus. Temos a miss\u00e3o de encher a terra com o leve an\u00fancio de que o Esp\u00edrito Mora em n\u00f3s\u201d.<\/p>\n<p>Ap\u00f3s a Comunh\u00e3o, um jovem da comunidade entregou a Frei Paulo um presente como forma de agradecimento pela participa\u00e7\u00e3o na Celebra\u00e7\u00e3o.\u00a0 Frei Djalmo agradeceu a participa\u00e7\u00e3o de toda a Fraternidade do Convento e fez o convite para o nono dia da Novena que ter\u00e1 a celebra\u00e7\u00e3o Frei Fid\u00eancio Vanboemmel, Ministro Provincial. A celebra\u00e7\u00e3o ser\u00e1 por todas as pastorais, movimentos e servi\u00e7os da Comunidade.\u00a0 Convida tamb\u00e9m para a Vig\u00edlia que ter\u00e1 in\u00edcio \u00e0s 22h30, indo at\u00e9 as 06h30 da manh\u00e3 de s\u00e1bado.<\/p>\n<p>Na b\u00ean\u00e7\u00e3o final, Frei Paulo convidou os jovens para que se aproximarem do altar para juntos pedirem e partilharem a b\u00ean\u00e7\u00e3o de Deus e a prote\u00e7\u00e3o materna de Nossa Senhora.\u00a0 Pediu que a comunidade reze pelo jovens, principalmente pelos que morrem prematuramente diante da viol\u00eancia.<\/p>\n<p><strong>Pascom da Par\u00f3quia do Ros\u00e1rio<\/strong><\/p>\n\n","protected":false},"excerpt":{"rendered":"<p>Novena de Pentecostes<\/p>\n","protected":false},"author":1,"featured_media":199498,"comment_status":"open","ping_status":"open","sticky":false,"template":"","format":"standard","meta":[],"categories":[1],"tags":[231],"acf":[],"yoast_head":"<!-- This site is optimized with the Yoast SEO plugin v19.2 - https:\/\/yoast.com\/wordpress\/plugins\/seo\/ -->\n<title>\u201cQueremos e devemos ser santos\u201d, diz Frei Paulo - Not\u00edcias - Franciscanos<\/title>\n<meta name=\"robots\" content=\"index, follow, max-snippet:-1, max-image-preview:large, max-video-preview:-1\" \/>\n<link rel=\"canonical\" href=\"https:\/\/franciscanos.org.br\/noticias\/queremos-e-devemos-ser-santos-diz-frei-paulo.html\" \/>\n<meta property=\"og:locale\" content=\"pt_BR\" \/>\n<meta property=\"og:type\" content=\"article\" \/>\n<meta property=\"og:title\" content=\"\u201cQueremos e devemos ser santos\u201d, diz Frei Paulo - Not\u00edcias - Franciscanos\" \/>\n<meta property=\"og:description\" content=\"Novena de Pentecostes\" \/>\n<meta property=\"og:url\" content=\"https:\/\/franciscanos.org.br\/noticias\/queremos-e-devemos-ser-santos-diz-frei-paulo.html\" \/>\n<meta property=\"og:site_name\" content=\"Not\u00edcias - Franciscanos\" \/>\n<meta property=\"article:published_time\" content=\"2017-06-03T11:20:04+00:00\" \/>\n<meta property=\"article:modified_time\" content=\"2019-02-05T15:16:42+00:00\" \/>\n<meta property=\"og:image\" content=\"https:\/\/franciscanos.org.br\/noticias\/wp-content\/uploads\/2017\/06\/273-1.jpg\" \/>\n\t<meta property=\"og:image:width\" content=\"273\" \/>\n\t<meta property=\"og:image:height\" content=\"181\" \/>\n\t<meta property=\"og:image:type\" content=\"image\/jpeg\" \/>\n<meta name=\"author\" content=\"admin\" \/>\n<meta name=\"twitter:card\" content=\"summary_large_image\" \/>\n<meta name=\"twitter:label1\" content=\"Escrito por\" \/>\n\t<meta name=\"twitter:data1\" content=\"admin\" \/>\n\t<meta name=\"twitter:label2\" content=\"Est. tempo de leitura\" \/>\n\t<meta name=\"twitter:data2\" content=\"4 minutos\" \/>\n<script type=\"application\/ld+json\" class=\"yoast-schema-graph\">{\"@context\":\"https:\/\/schema.org\",\"@graph\":[{\"@type\":\"WebSite\",\"@id\":\"https:\/\/franciscanos.org.br\/noticias\/#website\",\"url\":\"https:\/\/franciscanos.org.br\/noticias\/\",\"name\":\"Not\u00edcias - Franciscanos\",\"description\":\"Prov\u00edncia Franciscana da Imaculada Concei\u00e7\u00e3o do Brasil - Ordem dos Frades Menores - OFM\",\"potentialAction\":[{\"@type\":\"SearchAction\",\"target\":{\"@type\":\"EntryPoint\",\"urlTemplate\":\"https:\/\/franciscanos.org.br\/noticias\/?s={search_term_string}\"},\"query-input\":\"required name=search_term_string\"}],\"inLanguage\":\"pt-BR\"},{\"@type\":\"ImageObject\",\"inLanguage\":\"pt-BR\",\"@id\":\"https:\/\/franciscanos.org.br\/noticias\/queremos-e-devemos-ser-santos-diz-frei-paulo.html#primaryimage\",\"url\":\"https:\/\/franciscanos.org.br\/noticias\/wp-content\/uploads\/2017\/06\/273-1.jpg\",\"contentUrl\":\"https:\/\/franciscanos.org.br\/noticias\/wp-content\/uploads\/2017\/06\/273-1.jpg\",\"width\":273,\"height\":181},{\"@type\":\"WebPage\",\"@id\":\"https:\/\/franciscanos.org.br\/noticias\/queremos-e-devemos-ser-santos-diz-frei-paulo.html#webpage\",\"url\":\"https:\/\/franciscanos.org.br\/noticias\/queremos-e-devemos-ser-santos-diz-frei-paulo.html\",\"name\":\"\u201cQueremos e devemos ser santos\u201d, diz Frei Paulo - Not\u00edcias - Franciscanos\",\"isPartOf\":{\"@id\":\"https:\/\/franciscanos.org.br\/noticias\/#website\"},\"primaryImageOfPage\":{\"@id\":\"https:\/\/franciscanos.org.br\/noticias\/queremos-e-devemos-ser-santos-diz-frei-paulo.html#primaryimage\"},\"datePublished\":\"2017-06-03T11:20:04+00:00\",\"dateModified\":\"2019-02-05T15:16:42+00:00\",\"author\":{\"@id\":\"https:\/\/franciscanos.org.br\/noticias\/#\/schema\/person\/b38fbf43118f02820bd932f2e4b14ad3\"},\"breadcrumb\":{\"@id\":\"https:\/\/franciscanos.org.br\/noticias\/queremos-e-devemos-ser-santos-diz-frei-paulo.html#breadcrumb\"},\"inLanguage\":\"pt-BR\",\"potentialAction\":[{\"@type\":\"ReadAction\",\"target\":[\"https:\/\/franciscanos.org.br\/noticias\/queremos-e-devemos-ser-santos-diz-frei-paulo.html\"]}]},{\"@type\":\"BreadcrumbList\",\"@id\":\"https:\/\/franciscanos.org.br\/noticias\/queremos-e-devemos-ser-santos-diz-frei-paulo.html#breadcrumb\",\"itemListElement\":[{\"@type\":\"ListItem\",\"position\":1,\"name\":\"Home\",\"item\":\"https:\/\/franciscanos.org.br\/noticias\"},{\"@type\":\"ListItem\",\"position\":2,\"name\":\"\u201cQueremos e devemos ser santos\u201d, diz Frei Paulo\"}]},{\"@type\":\"Person\",\"@id\":\"https:\/\/franciscanos.org.br\/noticias\/#\/schema\/person\/b38fbf43118f02820bd932f2e4b14ad3\",\"name\":\"admin\",\"image\":{\"@type\":\"ImageObject\",\"inLanguage\":\"pt-BR\",\"@id\":\"https:\/\/franciscanos.org.br\/noticias\/#\/schema\/person\/image\/\",\"url\":\"https:\/\/secure.gravatar.com\/avatar\/e8495742d34d0ba6448ea1c628263b3e?s=96&d=mm&r=g\",\"contentUrl\":\"https:\/\/secure.gravatar.com\/avatar\/e8495742d34d0ba6448ea1c628263b3e?s=96&d=mm&r=g\",\"caption\":\"admin\"},\"url\":\"https:\/\/franciscanos.org.br\/noticias\/author\/admin\"}]}<\/script>\n<!-- \/ Yoast SEO plugin. -->","yoast_head_json":{"title":"\u201cQueremos e devemos ser santos\u201d, diz Frei Paulo - Not\u00edcias - Franciscanos","robots":{"index":"index","follow":"follow","max-snippet":"max-snippet:-1","max-image-preview":"max-image-preview:large","max-video-preview":"max-video-preview:-1"},"canonical":"https:\/\/franciscanos.org.br\/noticias\/queremos-e-devemos-ser-santos-diz-frei-paulo.html","og_locale":"pt_BR","og_type":"article","og_title":"\u201cQueremos e devemos ser santos\u201d, diz Frei Paulo - Not\u00edcias - Franciscanos","og_description":"Novena de Pentecostes","og_url":"https:\/\/franciscanos.org.br\/noticias\/queremos-e-devemos-ser-santos-diz-frei-paulo.html","og_site_name":"Not\u00edcias - Franciscanos","article_published_time":"2017-06-03T11:20:04+00:00","article_modified_time":"2019-02-05T15:16:42+00:00","og_image":[{"width":273,"height":181,"url":"https:\/\/franciscanos.org.br\/noticias\/wp-content\/uploads\/2017\/06\/273-1.jpg","type":"image\/jpeg"}],"author":"admin","twitter_card":"summary_large_image","twitter_misc":{"Escrito por":"admin","Est. tempo de leitura":"4 minutos"},"schema":{"@context":"https:\/\/schema.org","@graph":[{"@type":"WebSite","@id":"https:\/\/franciscanos.org.br\/noticias\/#website","url":"https:\/\/franciscanos.org.br\/noticias\/","name":"Not\u00edcias - Franciscanos","description":"Prov\u00edncia Franciscana da Imaculada Concei\u00e7\u00e3o do Brasil - Ordem dos Frades Menores - OFM","potentialAction":[{"@type":"SearchAction","target":{"@type":"EntryPoint","urlTemplate":"https:\/\/franciscanos.org.br\/noticias\/?s={search_term_string}"},"query-input":"required name=search_term_string"}],"inLanguage":"pt-BR"},{"@type":"ImageObject","inLanguage":"pt-BR","@id":"https:\/\/franciscanos.org.br\/noticias\/queremos-e-devemos-ser-santos-diz-frei-paulo.html#primaryimage","url":"https:\/\/franciscanos.org.br\/noticias\/wp-content\/uploads\/2017\/06\/273-1.jpg","contentUrl":"https:\/\/franciscanos.org.br\/noticias\/wp-content\/uploads\/2017\/06\/273-1.jpg","width":273,"height":181},{"@type":"WebPage","@id":"https:\/\/franciscanos.org.br\/noticias\/queremos-e-devemos-ser-santos-diz-frei-paulo.html#webpage","url":"https:\/\/franciscanos.org.br\/noticias\/queremos-e-devemos-ser-santos-diz-frei-paulo.html","name":"\u201cQueremos e devemos ser santos\u201d, diz Frei Paulo - Not\u00edcias - Franciscanos","isPartOf":{"@id":"https:\/\/franciscanos.org.br\/noticias\/#website"},"primaryImageOfPage":{"@id":"https:\/\/franciscanos.org.br\/noticias\/queremos-e-devemos-ser-santos-diz-frei-paulo.html#primaryimage"},"datePublished":"2017-06-03T11:20:04+00:00","dateModified":"2019-02-05T15:16:42+00:00","author":{"@id":"https:\/\/franciscanos.org.br\/noticias\/#\/schema\/person\/b38fbf43118f02820bd932f2e4b14ad3"},"breadcrumb":{"@id":"https:\/\/franciscanos.org.br\/noticias\/queremos-e-devemos-ser-santos-diz-frei-paulo.html#breadcrumb"},"inLanguage":"pt-BR","potentialAction":[{"@type":"ReadAction","target":["https:\/\/franciscanos.org.br\/noticias\/queremos-e-devemos-ser-santos-diz-frei-paulo.html"]}]},{"@type":"BreadcrumbList","@id":"https:\/\/franciscanos.org.br\/noticias\/queremos-e-devemos-ser-santos-diz-frei-paulo.html#breadcrumb","itemListElement":[{"@type":"ListItem","position":1,"name":"Home","item":"https:\/\/franciscanos.org.br\/noticias"},{"@type":"ListItem","position":2,"name":"\u201cQueremos e devemos ser santos\u201d, diz Frei Paulo"}]},{"@type":"Person","@id":"https:\/\/franciscanos.org.br\/noticias\/#\/schema\/person\/b38fbf43118f02820bd932f2e4b14ad3","name":"admin","image":{"@type":"ImageObject","inLanguage":"pt-BR","@id":"https:\/\/franciscanos.org.br\/noticias\/#\/schema\/person\/image\/","url":"https:\/\/secure.gravatar.com\/avatar\/e8495742d34d0ba6448ea1c628263b3e?s=96&d=mm&r=g","contentUrl":"https:\/\/secure.gravatar.com\/avatar\/e8495742d34d0ba6448ea1c628263b3e?s=96&d=mm&r=g","caption":"admin"},"url":"https:\/\/franciscanos.org.br\/noticias\/author\/admin"}]}},"_links":{"self":[{"href":"https:\/\/franciscanos.org.br\/noticias\/wp-json\/wp\/v2\/posts\/135060"}],"collection":[{"href":"https:\/\/franciscanos.org.br\/noticias\/wp-json\/wp\/v2\/posts"}],"about":[{"href":"https:\/\/franciscanos.org.br\/noticias\/wp-json\/wp\/v2\/types\/post"}],"author":[{"embeddable":true,"href":"https:\/\/franciscanos.org.br\/noticias\/wp-json\/wp\/v2\/users\/1"}],"replies":[{"embeddable":true,"href":"https:\/\/franciscanos.org.br\/noticias\/wp-json\/wp\/v2\/comments?post=135060"}],"version-history":[{"count":0,"href":"https:\/\/franciscanos.org.br\/noticias\/wp-json\/wp\/v2\/posts\/135060\/revisions"}],"wp:featuredmedia":[{"embeddable":true,"href":"https:\/\/franciscanos.org.br\/noticias\/wp-json\/wp\/v2\/media\/199498"}],"wp:attachment":[{"href":"https:\/\/franciscanos.org.br\/noticias\/wp-json\/wp\/v2\/media?parent=135060"}],"wp:term":[{"taxonomy":"category","embeddable":true,"href":"https:\/\/franciscanos.org.br\/noticias\/wp-json\/wp\/v2\/categories?post=135060"},{"taxonomy":"post_tag","embeddable":true,"href":"https:\/\/franciscanos.org.br\/noticias\/wp-json\/wp\/v2\/tags?post=135060"}],"curies":[{"name":"wp","href":"https:\/\/api.w.org\/{rel}","templated":true}]}}