{"id":135020,"date":"2017-06-02T19:02:21","date_gmt":"2017-06-02T22:02:21","guid":{"rendered":"http:\/\/franciscanos.org.br\/?p=135020"},"modified":"2019-01-24T09:22:02","modified_gmt":"2019-01-24T11:22:02","slug":"o-amor-e-uma-construcao-artesanal-afirma-frei-gustavo","status":"publish","type":"post","link":"https:\/\/franciscanos.org.br\/noticias\/o-amor-e-uma-construcao-artesanal-afirma-frei-gustavo.html","title":{"rendered":"O amor \u00e9 uma constru\u00e7\u00e3o artesanal, afirma Frei Gustavo"},"content":{"rendered":"<p><strong><img loading=\"lazy\" class=\"alignleft size-full wp-image-196508\" src=\"https:\/\/franciscanos.org.br\/noticias\/wp-content\/uploads\/2017\/06\/trezena_020617-G.jpg\" alt=\"\" width=\"830\" height=\"400\" srcset=\"https:\/\/franciscanos.org.br\/noticias\/wp-content\/uploads\/2017\/06\/trezena_020617-G.jpg 830w, https:\/\/franciscanos.org.br\/noticias\/wp-content\/uploads\/2017\/06\/trezena_020617-G-450x217.jpg 450w, https:\/\/franciscanos.org.br\/noticias\/wp-content\/uploads\/2017\/06\/trezena_020617-G-768x370.jpg 768w, https:\/\/franciscanos.org.br\/noticias\/wp-content\/uploads\/2017\/06\/trezena_020617-G-150x72.jpg 150w\" sizes=\"(max-width: 830px) 100vw, 830px\" \/>\u00c9rika Augusto<\/strong><\/p>\n<p><strong>S\u00e3o Paulo (SP) &#8211;<\/strong> Nesta sexta-feira, 2, aconteceu o terceiro dia da Trezena em honra a Santo Ant\u00f4nio no Convento e Santu\u00e1rio S\u00e3o Francisco, no centro de S\u00e3o Paulo. Apesar do frio, que chegou \u00e0 capital paulista na madrugada, um sol agrad\u00e1vel apareceu durante o dia, o que animou os devotos, que praticamente enchiam a tricenten\u00e1ria igreja.<\/p>\n<p>O tema escolhido para o terceiro dia foi: \u201cSanto Ant\u00f4nio e Santa Maria, ensinai-nos o amor a Deus\u201d. Frei Gustavo Medella, que presidiu a celebra\u00e7\u00e3o, lembrou ainda que nesta sexta-feira \u00e9 celebrado o Sagrado Cora\u00e7\u00e3o de Jesus.<\/p>\n<p><strong>O amor \u00e9 uma constru\u00e7\u00e3o artesanal<\/strong><\/p>\n<p>Em sua homilia, Frei Gustavo afirmou que a rela\u00e7\u00e3o com Deus se constr\u00f3i de forma artesanal. \u201cEste amor \u00e9 tecido nas nossas escolhas, nas nossas op\u00e7\u00f5es, na vida de ora\u00e7\u00e3o, no afirmar e reafirmar que aquele amor est\u00e1 presente em nossa vida\u201d, assinalou, afirmando que o amor n\u00e3o \u00e9 industrializado, produzido em s\u00e9rie, mas constru\u00eddo a cada dia, atrav\u00e9s de posturas e atitudes.<br \/>\nA respeito\u00a0do evangelho do dia, extra\u00eddo de Jo 21,15-19, onde Jesus pergunta a Pedro tr\u00eas vezes se ele o amava, Frei Gustavo comentou: \u201cPor isso Jesus insiste na pergunta a Pedro, voc\u00ea precisa me amar hoje, amanh\u00e3 e depois. E olha que este amor, que voc\u00ea est\u00e1 declarando a mim, tem consequ\u00eancias, tem implic\u00e2ncias\u201d, afirmou. \u201cA capacidade de amar, que o Senhor coloca em nossos cora\u00e7\u00f5es, continua viva dentro de n\u00f3s, podemos de novo colocar a m\u00e3o na massa e artesanalmente, com cuidado e com carinho, reavivar o amor de Deus em n\u00f3s\u201d, explicou.<\/p>\n<p>Frei Gustavo ressaltou que Santo Ant\u00f4nio colocava este amor em todas as tarefas que realizava, desde as mais simples, como quando trabalhava na cozinha do convento, e tamb\u00e9m Nossa Senhora, nas tarefas dom\u00e9sticas que certamente realizava.<\/p>\n<p>Como nos outros dias, o pregador da trezena deixou uma tarefa de casa para os participantes: demonstrar amor por aquelas pessoas que eles convivem.<br \/>\nAp\u00f3s a homilia, todos cantaram o Respons\u00f3rio de Santo Ant\u00f4nio. Ao final da missa, como nos outros dias, houve um sorteio de um kit oferecido pela Editora Vozes, com uma B\u00edblia, um Almanaque de Santo Ant\u00f4nio e um livro com a trezena e ora\u00e7\u00f5es. Frei Alvaci Mendes da Luz, p\u00e1roco, convidou os presentes a participarem das atividades que acontecer\u00e3o no fim de semana. A trezena acontece at\u00e9 o dia 12 de junho, e \u00e9 celebrada \u00e0s 15h de ter\u00e7a a sexta, \u00e0s 10h30 aos domingos e meio-dia \u00e0s segundas-feiras.<\/p>\n","protected":false},"excerpt":{"rendered":"<p>Trezena<\/p>\n","protected":false},"author":1,"featured_media":196510,"comment_status":"open","ping_status":"open","sticky":false,"template":"","format":"standard","meta":[],"categories":[1],"tags":[312],"acf":[],"yoast_head":"<!-- This site is optimized with the Yoast SEO plugin v19.2 - https:\/\/yoast.com\/wordpress\/plugins\/seo\/ -->\n<title>O amor \u00e9 uma constru\u00e7\u00e3o artesanal, afirma Frei Gustavo - Not\u00edcias - Franciscanos<\/title>\n<meta name=\"robots\" content=\"index, follow, max-snippet:-1, max-image-preview:large, max-video-preview:-1\" \/>\n<link rel=\"canonical\" href=\"https:\/\/franciscanos.org.br\/noticias\/o-amor-e-uma-construcao-artesanal-afirma-frei-gustavo.html\" \/>\n<meta property=\"og:locale\" content=\"pt_BR\" \/>\n<meta property=\"og:type\" content=\"article\" \/>\n<meta property=\"og:title\" content=\"O amor \u00e9 uma constru\u00e7\u00e3o artesanal, afirma Frei Gustavo - Not\u00edcias - Franciscanos\" \/>\n<meta property=\"og:description\" content=\"Trezena\" \/>\n<meta property=\"og:url\" content=\"https:\/\/franciscanos.org.br\/noticias\/o-amor-e-uma-construcao-artesanal-afirma-frei-gustavo.html\" \/>\n<meta property=\"og:site_name\" content=\"Not\u00edcias - Franciscanos\" \/>\n<meta property=\"article:published_time\" content=\"2017-06-02T22:02:21+00:00\" \/>\n<meta property=\"article:modified_time\" content=\"2019-01-24T11:22:02+00:00\" \/>\n<meta property=\"og:image\" content=\"https:\/\/franciscanos.org.br\/noticias\/wp-content\/uploads\/2017\/06\/trezena_020617p.jpg\" \/>\n\t<meta property=\"og:image:width\" content=\"273\" \/>\n\t<meta property=\"og:image:height\" content=\"181\" \/>\n\t<meta property=\"og:image:type\" content=\"image\/jpeg\" \/>\n<meta name=\"author\" content=\"admin\" \/>\n<meta name=\"twitter:card\" content=\"summary_large_image\" \/>\n<meta name=\"twitter:label1\" content=\"Escrito por\" \/>\n\t<meta name=\"twitter:data1\" content=\"admin\" \/>\n\t<meta name=\"twitter:label2\" content=\"Est. tempo de leitura\" \/>\n\t<meta name=\"twitter:data2\" content=\"2 minutos\" \/>\n<script type=\"application\/ld+json\" class=\"yoast-schema-graph\">{\"@context\":\"https:\/\/schema.org\",\"@graph\":[{\"@type\":\"WebSite\",\"@id\":\"https:\/\/franciscanos.org.br\/noticias\/#website\",\"url\":\"https:\/\/franciscanos.org.br\/noticias\/\",\"name\":\"Not\u00edcias - Franciscanos\",\"description\":\"Prov\u00edncia Franciscana da Imaculada Concei\u00e7\u00e3o do Brasil - Ordem dos Frades Menores - OFM\",\"potentialAction\":[{\"@type\":\"SearchAction\",\"target\":{\"@type\":\"EntryPoint\",\"urlTemplate\":\"https:\/\/franciscanos.org.br\/noticias\/?s={search_term_string}\"},\"query-input\":\"required name=search_term_string\"}],\"inLanguage\":\"pt-BR\"},{\"@type\":\"ImageObject\",\"inLanguage\":\"pt-BR\",\"@id\":\"https:\/\/franciscanos.org.br\/noticias\/o-amor-e-uma-construcao-artesanal-afirma-frei-gustavo.html#primaryimage\",\"url\":\"https:\/\/franciscanos.org.br\/noticias\/wp-content\/uploads\/2017\/06\/trezena_020617p.jpg\",\"contentUrl\":\"https:\/\/franciscanos.org.br\/noticias\/wp-content\/uploads\/2017\/06\/trezena_020617p.jpg\",\"width\":273,\"height\":181},{\"@type\":\"WebPage\",\"@id\":\"https:\/\/franciscanos.org.br\/noticias\/o-amor-e-uma-construcao-artesanal-afirma-frei-gustavo.html#webpage\",\"url\":\"https:\/\/franciscanos.org.br\/noticias\/o-amor-e-uma-construcao-artesanal-afirma-frei-gustavo.html\",\"name\":\"O amor \u00e9 uma constru\u00e7\u00e3o artesanal, afirma Frei Gustavo - Not\u00edcias - Franciscanos\",\"isPartOf\":{\"@id\":\"https:\/\/franciscanos.org.br\/noticias\/#website\"},\"primaryImageOfPage\":{\"@id\":\"https:\/\/franciscanos.org.br\/noticias\/o-amor-e-uma-construcao-artesanal-afirma-frei-gustavo.html#primaryimage\"},\"datePublished\":\"2017-06-02T22:02:21+00:00\",\"dateModified\":\"2019-01-24T11:22:02+00:00\",\"author\":{\"@id\":\"https:\/\/franciscanos.org.br\/noticias\/#\/schema\/person\/b38fbf43118f02820bd932f2e4b14ad3\"},\"breadcrumb\":{\"@id\":\"https:\/\/franciscanos.org.br\/noticias\/o-amor-e-uma-construcao-artesanal-afirma-frei-gustavo.html#breadcrumb\"},\"inLanguage\":\"pt-BR\",\"potentialAction\":[{\"@type\":\"ReadAction\",\"target\":[\"https:\/\/franciscanos.org.br\/noticias\/o-amor-e-uma-construcao-artesanal-afirma-frei-gustavo.html\"]}]},{\"@type\":\"BreadcrumbList\",\"@id\":\"https:\/\/franciscanos.org.br\/noticias\/o-amor-e-uma-construcao-artesanal-afirma-frei-gustavo.html#breadcrumb\",\"itemListElement\":[{\"@type\":\"ListItem\",\"position\":1,\"name\":\"Home\",\"item\":\"https:\/\/franciscanos.org.br\/noticias\"},{\"@type\":\"ListItem\",\"position\":2,\"name\":\"O amor \u00e9 uma constru\u00e7\u00e3o artesanal, afirma Frei Gustavo\"}]},{\"@type\":\"Person\",\"@id\":\"https:\/\/franciscanos.org.br\/noticias\/#\/schema\/person\/b38fbf43118f02820bd932f2e4b14ad3\",\"name\":\"admin\",\"image\":{\"@type\":\"ImageObject\",\"inLanguage\":\"pt-BR\",\"@id\":\"https:\/\/franciscanos.org.br\/noticias\/#\/schema\/person\/image\/\",\"url\":\"https:\/\/secure.gravatar.com\/avatar\/e8495742d34d0ba6448ea1c628263b3e?s=96&d=mm&r=g\",\"contentUrl\":\"https:\/\/secure.gravatar.com\/avatar\/e8495742d34d0ba6448ea1c628263b3e?s=96&d=mm&r=g\",\"caption\":\"admin\"},\"url\":\"https:\/\/franciscanos.org.br\/noticias\/author\/admin\"}]}<\/script>\n<!-- \/ Yoast SEO plugin. -->","yoast_head_json":{"title":"O amor \u00e9 uma constru\u00e7\u00e3o artesanal, afirma Frei Gustavo - Not\u00edcias - Franciscanos","robots":{"index":"index","follow":"follow","max-snippet":"max-snippet:-1","max-image-preview":"max-image-preview:large","max-video-preview":"max-video-preview:-1"},"canonical":"https:\/\/franciscanos.org.br\/noticias\/o-amor-e-uma-construcao-artesanal-afirma-frei-gustavo.html","og_locale":"pt_BR","og_type":"article","og_title":"O amor \u00e9 uma constru\u00e7\u00e3o artesanal, afirma Frei Gustavo - Not\u00edcias - Franciscanos","og_description":"Trezena","og_url":"https:\/\/franciscanos.org.br\/noticias\/o-amor-e-uma-construcao-artesanal-afirma-frei-gustavo.html","og_site_name":"Not\u00edcias - Franciscanos","article_published_time":"2017-06-02T22:02:21+00:00","article_modified_time":"2019-01-24T11:22:02+00:00","og_image":[{"width":273,"height":181,"url":"https:\/\/franciscanos.org.br\/noticias\/wp-content\/uploads\/2017\/06\/trezena_020617p.jpg","type":"image\/jpeg"}],"author":"admin","twitter_card":"summary_large_image","twitter_misc":{"Escrito por":"admin","Est. tempo de leitura":"2 minutos"},"schema":{"@context":"https:\/\/schema.org","@graph":[{"@type":"WebSite","@id":"https:\/\/franciscanos.org.br\/noticias\/#website","url":"https:\/\/franciscanos.org.br\/noticias\/","name":"Not\u00edcias - Franciscanos","description":"Prov\u00edncia Franciscana da Imaculada Concei\u00e7\u00e3o do Brasil - Ordem dos Frades Menores - OFM","potentialAction":[{"@type":"SearchAction","target":{"@type":"EntryPoint","urlTemplate":"https:\/\/franciscanos.org.br\/noticias\/?s={search_term_string}"},"query-input":"required name=search_term_string"}],"inLanguage":"pt-BR"},{"@type":"ImageObject","inLanguage":"pt-BR","@id":"https:\/\/franciscanos.org.br\/noticias\/o-amor-e-uma-construcao-artesanal-afirma-frei-gustavo.html#primaryimage","url":"https:\/\/franciscanos.org.br\/noticias\/wp-content\/uploads\/2017\/06\/trezena_020617p.jpg","contentUrl":"https:\/\/franciscanos.org.br\/noticias\/wp-content\/uploads\/2017\/06\/trezena_020617p.jpg","width":273,"height":181},{"@type":"WebPage","@id":"https:\/\/franciscanos.org.br\/noticias\/o-amor-e-uma-construcao-artesanal-afirma-frei-gustavo.html#webpage","url":"https:\/\/franciscanos.org.br\/noticias\/o-amor-e-uma-construcao-artesanal-afirma-frei-gustavo.html","name":"O amor \u00e9 uma constru\u00e7\u00e3o artesanal, afirma Frei Gustavo - Not\u00edcias - Franciscanos","isPartOf":{"@id":"https:\/\/franciscanos.org.br\/noticias\/#website"},"primaryImageOfPage":{"@id":"https:\/\/franciscanos.org.br\/noticias\/o-amor-e-uma-construcao-artesanal-afirma-frei-gustavo.html#primaryimage"},"datePublished":"2017-06-02T22:02:21+00:00","dateModified":"2019-01-24T11:22:02+00:00","author":{"@id":"https:\/\/franciscanos.org.br\/noticias\/#\/schema\/person\/b38fbf43118f02820bd932f2e4b14ad3"},"breadcrumb":{"@id":"https:\/\/franciscanos.org.br\/noticias\/o-amor-e-uma-construcao-artesanal-afirma-frei-gustavo.html#breadcrumb"},"inLanguage":"pt-BR","potentialAction":[{"@type":"ReadAction","target":["https:\/\/franciscanos.org.br\/noticias\/o-amor-e-uma-construcao-artesanal-afirma-frei-gustavo.html"]}]},{"@type":"BreadcrumbList","@id":"https:\/\/franciscanos.org.br\/noticias\/o-amor-e-uma-construcao-artesanal-afirma-frei-gustavo.html#breadcrumb","itemListElement":[{"@type":"ListItem","position":1,"name":"Home","item":"https:\/\/franciscanos.org.br\/noticias"},{"@type":"ListItem","position":2,"name":"O amor \u00e9 uma constru\u00e7\u00e3o artesanal, afirma Frei Gustavo"}]},{"@type":"Person","@id":"https:\/\/franciscanos.org.br\/noticias\/#\/schema\/person\/b38fbf43118f02820bd932f2e4b14ad3","name":"admin","image":{"@type":"ImageObject","inLanguage":"pt-BR","@id":"https:\/\/franciscanos.org.br\/noticias\/#\/schema\/person\/image\/","url":"https:\/\/secure.gravatar.com\/avatar\/e8495742d34d0ba6448ea1c628263b3e?s=96&d=mm&r=g","contentUrl":"https:\/\/secure.gravatar.com\/avatar\/e8495742d34d0ba6448ea1c628263b3e?s=96&d=mm&r=g","caption":"admin"},"url":"https:\/\/franciscanos.org.br\/noticias\/author\/admin"}]}},"_links":{"self":[{"href":"https:\/\/franciscanos.org.br\/noticias\/wp-json\/wp\/v2\/posts\/135020"}],"collection":[{"href":"https:\/\/franciscanos.org.br\/noticias\/wp-json\/wp\/v2\/posts"}],"about":[{"href":"https:\/\/franciscanos.org.br\/noticias\/wp-json\/wp\/v2\/types\/post"}],"author":[{"embeddable":true,"href":"https:\/\/franciscanos.org.br\/noticias\/wp-json\/wp\/v2\/users\/1"}],"replies":[{"embeddable":true,"href":"https:\/\/franciscanos.org.br\/noticias\/wp-json\/wp\/v2\/comments?post=135020"}],"version-history":[{"count":0,"href":"https:\/\/franciscanos.org.br\/noticias\/wp-json\/wp\/v2\/posts\/135020\/revisions"}],"wp:featuredmedia":[{"embeddable":true,"href":"https:\/\/franciscanos.org.br\/noticias\/wp-json\/wp\/v2\/media\/196510"}],"wp:attachment":[{"href":"https:\/\/franciscanos.org.br\/noticias\/wp-json\/wp\/v2\/media?parent=135020"}],"wp:term":[{"taxonomy":"category","embeddable":true,"href":"https:\/\/franciscanos.org.br\/noticias\/wp-json\/wp\/v2\/categories?post=135020"},{"taxonomy":"post_tag","embeddable":true,"href":"https:\/\/franciscanos.org.br\/noticias\/wp-json\/wp\/v2\/tags?post=135020"}],"curies":[{"name":"wp","href":"https:\/\/api.w.org\/{rel}","templated":true}]}}