{"id":134978,"date":"2017-06-02T10:09:58","date_gmt":"2017-06-02T13:09:58","guid":{"rendered":"http:\/\/franciscanos.org.br\/?p=134978"},"modified":"2019-02-05T09:16:01","modified_gmt":"2019-02-05T11:16:01","slug":"nao-existe-igreja-sem-maria-e-maria-sem-a-igreja-diz-d-sevilha","status":"publish","type":"post","link":"https:\/\/franciscanos.org.br\/noticias\/nao-existe-igreja-sem-maria-e-maria-sem-a-igreja-diz-d-sevilha.html","title":{"rendered":"D. Sevilha: N\u00e3o existe Igreja sem Maria e Maria sem a Igreja"},"content":{"rendered":"<p><img loading=\"lazy\" src=\"https:\/\/franciscanos.org.br\/noticias\/wp-content\/uploads\/2017\/06\/830.jpg\" alt=\"\" width=\"830\" height=\"445\" \/><\/p>\n<p>Motivados pelo tema \u201cMaria, m\u00e3e da Igreja\u201d, a Novena de Pentecostes do Santu\u00e1rio do Divino Esp\u00edrito Santo, em Vila Velha (ES), chegou ao s\u00e9timo dia, nesta quinta-feira (01\/06). O bispo auxiliar na Arquidiocese de Vit\u00f3ria, Dom Rubens Sevilha, presidiu a Celebra\u00e7\u00e3o Eucar\u00edstica, onde todos os fi\u00e9is foram convidados a renovar a luz do Esp\u00edrito Santo recebida no batismo e tamb\u00e9m celebrar os 50 anos de funda\u00e7\u00e3o do Santu\u00e1rio.<\/p>\n<p>O comentarista lembrou que o batismo \u00e9 o nascimento na vida religiosa e, como a crian\u00e7a que depende dos cuidados dos pais para viver, tamb\u00e9m n\u00f3s dependemos de Deus para viver na f\u00e9 e nos fortalecer. Neste s\u00e9timo dia, a comunidade lembrou todas as pessoas que foram batizadas nesses cinquenta anos e os agentes de pastorais que acolheram e prepararam pais e padrinhos para o Sacramento do Batismo. Este momento foi marcado na prociss\u00e3o com pais e crian\u00e7as batizadas recentemente e membros da pastoral do batismo.<\/p>\n<p><strong>MODELO DE M\u00c3E<\/strong><\/p>\n<p>Na homilia, Dom Sevilha destacou que \u201cNossa Senhora como modelo de M\u00e3e, de unidade, de Vida\u201d e disse que ficou sabendo por Frei Djamo Fuck, o p\u00e1roco, que o t\u00edtulo de \u201cEsposa do Esp\u00edrito Santo\u201d (tema da novena), foi dado por S\u00e3o Francisco de Assis. Esse t\u00edtulo dado a Nossa Senhora serve para n\u00f3s como projeto de vida: \u201cTamb\u00e9m Nossa Senhora faz parte dessa constru\u00e7\u00e3o da Igreja. Devemos pedir a Nossa Senhora para que ela se fa\u00e7a presente em nossas vidas, ajudando-nos a criar nossa fam\u00edlia. Cabe a n\u00f3s construir e reconstruir a unidade que o Evangelho destaca\u201d, disse.<\/p>\n<p>Dom Sevilha ressaltou, citando o Papa Francisco, que a paz e a unidade precisam ser fabricadas com servi\u00e7o bra\u00e7al, com esfor\u00e7o. Provocou a seguinte reflex\u00e3o: \u201cSendo disc\u00edpulos de Cristo, como estamos construindo a paz, a harmonia e a unidade nas nossas vidas? Como conseguimos ser construtores da paz? Convers\u00e3o \u00e9 mudar o cora\u00e7\u00e3o. \u00c9 domar o nosso temperamento. Se temos um cora\u00e7\u00e3o confuso, como ter paz? Como est\u00e1 a paz na sua alma? Quanto mais orgulho, menos paz. S\u00f3 com humildade, olhando para Jesus com o cora\u00e7\u00e3o manso e humilde, conseguiremos ter a paz. \u00c9 preciso descomplicar. Ser simples e confiantes no Senhor\u201d, enfatizou, desejando que a Par\u00f3quia possa continuar sendo construtora da paz.<\/p>\n<p><strong>N\u00c3O EXISTE IGREJA SEM MARIA<\/strong><\/p>\n<p>Ap\u00f3s a comunh\u00e3o, as luzes do Santu\u00e1rio foram apagadas. A comunidade entoou o canto: \u201cReunidos aqui, no cen\u00e1culo de amor, pedimos for\u00e7a pelas m\u00e3os de Maria&#8230;\u201d. Jovens, vestidos de vermelho, representando os ap\u00f3stolos, uniram-se ao fundo da Igreja com tochas acesas. Do meio deles surgiu uma mulher, representando Maria com Jesus no colo, e caminharam at\u00e9 o altar, onde Dom Sevilha pegou o menino e o apresentou para a assembleia.<\/p>\n<p>Dom Sevilha agradeceu pela oportunidade de participar neste s\u00e9timo dia da Novena e recebeu um presente entregue por uma crian\u00e7a, representando todos os batizados no Santu\u00e1rio. Frei Djamo fez as considera\u00e7\u00f5es finais e o convite para o oitavo dia da novena, nesta sexta-feira (02\/6). Frei Clar\u00eancio aben\u00e7oou as medalhas que lembram o Esp\u00edrito Santo que fecundou Maria e nos deu o seu filho Jesus.<\/p>\n<p>Dom Sevilha deu a b\u00ean\u00e7\u00e3o final pedindo a Nossa Senhora Aparecida, Padroeira do Brasil, que proteja nossas fam\u00edlias e todos os brasileiros neste momento t\u00e3o triste de nosso pa\u00eds: \u201cA presen\u00e7a materna de Maria auxiliou os disc\u00edpulos a perseverarem na f\u00e9 e na uni\u00e3o. N\u00e3o existe Igreja sem Maria e Maria sem a Igreja\u201d.<\/p>\n<p><strong>Pascom da Par\u00f3quia Santu\u00e1rio<\/strong><\/p>\n<p><img class=\"ngg_displayed_gallery mceItem\" src=\"http:\/\/franciscanos.org.br\/index.php\/nextgen-attach_to_post\/preview\/id--134982\" alt=\"\" \/><\/p>\n","protected":false},"excerpt":{"rendered":"<p>Novena de Pentecostes<\/p>\n","protected":false},"author":1,"featured_media":199474,"comment_status":"open","ping_status":"open","sticky":false,"template":"","format":"standard","meta":[],"categories":[1],"tags":[1352],"acf":[],"yoast_head":"<!-- This site is optimized with the Yoast SEO plugin v19.2 - https:\/\/yoast.com\/wordpress\/plugins\/seo\/ -->\n<title>D. Sevilha: N\u00e3o existe Igreja sem Maria e Maria sem a Igreja - Not\u00edcias - Franciscanos<\/title>\n<meta name=\"robots\" content=\"index, follow, max-snippet:-1, max-image-preview:large, max-video-preview:-1\" \/>\n<link rel=\"canonical\" href=\"https:\/\/franciscanos.org.br\/noticias\/nao-existe-igreja-sem-maria-e-maria-sem-a-igreja-diz-d-sevilha.html\" \/>\n<meta property=\"og:locale\" content=\"pt_BR\" \/>\n<meta property=\"og:type\" content=\"article\" \/>\n<meta property=\"og:title\" content=\"D. Sevilha: N\u00e3o existe Igreja sem Maria e Maria sem a Igreja - Not\u00edcias - Franciscanos\" \/>\n<meta property=\"og:description\" content=\"Novena de Pentecostes\" \/>\n<meta property=\"og:url\" content=\"https:\/\/franciscanos.org.br\/noticias\/nao-existe-igreja-sem-maria-e-maria-sem-a-igreja-diz-d-sevilha.html\" \/>\n<meta property=\"og:site_name\" content=\"Not\u00edcias - Franciscanos\" \/>\n<meta property=\"article:published_time\" content=\"2017-06-02T13:09:58+00:00\" \/>\n<meta property=\"article:modified_time\" content=\"2019-02-05T11:16:01+00:00\" \/>\n<meta property=\"og:image\" content=\"https:\/\/franciscanos.org.br\/noticias\/wp-content\/uploads\/2017\/06\/273.jpg\" \/>\n\t<meta property=\"og:image:width\" content=\"273\" \/>\n\t<meta property=\"og:image:height\" content=\"181\" \/>\n\t<meta property=\"og:image:type\" content=\"image\/jpeg\" \/>\n<meta name=\"author\" content=\"admin\" \/>\n<meta name=\"twitter:card\" content=\"summary_large_image\" \/>\n<meta name=\"twitter:label1\" content=\"Escrito por\" \/>\n\t<meta name=\"twitter:data1\" content=\"admin\" \/>\n\t<meta name=\"twitter:label2\" content=\"Est. tempo de leitura\" \/>\n\t<meta name=\"twitter:data2\" content=\"3 minutos\" \/>\n<script type=\"application\/ld+json\" class=\"yoast-schema-graph\">{\"@context\":\"https:\/\/schema.org\",\"@graph\":[{\"@type\":\"WebSite\",\"@id\":\"https:\/\/franciscanos.org.br\/noticias\/#website\",\"url\":\"https:\/\/franciscanos.org.br\/noticias\/\",\"name\":\"Not\u00edcias - Franciscanos\",\"description\":\"Prov\u00edncia Franciscana da Imaculada Concei\u00e7\u00e3o do Brasil - Ordem dos Frades Menores - OFM\",\"potentialAction\":[{\"@type\":\"SearchAction\",\"target\":{\"@type\":\"EntryPoint\",\"urlTemplate\":\"https:\/\/franciscanos.org.br\/noticias\/?s={search_term_string}\"},\"query-input\":\"required name=search_term_string\"}],\"inLanguage\":\"pt-BR\"},{\"@type\":\"ImageObject\",\"inLanguage\":\"pt-BR\",\"@id\":\"https:\/\/franciscanos.org.br\/noticias\/nao-existe-igreja-sem-maria-e-maria-sem-a-igreja-diz-d-sevilha.html#primaryimage\",\"url\":\"https:\/\/franciscanos.org.br\/noticias\/wp-content\/uploads\/2017\/06\/273.jpg\",\"contentUrl\":\"https:\/\/franciscanos.org.br\/noticias\/wp-content\/uploads\/2017\/06\/273.jpg\",\"width\":273,\"height\":181},{\"@type\":\"WebPage\",\"@id\":\"https:\/\/franciscanos.org.br\/noticias\/nao-existe-igreja-sem-maria-e-maria-sem-a-igreja-diz-d-sevilha.html#webpage\",\"url\":\"https:\/\/franciscanos.org.br\/noticias\/nao-existe-igreja-sem-maria-e-maria-sem-a-igreja-diz-d-sevilha.html\",\"name\":\"D. Sevilha: N\u00e3o existe Igreja sem Maria e Maria sem a Igreja - Not\u00edcias - Franciscanos\",\"isPartOf\":{\"@id\":\"https:\/\/franciscanos.org.br\/noticias\/#website\"},\"primaryImageOfPage\":{\"@id\":\"https:\/\/franciscanos.org.br\/noticias\/nao-existe-igreja-sem-maria-e-maria-sem-a-igreja-diz-d-sevilha.html#primaryimage\"},\"datePublished\":\"2017-06-02T13:09:58+00:00\",\"dateModified\":\"2019-02-05T11:16:01+00:00\",\"author\":{\"@id\":\"https:\/\/franciscanos.org.br\/noticias\/#\/schema\/person\/b38fbf43118f02820bd932f2e4b14ad3\"},\"breadcrumb\":{\"@id\":\"https:\/\/franciscanos.org.br\/noticias\/nao-existe-igreja-sem-maria-e-maria-sem-a-igreja-diz-d-sevilha.html#breadcrumb\"},\"inLanguage\":\"pt-BR\",\"potentialAction\":[{\"@type\":\"ReadAction\",\"target\":[\"https:\/\/franciscanos.org.br\/noticias\/nao-existe-igreja-sem-maria-e-maria-sem-a-igreja-diz-d-sevilha.html\"]}]},{\"@type\":\"BreadcrumbList\",\"@id\":\"https:\/\/franciscanos.org.br\/noticias\/nao-existe-igreja-sem-maria-e-maria-sem-a-igreja-diz-d-sevilha.html#breadcrumb\",\"itemListElement\":[{\"@type\":\"ListItem\",\"position\":1,\"name\":\"Home\",\"item\":\"https:\/\/franciscanos.org.br\/noticias\"},{\"@type\":\"ListItem\",\"position\":2,\"name\":\"D. Sevilha: N\u00e3o existe Igreja sem Maria e Maria sem a Igreja\"}]},{\"@type\":\"Person\",\"@id\":\"https:\/\/franciscanos.org.br\/noticias\/#\/schema\/person\/b38fbf43118f02820bd932f2e4b14ad3\",\"name\":\"admin\",\"image\":{\"@type\":\"ImageObject\",\"inLanguage\":\"pt-BR\",\"@id\":\"https:\/\/franciscanos.org.br\/noticias\/#\/schema\/person\/image\/\",\"url\":\"https:\/\/secure.gravatar.com\/avatar\/e8495742d34d0ba6448ea1c628263b3e?s=96&d=mm&r=g\",\"contentUrl\":\"https:\/\/secure.gravatar.com\/avatar\/e8495742d34d0ba6448ea1c628263b3e?s=96&d=mm&r=g\",\"caption\":\"admin\"},\"url\":\"https:\/\/franciscanos.org.br\/noticias\/author\/admin\"}]}<\/script>\n<!-- \/ Yoast SEO plugin. -->","yoast_head_json":{"title":"D. Sevilha: N\u00e3o existe Igreja sem Maria e Maria sem a Igreja - Not\u00edcias - Franciscanos","robots":{"index":"index","follow":"follow","max-snippet":"max-snippet:-1","max-image-preview":"max-image-preview:large","max-video-preview":"max-video-preview:-1"},"canonical":"https:\/\/franciscanos.org.br\/noticias\/nao-existe-igreja-sem-maria-e-maria-sem-a-igreja-diz-d-sevilha.html","og_locale":"pt_BR","og_type":"article","og_title":"D. Sevilha: N\u00e3o existe Igreja sem Maria e Maria sem a Igreja - Not\u00edcias - Franciscanos","og_description":"Novena de Pentecostes","og_url":"https:\/\/franciscanos.org.br\/noticias\/nao-existe-igreja-sem-maria-e-maria-sem-a-igreja-diz-d-sevilha.html","og_site_name":"Not\u00edcias - Franciscanos","article_published_time":"2017-06-02T13:09:58+00:00","article_modified_time":"2019-02-05T11:16:01+00:00","og_image":[{"width":273,"height":181,"url":"https:\/\/franciscanos.org.br\/noticias\/wp-content\/uploads\/2017\/06\/273.jpg","type":"image\/jpeg"}],"author":"admin","twitter_card":"summary_large_image","twitter_misc":{"Escrito por":"admin","Est. tempo de leitura":"3 minutos"},"schema":{"@context":"https:\/\/schema.org","@graph":[{"@type":"WebSite","@id":"https:\/\/franciscanos.org.br\/noticias\/#website","url":"https:\/\/franciscanos.org.br\/noticias\/","name":"Not\u00edcias - Franciscanos","description":"Prov\u00edncia Franciscana da Imaculada Concei\u00e7\u00e3o do Brasil - Ordem dos Frades Menores - OFM","potentialAction":[{"@type":"SearchAction","target":{"@type":"EntryPoint","urlTemplate":"https:\/\/franciscanos.org.br\/noticias\/?s={search_term_string}"},"query-input":"required name=search_term_string"}],"inLanguage":"pt-BR"},{"@type":"ImageObject","inLanguage":"pt-BR","@id":"https:\/\/franciscanos.org.br\/noticias\/nao-existe-igreja-sem-maria-e-maria-sem-a-igreja-diz-d-sevilha.html#primaryimage","url":"https:\/\/franciscanos.org.br\/noticias\/wp-content\/uploads\/2017\/06\/273.jpg","contentUrl":"https:\/\/franciscanos.org.br\/noticias\/wp-content\/uploads\/2017\/06\/273.jpg","width":273,"height":181},{"@type":"WebPage","@id":"https:\/\/franciscanos.org.br\/noticias\/nao-existe-igreja-sem-maria-e-maria-sem-a-igreja-diz-d-sevilha.html#webpage","url":"https:\/\/franciscanos.org.br\/noticias\/nao-existe-igreja-sem-maria-e-maria-sem-a-igreja-diz-d-sevilha.html","name":"D. Sevilha: N\u00e3o existe Igreja sem Maria e Maria sem a Igreja - Not\u00edcias - Franciscanos","isPartOf":{"@id":"https:\/\/franciscanos.org.br\/noticias\/#website"},"primaryImageOfPage":{"@id":"https:\/\/franciscanos.org.br\/noticias\/nao-existe-igreja-sem-maria-e-maria-sem-a-igreja-diz-d-sevilha.html#primaryimage"},"datePublished":"2017-06-02T13:09:58+00:00","dateModified":"2019-02-05T11:16:01+00:00","author":{"@id":"https:\/\/franciscanos.org.br\/noticias\/#\/schema\/person\/b38fbf43118f02820bd932f2e4b14ad3"},"breadcrumb":{"@id":"https:\/\/franciscanos.org.br\/noticias\/nao-existe-igreja-sem-maria-e-maria-sem-a-igreja-diz-d-sevilha.html#breadcrumb"},"inLanguage":"pt-BR","potentialAction":[{"@type":"ReadAction","target":["https:\/\/franciscanos.org.br\/noticias\/nao-existe-igreja-sem-maria-e-maria-sem-a-igreja-diz-d-sevilha.html"]}]},{"@type":"BreadcrumbList","@id":"https:\/\/franciscanos.org.br\/noticias\/nao-existe-igreja-sem-maria-e-maria-sem-a-igreja-diz-d-sevilha.html#breadcrumb","itemListElement":[{"@type":"ListItem","position":1,"name":"Home","item":"https:\/\/franciscanos.org.br\/noticias"},{"@type":"ListItem","position":2,"name":"D. Sevilha: N\u00e3o existe Igreja sem Maria e Maria sem a Igreja"}]},{"@type":"Person","@id":"https:\/\/franciscanos.org.br\/noticias\/#\/schema\/person\/b38fbf43118f02820bd932f2e4b14ad3","name":"admin","image":{"@type":"ImageObject","inLanguage":"pt-BR","@id":"https:\/\/franciscanos.org.br\/noticias\/#\/schema\/person\/image\/","url":"https:\/\/secure.gravatar.com\/avatar\/e8495742d34d0ba6448ea1c628263b3e?s=96&d=mm&r=g","contentUrl":"https:\/\/secure.gravatar.com\/avatar\/e8495742d34d0ba6448ea1c628263b3e?s=96&d=mm&r=g","caption":"admin"},"url":"https:\/\/franciscanos.org.br\/noticias\/author\/admin"}]}},"_links":{"self":[{"href":"https:\/\/franciscanos.org.br\/noticias\/wp-json\/wp\/v2\/posts\/134978"}],"collection":[{"href":"https:\/\/franciscanos.org.br\/noticias\/wp-json\/wp\/v2\/posts"}],"about":[{"href":"https:\/\/franciscanos.org.br\/noticias\/wp-json\/wp\/v2\/types\/post"}],"author":[{"embeddable":true,"href":"https:\/\/franciscanos.org.br\/noticias\/wp-json\/wp\/v2\/users\/1"}],"replies":[{"embeddable":true,"href":"https:\/\/franciscanos.org.br\/noticias\/wp-json\/wp\/v2\/comments?post=134978"}],"version-history":[{"count":0,"href":"https:\/\/franciscanos.org.br\/noticias\/wp-json\/wp\/v2\/posts\/134978\/revisions"}],"wp:featuredmedia":[{"embeddable":true,"href":"https:\/\/franciscanos.org.br\/noticias\/wp-json\/wp\/v2\/media\/199474"}],"wp:attachment":[{"href":"https:\/\/franciscanos.org.br\/noticias\/wp-json\/wp\/v2\/media?parent=134978"}],"wp:term":[{"taxonomy":"category","embeddable":true,"href":"https:\/\/franciscanos.org.br\/noticias\/wp-json\/wp\/v2\/categories?post=134978"},{"taxonomy":"post_tag","embeddable":true,"href":"https:\/\/franciscanos.org.br\/noticias\/wp-json\/wp\/v2\/tags?post=134978"}],"curies":[{"name":"wp","href":"https:\/\/api.w.org\/{rel}","templated":true}]}}