{"id":134807,"date":"2017-06-02T07:58:15","date_gmt":"2017-06-02T10:58:15","guid":{"rendered":"http:\/\/franciscanos.org.br\/?p=134807"},"modified":"2020-06-08T19:20:43","modified_gmt":"2020-06-08T22:20:43","slug":"papa-jesus-escolhe-o-mais-pecador-dos-apostolos","status":"publish","type":"post","link":"https:\/\/franciscanos.org.br\/noticias\/papa-jesus-escolhe-o-mais-pecador-dos-apostolos.html","title":{"rendered":"Papa: Jesus escolhe o mais pecador dos ap\u00f3stolos"},"content":{"rendered":"<p><img loading=\"lazy\" class=\"aligncenter\" src=\"http:\/\/franciscanos.org.br\/wp-content\/uploads\/2017\/06\/papa_francisco_020617.jpg\" alt=\"papa_francisco_020617\" width=\"820\" height=\"469\" \/><\/p>\n<p><strong>Cidade do Vaticano<\/strong> \u2013 O Papa Francisco celebrou nesta manh\u00e3 de sexta-feira a Santa Missa na Capela da Casa Santa Marta. Em sua homilia, o Papa comentou o Evangelho do dia (Jo 21,15-19), em que Jesus ressuscitado conversa com Pedro \u00e0 margem do lago, onde o ap\u00f3stolo tinha sido chamado. \u00c9 um di\u00e1logo tranquilo, sereno, entre amigos, enfatiza Francisco, na atmosfera da Ressurrei\u00e7\u00e3o do Senhor. Jesus confia o seu rebanho a Pedro, fazendo-lhe tr\u00eas perguntas, perguntando se ele o ama: \u201cJesus escolhe o mais pecador dos ap\u00f3stolos, os outros fugiram, este renegou Ele: &#8216;N\u00e3o o conhe\u00e7o&#8217;. E Jesus lhe pergunta: &#8216;Mas voc\u00ea me ama mais do que estes?&#8217;. Jesus escolhe o mais pecador\u201d.<\/p>\n<p>E foi escolhido, portanto, \u201co mais pecador\u201d para \u201capascentar o povo de Deus. Isto nos faz pensar\u201d, observa Francisco. Jesus pede a Pedro para apascentar o seu rebanho com amor: \u201cN\u00e3o apascentar com a cabe\u00e7a para cima, como o grande dominador, n\u00e3o: apascentar com humildade, com amor, como Jesus fez. Esta \u00e9 a miss\u00e3o que Jesus d\u00e1 a Pedro. Sim, com os pecados, com os erros. Tanto \u00e9 assim que, logo ap\u00f3s esse di\u00e1logo, Pedro faz um deslize, um erro, \u00e9 tentado pela curiosidade e disse ao Senhor: \u201cMas este outro ap\u00f3stolo para onde vai, o que far\u00e1?\u201d. Mas com amor, no meio de seus erros, e seus pecados &#8230; com amor: \u2018Porque essas ovelhas n\u00e3o s\u00e3o as suas ovelhas, s\u00e3o as minhas ovelhas\u2019, diz o Senhor. \u201cAme-as. Se voc\u00ea \u00e9 meu amigo, voc\u00ea tem que ser amigos delas\u2019\u201d.<\/p>\n<p>O Papa recorda quando Pedro nega Jesus diante da serva do sumo sacerdote: est\u00e1 seguro em negar o Senhor como estava seguro quando tinha confessado: \u201cTu \u00e9s o Cristo, o Filho do Deus vivo\u201d. Recorda o olhar de Jesus que cruza com o de Pedro, que acabara de lhe renegar. E o ap\u00f3stolo, \u201ccorajoso ao renegar, \u00e9 capaz de chorar amargamente\u201d: \u201cE ent\u00e3o, depois de toda uma vida servindo ao Senhor acabou como o Senhor: na cruz. Mas n\u00e3o se vangloria: \u2018Termino como meu Senhor!\u2019.<\/p>\n<p>N\u00e3o, pede ele: \u2018Por favor, me coloquem na cruz com a cabe\u00e7a para baixo, para que pelo menos vejam que n\u00e3o sou o Senhor, sou o servo\u2019. Isto \u00e9 o que n\u00f3s podemos tirar deste di\u00e1logo, deste di\u00e1logo t\u00e3o bonito, t\u00e3o sereno, t\u00e3o amig\u00e1vel, t\u00e3o pudico. Que o Senhor nos d\u00ea sempre a gra\u00e7a de caminhar pela vida com a cabe\u00e7a para baixo: com a cabe\u00e7a alta para a dignidade que Deus nos d\u00e1, mas com a cabe\u00e7a para baixo, sabendo que somos pecadores e que o \u00fanico Senhor \u00e9 Jesus, n\u00f3s somos servos\u201d.<\/p>\n<p><strong>RENOVA\u00c7\u00c3O CARISM\u00c1TICA<\/strong><\/p>\n<p>A Renova\u00e7\u00e3o Carism\u00e1tica Cat\u00f3lica \u00e9 um precioso instrumento do Esp\u00edrito Santo para o ecumenismo. \u00c9 o que afirma o Papa Francisco na mensagem aos participantes do Jubileu de Ouro da Renova\u00e7\u00e3o, iniciado na quarta-feira (31\/05) em Roma e que este s\u00e1bado ter\u00e1 seu momento alto com a grande Vig\u00edlia ecum\u00eanica com o Santo Padre no Circo M\u00e1ximo.<\/p>\n<p>\u201cRendo gra\u00e7as a Deus com voc\u00eas por estes 50 anos de a\u00e7\u00e3o soberana do Esp\u00edrito Santo\u201d, afirma o Pont\u00edfice, \u201cque deu vida \u00e0 corrente de gra\u00e7a que \u00e9 a Renova\u00e7\u00e3o Carism\u00e1tica Cat\u00f3lica. Parab\u00e9ns pelo Jubileu de Ouro!\u201d<\/p>\n<p>O evento tem a participa\u00e7\u00e3o de cerca de 30 mil pessoas, cat\u00f3licos e tamb\u00e9m do mundo evang\u00e9lico e pentecostal oriundos de toda a It\u00e1lia e de quase 130 pa\u00edses. \u201cComo toda obra do Esp\u00edrito conduz \u00e0 unidade na diversidade\u201d, o Esp\u00edrito Santo quis que esta nascesse ecum\u00eanica, ressalta o Papa na mensagem.<\/p>\n<p>\u201cVoc\u00eas s\u00e3o um precioso instrumento do Esp\u00edrito para caminhar com os outros irm\u00e3os crist\u00e3os unidos na ora\u00e7\u00e3o e no trabalho pelos necessitados, \u2018caminhando juntos para a mesa da Eucaristia\u2019, como eu disse no Egito, quando rezamos com o Papa Tawadros\u201d, afirma Francisco.<\/p>\n<p>O Santo Padre convida a Renova\u00e7\u00e3o Carism\u00e1tica Cat\u00f3lica a permanecer fiel ao que est\u00e1 escrito no Evangelho segundo S\u00e3o Jo\u00e3o, cap\u00edtulo 17. \u201c\u00c9 Jesus mesmo que pede ao Pai a nossa unidade: \u2018Para que o mundo creia que tu me enviaste\u2019. Unidade para a miss\u00e3o.\u201d<\/p>\n<p>A mensagem do Santo Padre conclui-se dando as boas-vindas \u00e0queles que chegaram a Roma para este Jubileu de Ouro: \u201cQuero encontrar todos voc\u00eas no Circo M\u00e1ximo\u201d, afirma, \u201cs\u00e1bado, 3 de junho, para a Vig\u00edlia ecum\u00eanica de Pentecostes!\u201d<\/p>\n<p>A grande Vig\u00edlia ecum\u00eanica com o Papa Francisco tem programada momentos de ora\u00e7\u00e3o, reflex\u00f5es, testemunhos e pronunciamento do pregador da Casa Pontif\u00edcia, Frei Raniero Cantalamessa, e do pastor da Igreja Evang\u00e9lica da Reconcilia\u00e7\u00e3o, Rev. Giovanni Traettino.<\/p>\n<p>O Santo Padre chegar\u00e1 ao Circo M\u00e1ximo \u00e0s 18h locais (13h do hor\u00e1rio de Bras\u00edlia) e presidir\u00e1 \u00e0 ora\u00e7\u00e3o ecum\u00eanica por uma nova efus\u00e3o do Esp\u00edrito Santo.<\/p>\n<p>Por fim, no domingo, 4 de junho, os participantes do Jubileu de Ouro da Renova\u00e7\u00e3o se reunir\u00e3o na Pra\u00e7a S\u00e3o Pedro para participar, \u00e0s 10h30 (5h30 do hor\u00e1rio de Bras\u00edlia) da missa de Pentecostes celebrada pelo Papa Francisco.<\/p>\n<p>A Vig\u00edlia no s\u00e1bado e a missa no domingo ser\u00e3o transmitidas pela R\u00e1dio Vaticano ao vivo, via sat\u00e9lite, para todo o Brasil e demais pa\u00edses de l\u00edngua portuguesa cujas emissoras nos retransmitem.<\/p>\n<hr \/>\n<p><em>Fonte: R\u00e1dio Vaticano<\/em><\/p>\n","protected":false},"excerpt":{"rendered":"<p>Missa em Santa Marta<\/p>\n","protected":false},"author":1,"featured_media":199420,"comment_status":"open","ping_status":"open","sticky":false,"template":"","format":"standard","meta":[],"categories":[1428],"tags":[1586],"acf":[],"yoast_head":"<!-- This site is optimized with the Yoast SEO plugin v19.2 - https:\/\/yoast.com\/wordpress\/plugins\/seo\/ -->\n<title>Papa: Jesus escolhe o mais pecador dos ap\u00f3stolos - Not\u00edcias - Franciscanos<\/title>\n<meta name=\"robots\" content=\"index, follow, max-snippet:-1, max-image-preview:large, max-video-preview:-1\" \/>\n<link rel=\"canonical\" href=\"https:\/\/franciscanos.org.br\/noticias\/papa-jesus-escolhe-o-mais-pecador-dos-apostolos.html\" \/>\n<meta property=\"og:locale\" content=\"pt_BR\" \/>\n<meta property=\"og:type\" content=\"article\" \/>\n<meta property=\"og:title\" content=\"Papa: Jesus escolhe o mais pecador dos ap\u00f3stolos - Not\u00edcias - Franciscanos\" \/>\n<meta property=\"og:description\" content=\"Missa em Santa Marta\" \/>\n<meta property=\"og:url\" content=\"https:\/\/franciscanos.org.br\/noticias\/papa-jesus-escolhe-o-mais-pecador-dos-apostolos.html\" \/>\n<meta property=\"og:site_name\" content=\"Not\u00edcias - Franciscanos\" \/>\n<meta property=\"article:published_time\" content=\"2017-06-02T10:58:15+00:00\" \/>\n<meta property=\"article:modified_time\" content=\"2020-06-08T22:20:43+00:00\" \/>\n<meta property=\"og:image\" content=\"https:\/\/franciscanos.org.br\/noticias\/wp-content\/uploads\/2017\/06\/papa_francisco_020617.jpg\" \/>\n\t<meta property=\"og:image:width\" content=\"273\" \/>\n\t<meta property=\"og:image:height\" content=\"181\" \/>\n\t<meta property=\"og:image:type\" content=\"image\/jpeg\" \/>\n<meta name=\"author\" content=\"admin\" \/>\n<meta name=\"twitter:card\" content=\"summary_large_image\" \/>\n<meta name=\"twitter:label1\" content=\"Escrito por\" \/>\n\t<meta name=\"twitter:data1\" content=\"admin\" \/>\n\t<meta name=\"twitter:label2\" content=\"Est. tempo de leitura\" \/>\n\t<meta name=\"twitter:data2\" content=\"5 minutos\" \/>\n<script type=\"application\/ld+json\" class=\"yoast-schema-graph\">{\"@context\":\"https:\/\/schema.org\",\"@graph\":[{\"@type\":\"WebSite\",\"@id\":\"https:\/\/franciscanos.org.br\/noticias\/#website\",\"url\":\"https:\/\/franciscanos.org.br\/noticias\/\",\"name\":\"Not\u00edcias - Franciscanos\",\"description\":\"Prov\u00edncia Franciscana da Imaculada Concei\u00e7\u00e3o do Brasil - Ordem dos Frades Menores - OFM\",\"potentialAction\":[{\"@type\":\"SearchAction\",\"target\":{\"@type\":\"EntryPoint\",\"urlTemplate\":\"https:\/\/franciscanos.org.br\/noticias\/?s={search_term_string}\"},\"query-input\":\"required name=search_term_string\"}],\"inLanguage\":\"pt-BR\"},{\"@type\":\"ImageObject\",\"inLanguage\":\"pt-BR\",\"@id\":\"https:\/\/franciscanos.org.br\/noticias\/papa-jesus-escolhe-o-mais-pecador-dos-apostolos.html#primaryimage\",\"url\":\"https:\/\/franciscanos.org.br\/noticias\/wp-content\/uploads\/2017\/06\/papa_francisco_020617.jpg\",\"contentUrl\":\"https:\/\/franciscanos.org.br\/noticias\/wp-content\/uploads\/2017\/06\/papa_francisco_020617.jpg\",\"width\":273,\"height\":181},{\"@type\":\"WebPage\",\"@id\":\"https:\/\/franciscanos.org.br\/noticias\/papa-jesus-escolhe-o-mais-pecador-dos-apostolos.html#webpage\",\"url\":\"https:\/\/franciscanos.org.br\/noticias\/papa-jesus-escolhe-o-mais-pecador-dos-apostolos.html\",\"name\":\"Papa: Jesus escolhe o mais pecador dos ap\u00f3stolos - Not\u00edcias - Franciscanos\",\"isPartOf\":{\"@id\":\"https:\/\/franciscanos.org.br\/noticias\/#website\"},\"primaryImageOfPage\":{\"@id\":\"https:\/\/franciscanos.org.br\/noticias\/papa-jesus-escolhe-o-mais-pecador-dos-apostolos.html#primaryimage\"},\"datePublished\":\"2017-06-02T10:58:15+00:00\",\"dateModified\":\"2020-06-08T22:20:43+00:00\",\"author\":{\"@id\":\"https:\/\/franciscanos.org.br\/noticias\/#\/schema\/person\/b38fbf43118f02820bd932f2e4b14ad3\"},\"breadcrumb\":{\"@id\":\"https:\/\/franciscanos.org.br\/noticias\/papa-jesus-escolhe-o-mais-pecador-dos-apostolos.html#breadcrumb\"},\"inLanguage\":\"pt-BR\",\"potentialAction\":[{\"@type\":\"ReadAction\",\"target\":[\"https:\/\/franciscanos.org.br\/noticias\/papa-jesus-escolhe-o-mais-pecador-dos-apostolos.html\"]}]},{\"@type\":\"BreadcrumbList\",\"@id\":\"https:\/\/franciscanos.org.br\/noticias\/papa-jesus-escolhe-o-mais-pecador-dos-apostolos.html#breadcrumb\",\"itemListElement\":[{\"@type\":\"ListItem\",\"position\":1,\"name\":\"Home\",\"item\":\"https:\/\/franciscanos.org.br\/noticias\"},{\"@type\":\"ListItem\",\"position\":2,\"name\":\"Papa: Jesus escolhe o mais pecador dos ap\u00f3stolos\"}]},{\"@type\":\"Person\",\"@id\":\"https:\/\/franciscanos.org.br\/noticias\/#\/schema\/person\/b38fbf43118f02820bd932f2e4b14ad3\",\"name\":\"admin\",\"image\":{\"@type\":\"ImageObject\",\"inLanguage\":\"pt-BR\",\"@id\":\"https:\/\/franciscanos.org.br\/noticias\/#\/schema\/person\/image\/\",\"url\":\"https:\/\/secure.gravatar.com\/avatar\/e8495742d34d0ba6448ea1c628263b3e?s=96&d=mm&r=g\",\"contentUrl\":\"https:\/\/secure.gravatar.com\/avatar\/e8495742d34d0ba6448ea1c628263b3e?s=96&d=mm&r=g\",\"caption\":\"admin\"},\"url\":\"https:\/\/franciscanos.org.br\/noticias\/author\/admin\"}]}<\/script>\n<!-- \/ Yoast SEO plugin. -->","yoast_head_json":{"title":"Papa: Jesus escolhe o mais pecador dos ap\u00f3stolos - Not\u00edcias - Franciscanos","robots":{"index":"index","follow":"follow","max-snippet":"max-snippet:-1","max-image-preview":"max-image-preview:large","max-video-preview":"max-video-preview:-1"},"canonical":"https:\/\/franciscanos.org.br\/noticias\/papa-jesus-escolhe-o-mais-pecador-dos-apostolos.html","og_locale":"pt_BR","og_type":"article","og_title":"Papa: Jesus escolhe o mais pecador dos ap\u00f3stolos - Not\u00edcias - Franciscanos","og_description":"Missa em Santa Marta","og_url":"https:\/\/franciscanos.org.br\/noticias\/papa-jesus-escolhe-o-mais-pecador-dos-apostolos.html","og_site_name":"Not\u00edcias - Franciscanos","article_published_time":"2017-06-02T10:58:15+00:00","article_modified_time":"2020-06-08T22:20:43+00:00","og_image":[{"width":273,"height":181,"url":"https:\/\/franciscanos.org.br\/noticias\/wp-content\/uploads\/2017\/06\/papa_francisco_020617.jpg","type":"image\/jpeg"}],"author":"admin","twitter_card":"summary_large_image","twitter_misc":{"Escrito por":"admin","Est. tempo de leitura":"5 minutos"},"schema":{"@context":"https:\/\/schema.org","@graph":[{"@type":"WebSite","@id":"https:\/\/franciscanos.org.br\/noticias\/#website","url":"https:\/\/franciscanos.org.br\/noticias\/","name":"Not\u00edcias - Franciscanos","description":"Prov\u00edncia Franciscana da Imaculada Concei\u00e7\u00e3o do Brasil - Ordem dos Frades Menores - OFM","potentialAction":[{"@type":"SearchAction","target":{"@type":"EntryPoint","urlTemplate":"https:\/\/franciscanos.org.br\/noticias\/?s={search_term_string}"},"query-input":"required name=search_term_string"}],"inLanguage":"pt-BR"},{"@type":"ImageObject","inLanguage":"pt-BR","@id":"https:\/\/franciscanos.org.br\/noticias\/papa-jesus-escolhe-o-mais-pecador-dos-apostolos.html#primaryimage","url":"https:\/\/franciscanos.org.br\/noticias\/wp-content\/uploads\/2017\/06\/papa_francisco_020617.jpg","contentUrl":"https:\/\/franciscanos.org.br\/noticias\/wp-content\/uploads\/2017\/06\/papa_francisco_020617.jpg","width":273,"height":181},{"@type":"WebPage","@id":"https:\/\/franciscanos.org.br\/noticias\/papa-jesus-escolhe-o-mais-pecador-dos-apostolos.html#webpage","url":"https:\/\/franciscanos.org.br\/noticias\/papa-jesus-escolhe-o-mais-pecador-dos-apostolos.html","name":"Papa: Jesus escolhe o mais pecador dos ap\u00f3stolos - Not\u00edcias - Franciscanos","isPartOf":{"@id":"https:\/\/franciscanos.org.br\/noticias\/#website"},"primaryImageOfPage":{"@id":"https:\/\/franciscanos.org.br\/noticias\/papa-jesus-escolhe-o-mais-pecador-dos-apostolos.html#primaryimage"},"datePublished":"2017-06-02T10:58:15+00:00","dateModified":"2020-06-08T22:20:43+00:00","author":{"@id":"https:\/\/franciscanos.org.br\/noticias\/#\/schema\/person\/b38fbf43118f02820bd932f2e4b14ad3"},"breadcrumb":{"@id":"https:\/\/franciscanos.org.br\/noticias\/papa-jesus-escolhe-o-mais-pecador-dos-apostolos.html#breadcrumb"},"inLanguage":"pt-BR","potentialAction":[{"@type":"ReadAction","target":["https:\/\/franciscanos.org.br\/noticias\/papa-jesus-escolhe-o-mais-pecador-dos-apostolos.html"]}]},{"@type":"BreadcrumbList","@id":"https:\/\/franciscanos.org.br\/noticias\/papa-jesus-escolhe-o-mais-pecador-dos-apostolos.html#breadcrumb","itemListElement":[{"@type":"ListItem","position":1,"name":"Home","item":"https:\/\/franciscanos.org.br\/noticias"},{"@type":"ListItem","position":2,"name":"Papa: Jesus escolhe o mais pecador dos ap\u00f3stolos"}]},{"@type":"Person","@id":"https:\/\/franciscanos.org.br\/noticias\/#\/schema\/person\/b38fbf43118f02820bd932f2e4b14ad3","name":"admin","image":{"@type":"ImageObject","inLanguage":"pt-BR","@id":"https:\/\/franciscanos.org.br\/noticias\/#\/schema\/person\/image\/","url":"https:\/\/secure.gravatar.com\/avatar\/e8495742d34d0ba6448ea1c628263b3e?s=96&d=mm&r=g","contentUrl":"https:\/\/secure.gravatar.com\/avatar\/e8495742d34d0ba6448ea1c628263b3e?s=96&d=mm&r=g","caption":"admin"},"url":"https:\/\/franciscanos.org.br\/noticias\/author\/admin"}]}},"_links":{"self":[{"href":"https:\/\/franciscanos.org.br\/noticias\/wp-json\/wp\/v2\/posts\/134807"}],"collection":[{"href":"https:\/\/franciscanos.org.br\/noticias\/wp-json\/wp\/v2\/posts"}],"about":[{"href":"https:\/\/franciscanos.org.br\/noticias\/wp-json\/wp\/v2\/types\/post"}],"author":[{"embeddable":true,"href":"https:\/\/franciscanos.org.br\/noticias\/wp-json\/wp\/v2\/users\/1"}],"replies":[{"embeddable":true,"href":"https:\/\/franciscanos.org.br\/noticias\/wp-json\/wp\/v2\/comments?post=134807"}],"version-history":[{"count":1,"href":"https:\/\/franciscanos.org.br\/noticias\/wp-json\/wp\/v2\/posts\/134807\/revisions"}],"predecessor-version":[{"id":225324,"href":"https:\/\/franciscanos.org.br\/noticias\/wp-json\/wp\/v2\/posts\/134807\/revisions\/225324"}],"wp:featuredmedia":[{"embeddable":true,"href":"https:\/\/franciscanos.org.br\/noticias\/wp-json\/wp\/v2\/media\/199420"}],"wp:attachment":[{"href":"https:\/\/franciscanos.org.br\/noticias\/wp-json\/wp\/v2\/media?parent=134807"}],"wp:term":[{"taxonomy":"category","embeddable":true,"href":"https:\/\/franciscanos.org.br\/noticias\/wp-json\/wp\/v2\/categories?post=134807"},{"taxonomy":"post_tag","embeddable":true,"href":"https:\/\/franciscanos.org.br\/noticias\/wp-json\/wp\/v2\/tags?post=134807"}],"curies":[{"name":"wp","href":"https:\/\/api.w.org\/{rel}","templated":true}]}}