{"id":134779,"date":"2017-06-01T19:51:08","date_gmt":"2017-06-01T22:51:08","guid":{"rendered":"http:\/\/franciscanos.org.br\/?p=134779"},"modified":"2019-01-24T09:16:15","modified_gmt":"2019-01-24T11:16:15","slug":"a-gloria-de-deus-se-manifesta-em-gestos-concretos","status":"publish","type":"post","link":"https:\/\/franciscanos.org.br\/noticias\/a-gloria-de-deus-se-manifesta-em-gestos-concretos.html","title":{"rendered":"A gl\u00f3ria de Deus se manifesta em gestos concretos"},"content":{"rendered":"<p><strong><img loading=\"lazy\" class=\"alignleft size-full wp-image-196495\" src=\"https:\/\/franciscanos.org.br\/noticias\/wp-content\/uploads\/2017\/06\/trezena_010617.jpg\" alt=\"\" width=\"830\" height=\"400\" srcset=\"https:\/\/franciscanos.org.br\/noticias\/wp-content\/uploads\/2017\/06\/trezena_010617.jpg 830w, https:\/\/franciscanos.org.br\/noticias\/wp-content\/uploads\/2017\/06\/trezena_010617-450x217.jpg 450w, https:\/\/franciscanos.org.br\/noticias\/wp-content\/uploads\/2017\/06\/trezena_010617-768x370.jpg 768w, https:\/\/franciscanos.org.br\/noticias\/wp-content\/uploads\/2017\/06\/trezena_010617-150x72.jpg 150w\" sizes=\"(max-width: 830px) 100vw, 830px\" \/>\u00c9rika Augusto<\/strong><\/p>\n<p><strong>S\u00e3o Paulo (SP)<\/strong> &#8211; Nesta quinta-feira, 1\u00ba de junho, foi celebrado o segundo dia da Trezena em honra a Santo Ant\u00f4nio no Convento e Santu\u00e1rio S\u00e3o Francisco, no centro de S\u00e3o Paulo. \u00c0s 15 horas um bom grupo de devotos estava reunido para rezar, agradecer, pedir. Senhoras, adultos, jovens, pessoas vindas do trabalho, de terno e gravata.<\/p>\n<p>Assim \u00e9 a devo\u00e7\u00e3o a Santo Ant\u00f4nio, sem restri\u00e7\u00f5es de idade e classe social.<\/p>\n<p>A Eucaristia foi presidida por Frei Gustavo Medella, que recordou que a Igreja celebra neste dia a mem\u00f3ria do m\u00e1rtir S\u00e3o Justino. O tema de hoje na Trezena foi: Santo Ant\u00f4nio e Santa Maria, apresentai-nos a gl\u00f3ria de Deus. Em sua homilia, Frei Gustavo recordou que nesta semana, entre as Solenidades da Ascens\u00e3o e Pentecostes, a Igreja vive a Semana de Ora\u00e7\u00e3o pela Unidade dos Crist\u00e3os. E ressaltou a passagem do Evangelho de hoje, onde Jesus pede: \u201cEu dei-lhes gl\u00f3ria que tu me deste, para que eles sejam um, como n\u00f3s somos um\u201d (Jo 17,22).<\/p>\n<p>O frade destacou a radicalidade na viv\u00eancia do Evangelho, seja na figura de Maria, de S\u00e3o Paulo e Santo Ant\u00f4nio. \u201cAssim como S\u00e3o Paulo foi convidado a ser testemunha de Cristo n\u00e3o s\u00f3 em Jerusal\u00e9m, mas tamb\u00e9m em Roma e em outros lugares, n\u00f3s tamb\u00e9m temos a miss\u00e3o de testemunhar o Cristo\u201d, afirmou.<\/p>\n<p>Frei Gustavo acrescentou que a gl\u00f3ria de Deus, pedido deste segundo dia da trezena, acontece atrav\u00e9s de gestos muito concretos, realizados pelas pessoas a favor do pr\u00f3ximo. \u201cQuando crist\u00e3os de todas as denomina\u00e7\u00f5es se re\u00fanem para rezar e praticar o bem, acontece a gl\u00f3ria de Deus\u201d, disse. E afirmou que a\u00e7\u00f5es do cotidiano, como ajudar os mais necessitados, auxiliar um parente ou um vizinho doente, ouvir a partilha de uma pessoa solit\u00e1ria, s\u00e3o a\u00e7\u00f5es onde a gl\u00f3ria de Deus se manifesta.<br \/>\nAssim como no dia anterior, o pregador deixou uma \u201cli\u00e7\u00e3o de casa\u201d para os fi\u00e9is que participam da Trezena. Tornar o mundo melhor atrav\u00e9s de um gesto concreto, realizado em favor do pr\u00f3ximo.<\/p>\n<p>A Trezena no Convento e Santu\u00e1rio S\u00e3o Francisco acontece at\u00e9 o dia 12 de junho, de ter\u00e7a a sexta \u00e0s 15h, domingos \u00e0s 10h30 e \u00e0s segundas-feiras ao meio-dia.<br \/>\nAmanh\u00e3, sexta-feira (2) e no s\u00e1bado (3), acontecer\u00e1 uma celebra\u00e7\u00e3o penitencial, \u00e0s 9h. No s\u00e1bado, \u00e0s 16h, haver\u00e1 um concerto de m\u00fasica erudita, com a Orquestra Arte Barroca e \u00e0s 18h a Vig\u00edlia de Pentecostes.<\/p>\n<p><iframe loading=\"lazy\" src=\"https:\/\/www.youtube.com\/embed\/UpA2CRbXMoo\" width=\"100%\" height=\"420\" frameborder=\"0\" allowfullscreen=\"allowfullscreen\"><\/iframe><\/p>\n","protected":false},"excerpt":{"rendered":"<p>Trezena<\/p>\n","protected":false},"author":1,"featured_media":196501,"comment_status":"open","ping_status":"open","sticky":false,"template":"","format":"standard","meta":[],"categories":[1],"tags":[312],"acf":[],"yoast_head":"<!-- This site is optimized with the Yoast SEO plugin v19.2 - https:\/\/yoast.com\/wordpress\/plugins\/seo\/ -->\n<title>A gl\u00f3ria de Deus se manifesta em gestos concretos - Not\u00edcias - Franciscanos<\/title>\n<meta name=\"robots\" content=\"index, follow, max-snippet:-1, max-image-preview:large, max-video-preview:-1\" \/>\n<link rel=\"canonical\" href=\"https:\/\/franciscanos.org.br\/noticias\/a-gloria-de-deus-se-manifesta-em-gestos-concretos.html\" \/>\n<meta property=\"og:locale\" content=\"pt_BR\" \/>\n<meta property=\"og:type\" content=\"article\" \/>\n<meta property=\"og:title\" content=\"A gl\u00f3ria de Deus se manifesta em gestos concretos - Not\u00edcias - Franciscanos\" \/>\n<meta property=\"og:description\" content=\"Trezena\" \/>\n<meta property=\"og:url\" content=\"https:\/\/franciscanos.org.br\/noticias\/a-gloria-de-deus-se-manifesta-em-gestos-concretos.html\" \/>\n<meta property=\"og:site_name\" content=\"Not\u00edcias - Franciscanos\" \/>\n<meta property=\"article:published_time\" content=\"2017-06-01T22:51:08+00:00\" \/>\n<meta property=\"article:modified_time\" content=\"2019-01-24T11:16:15+00:00\" \/>\n<meta property=\"og:image\" content=\"https:\/\/franciscanos.org.br\/noticias\/wp-content\/uploads\/2017\/06\/010617p.jpg\" \/>\n\t<meta property=\"og:image:width\" content=\"273\" \/>\n\t<meta property=\"og:image:height\" content=\"181\" \/>\n\t<meta property=\"og:image:type\" content=\"image\/jpeg\" \/>\n<meta name=\"author\" content=\"admin\" \/>\n<meta name=\"twitter:card\" content=\"summary_large_image\" \/>\n<meta name=\"twitter:label1\" content=\"Escrito por\" \/>\n\t<meta name=\"twitter:data1\" content=\"admin\" \/>\n\t<meta name=\"twitter:label2\" content=\"Est. tempo de leitura\" \/>\n\t<meta name=\"twitter:data2\" content=\"2 minutos\" \/>\n<script type=\"application\/ld+json\" class=\"yoast-schema-graph\">{\"@context\":\"https:\/\/schema.org\",\"@graph\":[{\"@type\":\"WebSite\",\"@id\":\"https:\/\/franciscanos.org.br\/noticias\/#website\",\"url\":\"https:\/\/franciscanos.org.br\/noticias\/\",\"name\":\"Not\u00edcias - Franciscanos\",\"description\":\"Prov\u00edncia Franciscana da Imaculada Concei\u00e7\u00e3o do Brasil - Ordem dos Frades Menores - OFM\",\"potentialAction\":[{\"@type\":\"SearchAction\",\"target\":{\"@type\":\"EntryPoint\",\"urlTemplate\":\"https:\/\/franciscanos.org.br\/noticias\/?s={search_term_string}\"},\"query-input\":\"required name=search_term_string\"}],\"inLanguage\":\"pt-BR\"},{\"@type\":\"ImageObject\",\"inLanguage\":\"pt-BR\",\"@id\":\"https:\/\/franciscanos.org.br\/noticias\/a-gloria-de-deus-se-manifesta-em-gestos-concretos.html#primaryimage\",\"url\":\"https:\/\/franciscanos.org.br\/noticias\/wp-content\/uploads\/2017\/06\/010617p.jpg\",\"contentUrl\":\"https:\/\/franciscanos.org.br\/noticias\/wp-content\/uploads\/2017\/06\/010617p.jpg\",\"width\":273,\"height\":181},{\"@type\":\"WebPage\",\"@id\":\"https:\/\/franciscanos.org.br\/noticias\/a-gloria-de-deus-se-manifesta-em-gestos-concretos.html#webpage\",\"url\":\"https:\/\/franciscanos.org.br\/noticias\/a-gloria-de-deus-se-manifesta-em-gestos-concretos.html\",\"name\":\"A gl\u00f3ria de Deus se manifesta em gestos concretos - Not\u00edcias - Franciscanos\",\"isPartOf\":{\"@id\":\"https:\/\/franciscanos.org.br\/noticias\/#website\"},\"primaryImageOfPage\":{\"@id\":\"https:\/\/franciscanos.org.br\/noticias\/a-gloria-de-deus-se-manifesta-em-gestos-concretos.html#primaryimage\"},\"datePublished\":\"2017-06-01T22:51:08+00:00\",\"dateModified\":\"2019-01-24T11:16:15+00:00\",\"author\":{\"@id\":\"https:\/\/franciscanos.org.br\/noticias\/#\/schema\/person\/b38fbf43118f02820bd932f2e4b14ad3\"},\"breadcrumb\":{\"@id\":\"https:\/\/franciscanos.org.br\/noticias\/a-gloria-de-deus-se-manifesta-em-gestos-concretos.html#breadcrumb\"},\"inLanguage\":\"pt-BR\",\"potentialAction\":[{\"@type\":\"ReadAction\",\"target\":[\"https:\/\/franciscanos.org.br\/noticias\/a-gloria-de-deus-se-manifesta-em-gestos-concretos.html\"]}]},{\"@type\":\"BreadcrumbList\",\"@id\":\"https:\/\/franciscanos.org.br\/noticias\/a-gloria-de-deus-se-manifesta-em-gestos-concretos.html#breadcrumb\",\"itemListElement\":[{\"@type\":\"ListItem\",\"position\":1,\"name\":\"Home\",\"item\":\"https:\/\/franciscanos.org.br\/noticias\"},{\"@type\":\"ListItem\",\"position\":2,\"name\":\"A gl\u00f3ria de Deus se manifesta em gestos concretos\"}]},{\"@type\":\"Person\",\"@id\":\"https:\/\/franciscanos.org.br\/noticias\/#\/schema\/person\/b38fbf43118f02820bd932f2e4b14ad3\",\"name\":\"admin\",\"image\":{\"@type\":\"ImageObject\",\"inLanguage\":\"pt-BR\",\"@id\":\"https:\/\/franciscanos.org.br\/noticias\/#\/schema\/person\/image\/\",\"url\":\"https:\/\/secure.gravatar.com\/avatar\/e8495742d34d0ba6448ea1c628263b3e?s=96&d=mm&r=g\",\"contentUrl\":\"https:\/\/secure.gravatar.com\/avatar\/e8495742d34d0ba6448ea1c628263b3e?s=96&d=mm&r=g\",\"caption\":\"admin\"},\"url\":\"https:\/\/franciscanos.org.br\/noticias\/author\/admin\"}]}<\/script>\n<!-- \/ Yoast SEO plugin. -->","yoast_head_json":{"title":"A gl\u00f3ria de Deus se manifesta em gestos concretos - Not\u00edcias - Franciscanos","robots":{"index":"index","follow":"follow","max-snippet":"max-snippet:-1","max-image-preview":"max-image-preview:large","max-video-preview":"max-video-preview:-1"},"canonical":"https:\/\/franciscanos.org.br\/noticias\/a-gloria-de-deus-se-manifesta-em-gestos-concretos.html","og_locale":"pt_BR","og_type":"article","og_title":"A gl\u00f3ria de Deus se manifesta em gestos concretos - Not\u00edcias - Franciscanos","og_description":"Trezena","og_url":"https:\/\/franciscanos.org.br\/noticias\/a-gloria-de-deus-se-manifesta-em-gestos-concretos.html","og_site_name":"Not\u00edcias - Franciscanos","article_published_time":"2017-06-01T22:51:08+00:00","article_modified_time":"2019-01-24T11:16:15+00:00","og_image":[{"width":273,"height":181,"url":"https:\/\/franciscanos.org.br\/noticias\/wp-content\/uploads\/2017\/06\/010617p.jpg","type":"image\/jpeg"}],"author":"admin","twitter_card":"summary_large_image","twitter_misc":{"Escrito por":"admin","Est. tempo de leitura":"2 minutos"},"schema":{"@context":"https:\/\/schema.org","@graph":[{"@type":"WebSite","@id":"https:\/\/franciscanos.org.br\/noticias\/#website","url":"https:\/\/franciscanos.org.br\/noticias\/","name":"Not\u00edcias - Franciscanos","description":"Prov\u00edncia Franciscana da Imaculada Concei\u00e7\u00e3o do Brasil - Ordem dos Frades Menores - OFM","potentialAction":[{"@type":"SearchAction","target":{"@type":"EntryPoint","urlTemplate":"https:\/\/franciscanos.org.br\/noticias\/?s={search_term_string}"},"query-input":"required name=search_term_string"}],"inLanguage":"pt-BR"},{"@type":"ImageObject","inLanguage":"pt-BR","@id":"https:\/\/franciscanos.org.br\/noticias\/a-gloria-de-deus-se-manifesta-em-gestos-concretos.html#primaryimage","url":"https:\/\/franciscanos.org.br\/noticias\/wp-content\/uploads\/2017\/06\/010617p.jpg","contentUrl":"https:\/\/franciscanos.org.br\/noticias\/wp-content\/uploads\/2017\/06\/010617p.jpg","width":273,"height":181},{"@type":"WebPage","@id":"https:\/\/franciscanos.org.br\/noticias\/a-gloria-de-deus-se-manifesta-em-gestos-concretos.html#webpage","url":"https:\/\/franciscanos.org.br\/noticias\/a-gloria-de-deus-se-manifesta-em-gestos-concretos.html","name":"A gl\u00f3ria de Deus se manifesta em gestos concretos - Not\u00edcias - Franciscanos","isPartOf":{"@id":"https:\/\/franciscanos.org.br\/noticias\/#website"},"primaryImageOfPage":{"@id":"https:\/\/franciscanos.org.br\/noticias\/a-gloria-de-deus-se-manifesta-em-gestos-concretos.html#primaryimage"},"datePublished":"2017-06-01T22:51:08+00:00","dateModified":"2019-01-24T11:16:15+00:00","author":{"@id":"https:\/\/franciscanos.org.br\/noticias\/#\/schema\/person\/b38fbf43118f02820bd932f2e4b14ad3"},"breadcrumb":{"@id":"https:\/\/franciscanos.org.br\/noticias\/a-gloria-de-deus-se-manifesta-em-gestos-concretos.html#breadcrumb"},"inLanguage":"pt-BR","potentialAction":[{"@type":"ReadAction","target":["https:\/\/franciscanos.org.br\/noticias\/a-gloria-de-deus-se-manifesta-em-gestos-concretos.html"]}]},{"@type":"BreadcrumbList","@id":"https:\/\/franciscanos.org.br\/noticias\/a-gloria-de-deus-se-manifesta-em-gestos-concretos.html#breadcrumb","itemListElement":[{"@type":"ListItem","position":1,"name":"Home","item":"https:\/\/franciscanos.org.br\/noticias"},{"@type":"ListItem","position":2,"name":"A gl\u00f3ria de Deus se manifesta em gestos concretos"}]},{"@type":"Person","@id":"https:\/\/franciscanos.org.br\/noticias\/#\/schema\/person\/b38fbf43118f02820bd932f2e4b14ad3","name":"admin","image":{"@type":"ImageObject","inLanguage":"pt-BR","@id":"https:\/\/franciscanos.org.br\/noticias\/#\/schema\/person\/image\/","url":"https:\/\/secure.gravatar.com\/avatar\/e8495742d34d0ba6448ea1c628263b3e?s=96&d=mm&r=g","contentUrl":"https:\/\/secure.gravatar.com\/avatar\/e8495742d34d0ba6448ea1c628263b3e?s=96&d=mm&r=g","caption":"admin"},"url":"https:\/\/franciscanos.org.br\/noticias\/author\/admin"}]}},"_links":{"self":[{"href":"https:\/\/franciscanos.org.br\/noticias\/wp-json\/wp\/v2\/posts\/134779"}],"collection":[{"href":"https:\/\/franciscanos.org.br\/noticias\/wp-json\/wp\/v2\/posts"}],"about":[{"href":"https:\/\/franciscanos.org.br\/noticias\/wp-json\/wp\/v2\/types\/post"}],"author":[{"embeddable":true,"href":"https:\/\/franciscanos.org.br\/noticias\/wp-json\/wp\/v2\/users\/1"}],"replies":[{"embeddable":true,"href":"https:\/\/franciscanos.org.br\/noticias\/wp-json\/wp\/v2\/comments?post=134779"}],"version-history":[{"count":0,"href":"https:\/\/franciscanos.org.br\/noticias\/wp-json\/wp\/v2\/posts\/134779\/revisions"}],"wp:featuredmedia":[{"embeddable":true,"href":"https:\/\/franciscanos.org.br\/noticias\/wp-json\/wp\/v2\/media\/196501"}],"wp:attachment":[{"href":"https:\/\/franciscanos.org.br\/noticias\/wp-json\/wp\/v2\/media?parent=134779"}],"wp:term":[{"taxonomy":"category","embeddable":true,"href":"https:\/\/franciscanos.org.br\/noticias\/wp-json\/wp\/v2\/categories?post=134779"},{"taxonomy":"post_tag","embeddable":true,"href":"https:\/\/franciscanos.org.br\/noticias\/wp-json\/wp\/v2\/tags?post=134779"}],"curies":[{"name":"wp","href":"https:\/\/api.w.org\/{rel}","templated":true}]}}