{"id":134687,"date":"2017-06-01T09:23:48","date_gmt":"2017-06-01T12:23:48","guid":{"rendered":"http:\/\/franciscanos.org.br\/?p=134687"},"modified":"2019-02-05T08:24:49","modified_gmt":"2019-02-05T10:24:49","slug":"o-espirito-santo-nao-pousa-onde-nao-existe-amor-fe-e-esperanca","status":"publish","type":"post","link":"https:\/\/franciscanos.org.br\/noticias\/o-espirito-santo-nao-pousa-onde-nao-existe-amor-fe-e-esperanca.html","title":{"rendered":"\u201cO Esp\u00edrito Santo n\u00e3o pousa onde n\u00e3o existe amor, f\u00e9 e esperan\u00e7a\u201d"},"content":{"rendered":"<p><img loading=\"lazy\" src=\"https:\/\/franciscanos.org.br\/noticias\/wp-content\/uploads\/2017\/06\/anjo-830.jpg\" alt=\"\" width=\"830\" height=\"550\" \/><\/p>\n<p>Neste sexto dia da Novena de Pentecostes, o Santu\u00e1rio do Divino Esp\u00edrito Santo, em Vila Velha (ES) estava em comunh\u00e3o com toda Igreja pela festa da Visita\u00e7\u00e3o de Nossa Senhora. O subtema escolhido foi justamente um trecho do Evangelho de hoje: \u201cIsabel ficou cheia do Esp\u00edrito Santo\u201d. Presidiu o sexto dia na Novena Frei Clar\u00eancio Neotti, vig\u00e1rio Paroquial.<\/p>\n<p>A prece deste dia estava voltada aos que est\u00e3o juntos de Deus: amigos, conhecidos e parentes j\u00e1 falecidos. Inclusive os religiosos que j\u00e1 passaram por esta Par\u00f3quia do Ros\u00e1rio. No momento devocional, no come\u00e7o da celebra\u00e7\u00e3o, foram trazidos os nomes dos falecidos. Essas inten\u00e7\u00f5es foram deixadas por escrito durante os dias que antecederam esse sexto dia da Novena. Na celebra\u00e7\u00e3o, crian\u00e7as vestidas de anjos entregaram essas inten\u00e7\u00f5es ao presidente para serem colocadas junto do altar. Nas m\u00e3os dessas crian\u00e7as havia rosas brancas e uma delas trazia a sexta vela da novena.<\/p>\n<p>A liturgia da Palavra falou de encorajamento: \u201cN\u00e3o temas, Si\u00e3o. N\u00e3o te deixes levar pelo des\u00e2nimo\u201d (Sf 3, 16). Estreito ao Salmo, a assembleia recobrava suas for\u00e7as em Deus: \u201cEis o Deus Salvador, eu confio e nada temo. Ele \u00e9 minha for\u00e7a, alegria e salva\u00e7\u00e3o\u201d. O santo Evangelho narrava a visita\u00e7\u00e3o de Maria a Isabel (Lc 1, 39-56): \u201cE Isabel ficou cheia do Esp\u00edrito Santo\u201d.<\/p>\n<p>Em sua hom\u00edlia, Frei Clar\u00eancio disse que Isabel significa plenitude de Deus. \u201cOnde h\u00e1 f\u00e9, o Esp\u00edrito Santo est\u00e1 presente. Onde est\u00e1 a plenitude, o Esp\u00edrito Santo pode habitar\u201d. Frei Clar\u00eancio destacou as tr\u00eas virtudes teologais em Isabel: f\u00e9, esperan\u00e7a e caridade. \u201cEle (o Esp\u00edrito Santo) n\u00e3o pode pousar onde n\u00e3o existe amor, f\u00e9 e esperan\u00e7a\u201d. Isabel ficou cheia do Esp\u00edrito Santo porque p\u00f4de cultivar essas tr\u00eas preciosas virtudes. A caridade, por excel\u00eancia, manifestou na vida dessa mulher quando seu filho concebido na velhice fez-se v\u00edtima no an\u00fancio do Cordeiro de Deus, comentou o presidente.<\/p>\n<p>\u201cCom essas duas intercessoras, Maria e Isabel&#8230; Senhor aumenta minha f\u00e9, confirma a minha esperan\u00e7a, multiplica o meu amor caridade para que eu possa como Maria e como Isabel ficar cheio do Esp\u00edrito Santo\u201d, acrescentou o celebrante.<\/p>\n<p>Como prece, a comunidade reunida cantou a ladainha de Nossa Senhora: \u201cM\u00e3e de Deus, clamamos a v\u00f3s\u201d. Na ora\u00e7\u00e3o eucar\u00edstica, no momento da recorda\u00e7\u00e3o dos falecidos, Frei Clar\u00eancio disse que \u201cna f\u00e9 cat\u00f3lica os falecidos continuam fazendo parte da nossa comunidade na comunh\u00e3o dos santos\u201d, lembrando assim todas as inten\u00e7\u00f5es dos falecidos apresentadas no in\u00edcio da celebra\u00e7\u00e3o. Mencionou todos os frades que j\u00e1 atuaram na Par\u00f3quia, entre eles Frei Marcio de Araujo Terra, falecido anteontem. Para acompanhar esta ora\u00e7\u00e3o, o som da \u2018marcha f\u00fanebre\u2019 de um trompete. Momento de profunda comunh\u00e3o da Igreja terrena, com a Igreja celeste.<\/p>\n<p>Ap\u00f3s todo o ritual eucar\u00edstico, Frei Clar\u00eancio tamb\u00e9m recebeu seu presente da comunidade, em agradecimento pela condu\u00e7\u00e3o deste dia da novena. Ap\u00f3s a celebra\u00e7\u00e3o, no estacionamento do Santu\u00e1rio, houve um pequeno show de Frei Florival Mariano de Toledo. Acompanhado de bons m\u00fasicos, ele cantou de MPB a m\u00fasicas religiosas, enquanto os paroquianos degustavam \u00a0comidas t\u00edpicas.<\/p>\n<p><strong>Pascom da Par\u00f3quia do Ros\u00e1rio<\/strong><\/p>\n<p><img class=\"ngg_displayed_gallery mceItem\" src=\"http:\/\/franciscanos.org.br\/index.php\/nextgen-attach_to_post\/preview\/id--134690\" alt=\"\" \/><\/p>\n","protected":false},"excerpt":{"rendered":"<p>Novena de Pentecostes<\/p>\n","protected":false},"author":1,"featured_media":199459,"comment_status":"open","ping_status":"open","sticky":false,"template":"","format":"standard","meta":[],"categories":[1],"tags":[231],"acf":[],"yoast_head":"<!-- This site is optimized with the Yoast SEO plugin v19.2 - https:\/\/yoast.com\/wordpress\/plugins\/seo\/ -->\n<title>\u201cO Esp\u00edrito Santo n\u00e3o pousa onde n\u00e3o existe amor, f\u00e9 e esperan\u00e7a\u201d - Not\u00edcias - Franciscanos<\/title>\n<meta name=\"robots\" content=\"index, follow, max-snippet:-1, max-image-preview:large, max-video-preview:-1\" \/>\n<link rel=\"canonical\" href=\"https:\/\/franciscanos.org.br\/noticias\/o-espirito-santo-nao-pousa-onde-nao-existe-amor-fe-e-esperanca.html\" \/>\n<meta property=\"og:locale\" content=\"pt_BR\" \/>\n<meta property=\"og:type\" content=\"article\" \/>\n<meta property=\"og:title\" content=\"\u201cO Esp\u00edrito Santo n\u00e3o pousa onde n\u00e3o existe amor, f\u00e9 e esperan\u00e7a\u201d - Not\u00edcias - Franciscanos\" \/>\n<meta property=\"og:description\" content=\"Novena de Pentecostes\" \/>\n<meta property=\"og:url\" content=\"https:\/\/franciscanos.org.br\/noticias\/o-espirito-santo-nao-pousa-onde-nao-existe-amor-fe-e-esperanca.html\" \/>\n<meta property=\"og:site_name\" content=\"Not\u00edcias - Franciscanos\" \/>\n<meta property=\"article:published_time\" content=\"2017-06-01T12:23:48+00:00\" \/>\n<meta property=\"article:modified_time\" content=\"2019-02-05T10:24:49+00:00\" \/>\n<meta property=\"og:image\" content=\"https:\/\/franciscanos.org.br\/noticias\/wp-content\/uploads\/2017\/06\/id-134690-1.jpg\" \/>\n\t<meta property=\"og:image:width\" content=\"273\" \/>\n\t<meta property=\"og:image:height\" content=\"181\" \/>\n\t<meta property=\"og:image:type\" content=\"image\/jpeg\" \/>\n<meta name=\"author\" content=\"admin\" \/>\n<meta name=\"twitter:card\" content=\"summary_large_image\" \/>\n<meta name=\"twitter:label1\" content=\"Escrito por\" \/>\n\t<meta name=\"twitter:data1\" content=\"admin\" \/>\n\t<meta name=\"twitter:label2\" content=\"Est. tempo de leitura\" \/>\n\t<meta name=\"twitter:data2\" content=\"3 minutos\" \/>\n<script type=\"application\/ld+json\" class=\"yoast-schema-graph\">{\"@context\":\"https:\/\/schema.org\",\"@graph\":[{\"@type\":\"WebSite\",\"@id\":\"https:\/\/franciscanos.org.br\/noticias\/#website\",\"url\":\"https:\/\/franciscanos.org.br\/noticias\/\",\"name\":\"Not\u00edcias - Franciscanos\",\"description\":\"Prov\u00edncia Franciscana da Imaculada Concei\u00e7\u00e3o do Brasil - Ordem dos Frades Menores - OFM\",\"potentialAction\":[{\"@type\":\"SearchAction\",\"target\":{\"@type\":\"EntryPoint\",\"urlTemplate\":\"https:\/\/franciscanos.org.br\/noticias\/?s={search_term_string}\"},\"query-input\":\"required name=search_term_string\"}],\"inLanguage\":\"pt-BR\"},{\"@type\":\"ImageObject\",\"inLanguage\":\"pt-BR\",\"@id\":\"https:\/\/franciscanos.org.br\/noticias\/o-espirito-santo-nao-pousa-onde-nao-existe-amor-fe-e-esperanca.html#primaryimage\",\"url\":\"https:\/\/franciscanos.org.br\/noticias\/wp-content\/uploads\/2017\/06\/id-134690-1.jpg\",\"contentUrl\":\"https:\/\/franciscanos.org.br\/noticias\/wp-content\/uploads\/2017\/06\/id-134690-1.jpg\",\"width\":273,\"height\":181},{\"@type\":\"WebPage\",\"@id\":\"https:\/\/franciscanos.org.br\/noticias\/o-espirito-santo-nao-pousa-onde-nao-existe-amor-fe-e-esperanca.html#webpage\",\"url\":\"https:\/\/franciscanos.org.br\/noticias\/o-espirito-santo-nao-pousa-onde-nao-existe-amor-fe-e-esperanca.html\",\"name\":\"\u201cO Esp\u00edrito Santo n\u00e3o pousa onde n\u00e3o existe amor, f\u00e9 e esperan\u00e7a\u201d - Not\u00edcias - Franciscanos\",\"isPartOf\":{\"@id\":\"https:\/\/franciscanos.org.br\/noticias\/#website\"},\"primaryImageOfPage\":{\"@id\":\"https:\/\/franciscanos.org.br\/noticias\/o-espirito-santo-nao-pousa-onde-nao-existe-amor-fe-e-esperanca.html#primaryimage\"},\"datePublished\":\"2017-06-01T12:23:48+00:00\",\"dateModified\":\"2019-02-05T10:24:49+00:00\",\"author\":{\"@id\":\"https:\/\/franciscanos.org.br\/noticias\/#\/schema\/person\/b38fbf43118f02820bd932f2e4b14ad3\"},\"breadcrumb\":{\"@id\":\"https:\/\/franciscanos.org.br\/noticias\/o-espirito-santo-nao-pousa-onde-nao-existe-amor-fe-e-esperanca.html#breadcrumb\"},\"inLanguage\":\"pt-BR\",\"potentialAction\":[{\"@type\":\"ReadAction\",\"target\":[\"https:\/\/franciscanos.org.br\/noticias\/o-espirito-santo-nao-pousa-onde-nao-existe-amor-fe-e-esperanca.html\"]}]},{\"@type\":\"BreadcrumbList\",\"@id\":\"https:\/\/franciscanos.org.br\/noticias\/o-espirito-santo-nao-pousa-onde-nao-existe-amor-fe-e-esperanca.html#breadcrumb\",\"itemListElement\":[{\"@type\":\"ListItem\",\"position\":1,\"name\":\"Home\",\"item\":\"https:\/\/franciscanos.org.br\/noticias\"},{\"@type\":\"ListItem\",\"position\":2,\"name\":\"\u201cO Esp\u00edrito Santo n\u00e3o pousa onde n\u00e3o existe amor, f\u00e9 e esperan\u00e7a\u201d\"}]},{\"@type\":\"Person\",\"@id\":\"https:\/\/franciscanos.org.br\/noticias\/#\/schema\/person\/b38fbf43118f02820bd932f2e4b14ad3\",\"name\":\"admin\",\"image\":{\"@type\":\"ImageObject\",\"inLanguage\":\"pt-BR\",\"@id\":\"https:\/\/franciscanos.org.br\/noticias\/#\/schema\/person\/image\/\",\"url\":\"https:\/\/secure.gravatar.com\/avatar\/e8495742d34d0ba6448ea1c628263b3e?s=96&d=mm&r=g\",\"contentUrl\":\"https:\/\/secure.gravatar.com\/avatar\/e8495742d34d0ba6448ea1c628263b3e?s=96&d=mm&r=g\",\"caption\":\"admin\"},\"url\":\"https:\/\/franciscanos.org.br\/noticias\/author\/admin\"}]}<\/script>\n<!-- \/ Yoast SEO plugin. -->","yoast_head_json":{"title":"\u201cO Esp\u00edrito Santo n\u00e3o pousa onde n\u00e3o existe amor, f\u00e9 e esperan\u00e7a\u201d - Not\u00edcias - Franciscanos","robots":{"index":"index","follow":"follow","max-snippet":"max-snippet:-1","max-image-preview":"max-image-preview:large","max-video-preview":"max-video-preview:-1"},"canonical":"https:\/\/franciscanos.org.br\/noticias\/o-espirito-santo-nao-pousa-onde-nao-existe-amor-fe-e-esperanca.html","og_locale":"pt_BR","og_type":"article","og_title":"\u201cO Esp\u00edrito Santo n\u00e3o pousa onde n\u00e3o existe amor, f\u00e9 e esperan\u00e7a\u201d - Not\u00edcias - Franciscanos","og_description":"Novena de Pentecostes","og_url":"https:\/\/franciscanos.org.br\/noticias\/o-espirito-santo-nao-pousa-onde-nao-existe-amor-fe-e-esperanca.html","og_site_name":"Not\u00edcias - Franciscanos","article_published_time":"2017-06-01T12:23:48+00:00","article_modified_time":"2019-02-05T10:24:49+00:00","og_image":[{"width":273,"height":181,"url":"https:\/\/franciscanos.org.br\/noticias\/wp-content\/uploads\/2017\/06\/id-134690-1.jpg","type":"image\/jpeg"}],"author":"admin","twitter_card":"summary_large_image","twitter_misc":{"Escrito por":"admin","Est. tempo de leitura":"3 minutos"},"schema":{"@context":"https:\/\/schema.org","@graph":[{"@type":"WebSite","@id":"https:\/\/franciscanos.org.br\/noticias\/#website","url":"https:\/\/franciscanos.org.br\/noticias\/","name":"Not\u00edcias - Franciscanos","description":"Prov\u00edncia Franciscana da Imaculada Concei\u00e7\u00e3o do Brasil - Ordem dos Frades Menores - OFM","potentialAction":[{"@type":"SearchAction","target":{"@type":"EntryPoint","urlTemplate":"https:\/\/franciscanos.org.br\/noticias\/?s={search_term_string}"},"query-input":"required name=search_term_string"}],"inLanguage":"pt-BR"},{"@type":"ImageObject","inLanguage":"pt-BR","@id":"https:\/\/franciscanos.org.br\/noticias\/o-espirito-santo-nao-pousa-onde-nao-existe-amor-fe-e-esperanca.html#primaryimage","url":"https:\/\/franciscanos.org.br\/noticias\/wp-content\/uploads\/2017\/06\/id-134690-1.jpg","contentUrl":"https:\/\/franciscanos.org.br\/noticias\/wp-content\/uploads\/2017\/06\/id-134690-1.jpg","width":273,"height":181},{"@type":"WebPage","@id":"https:\/\/franciscanos.org.br\/noticias\/o-espirito-santo-nao-pousa-onde-nao-existe-amor-fe-e-esperanca.html#webpage","url":"https:\/\/franciscanos.org.br\/noticias\/o-espirito-santo-nao-pousa-onde-nao-existe-amor-fe-e-esperanca.html","name":"\u201cO Esp\u00edrito Santo n\u00e3o pousa onde n\u00e3o existe amor, f\u00e9 e esperan\u00e7a\u201d - Not\u00edcias - Franciscanos","isPartOf":{"@id":"https:\/\/franciscanos.org.br\/noticias\/#website"},"primaryImageOfPage":{"@id":"https:\/\/franciscanos.org.br\/noticias\/o-espirito-santo-nao-pousa-onde-nao-existe-amor-fe-e-esperanca.html#primaryimage"},"datePublished":"2017-06-01T12:23:48+00:00","dateModified":"2019-02-05T10:24:49+00:00","author":{"@id":"https:\/\/franciscanos.org.br\/noticias\/#\/schema\/person\/b38fbf43118f02820bd932f2e4b14ad3"},"breadcrumb":{"@id":"https:\/\/franciscanos.org.br\/noticias\/o-espirito-santo-nao-pousa-onde-nao-existe-amor-fe-e-esperanca.html#breadcrumb"},"inLanguage":"pt-BR","potentialAction":[{"@type":"ReadAction","target":["https:\/\/franciscanos.org.br\/noticias\/o-espirito-santo-nao-pousa-onde-nao-existe-amor-fe-e-esperanca.html"]}]},{"@type":"BreadcrumbList","@id":"https:\/\/franciscanos.org.br\/noticias\/o-espirito-santo-nao-pousa-onde-nao-existe-amor-fe-e-esperanca.html#breadcrumb","itemListElement":[{"@type":"ListItem","position":1,"name":"Home","item":"https:\/\/franciscanos.org.br\/noticias"},{"@type":"ListItem","position":2,"name":"\u201cO Esp\u00edrito Santo n\u00e3o pousa onde n\u00e3o existe amor, f\u00e9 e esperan\u00e7a\u201d"}]},{"@type":"Person","@id":"https:\/\/franciscanos.org.br\/noticias\/#\/schema\/person\/b38fbf43118f02820bd932f2e4b14ad3","name":"admin","image":{"@type":"ImageObject","inLanguage":"pt-BR","@id":"https:\/\/franciscanos.org.br\/noticias\/#\/schema\/person\/image\/","url":"https:\/\/secure.gravatar.com\/avatar\/e8495742d34d0ba6448ea1c628263b3e?s=96&d=mm&r=g","contentUrl":"https:\/\/secure.gravatar.com\/avatar\/e8495742d34d0ba6448ea1c628263b3e?s=96&d=mm&r=g","caption":"admin"},"url":"https:\/\/franciscanos.org.br\/noticias\/author\/admin"}]}},"_links":{"self":[{"href":"https:\/\/franciscanos.org.br\/noticias\/wp-json\/wp\/v2\/posts\/134687"}],"collection":[{"href":"https:\/\/franciscanos.org.br\/noticias\/wp-json\/wp\/v2\/posts"}],"about":[{"href":"https:\/\/franciscanos.org.br\/noticias\/wp-json\/wp\/v2\/types\/post"}],"author":[{"embeddable":true,"href":"https:\/\/franciscanos.org.br\/noticias\/wp-json\/wp\/v2\/users\/1"}],"replies":[{"embeddable":true,"href":"https:\/\/franciscanos.org.br\/noticias\/wp-json\/wp\/v2\/comments?post=134687"}],"version-history":[{"count":0,"href":"https:\/\/franciscanos.org.br\/noticias\/wp-json\/wp\/v2\/posts\/134687\/revisions"}],"wp:featuredmedia":[{"embeddable":true,"href":"https:\/\/franciscanos.org.br\/noticias\/wp-json\/wp\/v2\/media\/199459"}],"wp:attachment":[{"href":"https:\/\/franciscanos.org.br\/noticias\/wp-json\/wp\/v2\/media?parent=134687"}],"wp:term":[{"taxonomy":"category","embeddable":true,"href":"https:\/\/franciscanos.org.br\/noticias\/wp-json\/wp\/v2\/categories?post=134687"},{"taxonomy":"post_tag","embeddable":true,"href":"https:\/\/franciscanos.org.br\/noticias\/wp-json\/wp\/v2\/tags?post=134687"}],"curies":[{"name":"wp","href":"https:\/\/api.w.org\/{rel}","templated":true}]}}