{"id":134545,"date":"2017-05-31T18:52:52","date_gmt":"2017-05-31T21:52:52","guid":{"rendered":"http:\/\/franciscanos.org.br\/?p=134545"},"modified":"2019-01-24T09:12:58","modified_gmt":"2019-01-24T11:12:58","slug":"como-maria-e-santo-antonio-levar-jesus-ao-mundo","status":"publish","type":"post","link":"https:\/\/franciscanos.org.br\/noticias\/como-maria-e-santo-antonio-levar-jesus-ao-mundo.html","title":{"rendered":"Como Maria e Santo Ant\u00f4nio, levar Jesus ao mundo"},"content":{"rendered":"<p><strong><img loading=\"lazy\" class=\"alignleft size-full wp-image-196484\" src=\"https:\/\/franciscanos.org.br\/noticias\/wp-content\/uploads\/2017\/05\/trezena_310517-5-1.jpg\" alt=\"\" width=\"980\" height=\"549\" srcset=\"https:\/\/franciscanos.org.br\/noticias\/wp-content\/uploads\/2017\/05\/trezena_310517-5-1.jpg 980w, https:\/\/franciscanos.org.br\/noticias\/wp-content\/uploads\/2017\/05\/trezena_310517-5-1-450x252.jpg 450w, https:\/\/franciscanos.org.br\/noticias\/wp-content\/uploads\/2017\/05\/trezena_310517-5-1-768x430.jpg 768w, https:\/\/franciscanos.org.br\/noticias\/wp-content\/uploads\/2017\/05\/trezena_310517-5-1-150x84.jpg 150w\" sizes=\"(max-width: 980px) 100vw, 980px\" \/>\u00c9rika Augusto<\/strong><\/p>\n<p><strong>S\u00e3o Paulo (SP) &#8211;<\/strong> Nesta quarta-feira, 31 de maio, dia em que a Igreja celebra a Festa da Visita\u00e7\u00e3o de Nossa Senhora, as par\u00f3quias de diferentes lugares celebram o primeiro dia da Trezena em honra a Santo Ant\u00f4nio. \u00c0s 15 horas, a comunidade do Convento e Santu\u00e1rio S\u00e3o Francisco, no centro de S\u00e3o Paulo, reuniu-se para a abertura da Trezena deste ano.<\/p>\n<p>A missa foi presidida por Frei Gustavo Medella, que far\u00e1 as prega\u00e7\u00f5es ao longo de toda Trezena. Em sintonia com o Ano Mariano, celebrado na Igreja do Brasil, o tema do dia foi: Santo Ant\u00f4nio e Santa Maria, visitai o nosso cora\u00e7\u00e3o.<\/p>\n<p>Recordando a festa celebrada pela Igreja neste \u00faltimo dia de maio, Frei Gustavo afirmou em sua homilia que a visita de Maria, assim como a de Santo Ant\u00f4nio, \u00e9 a visita do pr\u00f3prio Jesus. Maria, ao visitar sua prima Isabel, levava Jesus no ventre, e Ant\u00f4nio, com o Menino Jesus nos bra\u00e7os, O apresenta ao mundo. \u201cAo pedirmos a Santa Maria e Santo Ant\u00f4nio que visitem o nosso cora\u00e7\u00e3o, no profundo de nossos anseios est\u00e1 o desejo de recebermos em n\u00f3s a visita do pr\u00f3prio Jesus que eles v\u00eam nos trazer. Uma visita que nos muda, nos transforma, nos consola e nos preenche\u201d, afirmou.<\/p>\n<p>Em seguida, o frade recordou uma m\u00fasica do Padre Zezinho que diz: \u201cJesus Cristo me deixou inquieto\/ nas palavras que ele proferiu.\/ Nunca mais eu pude olhar o mundo,\/ sem sentir aquilo que Jesus sentiu\u201d. E brincou, afirmando que todos devem se sentir inquietos diante da presen\u00e7a de Jesus, at\u00e9 mesmo Dona Esmeralda, de 101 anos, que estava na missa acompanhada de sua filha.<\/p>\n<p>Frei Gustavo acrescentou: \u201cEsta alegria que a presen\u00e7a de Jesus nos traz ao nos visitar, n\u00f3s somos convidados a despert\u00e1-la nos cora\u00e7\u00f5es de nossos irm\u00e3os e irm\u00e3s, especialmente daqueles que mais precisam\u201d. E, como gesto concreto deste primeiro dia, deixou uma miss\u00e3o para os presentes: visitar um doente ou qualquer pessoa que necessite de uma conversa, uma companhia. \u201cO importante \u00e9 a disposi\u00e7\u00e3o de sair de si para ir ao encontro do outro com o mesmo de Jesus, de Maria e de Ant\u00f4nio\u201d, concluiu.<\/p>\n<p>A Trezena no Convento e Santu\u00e1rio S\u00e3o Francisco acontece at\u00e9 o dia 12 de junho, de ter\u00e7a a sexta \u00e0s 15h, domingos \u00e0s 10h30 e \u00e0s segundas-feiras ao meio-dia.<br \/>\nNesta sexta-feira (2) e no s\u00e1bado (3), acontecer\u00e1 uma celebra\u00e7\u00e3o penitencial, \u00e0s 9h. No s\u00e1bado, \u00e0s 16h, haver\u00e1 um concerto de m\u00fasica erudita, com a Orquestra Arte Barroca e \u00e0s 18h a Vig\u00edlia de Pentecostes.<\/p>\n<p><iframe loading=\"lazy\" src=\"https:\/\/www.youtube.com\/embed\/cruUFN98p9c\" width=\"100%\" height=\"420\" frameborder=\"0\" allowfullscreen=\"allowfullscreen\"><\/iframe><\/p>\n","protected":false},"excerpt":{"rendered":"<p>Trezena <\/p>\n","protected":false},"author":1,"featured_media":196488,"comment_status":"open","ping_status":"open","sticky":false,"template":"","format":"standard","meta":[],"categories":[1],"tags":[312,389],"acf":[],"yoast_head":"<!-- This site is optimized with the Yoast SEO plugin v19.2 - https:\/\/yoast.com\/wordpress\/plugins\/seo\/ -->\n<title>Como Maria e Santo Ant\u00f4nio, levar Jesus ao mundo - Not\u00edcias - Franciscanos<\/title>\n<meta name=\"robots\" content=\"index, follow, max-snippet:-1, max-image-preview:large, max-video-preview:-1\" \/>\n<link rel=\"canonical\" href=\"https:\/\/franciscanos.org.br\/noticias\/como-maria-e-santo-antonio-levar-jesus-ao-mundo.html\" \/>\n<meta property=\"og:locale\" content=\"pt_BR\" \/>\n<meta property=\"og:type\" content=\"article\" \/>\n<meta property=\"og:title\" content=\"Como Maria e Santo Ant\u00f4nio, levar Jesus ao mundo - Not\u00edcias - Franciscanos\" \/>\n<meta property=\"og:description\" content=\"Trezena\" \/>\n<meta property=\"og:url\" content=\"https:\/\/franciscanos.org.br\/noticias\/como-maria-e-santo-antonio-levar-jesus-ao-mundo.html\" \/>\n<meta property=\"og:site_name\" content=\"Not\u00edcias - Franciscanos\" \/>\n<meta property=\"article:published_time\" content=\"2017-05-31T21:52:52+00:00\" \/>\n<meta property=\"article:modified_time\" content=\"2019-01-24T11:12:58+00:00\" \/>\n<meta property=\"og:image\" content=\"https:\/\/franciscanos.org.br\/noticias\/wp-content\/uploads\/2017\/05\/trezena_310517-p.jpg\" \/>\n\t<meta property=\"og:image:width\" content=\"273\" \/>\n\t<meta property=\"og:image:height\" content=\"181\" \/>\n\t<meta property=\"og:image:type\" content=\"image\/jpeg\" \/>\n<meta name=\"author\" content=\"admin\" \/>\n<meta name=\"twitter:card\" content=\"summary_large_image\" \/>\n<meta name=\"twitter:label1\" content=\"Escrito por\" \/>\n\t<meta name=\"twitter:data1\" content=\"admin\" \/>\n\t<meta name=\"twitter:label2\" content=\"Est. tempo de leitura\" \/>\n\t<meta name=\"twitter:data2\" content=\"2 minutos\" \/>\n<script type=\"application\/ld+json\" class=\"yoast-schema-graph\">{\"@context\":\"https:\/\/schema.org\",\"@graph\":[{\"@type\":\"WebSite\",\"@id\":\"https:\/\/franciscanos.org.br\/noticias\/#website\",\"url\":\"https:\/\/franciscanos.org.br\/noticias\/\",\"name\":\"Not\u00edcias - Franciscanos\",\"description\":\"Prov\u00edncia Franciscana da Imaculada Concei\u00e7\u00e3o do Brasil - Ordem dos Frades Menores - OFM\",\"potentialAction\":[{\"@type\":\"SearchAction\",\"target\":{\"@type\":\"EntryPoint\",\"urlTemplate\":\"https:\/\/franciscanos.org.br\/noticias\/?s={search_term_string}\"},\"query-input\":\"required name=search_term_string\"}],\"inLanguage\":\"pt-BR\"},{\"@type\":\"ImageObject\",\"inLanguage\":\"pt-BR\",\"@id\":\"https:\/\/franciscanos.org.br\/noticias\/como-maria-e-santo-antonio-levar-jesus-ao-mundo.html#primaryimage\",\"url\":\"https:\/\/franciscanos.org.br\/noticias\/wp-content\/uploads\/2017\/05\/trezena_310517-p.jpg\",\"contentUrl\":\"https:\/\/franciscanos.org.br\/noticias\/wp-content\/uploads\/2017\/05\/trezena_310517-p.jpg\",\"width\":273,\"height\":181},{\"@type\":\"WebPage\",\"@id\":\"https:\/\/franciscanos.org.br\/noticias\/como-maria-e-santo-antonio-levar-jesus-ao-mundo.html#webpage\",\"url\":\"https:\/\/franciscanos.org.br\/noticias\/como-maria-e-santo-antonio-levar-jesus-ao-mundo.html\",\"name\":\"Como Maria e Santo Ant\u00f4nio, levar Jesus ao mundo - Not\u00edcias - Franciscanos\",\"isPartOf\":{\"@id\":\"https:\/\/franciscanos.org.br\/noticias\/#website\"},\"primaryImageOfPage\":{\"@id\":\"https:\/\/franciscanos.org.br\/noticias\/como-maria-e-santo-antonio-levar-jesus-ao-mundo.html#primaryimage\"},\"datePublished\":\"2017-05-31T21:52:52+00:00\",\"dateModified\":\"2019-01-24T11:12:58+00:00\",\"author\":{\"@id\":\"https:\/\/franciscanos.org.br\/noticias\/#\/schema\/person\/b38fbf43118f02820bd932f2e4b14ad3\"},\"breadcrumb\":{\"@id\":\"https:\/\/franciscanos.org.br\/noticias\/como-maria-e-santo-antonio-levar-jesus-ao-mundo.html#breadcrumb\"},\"inLanguage\":\"pt-BR\",\"potentialAction\":[{\"@type\":\"ReadAction\",\"target\":[\"https:\/\/franciscanos.org.br\/noticias\/como-maria-e-santo-antonio-levar-jesus-ao-mundo.html\"]}]},{\"@type\":\"BreadcrumbList\",\"@id\":\"https:\/\/franciscanos.org.br\/noticias\/como-maria-e-santo-antonio-levar-jesus-ao-mundo.html#breadcrumb\",\"itemListElement\":[{\"@type\":\"ListItem\",\"position\":1,\"name\":\"Home\",\"item\":\"https:\/\/franciscanos.org.br\/noticias\"},{\"@type\":\"ListItem\",\"position\":2,\"name\":\"Como Maria e Santo Ant\u00f4nio, levar Jesus ao mundo\"}]},{\"@type\":\"Person\",\"@id\":\"https:\/\/franciscanos.org.br\/noticias\/#\/schema\/person\/b38fbf43118f02820bd932f2e4b14ad3\",\"name\":\"admin\",\"image\":{\"@type\":\"ImageObject\",\"inLanguage\":\"pt-BR\",\"@id\":\"https:\/\/franciscanos.org.br\/noticias\/#\/schema\/person\/image\/\",\"url\":\"https:\/\/secure.gravatar.com\/avatar\/e8495742d34d0ba6448ea1c628263b3e?s=96&d=mm&r=g\",\"contentUrl\":\"https:\/\/secure.gravatar.com\/avatar\/e8495742d34d0ba6448ea1c628263b3e?s=96&d=mm&r=g\",\"caption\":\"admin\"},\"url\":\"https:\/\/franciscanos.org.br\/noticias\/author\/admin\"}]}<\/script>\n<!-- \/ Yoast SEO plugin. -->","yoast_head_json":{"title":"Como Maria e Santo Ant\u00f4nio, levar Jesus ao mundo - Not\u00edcias - Franciscanos","robots":{"index":"index","follow":"follow","max-snippet":"max-snippet:-1","max-image-preview":"max-image-preview:large","max-video-preview":"max-video-preview:-1"},"canonical":"https:\/\/franciscanos.org.br\/noticias\/como-maria-e-santo-antonio-levar-jesus-ao-mundo.html","og_locale":"pt_BR","og_type":"article","og_title":"Como Maria e Santo Ant\u00f4nio, levar Jesus ao mundo - Not\u00edcias - Franciscanos","og_description":"Trezena","og_url":"https:\/\/franciscanos.org.br\/noticias\/como-maria-e-santo-antonio-levar-jesus-ao-mundo.html","og_site_name":"Not\u00edcias - Franciscanos","article_published_time":"2017-05-31T21:52:52+00:00","article_modified_time":"2019-01-24T11:12:58+00:00","og_image":[{"width":273,"height":181,"url":"https:\/\/franciscanos.org.br\/noticias\/wp-content\/uploads\/2017\/05\/trezena_310517-p.jpg","type":"image\/jpeg"}],"author":"admin","twitter_card":"summary_large_image","twitter_misc":{"Escrito por":"admin","Est. tempo de leitura":"2 minutos"},"schema":{"@context":"https:\/\/schema.org","@graph":[{"@type":"WebSite","@id":"https:\/\/franciscanos.org.br\/noticias\/#website","url":"https:\/\/franciscanos.org.br\/noticias\/","name":"Not\u00edcias - Franciscanos","description":"Prov\u00edncia Franciscana da Imaculada Concei\u00e7\u00e3o do Brasil - Ordem dos Frades Menores - OFM","potentialAction":[{"@type":"SearchAction","target":{"@type":"EntryPoint","urlTemplate":"https:\/\/franciscanos.org.br\/noticias\/?s={search_term_string}"},"query-input":"required name=search_term_string"}],"inLanguage":"pt-BR"},{"@type":"ImageObject","inLanguage":"pt-BR","@id":"https:\/\/franciscanos.org.br\/noticias\/como-maria-e-santo-antonio-levar-jesus-ao-mundo.html#primaryimage","url":"https:\/\/franciscanos.org.br\/noticias\/wp-content\/uploads\/2017\/05\/trezena_310517-p.jpg","contentUrl":"https:\/\/franciscanos.org.br\/noticias\/wp-content\/uploads\/2017\/05\/trezena_310517-p.jpg","width":273,"height":181},{"@type":"WebPage","@id":"https:\/\/franciscanos.org.br\/noticias\/como-maria-e-santo-antonio-levar-jesus-ao-mundo.html#webpage","url":"https:\/\/franciscanos.org.br\/noticias\/como-maria-e-santo-antonio-levar-jesus-ao-mundo.html","name":"Como Maria e Santo Ant\u00f4nio, levar Jesus ao mundo - Not\u00edcias - Franciscanos","isPartOf":{"@id":"https:\/\/franciscanos.org.br\/noticias\/#website"},"primaryImageOfPage":{"@id":"https:\/\/franciscanos.org.br\/noticias\/como-maria-e-santo-antonio-levar-jesus-ao-mundo.html#primaryimage"},"datePublished":"2017-05-31T21:52:52+00:00","dateModified":"2019-01-24T11:12:58+00:00","author":{"@id":"https:\/\/franciscanos.org.br\/noticias\/#\/schema\/person\/b38fbf43118f02820bd932f2e4b14ad3"},"breadcrumb":{"@id":"https:\/\/franciscanos.org.br\/noticias\/como-maria-e-santo-antonio-levar-jesus-ao-mundo.html#breadcrumb"},"inLanguage":"pt-BR","potentialAction":[{"@type":"ReadAction","target":["https:\/\/franciscanos.org.br\/noticias\/como-maria-e-santo-antonio-levar-jesus-ao-mundo.html"]}]},{"@type":"BreadcrumbList","@id":"https:\/\/franciscanos.org.br\/noticias\/como-maria-e-santo-antonio-levar-jesus-ao-mundo.html#breadcrumb","itemListElement":[{"@type":"ListItem","position":1,"name":"Home","item":"https:\/\/franciscanos.org.br\/noticias"},{"@type":"ListItem","position":2,"name":"Como Maria e Santo Ant\u00f4nio, levar Jesus ao mundo"}]},{"@type":"Person","@id":"https:\/\/franciscanos.org.br\/noticias\/#\/schema\/person\/b38fbf43118f02820bd932f2e4b14ad3","name":"admin","image":{"@type":"ImageObject","inLanguage":"pt-BR","@id":"https:\/\/franciscanos.org.br\/noticias\/#\/schema\/person\/image\/","url":"https:\/\/secure.gravatar.com\/avatar\/e8495742d34d0ba6448ea1c628263b3e?s=96&d=mm&r=g","contentUrl":"https:\/\/secure.gravatar.com\/avatar\/e8495742d34d0ba6448ea1c628263b3e?s=96&d=mm&r=g","caption":"admin"},"url":"https:\/\/franciscanos.org.br\/noticias\/author\/admin"}]}},"_links":{"self":[{"href":"https:\/\/franciscanos.org.br\/noticias\/wp-json\/wp\/v2\/posts\/134545"}],"collection":[{"href":"https:\/\/franciscanos.org.br\/noticias\/wp-json\/wp\/v2\/posts"}],"about":[{"href":"https:\/\/franciscanos.org.br\/noticias\/wp-json\/wp\/v2\/types\/post"}],"author":[{"embeddable":true,"href":"https:\/\/franciscanos.org.br\/noticias\/wp-json\/wp\/v2\/users\/1"}],"replies":[{"embeddable":true,"href":"https:\/\/franciscanos.org.br\/noticias\/wp-json\/wp\/v2\/comments?post=134545"}],"version-history":[{"count":0,"href":"https:\/\/franciscanos.org.br\/noticias\/wp-json\/wp\/v2\/posts\/134545\/revisions"}],"wp:featuredmedia":[{"embeddable":true,"href":"https:\/\/franciscanos.org.br\/noticias\/wp-json\/wp\/v2\/media\/196488"}],"wp:attachment":[{"href":"https:\/\/franciscanos.org.br\/noticias\/wp-json\/wp\/v2\/media?parent=134545"}],"wp:term":[{"taxonomy":"category","embeddable":true,"href":"https:\/\/franciscanos.org.br\/noticias\/wp-json\/wp\/v2\/categories?post=134545"},{"taxonomy":"post_tag","embeddable":true,"href":"https:\/\/franciscanos.org.br\/noticias\/wp-json\/wp\/v2\/tags?post=134545"}],"curies":[{"name":"wp","href":"https:\/\/api.w.org\/{rel}","templated":true}]}}