{"id":134464,"date":"2017-05-31T10:24:42","date_gmt":"2017-05-31T13:24:42","guid":{"rendered":"http:\/\/franciscanos.org.br\/?p=134464"},"modified":"2019-01-29T14:07:35","modified_gmt":"2019-01-29T16:07:35","slug":"guardar-o-espirito-santo-nao-e-arquiva-lo-diz-pe-roberto","status":"publish","type":"post","link":"https:\/\/franciscanos.org.br\/noticias\/guardar-o-espirito-santo-nao-e-arquiva-lo-diz-pe-roberto.html","title":{"rendered":"\u201cGuardar o Esp\u00edrito Santo n\u00e3o \u00e9 arquiv\u00e1-lo\u201d, diz Pe. Roberto"},"content":{"rendered":"<p><img loading=\"lazy\" class=\"alignleft wp-image-198145 size-full\" src=\"https:\/\/franciscanos.org.br\/noticias\/wp-content\/uploads\/2017\/05\/5-dia-pentecostes-310517G.jpg\" alt=\"\" width=\"830\" height=\"481\" srcset=\"https:\/\/franciscanos.org.br\/noticias\/wp-content\/uploads\/2017\/05\/5-dia-pentecostes-310517G.jpg 830w, https:\/\/franciscanos.org.br\/noticias\/wp-content\/uploads\/2017\/05\/5-dia-pentecostes-310517G-450x261.jpg 450w, https:\/\/franciscanos.org.br\/noticias\/wp-content\/uploads\/2017\/05\/5-dia-pentecostes-310517G-768x445.jpg 768w, https:\/\/franciscanos.org.br\/noticias\/wp-content\/uploads\/2017\/05\/5-dia-pentecostes-310517G-150x87.jpg 150w\" sizes=\"(max-width: 830px) 100vw, 830px\" \/>Com o tema \u201co Esp\u00edrito habita no cora\u00e7\u00e3o dos fi\u00e9is\u201d, a Novena de Pentecostes do Santu\u00e1rio do Divino Esp\u00edrito Santo, em Vila Velha (ES), chegou ao quinto dia. \u00a0\u201cGl\u00f3ria eterna a Ti Senhor, gl\u00f3ria eterna\u201d cantava o povo recebendo pelo corredor central alguns crismados. O presidente para esta celebra\u00e7\u00e3o, \u00a0Pe. Roberto Camillato, p\u00e1roco da Bas\u00edlica Santo Ant\u00f4nio, de Vit\u00f3ria (ES), celebrou pela primeira vez no Santu\u00e1rio. O convite para esta celebra\u00e7\u00e3o foi a todos que se tornaram adultos na f\u00e9, ou seja, todos os que fizeram sua crisma no Santu\u00e1rio<\/p>\n<p>Num gesto simb\u00f3lico, sete crismados trouxeram cartazes com os sete dons em forma de cora\u00e7\u00e3o, enquanto o povo cantava \u201ca n\u00f3s descei divina luz e o amor de Jesus\u201d, recordando o dia em que tiveram a gra\u00e7a de receber os dons celestes. Na prece do dia, feita por uma pessoa em nome da assembleia reunida, pediu-se os dons e recordou: \u201cO Esp\u00edrito Santo quis morar em nossos cora\u00e7\u00f5es. Nosso ser \u00e9 vossa casa\u201d. \u201cSenhor, tu me olhastes nos olhos, a sorrir, pronunciastes meu nome\u201d. Lembrava, assim,\u00a0 o Esp\u00edrito Santo que habita em n\u00f3s.<\/p>\n<p>A liturgia da palavra fez mem\u00f3ria da voca\u00e7\u00e3o do profeta: \u201cO Esp\u00edrito de Deus est\u00e1 sobre mim, para anunciar o tempo da gra\u00e7a e da liberta\u00e7\u00e3o\u201d, segundo Isa\u00edas. O salmo, mais uma vez, refor\u00e7ou o pedido de todos naquela noite: \u201cEnviai o vosso Esp\u00edrito Senhor e da terra renovai\u201d. O evangelho de Lucas (4, 18ss) indicou a passagem do profeta Isa\u00edas: \u201cO Esp\u00edrito do Senhor est\u00e1 sobre mim\u201d.<\/p>\n<p>Em sua homilia, Padre Roberto disse que quando crian\u00e7a acompanhou a constru\u00e7\u00e3o do Santu\u00e1rio e que tamb\u00e9m conheceu Frei Firmino e o bispo da \u00e9poca quando da \u2018audaciosa\u2019 constru\u00e7\u00e3o do Santu\u00e1rio. Aos dois, atribuiu o t\u00edtulo de singulares empreendedores. Acerca do Evangelho, refletiu: \u201cGuardar o Esp\u00edrito Santo n\u00e3o \u00e9 arquiv\u00e1-lo\u201d. Recordando Paulo, disse: \u201cSomos templos do Esp\u00edrito Santo\u201d, levando a comunidade a ter consci\u00eancia do novo estado de vida para aqueles que confessam a f\u00e9 na for\u00e7a e poder da infus\u00e3o do Esp\u00edrito Santo. \u201cDiante da devo\u00e7\u00e3o ao Esp\u00edrito Santo, torne essa experi\u00eancia vigor nas tramas do dia a dia [&#8230;]. Que o Esp\u00edrito Santo nos fa\u00e7a viver um amor-profetismo [&#8230;]. O Esp\u00edrito Santo \u00e9 cultivado por meio da a\u00e7\u00e3o em n\u00f3s. Todos os que foram crismados s\u00e3o mais vinculados \u00e0 Igreja, obrigados a dar \u00a0um testemunho\u201d, dizia o padre.<\/p>\n<p>\u201cVem como em Pentecostes, Esp\u00edrito Santo e enche-nos de novo\u201d, cantava a assembleia na conclus\u00e3o da celebra\u00e7\u00e3o. A Igreja, por uns instantes, permaneceu na penumbra e aos poucos foi iluminada por velas. Houve um momento em que as pessoas trocaram entre si as velas, dizendo: \u201cReceba a luz do Esp\u00edrito Santo\u201d.<\/p>\n<p>Nos agradecimentos, Frei Clar\u00eancio deu ao Pe. Roberto livros acerca de Santo Ant\u00f4nio. Dentre eles, o livro da \u201cTrezena de Santo Ant\u00f4nio\u201d escrito por ele. N\u00e3o poderia ser diferente, Frei Clar\u00eancio tamb\u00e9m presenteou-o com o livro que recentemente escreveu, editado pela editora Santu\u00e1rio, de Aparecida.<\/p>\n<p>Com a palavra, Frei Djalmo voltou-se a Imagem de Aparecida, que est\u00e1 dentro de uma arruma\u00e7\u00e3o feita para a Novena de Pentecostes, convidou Osmar, autor da arte. Nesse momento, a comunidade agradeceu o trabalho desse irm\u00e3o com uma salva de palmas. Frei Roberto agradeceu o convite e satisfa\u00e7\u00e3o de estar com a comunidade paroquial do Santu\u00e1rio e de modo particular a Frei Clar\u00eancio, que em sua \u00e9poca de estudos era o presidente da Editora Vozes e nesse mesmo per\u00edodo produzia materiais de estudos que o ajudou em sua forma\u00e7\u00e3o.<\/p>\n<p><strong>Pascom da Par\u00f3quia do Ros\u00e1rio<\/strong><\/p>\n","protected":false},"excerpt":{"rendered":"<p>Novena de Pentecostes<\/p>\n","protected":false},"author":1,"featured_media":198147,"comment_status":"open","ping_status":"open","sticky":false,"template":"","format":"standard","meta":[],"categories":[1],"tags":[231],"acf":[],"yoast_head":"<!-- This site is optimized with the Yoast SEO plugin v19.2 - https:\/\/yoast.com\/wordpress\/plugins\/seo\/ -->\n<title>\u201cGuardar o Esp\u00edrito Santo n\u00e3o \u00e9 arquiv\u00e1-lo\u201d, diz Pe. Roberto - Not\u00edcias - Franciscanos<\/title>\n<meta name=\"robots\" content=\"index, follow, max-snippet:-1, max-image-preview:large, max-video-preview:-1\" \/>\n<link rel=\"canonical\" href=\"https:\/\/franciscanos.org.br\/noticias\/guardar-o-espirito-santo-nao-e-arquiva-lo-diz-pe-roberto.html\" \/>\n<meta property=\"og:locale\" content=\"pt_BR\" \/>\n<meta property=\"og:type\" content=\"article\" \/>\n<meta property=\"og:title\" content=\"\u201cGuardar o Esp\u00edrito Santo n\u00e3o \u00e9 arquiv\u00e1-lo\u201d, diz Pe. Roberto - Not\u00edcias - Franciscanos\" \/>\n<meta property=\"og:description\" content=\"Novena de Pentecostes\" \/>\n<meta property=\"og:url\" content=\"https:\/\/franciscanos.org.br\/noticias\/guardar-o-espirito-santo-nao-e-arquiva-lo-diz-pe-roberto.html\" \/>\n<meta property=\"og:site_name\" content=\"Not\u00edcias - Franciscanos\" \/>\n<meta property=\"article:published_time\" content=\"2017-05-31T13:24:42+00:00\" \/>\n<meta property=\"article:modified_time\" content=\"2019-01-29T16:07:35+00:00\" \/>\n<meta property=\"og:image\" content=\"https:\/\/franciscanos.org.br\/noticias\/wp-content\/uploads\/2017\/05\/5-dia-pentecostes-310517p.jpg\" \/>\n\t<meta property=\"og:image:width\" content=\"273\" \/>\n\t<meta property=\"og:image:height\" content=\"181\" \/>\n\t<meta property=\"og:image:type\" content=\"image\/jpeg\" \/>\n<meta name=\"author\" content=\"admin\" \/>\n<meta name=\"twitter:card\" content=\"summary_large_image\" \/>\n<meta name=\"twitter:label1\" content=\"Escrito por\" \/>\n\t<meta name=\"twitter:data1\" content=\"admin\" \/>\n\t<meta name=\"twitter:label2\" content=\"Est. tempo de leitura\" \/>\n\t<meta name=\"twitter:data2\" content=\"3 minutos\" \/>\n<script type=\"application\/ld+json\" class=\"yoast-schema-graph\">{\"@context\":\"https:\/\/schema.org\",\"@graph\":[{\"@type\":\"WebSite\",\"@id\":\"https:\/\/franciscanos.org.br\/noticias\/#website\",\"url\":\"https:\/\/franciscanos.org.br\/noticias\/\",\"name\":\"Not\u00edcias - Franciscanos\",\"description\":\"Prov\u00edncia Franciscana da Imaculada Concei\u00e7\u00e3o do Brasil - Ordem dos Frades Menores - OFM\",\"potentialAction\":[{\"@type\":\"SearchAction\",\"target\":{\"@type\":\"EntryPoint\",\"urlTemplate\":\"https:\/\/franciscanos.org.br\/noticias\/?s={search_term_string}\"},\"query-input\":\"required name=search_term_string\"}],\"inLanguage\":\"pt-BR\"},{\"@type\":\"ImageObject\",\"inLanguage\":\"pt-BR\",\"@id\":\"https:\/\/franciscanos.org.br\/noticias\/guardar-o-espirito-santo-nao-e-arquiva-lo-diz-pe-roberto.html#primaryimage\",\"url\":\"https:\/\/franciscanos.org.br\/noticias\/wp-content\/uploads\/2017\/05\/5-dia-pentecostes-310517p.jpg\",\"contentUrl\":\"https:\/\/franciscanos.org.br\/noticias\/wp-content\/uploads\/2017\/05\/5-dia-pentecostes-310517p.jpg\",\"width\":273,\"height\":181},{\"@type\":\"WebPage\",\"@id\":\"https:\/\/franciscanos.org.br\/noticias\/guardar-o-espirito-santo-nao-e-arquiva-lo-diz-pe-roberto.html#webpage\",\"url\":\"https:\/\/franciscanos.org.br\/noticias\/guardar-o-espirito-santo-nao-e-arquiva-lo-diz-pe-roberto.html\",\"name\":\"\u201cGuardar o Esp\u00edrito Santo n\u00e3o \u00e9 arquiv\u00e1-lo\u201d, diz Pe. Roberto - Not\u00edcias - Franciscanos\",\"isPartOf\":{\"@id\":\"https:\/\/franciscanos.org.br\/noticias\/#website\"},\"primaryImageOfPage\":{\"@id\":\"https:\/\/franciscanos.org.br\/noticias\/guardar-o-espirito-santo-nao-e-arquiva-lo-diz-pe-roberto.html#primaryimage\"},\"datePublished\":\"2017-05-31T13:24:42+00:00\",\"dateModified\":\"2019-01-29T16:07:35+00:00\",\"author\":{\"@id\":\"https:\/\/franciscanos.org.br\/noticias\/#\/schema\/person\/b38fbf43118f02820bd932f2e4b14ad3\"},\"breadcrumb\":{\"@id\":\"https:\/\/franciscanos.org.br\/noticias\/guardar-o-espirito-santo-nao-e-arquiva-lo-diz-pe-roberto.html#breadcrumb\"},\"inLanguage\":\"pt-BR\",\"potentialAction\":[{\"@type\":\"ReadAction\",\"target\":[\"https:\/\/franciscanos.org.br\/noticias\/guardar-o-espirito-santo-nao-e-arquiva-lo-diz-pe-roberto.html\"]}]},{\"@type\":\"BreadcrumbList\",\"@id\":\"https:\/\/franciscanos.org.br\/noticias\/guardar-o-espirito-santo-nao-e-arquiva-lo-diz-pe-roberto.html#breadcrumb\",\"itemListElement\":[{\"@type\":\"ListItem\",\"position\":1,\"name\":\"Home\",\"item\":\"https:\/\/franciscanos.org.br\/noticias\"},{\"@type\":\"ListItem\",\"position\":2,\"name\":\"\u201cGuardar o Esp\u00edrito Santo n\u00e3o \u00e9 arquiv\u00e1-lo\u201d, diz Pe. Roberto\"}]},{\"@type\":\"Person\",\"@id\":\"https:\/\/franciscanos.org.br\/noticias\/#\/schema\/person\/b38fbf43118f02820bd932f2e4b14ad3\",\"name\":\"admin\",\"image\":{\"@type\":\"ImageObject\",\"inLanguage\":\"pt-BR\",\"@id\":\"https:\/\/franciscanos.org.br\/noticias\/#\/schema\/person\/image\/\",\"url\":\"https:\/\/secure.gravatar.com\/avatar\/e8495742d34d0ba6448ea1c628263b3e?s=96&d=mm&r=g\",\"contentUrl\":\"https:\/\/secure.gravatar.com\/avatar\/e8495742d34d0ba6448ea1c628263b3e?s=96&d=mm&r=g\",\"caption\":\"admin\"},\"url\":\"https:\/\/franciscanos.org.br\/noticias\/author\/admin\"}]}<\/script>\n<!-- \/ Yoast SEO plugin. -->","yoast_head_json":{"title":"\u201cGuardar o Esp\u00edrito Santo n\u00e3o \u00e9 arquiv\u00e1-lo\u201d, diz Pe. Roberto - Not\u00edcias - Franciscanos","robots":{"index":"index","follow":"follow","max-snippet":"max-snippet:-1","max-image-preview":"max-image-preview:large","max-video-preview":"max-video-preview:-1"},"canonical":"https:\/\/franciscanos.org.br\/noticias\/guardar-o-espirito-santo-nao-e-arquiva-lo-diz-pe-roberto.html","og_locale":"pt_BR","og_type":"article","og_title":"\u201cGuardar o Esp\u00edrito Santo n\u00e3o \u00e9 arquiv\u00e1-lo\u201d, diz Pe. Roberto - Not\u00edcias - Franciscanos","og_description":"Novena de Pentecostes","og_url":"https:\/\/franciscanos.org.br\/noticias\/guardar-o-espirito-santo-nao-e-arquiva-lo-diz-pe-roberto.html","og_site_name":"Not\u00edcias - Franciscanos","article_published_time":"2017-05-31T13:24:42+00:00","article_modified_time":"2019-01-29T16:07:35+00:00","og_image":[{"width":273,"height":181,"url":"https:\/\/franciscanos.org.br\/noticias\/wp-content\/uploads\/2017\/05\/5-dia-pentecostes-310517p.jpg","type":"image\/jpeg"}],"author":"admin","twitter_card":"summary_large_image","twitter_misc":{"Escrito por":"admin","Est. tempo de leitura":"3 minutos"},"schema":{"@context":"https:\/\/schema.org","@graph":[{"@type":"WebSite","@id":"https:\/\/franciscanos.org.br\/noticias\/#website","url":"https:\/\/franciscanos.org.br\/noticias\/","name":"Not\u00edcias - Franciscanos","description":"Prov\u00edncia Franciscana da Imaculada Concei\u00e7\u00e3o do Brasil - Ordem dos Frades Menores - OFM","potentialAction":[{"@type":"SearchAction","target":{"@type":"EntryPoint","urlTemplate":"https:\/\/franciscanos.org.br\/noticias\/?s={search_term_string}"},"query-input":"required name=search_term_string"}],"inLanguage":"pt-BR"},{"@type":"ImageObject","inLanguage":"pt-BR","@id":"https:\/\/franciscanos.org.br\/noticias\/guardar-o-espirito-santo-nao-e-arquiva-lo-diz-pe-roberto.html#primaryimage","url":"https:\/\/franciscanos.org.br\/noticias\/wp-content\/uploads\/2017\/05\/5-dia-pentecostes-310517p.jpg","contentUrl":"https:\/\/franciscanos.org.br\/noticias\/wp-content\/uploads\/2017\/05\/5-dia-pentecostes-310517p.jpg","width":273,"height":181},{"@type":"WebPage","@id":"https:\/\/franciscanos.org.br\/noticias\/guardar-o-espirito-santo-nao-e-arquiva-lo-diz-pe-roberto.html#webpage","url":"https:\/\/franciscanos.org.br\/noticias\/guardar-o-espirito-santo-nao-e-arquiva-lo-diz-pe-roberto.html","name":"\u201cGuardar o Esp\u00edrito Santo n\u00e3o \u00e9 arquiv\u00e1-lo\u201d, diz Pe. Roberto - Not\u00edcias - Franciscanos","isPartOf":{"@id":"https:\/\/franciscanos.org.br\/noticias\/#website"},"primaryImageOfPage":{"@id":"https:\/\/franciscanos.org.br\/noticias\/guardar-o-espirito-santo-nao-e-arquiva-lo-diz-pe-roberto.html#primaryimage"},"datePublished":"2017-05-31T13:24:42+00:00","dateModified":"2019-01-29T16:07:35+00:00","author":{"@id":"https:\/\/franciscanos.org.br\/noticias\/#\/schema\/person\/b38fbf43118f02820bd932f2e4b14ad3"},"breadcrumb":{"@id":"https:\/\/franciscanos.org.br\/noticias\/guardar-o-espirito-santo-nao-e-arquiva-lo-diz-pe-roberto.html#breadcrumb"},"inLanguage":"pt-BR","potentialAction":[{"@type":"ReadAction","target":["https:\/\/franciscanos.org.br\/noticias\/guardar-o-espirito-santo-nao-e-arquiva-lo-diz-pe-roberto.html"]}]},{"@type":"BreadcrumbList","@id":"https:\/\/franciscanos.org.br\/noticias\/guardar-o-espirito-santo-nao-e-arquiva-lo-diz-pe-roberto.html#breadcrumb","itemListElement":[{"@type":"ListItem","position":1,"name":"Home","item":"https:\/\/franciscanos.org.br\/noticias"},{"@type":"ListItem","position":2,"name":"\u201cGuardar o Esp\u00edrito Santo n\u00e3o \u00e9 arquiv\u00e1-lo\u201d, diz Pe. Roberto"}]},{"@type":"Person","@id":"https:\/\/franciscanos.org.br\/noticias\/#\/schema\/person\/b38fbf43118f02820bd932f2e4b14ad3","name":"admin","image":{"@type":"ImageObject","inLanguage":"pt-BR","@id":"https:\/\/franciscanos.org.br\/noticias\/#\/schema\/person\/image\/","url":"https:\/\/secure.gravatar.com\/avatar\/e8495742d34d0ba6448ea1c628263b3e?s=96&d=mm&r=g","contentUrl":"https:\/\/secure.gravatar.com\/avatar\/e8495742d34d0ba6448ea1c628263b3e?s=96&d=mm&r=g","caption":"admin"},"url":"https:\/\/franciscanos.org.br\/noticias\/author\/admin"}]}},"_links":{"self":[{"href":"https:\/\/franciscanos.org.br\/noticias\/wp-json\/wp\/v2\/posts\/134464"}],"collection":[{"href":"https:\/\/franciscanos.org.br\/noticias\/wp-json\/wp\/v2\/posts"}],"about":[{"href":"https:\/\/franciscanos.org.br\/noticias\/wp-json\/wp\/v2\/types\/post"}],"author":[{"embeddable":true,"href":"https:\/\/franciscanos.org.br\/noticias\/wp-json\/wp\/v2\/users\/1"}],"replies":[{"embeddable":true,"href":"https:\/\/franciscanos.org.br\/noticias\/wp-json\/wp\/v2\/comments?post=134464"}],"version-history":[{"count":0,"href":"https:\/\/franciscanos.org.br\/noticias\/wp-json\/wp\/v2\/posts\/134464\/revisions"}],"wp:featuredmedia":[{"embeddable":true,"href":"https:\/\/franciscanos.org.br\/noticias\/wp-json\/wp\/v2\/media\/198147"}],"wp:attachment":[{"href":"https:\/\/franciscanos.org.br\/noticias\/wp-json\/wp\/v2\/media?parent=134464"}],"wp:term":[{"taxonomy":"category","embeddable":true,"href":"https:\/\/franciscanos.org.br\/noticias\/wp-json\/wp\/v2\/categories?post=134464"},{"taxonomy":"post_tag","embeddable":true,"href":"https:\/\/franciscanos.org.br\/noticias\/wp-json\/wp\/v2\/tags?post=134464"}],"curies":[{"name":"wp","href":"https:\/\/api.w.org\/{rel}","templated":true}]}}