{"id":134302,"date":"2017-05-30T12:47:35","date_gmt":"2017-05-30T15:47:35","guid":{"rendered":"http:\/\/franciscanos.org.br\/?p=134302"},"modified":"2019-01-18T15:49:20","modified_gmt":"2019-01-18T17:49:20","slug":"lancamentos-da-semana-29","status":"publish","type":"post","link":"https:\/\/franciscanos.org.br\/noticias\/lancamentos-da-semana-29.html","title":{"rendered":"Lan\u00e7amentos da semana"},"content":{"rendered":"<h3><strong><a href=\"http:\/\/franciscanos.org.br\/wp-content\/uploads\/2017\/05\/pra-tudo-ha-um-tempo.jpg\"><img loading=\"lazy\" class=\"alignleft size-full wp-image-134304\" src=\"http:\/\/franciscanos.org.br\/wp-content\/uploads\/2017\/05\/pra-tudo-ha-um-tempo.jpg\" alt=\"pra-tudo-ha-um-tempo\" width=\"200\" height=\"305\" \/><\/a>Para tudo h\u00e1 um tempo<br \/>\n<\/strong><strong>A sabedoria do Eclesiastes para compreender o sentido da vida<\/strong><\/h3>\n<p><strong>Joan Chittister<\/strong><\/p>\n<p>\u00c9 impressionante a sabedoria contida nos vers\u00edculos de Eclesiastes 3,1-8. Inserido entre diversos livros que relatam a experi\u00eancia de f\u00e9 do povo judeu, este pequeno trecho faz um salto para o sentindo universal da exist\u00eancia humana. Sobre todos reina, implac\u00e1vel e benevolente, o tempo. Ele imp\u00f5e exig\u00eancias e pode ser implac\u00e1vel com nossos planos, mas tamb\u00e9m \u00e9 generoso em curar feridas da alma e resolver situa\u00e7\u00f5es sobre as quais ningu\u00e9m tem controle. O tempo \u00e9 o senhor da hist\u00f3ria.<\/p>\n<p>As poucas e misteriosas afirma\u00e7\u00f5es desta brilhante passagem b\u00edblica permitem uma reflex\u00e3o a um s\u00f3 tempo instigante e confortante.<\/p>\n<p>Saber que \u201cpara tudo h\u00e1 um tempo\u201d \u00e9 perceber a gra\u00e7a de viver nas m\u00e3os de Deus e de sua a\u00e7\u00e3o misteriosa no mundo; Ele que est\u00e1 acima de tudo e de todos.<\/p>\n<p>A autora convida, com estas p\u00e1ginas, a compreender o sentido da vida pessoal, familiar, social, mostrando fatos que integram o momento hist\u00f3rico em que vivemos, com sabedoria da f\u00e9, que sabe estabelecer a rela\u00e7\u00e3o entre fatos de nossa vida aparentemente desconectados&#8230;<\/p>\n<p style=\"padding-left: 30px;\"><strong>Joan Chittister<\/strong><em>, OSB,\u00a0\u00e9 monja beneditina, nascida na Pensilv\u00e2nia (EUA) em 1936. \u00c9 respeitada conferencista e autora de 50 livros e aproximadamente 700 artigos sobre tem\u00e1ticas ligadas\u00a0a espiritualidade, paz, vida religiosa, justi\u00e7a e igualdade para os mais fr\u00e1geis e os mais pobres, e\u00a0sobre o lugar e a fun\u00e7\u00e3o\u00a0das mulheres, tanto na sociedade quanto na Igreja. Recebeu da Catholic Press Association 14 pr\u00eamios por suas publica\u00e7\u00f5es e seu trabalho. PhD em Teoria da Comunica\u00e7\u00e3o Oral pela Penn State University. \u00c9 diretora executiva do Benetvision, um centro de pesquisa e recursos para espiritualidade contempor\u00e2nea. Seu website: joanchittister.org.<\/em><\/p>\n<p>&nbsp;<\/p>\n<h3><strong><a href=\"http:\/\/franciscanos.org.br\/wp-content\/uploads\/2017\/05\/o-riso-redentor.jpg\"><img loading=\"lazy\" class=\"alignleft size-full wp-image-134305\" src=\"http:\/\/franciscanos.org.br\/wp-content\/uploads\/2017\/05\/o-riso-redentor.jpg\" alt=\"o-riso-redentor\" width=\"200\" height=\"297\" \/><\/a>O riso redentor<br \/>\n<\/strong><strong>A dimens\u00e3o c\u00f4mica da experi\u00eancia humana<\/strong><\/h3>\n<p><strong>Peter L. Berger<\/strong><\/p>\n<p>H\u00e1, com certeza, uma enorme literatura sobre as diferentes manifesta\u00e7\u00f5es do sentido do c\u00f4mico \u2014 livros sobre a com\u00e9dia como uma forma dram\u00e1tica, sobre a ironia e a s\u00e1tira, sobre o senso de humor de diferentes nacionalidades e regi\u00f5es, sobre diferentes categorias de piadas, sobre papeis sociais que incorporam o c\u00f4mico como bobos da corte e palha\u00e7os, e sobre festas de rua fundadas em celebra\u00e7\u00f5es alegres e humor\u00edsticas como o carnaval.<\/p>\n<p>Contudo, h\u00e1 uma relativa escassez de escritos sobre a natureza do c\u00f4mico como tal, certamente se comparada com as bibliotecas de livros sobre a natureza da verdade, da bondade e da beleza. Poucos fil\u00f3sofos se preocuparam em pensar seriamente sobre o engra\u00e7ado. Sem d\u00favida, isto tem algo a ver com a fragilidade da experi\u00eancia c\u00f4mica,mencionada anteriormente. Tente compreend\u00ea-la, e ela se dissolve. Quantas piadas poderiam sobreviver ao tratamento dos fil\u00f3sofos? Mas h\u00e1 tamb\u00e9m a no\u00e7\u00e3o amplamente aceita de que o s\u00e9rio e o engra\u00e7ado se excluem mutuamente. Afinal de contas, n\u00e3o se pode ao mesmo tempo rezar e fazer piada, declarar o seu amor e fazer piada, contemplar a morte e fazer piada \u2014 ou ao menos esta simultaneidade exigiria um esfor\u00e7o muito grande, um que provavelmente seria mal compreendido pela maioria das pessoas.<\/p>\n<p style=\"padding-left: 30px;\"><strong>Peter L. Berger<\/strong> <em>\u00e9 professor na Universidade de Boston e diretor do Instituto para o Estudo da Cultura Econ\u00f4mica na mesma Universidade. Possui diversos livros publicados, entre eles, traduzidos pela Vozes, os seguintes:\u00a0 Perspectivas Sociol\u00f3gicas \u2013 uma vis\u00e3o human\u00edstica;Modernidade, pluralismo e crise de sentido \u2013 a orienta\u00e7\u00e3o do homem moderno; A constru\u00e7\u00e3o social da realidade ambos com coautoria de Thomas Luckmann.<\/em><\/p>\n<p>&nbsp;<\/p>\n<h3><strong><a href=\"http:\/\/franciscanos.org.br\/wp-content\/uploads\/2017\/05\/classicos.jpg\"><img loading=\"lazy\" class=\"alignleft size-full wp-image-134306\" src=\"http:\/\/franciscanos.org.br\/wp-content\/uploads\/2017\/05\/classicos.jpg\" alt=\"classicos\" width=\"200\" height=\"286\" \/><\/a>Cl\u00e1ssicos da comunica\u00e7\u00e3o \u2013 Os te\u00f3ricos<br \/>\n<\/strong><strong>De Peirce <\/strong>a <strong>Canclini<\/strong><\/h3>\n<p><em><strong>Leonel Aguiar<\/strong> e <\/em><strong>Adriana Barsotti<\/strong><\/p>\n<p>A obra <em>Cl\u00e1ssicos da comunica\u00e7\u00e3o \u2013 Os te\u00f3ricos<\/em> tem por objetivo suprir um\u00a0 poss\u00edvel v\u00e1cuo editorial existente nas bibliografias utilizadas nos cursos de gradua\u00e7\u00e3o em Comunica\u00e7\u00e3o Social. A relev\u00e2ncia da colet\u00e2nea, nesse sentido, \u00e9 possibilitar que estudantes e professores sejam introduzidos no complexo processo de produ\u00e7\u00e3o do conhecimento da \u00e1rea atrav\u00e9s de textos que descrevam e contextualizem \u2013 com uma linguagem fluente, marcada pela clareza e a precis\u00e3o das informa\u00e7\u00f5es \u2013 os principais autores do campo comunicacional.<\/p>\n<p>Os ensaios s\u00e3o caracterizados por possu\u00edrem uma linguagem cient\u00edfica clara e acess\u00edvel, sem abandonar o rigor acad\u00eamico. Assim, cada cap\u00edtulo realiza a descri\u00e7\u00e3o sint\u00e9tica e a contextualiza\u00e7\u00e3o das principais obras do pensador selecionado, al\u00e9m de apontar os conceitos mais relevantes desenvolvidos por ele. Tamb\u00e9m resume aspectos da vida do autor, demonstrando ainda a repercuss\u00e3o hist\u00f3rica e as influ\u00eancias do te\u00f3rico na \u00e1rea da comunica\u00e7\u00e3o. Aponta ainda a bibliografia fundamental de cada um, destacando especialmente as obras traduzidas para a l\u00edngua portuguesa.<\/p>\n<p>A presente colet\u00e2nea cobre a vida e a obra dos grandes te\u00f3ricos da comunica\u00e7\u00e3o: de Charles SandersPeirce (1839-1914) a N\u00e9stor Garc\u00eda Canclini (1939-) e cada ensaio traz os seguintes conte\u00fados: o te\u00f3rico da comunica\u00e7\u00e3o e seu tempo; os conceitos-chave presentes na sua obra; os percursos e influ\u00eancias do seu pensamento; e suas principais obras publicadas.<\/p>\n<p>&nbsp;<\/p>\n<h3><strong><a href=\"http:\/\/franciscanos.org.br\/wp-content\/uploads\/2017\/05\/a-teoria.jpg\"><img loading=\"lazy\" class=\"alignleft size-full wp-image-134307\" src=\"http:\/\/franciscanos.org.br\/wp-content\/uploads\/2017\/05\/a-teoria.jpg\" alt=\"a-teoria\" width=\"200\" height=\"328\" \/><\/a>A teoria de Pierre Bourdieu e seus usos sociol\u00f3gicos<\/strong><\/h3>\n<p><strong>Anne Jourdain<\/strong> e <strong>Sidonie Naulin<\/strong><\/p>\n<p>De todos os soci\u00f3logos franceses do s\u00e9culo XX, Pierre Bourdieu (1930-2002) \u00e9 sem d\u00favida hoje o mais conhecido e o mais controvertido. Sua obra abundante marcou duravelmente o campo intelectual na Fran\u00e7a e no mundo. \u00c0 origem de uma nova teoria do mundo social que se apoia em conceitos-chaves como o <em>habitus<\/em>, a viol\u00eancia simb\u00f3lica ou o campo, Pierre Bourdieu se dedica a trazer \u00e0 luz a realidade das rela\u00e7\u00f5es sociais para melhor denunci\u00e1-la.<\/p>\n<p>Esta obra apresenta tr\u00eas dimens\u00f5es centrais na obra de Pierre Bourdieu: sua reflex\u00e3o epistemol\u00f3gica sobre o of\u00edcio de soci\u00f3logo, a elabora\u00e7\u00e3o de seus principais conceitos de an\u00e1lise atrav\u00e9s do estudo de dom\u00ednios particulares (escola e cultura) e, enfim, sua teoria do espa\u00e7o social. Em cada um dos cap\u00edtulos s\u00e3o apresentados trabalhos de autores que continuaram a reflex\u00e3o de Pierre Bourdieu ou que nela se inspiraram. \u00c9 interessando-se pelos aportes e pelos aspectos cr\u00edticos da sociologia de Pierre Bourdieu que podem ser compreendidas a import\u00e2ncia e a natureza de sua influ\u00eancia intelectual hoje.<\/p>\n<p style=\"padding-left: 30px;\"><strong>Anne Jourdain<\/strong> e<strong> Sidonie Naulin <\/strong>s\u00e3o doutorandas em Sociologia, normalistas e agreg\u00e9es de Ci\u00eancias Econ\u00f4micas e Sociais.<\/p>\n<p>&nbsp;<\/p>\n<h3><strong><a href=\"http:\/\/franciscanos.org.br\/wp-content\/uploads\/2017\/05\/a-sociologia.jpg\"><img loading=\"lazy\" class=\"alignleft size-full wp-image-134308\" src=\"http:\/\/franciscanos.org.br\/wp-content\/uploads\/2017\/05\/a-sociologia.jpg\" alt=\"a-sociologia\" width=\"200\" height=\"335\" \/><\/a>A sociologia de Niklas Luhmann<\/strong><\/h3>\n<p><strong>L\u00e9o Peixoto Rodrigues e <\/strong><\/p>\n<p>Niklas Luhmann, sem d\u00favida, \u00e9 um dos mais proeminentes e pol\u00eamicos te\u00f3ricos de nosso tempo. Em entrevista concedida em 1992 afirmou: \u201cMeu objetivo principal como cientista consiste em melhorar a descri\u00e7\u00e3o sociol\u00f3gica da sociedade, e n\u00e3o melhorar a sociedade\u201d. Essa postura \u00e9 muito importante para entender Luhmann que distingue, tal como Weber, entre a tarefa do cientista em produzir teoria sobre a sociedade e o pol\u00edtico com a responsabilidade de melhorar a sociedade.<\/p>\n<p>A obra que nos \u00e9 oferecida agora por L\u00e9o Peixoto Rodrigues e Fabr\u00edcio Monteiro Neves ganha especial relevo, justamente pelo esfor\u00e7o dos autores em apresentar, de modo \u00edmpar, essa nova trama de categorias e conceitos. Como pesquisadores atentos v\u00e3o, ao longo do texto, desvelando sua constru\u00e7\u00e3o te\u00f3rica, atrav\u00e9s dos conceitos: sistema, autopoi\u00e9sis, sentido, comunica\u00e7\u00e3o, sistema social, evolu\u00e7\u00e3o.<\/p>\n<p>Para os autores, importa revelar os principais atributos desse esfor\u00e7o te\u00f3rico, de uma teoria din\u00e2mica, capaz de estabelecer distin\u00e7\u00f5es, servir como instrumento de observa\u00e7\u00e3o, reduzir a complexidade, possuir um alto n\u00edvel de abstra\u00e7\u00e3o, ser reflexiva e autorreferente.<\/p>\n<p style=\"padding-left: 30px;\"><strong>L\u00e9o Peixoto Rodrigues<\/strong>,<em> doutor em sociologia, professor dos Programas de P\u00f3s-Gradua\u00e7\u00e3o em Sociologia e em Ci\u00eancias Pol\u00edtica da Universidade Federal de Pelotas(UFPel) e autor de diversas publica\u00e7\u00f5es no \u00e2mbito da teoria social contempor\u00e2nea, epistemologia e estudos sociais da ci\u00eancia.<\/em><\/p>\n<p style=\"padding-left: 30px;\"><strong>Fabr\u00edcio Monteiro Neves<\/strong>, <em>doutor em sociologia, professor do Programa de P\u00f3s-Gradua\u00e7\u00e3o em Sociologia da Universidade de Bras\u00edlia (UNB). Dentre suas publica\u00e7\u00f5es destaca-se a obra &#8220;B\u00edos e Techn\u00e9: estudo sobre a constru\u00e7\u00e3o dos sistemas de biotecnologia perif\u00e9rico&#8221;, pela Editora da UNB.<\/em><\/p>\n<p>&nbsp;<\/p>\n","protected":false},"excerpt":{"rendered":"<p>Editora Vozes<\/p>\n","protected":false},"author":1,"featured_media":194592,"comment_status":"open","ping_status":"open","sticky":false,"template":"","format":"standard","meta":[],"categories":[1],"tags":[238],"acf":[],"yoast_head":"<!-- This site is optimized with the Yoast SEO plugin v19.2 - https:\/\/yoast.com\/wordpress\/plugins\/seo\/ -->\n<title>Lan\u00e7amentos da semana - Not\u00edcias - Franciscanos<\/title>\n<meta name=\"robots\" content=\"index, follow, max-snippet:-1, max-image-preview:large, max-video-preview:-1\" \/>\n<link rel=\"canonical\" href=\"https:\/\/franciscanos.org.br\/noticias\/lancamentos-da-semana-29.html\" \/>\n<meta property=\"og:locale\" content=\"pt_BR\" \/>\n<meta property=\"og:type\" content=\"article\" \/>\n<meta property=\"og:title\" content=\"Lan\u00e7amentos da semana - Not\u00edcias - Franciscanos\" \/>\n<meta property=\"og:description\" content=\"Editora Vozes\" \/>\n<meta property=\"og:url\" content=\"https:\/\/franciscanos.org.br\/noticias\/lancamentos-da-semana-29.html\" \/>\n<meta property=\"og:site_name\" content=\"Not\u00edcias - Franciscanos\" \/>\n<meta property=\"article:published_time\" content=\"2017-05-30T15:47:35+00:00\" \/>\n<meta property=\"article:modified_time\" content=\"2019-01-18T17:49:20+00:00\" \/>\n<meta property=\"og:image\" content=\"https:\/\/franciscanos.org.br\/noticias\/wp-content\/uploads\/2017\/11\/vozes.png\" \/>\n\t<meta property=\"og:image:width\" content=\"273\" \/>\n\t<meta property=\"og:image:height\" content=\"181\" \/>\n\t<meta property=\"og:image:type\" content=\"image\/png\" \/>\n<meta name=\"author\" content=\"admin\" \/>\n<meta name=\"twitter:card\" content=\"summary_large_image\" \/>\n<meta name=\"twitter:label1\" content=\"Escrito por\" \/>\n\t<meta name=\"twitter:data1\" content=\"admin\" \/>\n\t<meta name=\"twitter:label2\" content=\"Est. tempo de leitura\" \/>\n\t<meta name=\"twitter:data2\" content=\"7 minutos\" \/>\n<script type=\"application\/ld+json\" class=\"yoast-schema-graph\">{\"@context\":\"https:\/\/schema.org\",\"@graph\":[{\"@type\":\"WebSite\",\"@id\":\"https:\/\/franciscanos.org.br\/noticias\/#website\",\"url\":\"https:\/\/franciscanos.org.br\/noticias\/\",\"name\":\"Not\u00edcias - Franciscanos\",\"description\":\"Prov\u00edncia Franciscana da Imaculada Concei\u00e7\u00e3o do Brasil - Ordem dos Frades Menores - OFM\",\"potentialAction\":[{\"@type\":\"SearchAction\",\"target\":{\"@type\":\"EntryPoint\",\"urlTemplate\":\"https:\/\/franciscanos.org.br\/noticias\/?s={search_term_string}\"},\"query-input\":\"required name=search_term_string\"}],\"inLanguage\":\"pt-BR\"},{\"@type\":\"ImageObject\",\"inLanguage\":\"pt-BR\",\"@id\":\"https:\/\/franciscanos.org.br\/noticias\/lancamentos-da-semana-29.html#primaryimage\",\"url\":\"https:\/\/franciscanos.org.br\/noticias\/wp-content\/uploads\/2017\/11\/vozes.png\",\"contentUrl\":\"https:\/\/franciscanos.org.br\/noticias\/wp-content\/uploads\/2017\/11\/vozes.png\",\"width\":273,\"height\":181},{\"@type\":\"WebPage\",\"@id\":\"https:\/\/franciscanos.org.br\/noticias\/lancamentos-da-semana-29.html#webpage\",\"url\":\"https:\/\/franciscanos.org.br\/noticias\/lancamentos-da-semana-29.html\",\"name\":\"Lan\u00e7amentos da semana - Not\u00edcias - Franciscanos\",\"isPartOf\":{\"@id\":\"https:\/\/franciscanos.org.br\/noticias\/#website\"},\"primaryImageOfPage\":{\"@id\":\"https:\/\/franciscanos.org.br\/noticias\/lancamentos-da-semana-29.html#primaryimage\"},\"datePublished\":\"2017-05-30T15:47:35+00:00\",\"dateModified\":\"2019-01-18T17:49:20+00:00\",\"author\":{\"@id\":\"https:\/\/franciscanos.org.br\/noticias\/#\/schema\/person\/b38fbf43118f02820bd932f2e4b14ad3\"},\"breadcrumb\":{\"@id\":\"https:\/\/franciscanos.org.br\/noticias\/lancamentos-da-semana-29.html#breadcrumb\"},\"inLanguage\":\"pt-BR\",\"potentialAction\":[{\"@type\":\"ReadAction\",\"target\":[\"https:\/\/franciscanos.org.br\/noticias\/lancamentos-da-semana-29.html\"]}]},{\"@type\":\"BreadcrumbList\",\"@id\":\"https:\/\/franciscanos.org.br\/noticias\/lancamentos-da-semana-29.html#breadcrumb\",\"itemListElement\":[{\"@type\":\"ListItem\",\"position\":1,\"name\":\"Home\",\"item\":\"https:\/\/franciscanos.org.br\/noticias\"},{\"@type\":\"ListItem\",\"position\":2,\"name\":\"Lan\u00e7amentos da semana\"}]},{\"@type\":\"Person\",\"@id\":\"https:\/\/franciscanos.org.br\/noticias\/#\/schema\/person\/b38fbf43118f02820bd932f2e4b14ad3\",\"name\":\"admin\",\"image\":{\"@type\":\"ImageObject\",\"inLanguage\":\"pt-BR\",\"@id\":\"https:\/\/franciscanos.org.br\/noticias\/#\/schema\/person\/image\/\",\"url\":\"https:\/\/secure.gravatar.com\/avatar\/e8495742d34d0ba6448ea1c628263b3e?s=96&d=mm&r=g\",\"contentUrl\":\"https:\/\/secure.gravatar.com\/avatar\/e8495742d34d0ba6448ea1c628263b3e?s=96&d=mm&r=g\",\"caption\":\"admin\"},\"url\":\"https:\/\/franciscanos.org.br\/noticias\/author\/admin\"}]}<\/script>\n<!-- \/ Yoast SEO plugin. -->","yoast_head_json":{"title":"Lan\u00e7amentos da semana - Not\u00edcias - Franciscanos","robots":{"index":"index","follow":"follow","max-snippet":"max-snippet:-1","max-image-preview":"max-image-preview:large","max-video-preview":"max-video-preview:-1"},"canonical":"https:\/\/franciscanos.org.br\/noticias\/lancamentos-da-semana-29.html","og_locale":"pt_BR","og_type":"article","og_title":"Lan\u00e7amentos da semana - Not\u00edcias - Franciscanos","og_description":"Editora Vozes","og_url":"https:\/\/franciscanos.org.br\/noticias\/lancamentos-da-semana-29.html","og_site_name":"Not\u00edcias - Franciscanos","article_published_time":"2017-05-30T15:47:35+00:00","article_modified_time":"2019-01-18T17:49:20+00:00","og_image":[{"width":273,"height":181,"url":"https:\/\/franciscanos.org.br\/noticias\/wp-content\/uploads\/2017\/11\/vozes.png","type":"image\/png"}],"author":"admin","twitter_card":"summary_large_image","twitter_misc":{"Escrito por":"admin","Est. tempo de leitura":"7 minutos"},"schema":{"@context":"https:\/\/schema.org","@graph":[{"@type":"WebSite","@id":"https:\/\/franciscanos.org.br\/noticias\/#website","url":"https:\/\/franciscanos.org.br\/noticias\/","name":"Not\u00edcias - Franciscanos","description":"Prov\u00edncia Franciscana da Imaculada Concei\u00e7\u00e3o do Brasil - Ordem dos Frades Menores - OFM","potentialAction":[{"@type":"SearchAction","target":{"@type":"EntryPoint","urlTemplate":"https:\/\/franciscanos.org.br\/noticias\/?s={search_term_string}"},"query-input":"required name=search_term_string"}],"inLanguage":"pt-BR"},{"@type":"ImageObject","inLanguage":"pt-BR","@id":"https:\/\/franciscanos.org.br\/noticias\/lancamentos-da-semana-29.html#primaryimage","url":"https:\/\/franciscanos.org.br\/noticias\/wp-content\/uploads\/2017\/11\/vozes.png","contentUrl":"https:\/\/franciscanos.org.br\/noticias\/wp-content\/uploads\/2017\/11\/vozes.png","width":273,"height":181},{"@type":"WebPage","@id":"https:\/\/franciscanos.org.br\/noticias\/lancamentos-da-semana-29.html#webpage","url":"https:\/\/franciscanos.org.br\/noticias\/lancamentos-da-semana-29.html","name":"Lan\u00e7amentos da semana - Not\u00edcias - Franciscanos","isPartOf":{"@id":"https:\/\/franciscanos.org.br\/noticias\/#website"},"primaryImageOfPage":{"@id":"https:\/\/franciscanos.org.br\/noticias\/lancamentos-da-semana-29.html#primaryimage"},"datePublished":"2017-05-30T15:47:35+00:00","dateModified":"2019-01-18T17:49:20+00:00","author":{"@id":"https:\/\/franciscanos.org.br\/noticias\/#\/schema\/person\/b38fbf43118f02820bd932f2e4b14ad3"},"breadcrumb":{"@id":"https:\/\/franciscanos.org.br\/noticias\/lancamentos-da-semana-29.html#breadcrumb"},"inLanguage":"pt-BR","potentialAction":[{"@type":"ReadAction","target":["https:\/\/franciscanos.org.br\/noticias\/lancamentos-da-semana-29.html"]}]},{"@type":"BreadcrumbList","@id":"https:\/\/franciscanos.org.br\/noticias\/lancamentos-da-semana-29.html#breadcrumb","itemListElement":[{"@type":"ListItem","position":1,"name":"Home","item":"https:\/\/franciscanos.org.br\/noticias"},{"@type":"ListItem","position":2,"name":"Lan\u00e7amentos da semana"}]},{"@type":"Person","@id":"https:\/\/franciscanos.org.br\/noticias\/#\/schema\/person\/b38fbf43118f02820bd932f2e4b14ad3","name":"admin","image":{"@type":"ImageObject","inLanguage":"pt-BR","@id":"https:\/\/franciscanos.org.br\/noticias\/#\/schema\/person\/image\/","url":"https:\/\/secure.gravatar.com\/avatar\/e8495742d34d0ba6448ea1c628263b3e?s=96&d=mm&r=g","contentUrl":"https:\/\/secure.gravatar.com\/avatar\/e8495742d34d0ba6448ea1c628263b3e?s=96&d=mm&r=g","caption":"admin"},"url":"https:\/\/franciscanos.org.br\/noticias\/author\/admin"}]}},"_links":{"self":[{"href":"https:\/\/franciscanos.org.br\/noticias\/wp-json\/wp\/v2\/posts\/134302"}],"collection":[{"href":"https:\/\/franciscanos.org.br\/noticias\/wp-json\/wp\/v2\/posts"}],"about":[{"href":"https:\/\/franciscanos.org.br\/noticias\/wp-json\/wp\/v2\/types\/post"}],"author":[{"embeddable":true,"href":"https:\/\/franciscanos.org.br\/noticias\/wp-json\/wp\/v2\/users\/1"}],"replies":[{"embeddable":true,"href":"https:\/\/franciscanos.org.br\/noticias\/wp-json\/wp\/v2\/comments?post=134302"}],"version-history":[{"count":0,"href":"https:\/\/franciscanos.org.br\/noticias\/wp-json\/wp\/v2\/posts\/134302\/revisions"}],"wp:featuredmedia":[{"embeddable":true,"href":"https:\/\/franciscanos.org.br\/noticias\/wp-json\/wp\/v2\/media\/194592"}],"wp:attachment":[{"href":"https:\/\/franciscanos.org.br\/noticias\/wp-json\/wp\/v2\/media?parent=134302"}],"wp:term":[{"taxonomy":"category","embeddable":true,"href":"https:\/\/franciscanos.org.br\/noticias\/wp-json\/wp\/v2\/categories?post=134302"},{"taxonomy":"post_tag","embeddable":true,"href":"https:\/\/franciscanos.org.br\/noticias\/wp-json\/wp\/v2\/tags?post=134302"}],"curies":[{"name":"wp","href":"https:\/\/api.w.org\/{rel}","templated":true}]}}