{"id":134269,"date":"2017-05-30T09:28:41","date_gmt":"2017-05-30T12:28:41","guid":{"rendered":"http:\/\/franciscanos.org.br\/?p=134269"},"modified":"2020-06-08T19:45:51","modified_gmt":"2020-06-08T22:45:51","slug":"um-pastor-deve-preparar-se-para-se-despedir-bem","status":"publish","type":"post","link":"https:\/\/franciscanos.org.br\/noticias\/um-pastor-deve-preparar-se-para-se-despedir-bem.html","title":{"rendered":"Um pastor deve preparar-se para se despedir bem"},"content":{"rendered":"<p><img loading=\"lazy\" class=\"alignleft\" src=\"http:\/\/franciscanos.org.br\/wp-content\/uploads\/2016\/11\/marta_171116.jpg\" alt=\"marta_171116\" width=\"830\" height=\"450\" \/><strong>Cidade do Vaticano<\/strong> \u2013 O Papa Francisco celebrou na manh\u00e3 desta ter\u00e7a-feira a Santa Missa na Capela da Casa Santa Marta. No centro da sua homilia esteve a primeira Leitura tirada dos Atos dos Ap\u00f3stolos, que se pode intitular &#8211; disse Francisco \u2013 \u201cA despedida de um bispo\u201d. Paulo se despede da Igreja de \u00c9feso, que ele havia fundado. \u201cAgora deve ir:<\/p>\n<p>\u201cTodos os pastores devem se despedir. Chega um momento em que o Senhor nos diz: vai para outro lugar, vai para l\u00e1, vem para c\u00e1, venha a mim. E um dos passos que deve fazer um pastor \u00e9 tamb\u00e9m preparar-se para se despedir bem, n\u00e3o se despedir \u00e0 metade. O pastor que n\u00e3o aprende a se despedir \u00e9 porque tem alguma liga\u00e7\u00e3o n\u00e3o boa com o rebanho, um v\u00ednculo que n\u00e3o \u00e9 purificado pela Cruz de Jesus\u201d.<\/p>\n<p>Paulo, ent\u00e3o, chama todos os presb\u00edteros de \u00c9feso e em uma esp\u00e9cie de \u201cconselho presbiteral\u201d se despede. O Papa destaca \u201ctr\u00eas atitudes\u201d do ap\u00f3stolo. Primeiro, ele diz que nunca abandonou a luta: \u201cN\u00e3o \u00e9 um ato de vaidade\u201d, \u201cporque ele diz que \u00e9 o pior dos pecadores, sabe disso e diz\u201d, mas simplesmente \u201cconta a hist\u00f3ria\u201d. E \u201cuma das coisas que dar\u00e1 tanta paz ao pastor quando se despede &#8211; explicou o Papa &#8211; \u00e9 recordar-se que nunca foi um pastor de compromissos\u201d, ele sabe \u201cque n\u00e3o guiou a Igreja com compromissos. Ele nunca abandonou a luta. \u201cE \u00e9 preciso coragem para isso\u201d. Segundo ponto. Paulo diz que ele vai a Jerusal\u00e9m \u201ccompelido pelo Esp\u00edrito\u201d, n\u00e3o sabe o que vai acontecer l\u00e1\u201d. Ele obedece ao Esp\u00edrito. \u201cO pastor sabe que est\u00e1 em caminho\u201d:<\/p>\n<p>\u201cEnquanto guiava a Igreja era com a atitude de n\u00e3o fazer compromissos; agora, o Esp\u00edrito pede a ele para se colocar em caminho, sem saber o que vai acontecer. E continua, porque ele n\u00e3o possui nada seu, ele n\u00e3o fez do seu rebanho uma apropria\u00e7\u00e3o indevida. Ele serviu. &#8216;Agora Deus quer que eu v\u00e1 embora? Vou embora sem saber o que vai acontecer comigo. Sei somente &#8211; o Esp\u00edrito tinha feito ele saber &#8211; que o Esp\u00edrito Santo de cidade em cidade me confirma que me esperam correntes e tribula\u00e7\u00f5es\u2019. Isso ele sabia. N\u00e3o vou me aposentar. Vou para outro lugar para servir outras Igrejas. Sempre o cora\u00e7\u00e3o aberto \u00e0 voz de Deus: deixo isso, vou ver o que o Senhor me pede. E aquele pastor sem compromissos \u00e9 agora um pastor em caminho\u201d.<\/p>\n<p>O Papa explica por que n\u00e3o se apropriou do rebanho. Terceiro ponto. Paulo diz: \u201cEu n\u00e3o considero de nenhum modo preciosa a minha vida\u201d: n\u00e3o \u00e9 \u201co centro da hist\u00f3ria, da hist\u00f3ria grande ou da hist\u00f3ria pequena\u201d, n\u00e3o \u00e9 o centro, \u00e9 \u201cum servo\u201d. Francisco cita um ditado popular: \u201cComo voc\u00ea vive, voc\u00ea morre; como voc\u00ea vive, voc\u00ea se despede\u201d. E Paulo se despede com uma \u201cliberdade sem compromissos\u201d e em caminho. \u201cAssim se despede um pastor\u201d:<\/p>\n<p>\u201cCom este exemplo t\u00e3o bonito rezemos pelos pastores, pelos nossos pastores, pelos p\u00e1rocos, pelos bispos, pelo Papa, para que a sua vida seja uma vida sem conluios, uma vida em caminho, e uma vida onde eles n\u00e3o pensem estar no centro da hist\u00f3ria e assim aprendam a se despedir. Rezemos pelos nossos pastores\u201d.<\/p>\n<hr \/>\n<p><em>Fonte: R\u00e1dio Vaticano<\/em><\/p>\n","protected":false},"excerpt":{"rendered":"<p>Missa em Santa Marta<\/p>\n","protected":false},"author":1,"featured_media":198157,"comment_status":"open","ping_status":"open","sticky":false,"template":"","format":"standard","meta":[],"categories":[1428],"tags":[1586],"acf":[],"yoast_head":"<!-- This site is optimized with the Yoast SEO plugin v19.2 - https:\/\/yoast.com\/wordpress\/plugins\/seo\/ -->\n<title>Um pastor deve preparar-se para se despedir bem - Not\u00edcias - Franciscanos<\/title>\n<meta name=\"robots\" content=\"index, follow, max-snippet:-1, max-image-preview:large, max-video-preview:-1\" \/>\n<link rel=\"canonical\" href=\"https:\/\/franciscanos.org.br\/noticias\/um-pastor-deve-preparar-se-para-se-despedir-bem.html\" \/>\n<meta property=\"og:locale\" content=\"pt_BR\" \/>\n<meta property=\"og:type\" content=\"article\" \/>\n<meta property=\"og:title\" content=\"Um pastor deve preparar-se para se despedir bem - Not\u00edcias - Franciscanos\" \/>\n<meta property=\"og:description\" content=\"Missa em Santa Marta\" \/>\n<meta property=\"og:url\" content=\"https:\/\/franciscanos.org.br\/noticias\/um-pastor-deve-preparar-se-para-se-despedir-bem.html\" \/>\n<meta property=\"og:site_name\" content=\"Not\u00edcias - Franciscanos\" \/>\n<meta property=\"article:published_time\" content=\"2017-05-30T12:28:41+00:00\" \/>\n<meta property=\"article:modified_time\" content=\"2020-06-08T22:45:51+00:00\" \/>\n<meta property=\"og:image\" content=\"https:\/\/franciscanos.org.br\/noticias\/wp-content\/uploads\/2017\/05\/marta_171116.jpg\" \/>\n\t<meta property=\"og:image:width\" content=\"273\" \/>\n\t<meta property=\"og:image:height\" content=\"181\" \/>\n\t<meta property=\"og:image:type\" content=\"image\/jpeg\" \/>\n<meta name=\"author\" content=\"admin\" \/>\n<meta name=\"twitter:card\" content=\"summary_large_image\" \/>\n<meta name=\"twitter:label1\" content=\"Escrito por\" \/>\n\t<meta name=\"twitter:data1\" content=\"admin\" \/>\n\t<meta name=\"twitter:label2\" content=\"Est. tempo de leitura\" \/>\n\t<meta name=\"twitter:data2\" content=\"3 minutos\" \/>\n<script type=\"application\/ld+json\" class=\"yoast-schema-graph\">{\"@context\":\"https:\/\/schema.org\",\"@graph\":[{\"@type\":\"WebSite\",\"@id\":\"https:\/\/franciscanos.org.br\/noticias\/#website\",\"url\":\"https:\/\/franciscanos.org.br\/noticias\/\",\"name\":\"Not\u00edcias - Franciscanos\",\"description\":\"Prov\u00edncia Franciscana da Imaculada Concei\u00e7\u00e3o do Brasil - Ordem dos Frades Menores - OFM\",\"potentialAction\":[{\"@type\":\"SearchAction\",\"target\":{\"@type\":\"EntryPoint\",\"urlTemplate\":\"https:\/\/franciscanos.org.br\/noticias\/?s={search_term_string}\"},\"query-input\":\"required name=search_term_string\"}],\"inLanguage\":\"pt-BR\"},{\"@type\":\"ImageObject\",\"inLanguage\":\"pt-BR\",\"@id\":\"https:\/\/franciscanos.org.br\/noticias\/um-pastor-deve-preparar-se-para-se-despedir-bem.html#primaryimage\",\"url\":\"https:\/\/franciscanos.org.br\/noticias\/wp-content\/uploads\/2017\/05\/marta_171116.jpg\",\"contentUrl\":\"https:\/\/franciscanos.org.br\/noticias\/wp-content\/uploads\/2017\/05\/marta_171116.jpg\",\"width\":273,\"height\":181},{\"@type\":\"WebPage\",\"@id\":\"https:\/\/franciscanos.org.br\/noticias\/um-pastor-deve-preparar-se-para-se-despedir-bem.html#webpage\",\"url\":\"https:\/\/franciscanos.org.br\/noticias\/um-pastor-deve-preparar-se-para-se-despedir-bem.html\",\"name\":\"Um pastor deve preparar-se para se despedir bem - Not\u00edcias - Franciscanos\",\"isPartOf\":{\"@id\":\"https:\/\/franciscanos.org.br\/noticias\/#website\"},\"primaryImageOfPage\":{\"@id\":\"https:\/\/franciscanos.org.br\/noticias\/um-pastor-deve-preparar-se-para-se-despedir-bem.html#primaryimage\"},\"datePublished\":\"2017-05-30T12:28:41+00:00\",\"dateModified\":\"2020-06-08T22:45:51+00:00\",\"author\":{\"@id\":\"https:\/\/franciscanos.org.br\/noticias\/#\/schema\/person\/b38fbf43118f02820bd932f2e4b14ad3\"},\"breadcrumb\":{\"@id\":\"https:\/\/franciscanos.org.br\/noticias\/um-pastor-deve-preparar-se-para-se-despedir-bem.html#breadcrumb\"},\"inLanguage\":\"pt-BR\",\"potentialAction\":[{\"@type\":\"ReadAction\",\"target\":[\"https:\/\/franciscanos.org.br\/noticias\/um-pastor-deve-preparar-se-para-se-despedir-bem.html\"]}]},{\"@type\":\"BreadcrumbList\",\"@id\":\"https:\/\/franciscanos.org.br\/noticias\/um-pastor-deve-preparar-se-para-se-despedir-bem.html#breadcrumb\",\"itemListElement\":[{\"@type\":\"ListItem\",\"position\":1,\"name\":\"Home\",\"item\":\"https:\/\/franciscanos.org.br\/noticias\"},{\"@type\":\"ListItem\",\"position\":2,\"name\":\"Um pastor deve preparar-se para se despedir bem\"}]},{\"@type\":\"Person\",\"@id\":\"https:\/\/franciscanos.org.br\/noticias\/#\/schema\/person\/b38fbf43118f02820bd932f2e4b14ad3\",\"name\":\"admin\",\"image\":{\"@type\":\"ImageObject\",\"inLanguage\":\"pt-BR\",\"@id\":\"https:\/\/franciscanos.org.br\/noticias\/#\/schema\/person\/image\/\",\"url\":\"https:\/\/secure.gravatar.com\/avatar\/e8495742d34d0ba6448ea1c628263b3e?s=96&d=mm&r=g\",\"contentUrl\":\"https:\/\/secure.gravatar.com\/avatar\/e8495742d34d0ba6448ea1c628263b3e?s=96&d=mm&r=g\",\"caption\":\"admin\"},\"url\":\"https:\/\/franciscanos.org.br\/noticias\/author\/admin\"}]}<\/script>\n<!-- \/ Yoast SEO plugin. -->","yoast_head_json":{"title":"Um pastor deve preparar-se para se despedir bem - Not\u00edcias - Franciscanos","robots":{"index":"index","follow":"follow","max-snippet":"max-snippet:-1","max-image-preview":"max-image-preview:large","max-video-preview":"max-video-preview:-1"},"canonical":"https:\/\/franciscanos.org.br\/noticias\/um-pastor-deve-preparar-se-para-se-despedir-bem.html","og_locale":"pt_BR","og_type":"article","og_title":"Um pastor deve preparar-se para se despedir bem - Not\u00edcias - Franciscanos","og_description":"Missa em Santa Marta","og_url":"https:\/\/franciscanos.org.br\/noticias\/um-pastor-deve-preparar-se-para-se-despedir-bem.html","og_site_name":"Not\u00edcias - Franciscanos","article_published_time":"2017-05-30T12:28:41+00:00","article_modified_time":"2020-06-08T22:45:51+00:00","og_image":[{"width":273,"height":181,"url":"https:\/\/franciscanos.org.br\/noticias\/wp-content\/uploads\/2017\/05\/marta_171116.jpg","type":"image\/jpeg"}],"author":"admin","twitter_card":"summary_large_image","twitter_misc":{"Escrito por":"admin","Est. tempo de leitura":"3 minutos"},"schema":{"@context":"https:\/\/schema.org","@graph":[{"@type":"WebSite","@id":"https:\/\/franciscanos.org.br\/noticias\/#website","url":"https:\/\/franciscanos.org.br\/noticias\/","name":"Not\u00edcias - Franciscanos","description":"Prov\u00edncia Franciscana da Imaculada Concei\u00e7\u00e3o do Brasil - Ordem dos Frades Menores - OFM","potentialAction":[{"@type":"SearchAction","target":{"@type":"EntryPoint","urlTemplate":"https:\/\/franciscanos.org.br\/noticias\/?s={search_term_string}"},"query-input":"required name=search_term_string"}],"inLanguage":"pt-BR"},{"@type":"ImageObject","inLanguage":"pt-BR","@id":"https:\/\/franciscanos.org.br\/noticias\/um-pastor-deve-preparar-se-para-se-despedir-bem.html#primaryimage","url":"https:\/\/franciscanos.org.br\/noticias\/wp-content\/uploads\/2017\/05\/marta_171116.jpg","contentUrl":"https:\/\/franciscanos.org.br\/noticias\/wp-content\/uploads\/2017\/05\/marta_171116.jpg","width":273,"height":181},{"@type":"WebPage","@id":"https:\/\/franciscanos.org.br\/noticias\/um-pastor-deve-preparar-se-para-se-despedir-bem.html#webpage","url":"https:\/\/franciscanos.org.br\/noticias\/um-pastor-deve-preparar-se-para-se-despedir-bem.html","name":"Um pastor deve preparar-se para se despedir bem - Not\u00edcias - Franciscanos","isPartOf":{"@id":"https:\/\/franciscanos.org.br\/noticias\/#website"},"primaryImageOfPage":{"@id":"https:\/\/franciscanos.org.br\/noticias\/um-pastor-deve-preparar-se-para-se-despedir-bem.html#primaryimage"},"datePublished":"2017-05-30T12:28:41+00:00","dateModified":"2020-06-08T22:45:51+00:00","author":{"@id":"https:\/\/franciscanos.org.br\/noticias\/#\/schema\/person\/b38fbf43118f02820bd932f2e4b14ad3"},"breadcrumb":{"@id":"https:\/\/franciscanos.org.br\/noticias\/um-pastor-deve-preparar-se-para-se-despedir-bem.html#breadcrumb"},"inLanguage":"pt-BR","potentialAction":[{"@type":"ReadAction","target":["https:\/\/franciscanos.org.br\/noticias\/um-pastor-deve-preparar-se-para-se-despedir-bem.html"]}]},{"@type":"BreadcrumbList","@id":"https:\/\/franciscanos.org.br\/noticias\/um-pastor-deve-preparar-se-para-se-despedir-bem.html#breadcrumb","itemListElement":[{"@type":"ListItem","position":1,"name":"Home","item":"https:\/\/franciscanos.org.br\/noticias"},{"@type":"ListItem","position":2,"name":"Um pastor deve preparar-se para se despedir bem"}]},{"@type":"Person","@id":"https:\/\/franciscanos.org.br\/noticias\/#\/schema\/person\/b38fbf43118f02820bd932f2e4b14ad3","name":"admin","image":{"@type":"ImageObject","inLanguage":"pt-BR","@id":"https:\/\/franciscanos.org.br\/noticias\/#\/schema\/person\/image\/","url":"https:\/\/secure.gravatar.com\/avatar\/e8495742d34d0ba6448ea1c628263b3e?s=96&d=mm&r=g","contentUrl":"https:\/\/secure.gravatar.com\/avatar\/e8495742d34d0ba6448ea1c628263b3e?s=96&d=mm&r=g","caption":"admin"},"url":"https:\/\/franciscanos.org.br\/noticias\/author\/admin"}]}},"_links":{"self":[{"href":"https:\/\/franciscanos.org.br\/noticias\/wp-json\/wp\/v2\/posts\/134269"}],"collection":[{"href":"https:\/\/franciscanos.org.br\/noticias\/wp-json\/wp\/v2\/posts"}],"about":[{"href":"https:\/\/franciscanos.org.br\/noticias\/wp-json\/wp\/v2\/types\/post"}],"author":[{"embeddable":true,"href":"https:\/\/franciscanos.org.br\/noticias\/wp-json\/wp\/v2\/users\/1"}],"replies":[{"embeddable":true,"href":"https:\/\/franciscanos.org.br\/noticias\/wp-json\/wp\/v2\/comments?post=134269"}],"version-history":[{"count":1,"href":"https:\/\/franciscanos.org.br\/noticias\/wp-json\/wp\/v2\/posts\/134269\/revisions"}],"predecessor-version":[{"id":225329,"href":"https:\/\/franciscanos.org.br\/noticias\/wp-json\/wp\/v2\/posts\/134269\/revisions\/225329"}],"wp:featuredmedia":[{"embeddable":true,"href":"https:\/\/franciscanos.org.br\/noticias\/wp-json\/wp\/v2\/media\/198157"}],"wp:attachment":[{"href":"https:\/\/franciscanos.org.br\/noticias\/wp-json\/wp\/v2\/media?parent=134269"}],"wp:term":[{"taxonomy":"category","embeddable":true,"href":"https:\/\/franciscanos.org.br\/noticias\/wp-json\/wp\/v2\/categories?post=134269"},{"taxonomy":"post_tag","embeddable":true,"href":"https:\/\/franciscanos.org.br\/noticias\/wp-json\/wp\/v2\/tags?post=134269"}],"curies":[{"name":"wp","href":"https:\/\/api.w.org\/{rel}","templated":true}]}}