{"id":134248,"date":"2017-05-30T08:34:48","date_gmt":"2017-05-30T11:34:48","guid":{"rendered":"http:\/\/franciscanos.org.br\/?p=134248"},"modified":"2019-01-29T14:19:30","modified_gmt":"2019-01-29T16:19:30","slug":"60-anos-de-servico-franciscano-a-educacao","status":"publish","type":"post","link":"https:\/\/franciscanos.org.br\/noticias\/60-anos-de-servico-franciscano-a-educacao.html","title":{"rendered":"60 anos de servi\u00e7o franciscano \u00e0 Educa\u00e7\u00e3o"},"content":{"rendered":"<p><img loading=\"lazy\" class=\"alignleft\" src=\"http:\/\/franciscanos.org.br\/wp-content\/uploads\/2017\/05\/fae_300517G.jpg\" alt=\"fae_300517G\" width=\"830\" height=\"360\" \/><\/p>\n<p><strong>Curitiba (PR) &#8211;<\/strong> Seis d\u00e9cadas de atua\u00e7\u00e3o no Ensino Superior, sempre com inspira\u00e7\u00e3o em S\u00e3o Francisco de Assis e em seu sonho, que era colaborar na reconstru\u00e7\u00e3o da sociedade do seu tempo. Esse foi o tema mais celebrado no evento comemorativo dos 60 anos da FAE Centro Universit\u00e1rio, realizado na segunda-feira, dia 29, no Teatro Bom Jesus, em Curitiba (PR).<br \/>\nCom a presen\u00e7a da reitoria, de coordenadores de cursos e de n\u00facleos e de representantes dos professores, alunos e funcion\u00e1rios administrativos, a cerim\u00f4nia contou com discursos dos l\u00edderes da Institui\u00e7\u00e3o e com o lan\u00e7amento da placa comemorativa e do v\u00eddeo institucional alusivos aos 60 anos da FAE.<\/p>\n<p>Durante a solenidade, o presidente do Grupo Educacional Bom Jesus, Frei Jo\u00e3o Mannes, recordou um pedido de S\u00e3o Francisco de Assis quanto ao modo de trabalhar: \u201cAos irm\u00e3os aos quais o Senhor deu a gra\u00e7a de trabalhar, trabalhem fiel e devotamente\u201d. Segundo Frei Jo\u00e3o, trabalhar \u201cfiel e devotamente\u201d significa \u201cservir a todos com amor e alegria, com bondade e cortesia, sem fazer distin\u00e7\u00e3o de pessoas\u201d.<\/p>\n<p><strong>Valores humanos<\/strong><br \/>\nProfessores e funcion\u00e1rios foram os principais homenageados durante a solenidade. De acordo com o diretor-geral do Grupo Educacional Bom Jesus e reitor da FAE Centro Universit\u00e1rio, Jorge Ap\u00f3stolos Siarcos, as equipes administrativas e pedag\u00f3gicas fazem a institui\u00e7\u00e3o grande, n\u00e3o apenas em estrutura, mas em refer\u00eancia na forma\u00e7\u00e3o humana.<br \/>\n\u201cS\u00e3o pessoas que acreditam na miss\u00e3o educacional com base nos valores franciscanos os respons\u00e1veis pela excel\u00eancia de ensino da FAE, reconhecida pelo mercado, pela sociedade e, principalmente, por aqueles que s\u00e3o a raz\u00e3o de existir da Institui\u00e7\u00e3o: nossos alunos\u201d, afirmou.<\/p>\n<p><strong>Ideias de Valor<\/strong><br \/>\nO dia 29 de maio tamb\u00e9m marcou o lan\u00e7amento do Concurso IDEIAS DE VALOR \u2013 60 propostas para a educa\u00e7\u00e3o. A iniciativa faz parte do cronograma de atividades alusivas aos 60 anos da FAE, em 2017, e tem o objetivo principal de reunir propostas inovadoras e de car\u00e1ter empreendedor que poder\u00e3o ser implantadas em institui\u00e7\u00f5es de ensino, empresas, projetos sociais e outras iniciativas relacionadas \u00e0 educa\u00e7\u00e3o. Saiba mais aqui.<\/p>\n<p><strong>Mem\u00f3ria FAE<\/strong><br \/>\nNa parte final da solenidade, foi apresentada ao p\u00fablico a placa comemorativa dos 60 anos da FAE Centro Universit\u00e1rio, que deve permanecer na Institui\u00e7\u00e3o como marco hist\u00f3rico dessa significativa data, com o seguinte texto:<\/p>\n<p><strong>\u201cAl\u00e9m de grandes profissionais, formamos grandes pessoas.\u201d<\/strong><br \/>\nH\u00e1 seis d\u00e9cadas, frades, professores e funcion\u00e1rios da FAE Centro Universit\u00e1rio se dedicam incansavelmente \u00e0 miss\u00e3o de formar profissionais preparados para transformar o mundo em um lugar cada vez mais justo e feliz para todos.<\/p>\n<p>Por isso, al\u00e9m de investir constantemente na excel\u00eancia do ensino, por meio da qualidade do corpo docente e de modernas estrat\u00e9gias e recursos acad\u00eamicos, a FAE acredita que a forma\u00e7\u00e3o humana, inspirada nos valores franciscanos, \u00e9 o principal legado da Institui\u00e7\u00e3o para a sociedade.<\/p>\n<p>Agradecemos a todos os que contribu\u00edram na constru\u00e7\u00e3o dessa respeitada hist\u00f3ria e desejamos que os nossos estimados alunos tenham orgulho de continuar essa trajet\u00f3ria de Paz e Bem por meio do conhecimento.<\/p>\n<p><strong>Lan\u00e7amento do v\u00eddeo\u00a0comemorativo<\/strong><br \/>\nNa ocasi\u00e3o, tamb\u00e9m foi apresentado o v\u00eddeo comemorativo, lan\u00e7ado nas redes sociais na segunda-feira, 29.<br \/>\nDurante os cerca de tr\u00eas minutos de v\u00eddeo, entre fotos hist\u00f3ricas e atuais da estrutura da Institui\u00e7\u00e3o, as pessoas s\u00e3o o centro do enredo. Da fala nost\u00e1lgica e emocionada da ex-aluna e atual diretora executiva de uma multinacional, Silvia Barcik, ao depoimento da atual aluna Larissa Damas, o audiovisual traduz o esp\u00edrito din\u00e2mico e empreendedor que permeia a FAE.<\/p>\n<p><iframe loading=\"lazy\" src=\"https:\/\/www.youtube.com\/embed\/MfnY5meUILE\" width=\"100%\" height=\"340\" frameborder=\"0\" allowfullscreen=\"allowfullscreen\"><\/iframe><br \/>\nFonte:\u00a0<a href=\"http:\/\/fae.edu\/noticias-e-eventos\/noticia\/111034944\/fae+60+anos+de+servico+franciscano+a+educacao.htm\" target=\"_blank\" rel=\"noopener\">FAE<\/a><\/p>\n","protected":false},"excerpt":{"rendered":"<p>FAE<\/p>\n","protected":false},"author":1,"featured_media":198174,"comment_status":"open","ping_status":"open","sticky":false,"template":"","format":"standard","meta":[],"categories":[1],"tags":[548],"acf":[],"yoast_head":"<!-- This site is optimized with the Yoast SEO plugin v19.2 - https:\/\/yoast.com\/wordpress\/plugins\/seo\/ -->\n<title>60 anos de servi\u00e7o franciscano \u00e0 Educa\u00e7\u00e3o - Not\u00edcias - Franciscanos<\/title>\n<meta name=\"robots\" content=\"index, follow, max-snippet:-1, max-image-preview:large, max-video-preview:-1\" \/>\n<link rel=\"canonical\" href=\"https:\/\/franciscanos.org.br\/noticias\/60-anos-de-servico-franciscano-a-educacao.html\" \/>\n<meta property=\"og:locale\" content=\"pt_BR\" \/>\n<meta property=\"og:type\" content=\"article\" \/>\n<meta property=\"og:title\" content=\"60 anos de servi\u00e7o franciscano \u00e0 Educa\u00e7\u00e3o - Not\u00edcias - Franciscanos\" \/>\n<meta property=\"og:description\" content=\"FAE\" \/>\n<meta property=\"og:url\" content=\"https:\/\/franciscanos.org.br\/noticias\/60-anos-de-servico-franciscano-a-educacao.html\" \/>\n<meta property=\"og:site_name\" content=\"Not\u00edcias - Franciscanos\" \/>\n<meta property=\"article:published_time\" content=\"2017-05-30T11:34:48+00:00\" \/>\n<meta property=\"article:modified_time\" content=\"2019-01-29T16:19:30+00:00\" \/>\n<meta property=\"og:image\" content=\"https:\/\/franciscanos.org.br\/noticias\/wp-content\/uploads\/2017\/05\/fae_300517_5.jpg\" \/>\n\t<meta property=\"og:image:width\" content=\"273\" \/>\n\t<meta property=\"og:image:height\" content=\"181\" \/>\n\t<meta property=\"og:image:type\" content=\"image\/jpeg\" \/>\n<meta name=\"author\" content=\"admin\" \/>\n<meta name=\"twitter:card\" content=\"summary_large_image\" \/>\n<meta name=\"twitter:label1\" content=\"Escrito por\" \/>\n\t<meta name=\"twitter:data1\" content=\"admin\" \/>\n\t<meta name=\"twitter:label2\" content=\"Est. tempo de leitura\" \/>\n\t<meta name=\"twitter:data2\" content=\"3 minutos\" \/>\n<script type=\"application\/ld+json\" class=\"yoast-schema-graph\">{\"@context\":\"https:\/\/schema.org\",\"@graph\":[{\"@type\":\"WebSite\",\"@id\":\"https:\/\/franciscanos.org.br\/noticias\/#website\",\"url\":\"https:\/\/franciscanos.org.br\/noticias\/\",\"name\":\"Not\u00edcias - Franciscanos\",\"description\":\"Prov\u00edncia Franciscana da Imaculada Concei\u00e7\u00e3o do Brasil - Ordem dos Frades Menores - OFM\",\"potentialAction\":[{\"@type\":\"SearchAction\",\"target\":{\"@type\":\"EntryPoint\",\"urlTemplate\":\"https:\/\/franciscanos.org.br\/noticias\/?s={search_term_string}\"},\"query-input\":\"required name=search_term_string\"}],\"inLanguage\":\"pt-BR\"},{\"@type\":\"ImageObject\",\"inLanguage\":\"pt-BR\",\"@id\":\"https:\/\/franciscanos.org.br\/noticias\/60-anos-de-servico-franciscano-a-educacao.html#primaryimage\",\"url\":\"https:\/\/franciscanos.org.br\/noticias\/wp-content\/uploads\/2017\/05\/fae_300517_5.jpg\",\"contentUrl\":\"https:\/\/franciscanos.org.br\/noticias\/wp-content\/uploads\/2017\/05\/fae_300517_5.jpg\",\"width\":273,\"height\":181},{\"@type\":\"WebPage\",\"@id\":\"https:\/\/franciscanos.org.br\/noticias\/60-anos-de-servico-franciscano-a-educacao.html#webpage\",\"url\":\"https:\/\/franciscanos.org.br\/noticias\/60-anos-de-servico-franciscano-a-educacao.html\",\"name\":\"60 anos de servi\u00e7o franciscano \u00e0 Educa\u00e7\u00e3o - Not\u00edcias - Franciscanos\",\"isPartOf\":{\"@id\":\"https:\/\/franciscanos.org.br\/noticias\/#website\"},\"primaryImageOfPage\":{\"@id\":\"https:\/\/franciscanos.org.br\/noticias\/60-anos-de-servico-franciscano-a-educacao.html#primaryimage\"},\"datePublished\":\"2017-05-30T11:34:48+00:00\",\"dateModified\":\"2019-01-29T16:19:30+00:00\",\"author\":{\"@id\":\"https:\/\/franciscanos.org.br\/noticias\/#\/schema\/person\/b38fbf43118f02820bd932f2e4b14ad3\"},\"breadcrumb\":{\"@id\":\"https:\/\/franciscanos.org.br\/noticias\/60-anos-de-servico-franciscano-a-educacao.html#breadcrumb\"},\"inLanguage\":\"pt-BR\",\"potentialAction\":[{\"@type\":\"ReadAction\",\"target\":[\"https:\/\/franciscanos.org.br\/noticias\/60-anos-de-servico-franciscano-a-educacao.html\"]}]},{\"@type\":\"BreadcrumbList\",\"@id\":\"https:\/\/franciscanos.org.br\/noticias\/60-anos-de-servico-franciscano-a-educacao.html#breadcrumb\",\"itemListElement\":[{\"@type\":\"ListItem\",\"position\":1,\"name\":\"Home\",\"item\":\"https:\/\/franciscanos.org.br\/noticias\"},{\"@type\":\"ListItem\",\"position\":2,\"name\":\"60 anos de servi\u00e7o franciscano \u00e0 Educa\u00e7\u00e3o\"}]},{\"@type\":\"Person\",\"@id\":\"https:\/\/franciscanos.org.br\/noticias\/#\/schema\/person\/b38fbf43118f02820bd932f2e4b14ad3\",\"name\":\"admin\",\"image\":{\"@type\":\"ImageObject\",\"inLanguage\":\"pt-BR\",\"@id\":\"https:\/\/franciscanos.org.br\/noticias\/#\/schema\/person\/image\/\",\"url\":\"https:\/\/secure.gravatar.com\/avatar\/e8495742d34d0ba6448ea1c628263b3e?s=96&d=mm&r=g\",\"contentUrl\":\"https:\/\/secure.gravatar.com\/avatar\/e8495742d34d0ba6448ea1c628263b3e?s=96&d=mm&r=g\",\"caption\":\"admin\"},\"url\":\"https:\/\/franciscanos.org.br\/noticias\/author\/admin\"}]}<\/script>\n<!-- \/ Yoast SEO plugin. -->","yoast_head_json":{"title":"60 anos de servi\u00e7o franciscano \u00e0 Educa\u00e7\u00e3o - Not\u00edcias - Franciscanos","robots":{"index":"index","follow":"follow","max-snippet":"max-snippet:-1","max-image-preview":"max-image-preview:large","max-video-preview":"max-video-preview:-1"},"canonical":"https:\/\/franciscanos.org.br\/noticias\/60-anos-de-servico-franciscano-a-educacao.html","og_locale":"pt_BR","og_type":"article","og_title":"60 anos de servi\u00e7o franciscano \u00e0 Educa\u00e7\u00e3o - Not\u00edcias - Franciscanos","og_description":"FAE","og_url":"https:\/\/franciscanos.org.br\/noticias\/60-anos-de-servico-franciscano-a-educacao.html","og_site_name":"Not\u00edcias - Franciscanos","article_published_time":"2017-05-30T11:34:48+00:00","article_modified_time":"2019-01-29T16:19:30+00:00","og_image":[{"width":273,"height":181,"url":"https:\/\/franciscanos.org.br\/noticias\/wp-content\/uploads\/2017\/05\/fae_300517_5.jpg","type":"image\/jpeg"}],"author":"admin","twitter_card":"summary_large_image","twitter_misc":{"Escrito por":"admin","Est. tempo de leitura":"3 minutos"},"schema":{"@context":"https:\/\/schema.org","@graph":[{"@type":"WebSite","@id":"https:\/\/franciscanos.org.br\/noticias\/#website","url":"https:\/\/franciscanos.org.br\/noticias\/","name":"Not\u00edcias - Franciscanos","description":"Prov\u00edncia Franciscana da Imaculada Concei\u00e7\u00e3o do Brasil - Ordem dos Frades Menores - OFM","potentialAction":[{"@type":"SearchAction","target":{"@type":"EntryPoint","urlTemplate":"https:\/\/franciscanos.org.br\/noticias\/?s={search_term_string}"},"query-input":"required name=search_term_string"}],"inLanguage":"pt-BR"},{"@type":"ImageObject","inLanguage":"pt-BR","@id":"https:\/\/franciscanos.org.br\/noticias\/60-anos-de-servico-franciscano-a-educacao.html#primaryimage","url":"https:\/\/franciscanos.org.br\/noticias\/wp-content\/uploads\/2017\/05\/fae_300517_5.jpg","contentUrl":"https:\/\/franciscanos.org.br\/noticias\/wp-content\/uploads\/2017\/05\/fae_300517_5.jpg","width":273,"height":181},{"@type":"WebPage","@id":"https:\/\/franciscanos.org.br\/noticias\/60-anos-de-servico-franciscano-a-educacao.html#webpage","url":"https:\/\/franciscanos.org.br\/noticias\/60-anos-de-servico-franciscano-a-educacao.html","name":"60 anos de servi\u00e7o franciscano \u00e0 Educa\u00e7\u00e3o - Not\u00edcias - Franciscanos","isPartOf":{"@id":"https:\/\/franciscanos.org.br\/noticias\/#website"},"primaryImageOfPage":{"@id":"https:\/\/franciscanos.org.br\/noticias\/60-anos-de-servico-franciscano-a-educacao.html#primaryimage"},"datePublished":"2017-05-30T11:34:48+00:00","dateModified":"2019-01-29T16:19:30+00:00","author":{"@id":"https:\/\/franciscanos.org.br\/noticias\/#\/schema\/person\/b38fbf43118f02820bd932f2e4b14ad3"},"breadcrumb":{"@id":"https:\/\/franciscanos.org.br\/noticias\/60-anos-de-servico-franciscano-a-educacao.html#breadcrumb"},"inLanguage":"pt-BR","potentialAction":[{"@type":"ReadAction","target":["https:\/\/franciscanos.org.br\/noticias\/60-anos-de-servico-franciscano-a-educacao.html"]}]},{"@type":"BreadcrumbList","@id":"https:\/\/franciscanos.org.br\/noticias\/60-anos-de-servico-franciscano-a-educacao.html#breadcrumb","itemListElement":[{"@type":"ListItem","position":1,"name":"Home","item":"https:\/\/franciscanos.org.br\/noticias"},{"@type":"ListItem","position":2,"name":"60 anos de servi\u00e7o franciscano \u00e0 Educa\u00e7\u00e3o"}]},{"@type":"Person","@id":"https:\/\/franciscanos.org.br\/noticias\/#\/schema\/person\/b38fbf43118f02820bd932f2e4b14ad3","name":"admin","image":{"@type":"ImageObject","inLanguage":"pt-BR","@id":"https:\/\/franciscanos.org.br\/noticias\/#\/schema\/person\/image\/","url":"https:\/\/secure.gravatar.com\/avatar\/e8495742d34d0ba6448ea1c628263b3e?s=96&d=mm&r=g","contentUrl":"https:\/\/secure.gravatar.com\/avatar\/e8495742d34d0ba6448ea1c628263b3e?s=96&d=mm&r=g","caption":"admin"},"url":"https:\/\/franciscanos.org.br\/noticias\/author\/admin"}]}},"_links":{"self":[{"href":"https:\/\/franciscanos.org.br\/noticias\/wp-json\/wp\/v2\/posts\/134248"}],"collection":[{"href":"https:\/\/franciscanos.org.br\/noticias\/wp-json\/wp\/v2\/posts"}],"about":[{"href":"https:\/\/franciscanos.org.br\/noticias\/wp-json\/wp\/v2\/types\/post"}],"author":[{"embeddable":true,"href":"https:\/\/franciscanos.org.br\/noticias\/wp-json\/wp\/v2\/users\/1"}],"replies":[{"embeddable":true,"href":"https:\/\/franciscanos.org.br\/noticias\/wp-json\/wp\/v2\/comments?post=134248"}],"version-history":[{"count":0,"href":"https:\/\/franciscanos.org.br\/noticias\/wp-json\/wp\/v2\/posts\/134248\/revisions"}],"wp:featuredmedia":[{"embeddable":true,"href":"https:\/\/franciscanos.org.br\/noticias\/wp-json\/wp\/v2\/media\/198174"}],"wp:attachment":[{"href":"https:\/\/franciscanos.org.br\/noticias\/wp-json\/wp\/v2\/media?parent=134248"}],"wp:term":[{"taxonomy":"category","embeddable":true,"href":"https:\/\/franciscanos.org.br\/noticias\/wp-json\/wp\/v2\/categories?post=134248"},{"taxonomy":"post_tag","embeddable":true,"href":"https:\/\/franciscanos.org.br\/noticias\/wp-json\/wp\/v2\/tags?post=134248"}],"curies":[{"name":"wp","href":"https:\/\/api.w.org\/{rel}","templated":true}]}}