{"id":134235,"date":"2017-05-28T08:18:32","date_gmt":"2017-05-28T11:18:32","guid":{"rendered":"http:\/\/franciscanos.org.br\/?p=134235"},"modified":"2019-01-29T15:40:41","modified_gmt":"2019-01-29T17:40:41","slug":"benfeitores-realizam-manha-de-espiritualidade-em-angelina","status":"publish","type":"post","link":"https:\/\/franciscanos.org.br\/noticias\/benfeitores-realizam-manha-de-espiritualidade-em-angelina.html","title":{"rendered":"Benfeitores realizam manh\u00e3 de espiritualidade em Angelina"},"content":{"rendered":"<p><img loading=\"lazy\" class=\"alignleft\" src=\"http:\/\/franciscanos.org.br\/wp-content\/uploads\/2017\/05\/pvf_300517G.jpg\" alt=\"pvf_300517G\" width=\"830\" height=\"400\" \/><strong>Florian\u00f3polis (SC) &#8211;<\/strong> A manh\u00e3 do domingo, 21 de maio, era fria e de garoa fina na cidade de Angelina, em Santa Catarina. Mas nada disso espantou os benfeitores do Pr\u00f3-Voca\u00e7\u00f5es e Miss\u00f5es Franciscanas de diversas cidades catarinenses a participar da manh\u00e3 de Espiritualidade Franciscana.<\/p>\n<p>O calor humano dos benfeitores e a acolhida alegre e contagiante de Frei Alexandre Rohling (Frei Xand\u00e3o) fez com que todos se sentissem confort\u00e1veis no encontro. A manh\u00e3 de Espiritualidade Franciscana aconteceu aos p\u00e9s da montanha que abriga a gruta de Nossa Senhora de Lourdes, em meio \u00e0 natureza repleta de verde, cachoeiras e p\u00e1ssaros.<\/p>\n<p>Frei Xand\u00e3o conduziu a manh\u00e3 de reflex\u00e3o falando sobre o amor, sentimento que deve conduzir os passos de todos os seres humanos, especialmente aqueles que se prop\u00f5em a seguir a S\u00e3o Francisco de Assis. Ele tamb\u00e9m recordou outra caracter\u00edstica de S\u00e3o Francisco, a alegria, atrav\u00e9s da medita\u00e7\u00e3o da passagem da Perfeita Alegria, em que o santo de Assis afirma que, mesmo diante de um dia frio e cansativo de trabalho e miss\u00f5es, se o guardi\u00e3o do convento n\u00e3o permitir a entrada dos frades em sua casa, ainda assim \u00e9 preciso manter a alegria e o amor. O encontro seguiu com a missa na Par\u00f3quia Nossa Senhora da Imaculada Concei\u00e7\u00e3o, a matriz de Angelina, onde frei Xand\u00e3o agradeceu a todos os benfeitores e recordou que os frades sempre rezam por todos eles diariamente e, em especial, todo dia 4 de cada m\u00eas. Frei Xand\u00e3o tamb\u00e9m apresentou trechos marcantes da hist\u00f3ria de vida de S\u00e3o Francisco e meditou com os benfeitores sobre modelos de vida que merecem ser revisados, diminuindo o consumismo desenfreado e se preocupando com quest\u00f5es ambientais, como a redu\u00e7\u00e3o do uso de autom\u00f3veis nas cidades e o menor consumo de \u00e1gua e energia. Como gesto concreto ao final do encontro, foi plantado na floresta aos p\u00e9s da gruta de Nossa Senhora de Lourdes, um ip\u00ea amarelo, para que todos os benfeitores \u2013 e tamb\u00e9m os moradores de Angelina \u2013 se recordem por muitos anos deste encontro na cidade. Confira a seguir alguns depoimentos de benfeitores que participaram do encontro:<\/p>\n<p>\u201cGostei muito das falas de Frei Xand\u00e3o, especialmente da hist\u00f3ria de vida de S\u00e3o Francisco de Assis. Participei do encontro com minha m\u00e3e, Tereza Lopes Coelho, e o que mais gostamos foi da \u00e1rvore plantada em nome dos benfeitores. Como somos de Angelina, nos comprometemos a sempre olhar e cuidar do ip\u00ea plantado ao fim do encontro.\u201d (Sueli Coelho, de Angelina\/SC)<\/p>\n<p>\u201cA alegria contagiante de Frei Xand\u00e3o foi uma calorosa acolhida para todos nessa manh\u00e3 de chuva fina em Angelina. Frei Xand\u00e3o soube motivar a todos para que perseverem como benfeitores e para que encontrem mais pessoas tamb\u00e9m dispostas a colaborar com a forma\u00e7\u00e3o de novos frades e com as miss\u00f5es na \u00c1frica. Sempre \u00e9 uma alegria este encontro, pois se fortalecem os la\u00e7os de amizade, bem como a f\u00e9 e a espiritualidade, que nos movem a continuar na caminhada franciscana. Sa\u00edmos renovados e com muita alegria e esperan\u00e7a para espalhar a todos a Paz e o Bem!\u201d (Lizete Contin, de Florian\u00f3polis)<\/p>\n<p><strong>Leonardo Contin da Costa, especial para este site.<\/strong><\/p>\n","protected":false},"excerpt":{"rendered":"<p>Pr\u00f3-Voca\u00e7\u00f5es<\/p>\n","protected":false},"author":1,"featured_media":198261,"comment_status":"open","ping_status":"open","sticky":false,"template":"","format":"standard","meta":[],"categories":[1],"tags":[254],"acf":[],"yoast_head":"<!-- This site is optimized with the Yoast SEO plugin v19.2 - https:\/\/yoast.com\/wordpress\/plugins\/seo\/ -->\n<title>Benfeitores realizam manh\u00e3 de espiritualidade em Angelina - Not\u00edcias - Franciscanos<\/title>\n<meta name=\"robots\" content=\"index, follow, max-snippet:-1, max-image-preview:large, max-video-preview:-1\" \/>\n<link rel=\"canonical\" href=\"https:\/\/franciscanos.org.br\/noticias\/benfeitores-realizam-manha-de-espiritualidade-em-angelina.html\" \/>\n<meta property=\"og:locale\" content=\"pt_BR\" \/>\n<meta property=\"og:type\" content=\"article\" \/>\n<meta property=\"og:title\" content=\"Benfeitores realizam manh\u00e3 de espiritualidade em Angelina - Not\u00edcias - Franciscanos\" \/>\n<meta property=\"og:description\" content=\"Pr\u00f3-Voca\u00e7\u00f5es\" \/>\n<meta property=\"og:url\" content=\"https:\/\/franciscanos.org.br\/noticias\/benfeitores-realizam-manha-de-espiritualidade-em-angelina.html\" \/>\n<meta property=\"og:site_name\" content=\"Not\u00edcias - Franciscanos\" \/>\n<meta property=\"article:published_time\" content=\"2017-05-28T11:18:32+00:00\" \/>\n<meta property=\"article:modified_time\" content=\"2019-01-29T17:40:41+00:00\" \/>\n<meta property=\"og:image\" content=\"https:\/\/franciscanos.org.br\/noticias\/wp-content\/uploads\/2017\/05\/IMG_20170521_132026_336.jpg\" \/>\n\t<meta property=\"og:image:width\" content=\"273\" \/>\n\t<meta property=\"og:image:height\" content=\"181\" \/>\n\t<meta property=\"og:image:type\" content=\"image\/jpeg\" \/>\n<meta name=\"author\" content=\"admin\" \/>\n<meta name=\"twitter:card\" content=\"summary_large_image\" \/>\n<meta name=\"twitter:label1\" content=\"Escrito por\" \/>\n\t<meta name=\"twitter:data1\" content=\"admin\" \/>\n\t<meta name=\"twitter:label2\" content=\"Est. tempo de leitura\" \/>\n\t<meta name=\"twitter:data2\" content=\"3 minutos\" \/>\n<script type=\"application\/ld+json\" class=\"yoast-schema-graph\">{\"@context\":\"https:\/\/schema.org\",\"@graph\":[{\"@type\":\"WebSite\",\"@id\":\"https:\/\/franciscanos.org.br\/noticias\/#website\",\"url\":\"https:\/\/franciscanos.org.br\/noticias\/\",\"name\":\"Not\u00edcias - Franciscanos\",\"description\":\"Prov\u00edncia Franciscana da Imaculada Concei\u00e7\u00e3o do Brasil - Ordem dos Frades Menores - OFM\",\"potentialAction\":[{\"@type\":\"SearchAction\",\"target\":{\"@type\":\"EntryPoint\",\"urlTemplate\":\"https:\/\/franciscanos.org.br\/noticias\/?s={search_term_string}\"},\"query-input\":\"required name=search_term_string\"}],\"inLanguage\":\"pt-BR\"},{\"@type\":\"ImageObject\",\"inLanguage\":\"pt-BR\",\"@id\":\"https:\/\/franciscanos.org.br\/noticias\/benfeitores-realizam-manha-de-espiritualidade-em-angelina.html#primaryimage\",\"url\":\"https:\/\/franciscanos.org.br\/noticias\/wp-content\/uploads\/2017\/05\/IMG_20170521_132026_336.jpg\",\"contentUrl\":\"https:\/\/franciscanos.org.br\/noticias\/wp-content\/uploads\/2017\/05\/IMG_20170521_132026_336.jpg\",\"width\":273,\"height\":181},{\"@type\":\"WebPage\",\"@id\":\"https:\/\/franciscanos.org.br\/noticias\/benfeitores-realizam-manha-de-espiritualidade-em-angelina.html#webpage\",\"url\":\"https:\/\/franciscanos.org.br\/noticias\/benfeitores-realizam-manha-de-espiritualidade-em-angelina.html\",\"name\":\"Benfeitores realizam manh\u00e3 de espiritualidade em Angelina - Not\u00edcias - Franciscanos\",\"isPartOf\":{\"@id\":\"https:\/\/franciscanos.org.br\/noticias\/#website\"},\"primaryImageOfPage\":{\"@id\":\"https:\/\/franciscanos.org.br\/noticias\/benfeitores-realizam-manha-de-espiritualidade-em-angelina.html#primaryimage\"},\"datePublished\":\"2017-05-28T11:18:32+00:00\",\"dateModified\":\"2019-01-29T17:40:41+00:00\",\"author\":{\"@id\":\"https:\/\/franciscanos.org.br\/noticias\/#\/schema\/person\/b38fbf43118f02820bd932f2e4b14ad3\"},\"breadcrumb\":{\"@id\":\"https:\/\/franciscanos.org.br\/noticias\/benfeitores-realizam-manha-de-espiritualidade-em-angelina.html#breadcrumb\"},\"inLanguage\":\"pt-BR\",\"potentialAction\":[{\"@type\":\"ReadAction\",\"target\":[\"https:\/\/franciscanos.org.br\/noticias\/benfeitores-realizam-manha-de-espiritualidade-em-angelina.html\"]}]},{\"@type\":\"BreadcrumbList\",\"@id\":\"https:\/\/franciscanos.org.br\/noticias\/benfeitores-realizam-manha-de-espiritualidade-em-angelina.html#breadcrumb\",\"itemListElement\":[{\"@type\":\"ListItem\",\"position\":1,\"name\":\"Home\",\"item\":\"https:\/\/franciscanos.org.br\/noticias\"},{\"@type\":\"ListItem\",\"position\":2,\"name\":\"Benfeitores realizam manh\u00e3 de espiritualidade em Angelina\"}]},{\"@type\":\"Person\",\"@id\":\"https:\/\/franciscanos.org.br\/noticias\/#\/schema\/person\/b38fbf43118f02820bd932f2e4b14ad3\",\"name\":\"admin\",\"image\":{\"@type\":\"ImageObject\",\"inLanguage\":\"pt-BR\",\"@id\":\"https:\/\/franciscanos.org.br\/noticias\/#\/schema\/person\/image\/\",\"url\":\"https:\/\/secure.gravatar.com\/avatar\/e8495742d34d0ba6448ea1c628263b3e?s=96&d=mm&r=g\",\"contentUrl\":\"https:\/\/secure.gravatar.com\/avatar\/e8495742d34d0ba6448ea1c628263b3e?s=96&d=mm&r=g\",\"caption\":\"admin\"},\"url\":\"https:\/\/franciscanos.org.br\/noticias\/author\/admin\"}]}<\/script>\n<!-- \/ Yoast SEO plugin. -->","yoast_head_json":{"title":"Benfeitores realizam manh\u00e3 de espiritualidade em Angelina - Not\u00edcias - Franciscanos","robots":{"index":"index","follow":"follow","max-snippet":"max-snippet:-1","max-image-preview":"max-image-preview:large","max-video-preview":"max-video-preview:-1"},"canonical":"https:\/\/franciscanos.org.br\/noticias\/benfeitores-realizam-manha-de-espiritualidade-em-angelina.html","og_locale":"pt_BR","og_type":"article","og_title":"Benfeitores realizam manh\u00e3 de espiritualidade em Angelina - Not\u00edcias - Franciscanos","og_description":"Pr\u00f3-Voca\u00e7\u00f5es","og_url":"https:\/\/franciscanos.org.br\/noticias\/benfeitores-realizam-manha-de-espiritualidade-em-angelina.html","og_site_name":"Not\u00edcias - Franciscanos","article_published_time":"2017-05-28T11:18:32+00:00","article_modified_time":"2019-01-29T17:40:41+00:00","og_image":[{"width":273,"height":181,"url":"https:\/\/franciscanos.org.br\/noticias\/wp-content\/uploads\/2017\/05\/IMG_20170521_132026_336.jpg","type":"image\/jpeg"}],"author":"admin","twitter_card":"summary_large_image","twitter_misc":{"Escrito por":"admin","Est. tempo de leitura":"3 minutos"},"schema":{"@context":"https:\/\/schema.org","@graph":[{"@type":"WebSite","@id":"https:\/\/franciscanos.org.br\/noticias\/#website","url":"https:\/\/franciscanos.org.br\/noticias\/","name":"Not\u00edcias - Franciscanos","description":"Prov\u00edncia Franciscana da Imaculada Concei\u00e7\u00e3o do Brasil - Ordem dos Frades Menores - OFM","potentialAction":[{"@type":"SearchAction","target":{"@type":"EntryPoint","urlTemplate":"https:\/\/franciscanos.org.br\/noticias\/?s={search_term_string}"},"query-input":"required name=search_term_string"}],"inLanguage":"pt-BR"},{"@type":"ImageObject","inLanguage":"pt-BR","@id":"https:\/\/franciscanos.org.br\/noticias\/benfeitores-realizam-manha-de-espiritualidade-em-angelina.html#primaryimage","url":"https:\/\/franciscanos.org.br\/noticias\/wp-content\/uploads\/2017\/05\/IMG_20170521_132026_336.jpg","contentUrl":"https:\/\/franciscanos.org.br\/noticias\/wp-content\/uploads\/2017\/05\/IMG_20170521_132026_336.jpg","width":273,"height":181},{"@type":"WebPage","@id":"https:\/\/franciscanos.org.br\/noticias\/benfeitores-realizam-manha-de-espiritualidade-em-angelina.html#webpage","url":"https:\/\/franciscanos.org.br\/noticias\/benfeitores-realizam-manha-de-espiritualidade-em-angelina.html","name":"Benfeitores realizam manh\u00e3 de espiritualidade em Angelina - Not\u00edcias - Franciscanos","isPartOf":{"@id":"https:\/\/franciscanos.org.br\/noticias\/#website"},"primaryImageOfPage":{"@id":"https:\/\/franciscanos.org.br\/noticias\/benfeitores-realizam-manha-de-espiritualidade-em-angelina.html#primaryimage"},"datePublished":"2017-05-28T11:18:32+00:00","dateModified":"2019-01-29T17:40:41+00:00","author":{"@id":"https:\/\/franciscanos.org.br\/noticias\/#\/schema\/person\/b38fbf43118f02820bd932f2e4b14ad3"},"breadcrumb":{"@id":"https:\/\/franciscanos.org.br\/noticias\/benfeitores-realizam-manha-de-espiritualidade-em-angelina.html#breadcrumb"},"inLanguage":"pt-BR","potentialAction":[{"@type":"ReadAction","target":["https:\/\/franciscanos.org.br\/noticias\/benfeitores-realizam-manha-de-espiritualidade-em-angelina.html"]}]},{"@type":"BreadcrumbList","@id":"https:\/\/franciscanos.org.br\/noticias\/benfeitores-realizam-manha-de-espiritualidade-em-angelina.html#breadcrumb","itemListElement":[{"@type":"ListItem","position":1,"name":"Home","item":"https:\/\/franciscanos.org.br\/noticias"},{"@type":"ListItem","position":2,"name":"Benfeitores realizam manh\u00e3 de espiritualidade em Angelina"}]},{"@type":"Person","@id":"https:\/\/franciscanos.org.br\/noticias\/#\/schema\/person\/b38fbf43118f02820bd932f2e4b14ad3","name":"admin","image":{"@type":"ImageObject","inLanguage":"pt-BR","@id":"https:\/\/franciscanos.org.br\/noticias\/#\/schema\/person\/image\/","url":"https:\/\/secure.gravatar.com\/avatar\/e8495742d34d0ba6448ea1c628263b3e?s=96&d=mm&r=g","contentUrl":"https:\/\/secure.gravatar.com\/avatar\/e8495742d34d0ba6448ea1c628263b3e?s=96&d=mm&r=g","caption":"admin"},"url":"https:\/\/franciscanos.org.br\/noticias\/author\/admin"}]}},"_links":{"self":[{"href":"https:\/\/franciscanos.org.br\/noticias\/wp-json\/wp\/v2\/posts\/134235"}],"collection":[{"href":"https:\/\/franciscanos.org.br\/noticias\/wp-json\/wp\/v2\/posts"}],"about":[{"href":"https:\/\/franciscanos.org.br\/noticias\/wp-json\/wp\/v2\/types\/post"}],"author":[{"embeddable":true,"href":"https:\/\/franciscanos.org.br\/noticias\/wp-json\/wp\/v2\/users\/1"}],"replies":[{"embeddable":true,"href":"https:\/\/franciscanos.org.br\/noticias\/wp-json\/wp\/v2\/comments?post=134235"}],"version-history":[{"count":0,"href":"https:\/\/franciscanos.org.br\/noticias\/wp-json\/wp\/v2\/posts\/134235\/revisions"}],"wp:featuredmedia":[{"embeddable":true,"href":"https:\/\/franciscanos.org.br\/noticias\/wp-json\/wp\/v2\/media\/198261"}],"wp:attachment":[{"href":"https:\/\/franciscanos.org.br\/noticias\/wp-json\/wp\/v2\/media?parent=134235"}],"wp:term":[{"taxonomy":"category","embeddable":true,"href":"https:\/\/franciscanos.org.br\/noticias\/wp-json\/wp\/v2\/categories?post=134235"},{"taxonomy":"post_tag","embeddable":true,"href":"https:\/\/franciscanos.org.br\/noticias\/wp-json\/wp\/v2\/tags?post=134235"}],"curies":[{"name":"wp","href":"https:\/\/api.w.org\/{rel}","templated":true}]}}