{"id":134210,"date":"2017-05-29T14:01:51","date_gmt":"2017-05-29T17:01:51","guid":{"rendered":"http:\/\/franciscanos.org.br\/?p=134210"},"modified":"2019-01-29T14:22:31","modified_gmt":"2019-01-29T16:22:31","slug":"semana-de-oracao-pela-unidade-dos-cristaos-2","status":"publish","type":"post","link":"https:\/\/franciscanos.org.br\/noticias\/semana-de-oracao-pela-unidade-dos-cristaos-2.html","title":{"rendered":"Semana de Ora\u00e7\u00e3o pela Unidade dos Crist\u00e3os"},"content":{"rendered":"<p><strong><img loading=\"lazy\" class=\"alignleft size-medium wp-image-198179\" src=\"https:\/\/franciscanos.org.br\/noticias\/wp-content\/uploads\/2017\/05\/semana_290517G-321x450.jpg\" alt=\"\" width=\"321\" height=\"450\" srcset=\"https:\/\/franciscanos.org.br\/noticias\/wp-content\/uploads\/2017\/05\/semana_290517G-321x450.jpg 321w, https:\/\/franciscanos.org.br\/noticias\/wp-content\/uploads\/2017\/05\/semana_290517G-150x210.jpg 150w, https:\/\/franciscanos.org.br\/noticias\/wp-content\/uploads\/2017\/05\/semana_290517G.jpg 450w\" sizes=\"(max-width: 321px) 100vw, 321px\" \/>S\u00e3o Paulo (SP) &#8211;<\/strong> Entre as Solenidades da Ascens\u00e3o do Senhor, celebrada no domingo (28\/05) e Pentecostes, celebrada no pr\u00f3ximo dia 4, a Igreja do Brasil e da Am\u00e9rica Latina celebra a <strong><a href=\"http:\/\/www.vatican.va\/roman_curia\/pontifical_councils\/chrstuni\/weeks-prayer-doc\/rc_pc_chrstuni_doc_20160531_week-prayer-2017_po.html\" target=\"_blank\" rel=\"noopener\">Semana de Ora\u00e7\u00e3o pela Unidade dos Crist\u00e3os<\/a><\/strong>. Anualmente, os crist\u00e3os s\u00e3o convidados para uma reflex\u00e3o a respeito de um tema comum. Neste ano, o tema \u00e9 &#8220;Reconcilia\u00e7\u00e3o &#8211; \u00e9 o amor de Cristo que nos move&#8221;, e reflete sobre os 500 anos da Reforma Luterana.<\/p>\n<p>As Igrejas-membro do CONIC (Conselho Nacional de Igrejas Crist\u00e3s) divulgaram uma carta, onde afirmam: &#8220;A ideia de disputa por um mercado religioso tende a colocar Igrejas em oposi\u00e7\u00e3o. N\u00e3o raras vezes nos vemos como amea\u00e7as uns aos outros. N\u00e3o podemos cair na tenta\u00e7\u00e3o de nos sentirmos uns melhores do que os outros. Todas as pessoas, independentemente da confessionalidade, professamos a f\u00e9 em Jesus Cristo, cujo testemunho foi o de reconhecer o pr\u00f3ximo naquela pessoa que est\u00e1 distante de mim e com quem, muitas vezes, tenho dificuldades de me relacionar em fun\u00e7\u00e3o dos preconceitos e das desigualdades socais&#8221;.<\/p>\n<p><strong>SALA FRANCISCANA<\/strong><\/p>\n<p>No quadro Patrulha Paz e Bem desta semana, Frei Gustavo Medella conversa com a pastora Romi M\u00e1rcia Bencke,\u00a0Secret\u00e1ria Geral do CONIC. A Sala Franciscana vai ao ar \u00e0s 18h, em diversas emissoras do pa\u00eds <strong>(<a href=\"http:\/\/franciscanos.org.br\/?salafranciscana=links\" target=\"_blank\" rel=\"noopener\">veja no link a rela\u00e7\u00e3o<\/a>)<\/strong> e os epis\u00f3dios s\u00e3o disponibilizados no<strong> <a href=\"https:\/\/soundcloud.com\/provincia-franciscana\" target=\"_blank\" rel=\"noopener\">Soundcloud<\/a><\/strong>.<\/p>\n<p>Em S\u00e3o Paulo, no pr\u00f3ximo s\u00e1bado (3), as Igrejas celebrar\u00e3o uma Vig\u00edlia da Unidade, com cantos da Comunidade Taiz\u00e9. A Vig\u00edlia acontecer\u00e1 na Igreja Metodista da Vila Mariana, \u00e0s 19h30. Veja mais informa\u00e7\u00f5es no <a href=\"https:\/\/www.facebook.com\/Anchietanum\/photos\/a.495779399393.270703.326718419393\/10155384858029394\/?type=3&amp;theater\" target=\"_blank\" rel=\"noopener\"><strong>Facebook do Anchietanum<\/strong><\/a>.<\/p>\n<p><strong>Acompanhe abaixo a carta das Igrejas-membro do CONIC:<\/strong><\/p>\n<p>Queridos irm\u00e3os e irm\u00e3s,<\/p>\n<p>\u201cReconcilia\u00e7\u00e3o &#8211; \u00e9 o amor de Cristo que nos move\u201d \u00e9 o tema da Semana de Ora\u00e7\u00e3o pela Unidade Crist\u00e3 (SOUC) de 2017. Inspirada em 2 Co 5.15-20 a SOUC deste ano traz como mensagem central a afirma\u00e7\u00e3o de que \u00e9 a gra\u00e7a de Deus que nos reconcilia. A rela\u00e7\u00e3o entre gra\u00e7a e reconcilia\u00e7\u00e3o \u00e9 motivada pela celebra\u00e7\u00e3o dos 500 anos da Reforma, ocorrida em 1517, na Alemanha.<\/p>\n<p>A Reforma n\u00e3o foi um evento hist\u00f3rico isolado. Ela ocorreu em um contexto de muita efervesc\u00eancia social, pol\u00edtica e religiosa. Antes de Martim Lutero, outras pessoas falaram sobre a import\u00e2ncia de uma reflex\u00e3o cr\u00edtica sobre os diferentes pap\u00e9is desempenhados pela Igreja na sociedade europeia da Idade M\u00e9dia. Recuperar o testemunho crist\u00e3o como uma express\u00e3o da gra\u00e7a de Deus era uma das reivindica\u00e7\u00f5es de diferentes movimentos.<\/p>\n<p>O movimento da Reforma n\u00e3o foi isento de conflitos e extremismos religiosos, causados pelos lados envolvidos. \u00c9 justamente por causa desses conflitos que a palavra reconcilia\u00e7\u00e3o torna-se central ao refletirmos sobre estes 500 anos.<\/p>\n<p>O tempo em que vivemos, infelizmente, se caracteriza por muitos conflitos. Alguns deles s\u00e3o legitimados em nome de religi\u00f5es. Tamb\u00e9m hoje extremismos s\u00e3o provocados. Ressurgem formas antigas de intoler\u00e2ncia religiosa. A ideia de disputa por um mercado religioso tende a colocar Igrejas em oposi\u00e7\u00e3o. N\u00e3o raras vezes nos vemos como amea\u00e7as uns aos outros. N\u00e3o podemos cair na tenta\u00e7\u00e3o de nos sentirmos uns melhores do que os outros. Todas as pessoas, independentemente da confessionalidade, professamos a f\u00e9 em Jesus Cristo, cujo testemunho foi o de reconhecer o pr\u00f3ximo naquela pessoa que est\u00e1 distante de mim e com quem, muitas vezes, tenho dificuldades de me relacionar em fun\u00e7\u00e3o dos preconceitos e das desigualdades socais.<\/p>\n<p>O amor de Cristo desperta a reconcilia\u00e7\u00e3o. Ele n\u00e3o divide e nem constr\u00f3i muros. As diferentes formas de expressar a f\u00e9 em Jesus Cristo s\u00e3o riquezas gra\u00e7a. Por isso, em um mundo que tem se caracterizado por diferentes formas de intoler\u00e2ncias, reafirmarmos que o amor de Cristo nos reconcilia \u00e9 uma forma de mostrar que as divis\u00f5es, as brigas, as viol\u00eancias, as desigualdades econ\u00f4micas, os racismos e preconceitos nos distanciam de Deus e criam muros entre n\u00f3s. O que nos aproxima \u00e9 a possibilidade de nos reconhecermos como irm\u00e3os e irm\u00e3s, em Jesus Cristo \u00e9 que somos um!<\/p>\n<p>Temos, em nosso pa\u00eds muitos exemplos do testemunho comum entre Igrejas. Os v\u00e1rios espa\u00e7os de di\u00e1logo bilateral, o reconhecimento m\u00fatuo do Batismo, a possibilidade de celebrarmos a Declara\u00e7\u00e3o conjunta pela Justifica\u00e7\u00e3o por Gra\u00e7a e F\u00e9, a realiza\u00e7\u00e3o do Dia Mundial de Ora\u00e7\u00e3o, a Semana de Ora\u00e7\u00e3o pela Unidade Crist\u00e3. Estas experi\u00eancias n\u00e3o se devem somente ao nosso esfor\u00e7o, mas brotam da f\u00e9 em Deus que possibilita os encontros e a comunh\u00e3o.<\/p>\n<p>A Semana de Ora\u00e7\u00e3o pela Unidade Crist\u00e3, nos ajude a caminharmos ao encontro de nossos irm\u00e3os e irm\u00e3s. Vamos retirar tijolos dos muros que nos dividem. Atrav\u00e9s das frestas, veremos a beleza do amor de Deus que se expressa na diversidade que pode ser reconciliada. O Deus da reconcilia\u00e7\u00e3o nos conduza cada vez mais para a unidade!<\/p>\n<p><strong>Dom Leonardo Ulrich Steiner<\/strong><br \/>\nSecret\u00e1rio Geral da Confer\u00eancia Nacional dos Bispos do Brasil<\/p>\n<p><strong>Pastor Dr. Nestor Paulo Friedrich<\/strong><br \/>\nPastor Presidente da Igreja Evang\u00e9lica de Confiss\u00e3o Lute\u00acrana no Brasil<\/p>\n<p><strong>Dom Francisco de Assis da Silva<\/strong><br \/>\nBispo Primaz da Igreja Anglicana<\/p>\n<p><strong>Presb\u00edtero Wertson Brasil de Souza<\/strong><br \/>\nModerador da Igreja Presbiteriana Unida do Brasil<\/p>\n<p><strong>Dom Paulo Titus<\/strong><br \/>\nArcebispo da Igreja Sirian Ortodoxa de Antioquia<\/p>\n","protected":false},"excerpt":{"rendered":"<p>Ecumenismo<\/p>\n","protected":false},"author":1,"featured_media":198184,"comment_status":"open","ping_status":"open","sticky":false,"template":"","format":"standard","meta":[],"categories":[1],"tags":[863,1208],"acf":[],"yoast_head":"<!-- This site is optimized with the Yoast SEO plugin v19.2 - https:\/\/yoast.com\/wordpress\/plugins\/seo\/ -->\n<title>Semana de Ora\u00e7\u00e3o pela Unidade dos Crist\u00e3os - Not\u00edcias - Franciscanos<\/title>\n<meta name=\"robots\" content=\"index, follow, max-snippet:-1, max-image-preview:large, max-video-preview:-1\" \/>\n<link rel=\"canonical\" href=\"https:\/\/franciscanos.org.br\/noticias\/semana-de-oracao-pela-unidade-dos-cristaos-2.html\" \/>\n<meta property=\"og:locale\" content=\"pt_BR\" \/>\n<meta property=\"og:type\" content=\"article\" \/>\n<meta property=\"og:title\" content=\"Semana de Ora\u00e7\u00e3o pela Unidade dos Crist\u00e3os - Not\u00edcias - Franciscanos\" \/>\n<meta property=\"og:description\" content=\"Ecumenismo\" \/>\n<meta property=\"og:url\" content=\"https:\/\/franciscanos.org.br\/noticias\/semana-de-oracao-pela-unidade-dos-cristaos-2.html\" \/>\n<meta property=\"og:site_name\" content=\"Not\u00edcias - Franciscanos\" \/>\n<meta property=\"article:published_time\" content=\"2017-05-29T17:01:51+00:00\" \/>\n<meta property=\"article:modified_time\" content=\"2019-01-29T16:22:31+00:00\" \/>\n<meta property=\"og:image\" content=\"https:\/\/franciscanos.org.br\/noticias\/wp-content\/uploads\/2017\/05\/semana_290517P.jpg\" \/>\n\t<meta property=\"og:image:width\" content=\"273\" \/>\n\t<meta property=\"og:image:height\" content=\"181\" \/>\n\t<meta property=\"og:image:type\" content=\"image\/jpeg\" \/>\n<meta name=\"author\" content=\"admin\" \/>\n<meta name=\"twitter:card\" content=\"summary_large_image\" \/>\n<meta name=\"twitter:label1\" content=\"Escrito por\" \/>\n\t<meta name=\"twitter:data1\" content=\"admin\" \/>\n\t<meta name=\"twitter:label2\" content=\"Est. tempo de leitura\" \/>\n\t<meta name=\"twitter:data2\" content=\"5 minutos\" \/>\n<script type=\"application\/ld+json\" class=\"yoast-schema-graph\">{\"@context\":\"https:\/\/schema.org\",\"@graph\":[{\"@type\":\"WebSite\",\"@id\":\"https:\/\/franciscanos.org.br\/noticias\/#website\",\"url\":\"https:\/\/franciscanos.org.br\/noticias\/\",\"name\":\"Not\u00edcias - Franciscanos\",\"description\":\"Prov\u00edncia Franciscana da Imaculada Concei\u00e7\u00e3o do Brasil - Ordem dos Frades Menores - OFM\",\"potentialAction\":[{\"@type\":\"SearchAction\",\"target\":{\"@type\":\"EntryPoint\",\"urlTemplate\":\"https:\/\/franciscanos.org.br\/noticias\/?s={search_term_string}\"},\"query-input\":\"required name=search_term_string\"}],\"inLanguage\":\"pt-BR\"},{\"@type\":\"ImageObject\",\"inLanguage\":\"pt-BR\",\"@id\":\"https:\/\/franciscanos.org.br\/noticias\/semana-de-oracao-pela-unidade-dos-cristaos-2.html#primaryimage\",\"url\":\"https:\/\/franciscanos.org.br\/noticias\/wp-content\/uploads\/2017\/05\/semana_290517P.jpg\",\"contentUrl\":\"https:\/\/franciscanos.org.br\/noticias\/wp-content\/uploads\/2017\/05\/semana_290517P.jpg\",\"width\":273,\"height\":181},{\"@type\":\"WebPage\",\"@id\":\"https:\/\/franciscanos.org.br\/noticias\/semana-de-oracao-pela-unidade-dos-cristaos-2.html#webpage\",\"url\":\"https:\/\/franciscanos.org.br\/noticias\/semana-de-oracao-pela-unidade-dos-cristaos-2.html\",\"name\":\"Semana de Ora\u00e7\u00e3o pela Unidade dos Crist\u00e3os - Not\u00edcias - Franciscanos\",\"isPartOf\":{\"@id\":\"https:\/\/franciscanos.org.br\/noticias\/#website\"},\"primaryImageOfPage\":{\"@id\":\"https:\/\/franciscanos.org.br\/noticias\/semana-de-oracao-pela-unidade-dos-cristaos-2.html#primaryimage\"},\"datePublished\":\"2017-05-29T17:01:51+00:00\",\"dateModified\":\"2019-01-29T16:22:31+00:00\",\"author\":{\"@id\":\"https:\/\/franciscanos.org.br\/noticias\/#\/schema\/person\/b38fbf43118f02820bd932f2e4b14ad3\"},\"breadcrumb\":{\"@id\":\"https:\/\/franciscanos.org.br\/noticias\/semana-de-oracao-pela-unidade-dos-cristaos-2.html#breadcrumb\"},\"inLanguage\":\"pt-BR\",\"potentialAction\":[{\"@type\":\"ReadAction\",\"target\":[\"https:\/\/franciscanos.org.br\/noticias\/semana-de-oracao-pela-unidade-dos-cristaos-2.html\"]}]},{\"@type\":\"BreadcrumbList\",\"@id\":\"https:\/\/franciscanos.org.br\/noticias\/semana-de-oracao-pela-unidade-dos-cristaos-2.html#breadcrumb\",\"itemListElement\":[{\"@type\":\"ListItem\",\"position\":1,\"name\":\"Home\",\"item\":\"https:\/\/franciscanos.org.br\/noticias\"},{\"@type\":\"ListItem\",\"position\":2,\"name\":\"Semana de Ora\u00e7\u00e3o pela Unidade dos Crist\u00e3os\"}]},{\"@type\":\"Person\",\"@id\":\"https:\/\/franciscanos.org.br\/noticias\/#\/schema\/person\/b38fbf43118f02820bd932f2e4b14ad3\",\"name\":\"admin\",\"image\":{\"@type\":\"ImageObject\",\"inLanguage\":\"pt-BR\",\"@id\":\"https:\/\/franciscanos.org.br\/noticias\/#\/schema\/person\/image\/\",\"url\":\"https:\/\/secure.gravatar.com\/avatar\/e8495742d34d0ba6448ea1c628263b3e?s=96&d=mm&r=g\",\"contentUrl\":\"https:\/\/secure.gravatar.com\/avatar\/e8495742d34d0ba6448ea1c628263b3e?s=96&d=mm&r=g\",\"caption\":\"admin\"},\"url\":\"https:\/\/franciscanos.org.br\/noticias\/author\/admin\"}]}<\/script>\n<!-- \/ Yoast SEO plugin. -->","yoast_head_json":{"title":"Semana de Ora\u00e7\u00e3o pela Unidade dos Crist\u00e3os - Not\u00edcias - Franciscanos","robots":{"index":"index","follow":"follow","max-snippet":"max-snippet:-1","max-image-preview":"max-image-preview:large","max-video-preview":"max-video-preview:-1"},"canonical":"https:\/\/franciscanos.org.br\/noticias\/semana-de-oracao-pela-unidade-dos-cristaos-2.html","og_locale":"pt_BR","og_type":"article","og_title":"Semana de Ora\u00e7\u00e3o pela Unidade dos Crist\u00e3os - Not\u00edcias - Franciscanos","og_description":"Ecumenismo","og_url":"https:\/\/franciscanos.org.br\/noticias\/semana-de-oracao-pela-unidade-dos-cristaos-2.html","og_site_name":"Not\u00edcias - Franciscanos","article_published_time":"2017-05-29T17:01:51+00:00","article_modified_time":"2019-01-29T16:22:31+00:00","og_image":[{"width":273,"height":181,"url":"https:\/\/franciscanos.org.br\/noticias\/wp-content\/uploads\/2017\/05\/semana_290517P.jpg","type":"image\/jpeg"}],"author":"admin","twitter_card":"summary_large_image","twitter_misc":{"Escrito por":"admin","Est. tempo de leitura":"5 minutos"},"schema":{"@context":"https:\/\/schema.org","@graph":[{"@type":"WebSite","@id":"https:\/\/franciscanos.org.br\/noticias\/#website","url":"https:\/\/franciscanos.org.br\/noticias\/","name":"Not\u00edcias - Franciscanos","description":"Prov\u00edncia Franciscana da Imaculada Concei\u00e7\u00e3o do Brasil - Ordem dos Frades Menores - OFM","potentialAction":[{"@type":"SearchAction","target":{"@type":"EntryPoint","urlTemplate":"https:\/\/franciscanos.org.br\/noticias\/?s={search_term_string}"},"query-input":"required name=search_term_string"}],"inLanguage":"pt-BR"},{"@type":"ImageObject","inLanguage":"pt-BR","@id":"https:\/\/franciscanos.org.br\/noticias\/semana-de-oracao-pela-unidade-dos-cristaos-2.html#primaryimage","url":"https:\/\/franciscanos.org.br\/noticias\/wp-content\/uploads\/2017\/05\/semana_290517P.jpg","contentUrl":"https:\/\/franciscanos.org.br\/noticias\/wp-content\/uploads\/2017\/05\/semana_290517P.jpg","width":273,"height":181},{"@type":"WebPage","@id":"https:\/\/franciscanos.org.br\/noticias\/semana-de-oracao-pela-unidade-dos-cristaos-2.html#webpage","url":"https:\/\/franciscanos.org.br\/noticias\/semana-de-oracao-pela-unidade-dos-cristaos-2.html","name":"Semana de Ora\u00e7\u00e3o pela Unidade dos Crist\u00e3os - Not\u00edcias - Franciscanos","isPartOf":{"@id":"https:\/\/franciscanos.org.br\/noticias\/#website"},"primaryImageOfPage":{"@id":"https:\/\/franciscanos.org.br\/noticias\/semana-de-oracao-pela-unidade-dos-cristaos-2.html#primaryimage"},"datePublished":"2017-05-29T17:01:51+00:00","dateModified":"2019-01-29T16:22:31+00:00","author":{"@id":"https:\/\/franciscanos.org.br\/noticias\/#\/schema\/person\/b38fbf43118f02820bd932f2e4b14ad3"},"breadcrumb":{"@id":"https:\/\/franciscanos.org.br\/noticias\/semana-de-oracao-pela-unidade-dos-cristaos-2.html#breadcrumb"},"inLanguage":"pt-BR","potentialAction":[{"@type":"ReadAction","target":["https:\/\/franciscanos.org.br\/noticias\/semana-de-oracao-pela-unidade-dos-cristaos-2.html"]}]},{"@type":"BreadcrumbList","@id":"https:\/\/franciscanos.org.br\/noticias\/semana-de-oracao-pela-unidade-dos-cristaos-2.html#breadcrumb","itemListElement":[{"@type":"ListItem","position":1,"name":"Home","item":"https:\/\/franciscanos.org.br\/noticias"},{"@type":"ListItem","position":2,"name":"Semana de Ora\u00e7\u00e3o pela Unidade dos Crist\u00e3os"}]},{"@type":"Person","@id":"https:\/\/franciscanos.org.br\/noticias\/#\/schema\/person\/b38fbf43118f02820bd932f2e4b14ad3","name":"admin","image":{"@type":"ImageObject","inLanguage":"pt-BR","@id":"https:\/\/franciscanos.org.br\/noticias\/#\/schema\/person\/image\/","url":"https:\/\/secure.gravatar.com\/avatar\/e8495742d34d0ba6448ea1c628263b3e?s=96&d=mm&r=g","contentUrl":"https:\/\/secure.gravatar.com\/avatar\/e8495742d34d0ba6448ea1c628263b3e?s=96&d=mm&r=g","caption":"admin"},"url":"https:\/\/franciscanos.org.br\/noticias\/author\/admin"}]}},"_links":{"self":[{"href":"https:\/\/franciscanos.org.br\/noticias\/wp-json\/wp\/v2\/posts\/134210"}],"collection":[{"href":"https:\/\/franciscanos.org.br\/noticias\/wp-json\/wp\/v2\/posts"}],"about":[{"href":"https:\/\/franciscanos.org.br\/noticias\/wp-json\/wp\/v2\/types\/post"}],"author":[{"embeddable":true,"href":"https:\/\/franciscanos.org.br\/noticias\/wp-json\/wp\/v2\/users\/1"}],"replies":[{"embeddable":true,"href":"https:\/\/franciscanos.org.br\/noticias\/wp-json\/wp\/v2\/comments?post=134210"}],"version-history":[{"count":0,"href":"https:\/\/franciscanos.org.br\/noticias\/wp-json\/wp\/v2\/posts\/134210\/revisions"}],"wp:featuredmedia":[{"embeddable":true,"href":"https:\/\/franciscanos.org.br\/noticias\/wp-json\/wp\/v2\/media\/198184"}],"wp:attachment":[{"href":"https:\/\/franciscanos.org.br\/noticias\/wp-json\/wp\/v2\/media?parent=134210"}],"wp:term":[{"taxonomy":"category","embeddable":true,"href":"https:\/\/franciscanos.org.br\/noticias\/wp-json\/wp\/v2\/categories?post=134210"},{"taxonomy":"post_tag","embeddable":true,"href":"https:\/\/franciscanos.org.br\/noticias\/wp-json\/wp\/v2\/tags?post=134210"}],"curies":[{"name":"wp","href":"https:\/\/api.w.org\/{rel}","templated":true}]}}