{"id":134143,"date":"2017-05-29T12:08:11","date_gmt":"2017-05-29T15:08:11","guid":{"rendered":"http:\/\/franciscanos.org.br\/?p=134143"},"modified":"2019-01-29T14:24:43","modified_gmt":"2019-01-29T16:24:43","slug":"seminario-de-ituporanga-acolhe-400-jovens-crismandos","status":"publish","type":"post","link":"https:\/\/franciscanos.org.br\/noticias\/seminario-de-ituporanga-acolhe-400-jovens-crismandos.html","title":{"rendered":"Ituporanga: Semin\u00e1rio acolhe 400 jovens crismandos"},"content":{"rendered":"<p><a href=\"http:\/\/franciscanos.org.br\/wp-content\/uploads\/2017\/05\/formacao-830.jpg\"><img loading=\"lazy\" class=\"aligncenter\" src=\"http:\/\/franciscanos.org.br\/wp-content\/uploads\/2017\/05\/formacao-830.jpg\" alt=\"formacao-830\" width=\"830\" height=\"445\" \/><\/a><\/p>\n<p>A Fraternidade de Acolhimento Vocacional do Semin\u00e1rio S\u00e3o Francisco abriu as portas, nos dias 20 e 27 de maio, para o encontro que reuniu cerca de 400 jovens crismandos da Par\u00f3quia Santo Est\u00eav\u00e3o, mas a organiza\u00e7\u00e3o esteve a cargo, al\u00e9m da Fraternidade do Semin\u00e1rio, do SAV paroquial, das Irm\u00e3s Franciscana de S\u00e3o Jos\u00e9 e dos catequistas.<\/p>\n<p>Os trabalhos de prepara\u00e7\u00e3o foram intensos e gratificantes e marcaram os \u00a0\u00faltimos tr\u00eas meses dos aspirantes, seminaristas, frades, catequistas e casais vocacionais que buscaram, mediante partilhas de opini\u00f5es e propostas, organizar o encontro e lev\u00e1-lo ao bom termo que chegou.<\/p>\n<p>O objetivo foi proporcionar aos crismandos da Par\u00f3quia um momento para conhecerem as depend\u00eancias do Semin\u00e1rio e terem maior contato com os seminaristas, aspirantes, lideran\u00e7as da Par\u00f3quia, marcando este tempo antes da crisma como possibilidade de firmarem la\u00e7os e n\u00e3o tornar a Crisma um sacramento de despedida. Al\u00e9m disso, foi tempo prop\u00edcio para a anima\u00e7\u00e3o vocacional dos jovens desta Par\u00f3quia.<\/p>\n<p>No final de semana do dia 20\/5, foram acolhidos os jovens (mais de 150) dos setores de Atalanta, Petrol\u00e2ndia e Chapad\u00e3o do Lageado. No final de semana do dia 27 de maio, foi a vez dos jovens (mais de 210) do setor Ituporanga. Foram dois finais de semana marcados pela alegria, pelo esp\u00edrito desbravador desta idade. Foi vida intensa!<\/p>\n<p>Na din\u00e2mica do encontro, cada setor apresentou uma par\u00e1bola b\u00edblica.\u00a0 Conforme as catequistas, a riqueza das apresenta\u00e7\u00f5es foi vista no dia do encontro, mas os frutos de amizade e compreens\u00e3o foram colhidos j\u00e1 durante os ensaios.<\/p>\n<p>O encontro foi marcado tamb\u00e9m por momento de lazer, com a possibilidade de os crismandos participarem de gincanas e esportes.<\/p>\n<p>Tomou tamb\u00e9m grande destaque no encontro a apresenta\u00e7\u00e3o do carisma franciscano. Destacou-se o modo franciscano de estar com os jovens, de realizar a miss\u00e3o nesta realidade de Ituporanga, de poder, a exemplo de Francisco, encontrar-se com o Mist\u00e9rio que envolve a vida de cada um.<\/p>\n<p>Para tanto, os Aspirantes e Seminaristas organizaram uma apresenta\u00e7\u00e3o teatral. Conforme destacaram diversos participantes, a vida de Francisco continua atual&#8230; \u00e9 uma forma provocante de vida&#8230; traz uma resposta ao jovem de hoje.<\/p>\n<p>Assim, diante desta provoca\u00e7\u00e3o que Francisco continua fazendo, tamb\u00e9m foi apresentado a eles o convite de participarem dos encontros vocacionais.<\/p>\n<p><strong>Equipe de comunica\u00e7\u00e3o do Semin\u00e1rio<\/strong><\/p>\n","protected":false},"excerpt":{"rendered":"<p>Forma\u00e7\u00e3o e Estudos<\/p>\n","protected":false},"author":1,"featured_media":198187,"comment_status":"open","ping_status":"open","sticky":false,"template":"","format":"standard","meta":[],"categories":[1],"tags":[89],"acf":[],"yoast_head":"<!-- This site is optimized with the Yoast SEO plugin v19.2 - https:\/\/yoast.com\/wordpress\/plugins\/seo\/ -->\n<title>Ituporanga: Semin\u00e1rio acolhe 400 jovens crismandos - Not\u00edcias - Franciscanos<\/title>\n<meta name=\"robots\" content=\"index, follow, max-snippet:-1, max-image-preview:large, max-video-preview:-1\" \/>\n<link rel=\"canonical\" href=\"https:\/\/franciscanos.org.br\/noticias\/seminario-de-ituporanga-acolhe-400-jovens-crismandos.html\" \/>\n<meta property=\"og:locale\" content=\"pt_BR\" \/>\n<meta property=\"og:type\" content=\"article\" \/>\n<meta property=\"og:title\" content=\"Ituporanga: Semin\u00e1rio acolhe 400 jovens crismandos - Not\u00edcias - Franciscanos\" \/>\n<meta property=\"og:description\" content=\"Forma\u00e7\u00e3o e Estudos\" \/>\n<meta property=\"og:url\" content=\"https:\/\/franciscanos.org.br\/noticias\/seminario-de-ituporanga-acolhe-400-jovens-crismandos.html\" \/>\n<meta property=\"og:site_name\" content=\"Not\u00edcias - Franciscanos\" \/>\n<meta property=\"article:published_time\" content=\"2017-05-29T15:08:11+00:00\" \/>\n<meta property=\"article:modified_time\" content=\"2019-01-29T16:24:43+00:00\" \/>\n<meta property=\"og:image\" content=\"https:\/\/franciscanos.org.br\/noticias\/wp-content\/uploads\/2017\/05\/formacao-830.jpg\" \/>\n\t<meta property=\"og:image:width\" content=\"273\" \/>\n\t<meta property=\"og:image:height\" content=\"181\" \/>\n\t<meta property=\"og:image:type\" content=\"image\/jpeg\" \/>\n<meta name=\"author\" content=\"admin\" \/>\n<meta name=\"twitter:card\" content=\"summary_large_image\" \/>\n<meta name=\"twitter:label1\" content=\"Escrito por\" \/>\n\t<meta name=\"twitter:data1\" content=\"admin\" \/>\n\t<meta name=\"twitter:label2\" content=\"Est. tempo de leitura\" \/>\n\t<meta name=\"twitter:data2\" content=\"2 minutos\" \/>\n<script type=\"application\/ld+json\" class=\"yoast-schema-graph\">{\"@context\":\"https:\/\/schema.org\",\"@graph\":[{\"@type\":\"WebSite\",\"@id\":\"https:\/\/franciscanos.org.br\/noticias\/#website\",\"url\":\"https:\/\/franciscanos.org.br\/noticias\/\",\"name\":\"Not\u00edcias - Franciscanos\",\"description\":\"Prov\u00edncia Franciscana da Imaculada Concei\u00e7\u00e3o do Brasil - Ordem dos Frades Menores - OFM\",\"potentialAction\":[{\"@type\":\"SearchAction\",\"target\":{\"@type\":\"EntryPoint\",\"urlTemplate\":\"https:\/\/franciscanos.org.br\/noticias\/?s={search_term_string}\"},\"query-input\":\"required name=search_term_string\"}],\"inLanguage\":\"pt-BR\"},{\"@type\":\"ImageObject\",\"inLanguage\":\"pt-BR\",\"@id\":\"https:\/\/franciscanos.org.br\/noticias\/seminario-de-ituporanga-acolhe-400-jovens-crismandos.html#primaryimage\",\"url\":\"https:\/\/franciscanos.org.br\/noticias\/wp-content\/uploads\/2017\/05\/formacao-830.jpg\",\"contentUrl\":\"https:\/\/franciscanos.org.br\/noticias\/wp-content\/uploads\/2017\/05\/formacao-830.jpg\",\"width\":273,\"height\":181},{\"@type\":\"WebPage\",\"@id\":\"https:\/\/franciscanos.org.br\/noticias\/seminario-de-ituporanga-acolhe-400-jovens-crismandos.html#webpage\",\"url\":\"https:\/\/franciscanos.org.br\/noticias\/seminario-de-ituporanga-acolhe-400-jovens-crismandos.html\",\"name\":\"Ituporanga: Semin\u00e1rio acolhe 400 jovens crismandos - Not\u00edcias - Franciscanos\",\"isPartOf\":{\"@id\":\"https:\/\/franciscanos.org.br\/noticias\/#website\"},\"primaryImageOfPage\":{\"@id\":\"https:\/\/franciscanos.org.br\/noticias\/seminario-de-ituporanga-acolhe-400-jovens-crismandos.html#primaryimage\"},\"datePublished\":\"2017-05-29T15:08:11+00:00\",\"dateModified\":\"2019-01-29T16:24:43+00:00\",\"author\":{\"@id\":\"https:\/\/franciscanos.org.br\/noticias\/#\/schema\/person\/b38fbf43118f02820bd932f2e4b14ad3\"},\"breadcrumb\":{\"@id\":\"https:\/\/franciscanos.org.br\/noticias\/seminario-de-ituporanga-acolhe-400-jovens-crismandos.html#breadcrumb\"},\"inLanguage\":\"pt-BR\",\"potentialAction\":[{\"@type\":\"ReadAction\",\"target\":[\"https:\/\/franciscanos.org.br\/noticias\/seminario-de-ituporanga-acolhe-400-jovens-crismandos.html\"]}]},{\"@type\":\"BreadcrumbList\",\"@id\":\"https:\/\/franciscanos.org.br\/noticias\/seminario-de-ituporanga-acolhe-400-jovens-crismandos.html#breadcrumb\",\"itemListElement\":[{\"@type\":\"ListItem\",\"position\":1,\"name\":\"Home\",\"item\":\"https:\/\/franciscanos.org.br\/noticias\"},{\"@type\":\"ListItem\",\"position\":2,\"name\":\"Ituporanga: Semin\u00e1rio acolhe 400 jovens crismandos\"}]},{\"@type\":\"Person\",\"@id\":\"https:\/\/franciscanos.org.br\/noticias\/#\/schema\/person\/b38fbf43118f02820bd932f2e4b14ad3\",\"name\":\"admin\",\"image\":{\"@type\":\"ImageObject\",\"inLanguage\":\"pt-BR\",\"@id\":\"https:\/\/franciscanos.org.br\/noticias\/#\/schema\/person\/image\/\",\"url\":\"https:\/\/secure.gravatar.com\/avatar\/e8495742d34d0ba6448ea1c628263b3e?s=96&d=mm&r=g\",\"contentUrl\":\"https:\/\/secure.gravatar.com\/avatar\/e8495742d34d0ba6448ea1c628263b3e?s=96&d=mm&r=g\",\"caption\":\"admin\"},\"url\":\"https:\/\/franciscanos.org.br\/noticias\/author\/admin\"}]}<\/script>\n<!-- \/ Yoast SEO plugin. -->","yoast_head_json":{"title":"Ituporanga: Semin\u00e1rio acolhe 400 jovens crismandos - Not\u00edcias - Franciscanos","robots":{"index":"index","follow":"follow","max-snippet":"max-snippet:-1","max-image-preview":"max-image-preview:large","max-video-preview":"max-video-preview:-1"},"canonical":"https:\/\/franciscanos.org.br\/noticias\/seminario-de-ituporanga-acolhe-400-jovens-crismandos.html","og_locale":"pt_BR","og_type":"article","og_title":"Ituporanga: Semin\u00e1rio acolhe 400 jovens crismandos - Not\u00edcias - Franciscanos","og_description":"Forma\u00e7\u00e3o e Estudos","og_url":"https:\/\/franciscanos.org.br\/noticias\/seminario-de-ituporanga-acolhe-400-jovens-crismandos.html","og_site_name":"Not\u00edcias - Franciscanos","article_published_time":"2017-05-29T15:08:11+00:00","article_modified_time":"2019-01-29T16:24:43+00:00","og_image":[{"width":273,"height":181,"url":"https:\/\/franciscanos.org.br\/noticias\/wp-content\/uploads\/2017\/05\/formacao-830.jpg","type":"image\/jpeg"}],"author":"admin","twitter_card":"summary_large_image","twitter_misc":{"Escrito por":"admin","Est. tempo de leitura":"2 minutos"},"schema":{"@context":"https:\/\/schema.org","@graph":[{"@type":"WebSite","@id":"https:\/\/franciscanos.org.br\/noticias\/#website","url":"https:\/\/franciscanos.org.br\/noticias\/","name":"Not\u00edcias - Franciscanos","description":"Prov\u00edncia Franciscana da Imaculada Concei\u00e7\u00e3o do Brasil - Ordem dos Frades Menores - OFM","potentialAction":[{"@type":"SearchAction","target":{"@type":"EntryPoint","urlTemplate":"https:\/\/franciscanos.org.br\/noticias\/?s={search_term_string}"},"query-input":"required name=search_term_string"}],"inLanguage":"pt-BR"},{"@type":"ImageObject","inLanguage":"pt-BR","@id":"https:\/\/franciscanos.org.br\/noticias\/seminario-de-ituporanga-acolhe-400-jovens-crismandos.html#primaryimage","url":"https:\/\/franciscanos.org.br\/noticias\/wp-content\/uploads\/2017\/05\/formacao-830.jpg","contentUrl":"https:\/\/franciscanos.org.br\/noticias\/wp-content\/uploads\/2017\/05\/formacao-830.jpg","width":273,"height":181},{"@type":"WebPage","@id":"https:\/\/franciscanos.org.br\/noticias\/seminario-de-ituporanga-acolhe-400-jovens-crismandos.html#webpage","url":"https:\/\/franciscanos.org.br\/noticias\/seminario-de-ituporanga-acolhe-400-jovens-crismandos.html","name":"Ituporanga: Semin\u00e1rio acolhe 400 jovens crismandos - Not\u00edcias - Franciscanos","isPartOf":{"@id":"https:\/\/franciscanos.org.br\/noticias\/#website"},"primaryImageOfPage":{"@id":"https:\/\/franciscanos.org.br\/noticias\/seminario-de-ituporanga-acolhe-400-jovens-crismandos.html#primaryimage"},"datePublished":"2017-05-29T15:08:11+00:00","dateModified":"2019-01-29T16:24:43+00:00","author":{"@id":"https:\/\/franciscanos.org.br\/noticias\/#\/schema\/person\/b38fbf43118f02820bd932f2e4b14ad3"},"breadcrumb":{"@id":"https:\/\/franciscanos.org.br\/noticias\/seminario-de-ituporanga-acolhe-400-jovens-crismandos.html#breadcrumb"},"inLanguage":"pt-BR","potentialAction":[{"@type":"ReadAction","target":["https:\/\/franciscanos.org.br\/noticias\/seminario-de-ituporanga-acolhe-400-jovens-crismandos.html"]}]},{"@type":"BreadcrumbList","@id":"https:\/\/franciscanos.org.br\/noticias\/seminario-de-ituporanga-acolhe-400-jovens-crismandos.html#breadcrumb","itemListElement":[{"@type":"ListItem","position":1,"name":"Home","item":"https:\/\/franciscanos.org.br\/noticias"},{"@type":"ListItem","position":2,"name":"Ituporanga: Semin\u00e1rio acolhe 400 jovens crismandos"}]},{"@type":"Person","@id":"https:\/\/franciscanos.org.br\/noticias\/#\/schema\/person\/b38fbf43118f02820bd932f2e4b14ad3","name":"admin","image":{"@type":"ImageObject","inLanguage":"pt-BR","@id":"https:\/\/franciscanos.org.br\/noticias\/#\/schema\/person\/image\/","url":"https:\/\/secure.gravatar.com\/avatar\/e8495742d34d0ba6448ea1c628263b3e?s=96&d=mm&r=g","contentUrl":"https:\/\/secure.gravatar.com\/avatar\/e8495742d34d0ba6448ea1c628263b3e?s=96&d=mm&r=g","caption":"admin"},"url":"https:\/\/franciscanos.org.br\/noticias\/author\/admin"}]}},"_links":{"self":[{"href":"https:\/\/franciscanos.org.br\/noticias\/wp-json\/wp\/v2\/posts\/134143"}],"collection":[{"href":"https:\/\/franciscanos.org.br\/noticias\/wp-json\/wp\/v2\/posts"}],"about":[{"href":"https:\/\/franciscanos.org.br\/noticias\/wp-json\/wp\/v2\/types\/post"}],"author":[{"embeddable":true,"href":"https:\/\/franciscanos.org.br\/noticias\/wp-json\/wp\/v2\/users\/1"}],"replies":[{"embeddable":true,"href":"https:\/\/franciscanos.org.br\/noticias\/wp-json\/wp\/v2\/comments?post=134143"}],"version-history":[{"count":0,"href":"https:\/\/franciscanos.org.br\/noticias\/wp-json\/wp\/v2\/posts\/134143\/revisions"}],"wp:featuredmedia":[{"embeddable":true,"href":"https:\/\/franciscanos.org.br\/noticias\/wp-json\/wp\/v2\/media\/198187"}],"wp:attachment":[{"href":"https:\/\/franciscanos.org.br\/noticias\/wp-json\/wp\/v2\/media?parent=134143"}],"wp:term":[{"taxonomy":"category","embeddable":true,"href":"https:\/\/franciscanos.org.br\/noticias\/wp-json\/wp\/v2\/categories?post=134143"},{"taxonomy":"post_tag","embeddable":true,"href":"https:\/\/franciscanos.org.br\/noticias\/wp-json\/wp\/v2\/tags?post=134143"}],"curies":[{"name":"wp","href":"https:\/\/api.w.org\/{rel}","templated":true}]}}