{"id":134139,"date":"2017-05-29T11:08:32","date_gmt":"2017-05-29T14:08:32","guid":{"rendered":"http:\/\/franciscanos.org.br\/?p=134139"},"modified":"2020-06-08T19:46:39","modified_gmt":"2020-06-08T22:46:39","slug":"papa-aprender-a-ouvir-o-espirito-antes-de-tomar-decisoes","status":"publish","type":"post","link":"https:\/\/franciscanos.org.br\/noticias\/papa-aprender-a-ouvir-o-espirito-antes-de-tomar-decisoes.html","title":{"rendered":"Papa: aprender a ouvir o Esp\u00edrito antes de tomar decis\u00f5es"},"content":{"rendered":"<p><img loading=\"lazy\" class=\"alignleft\" src=\"http:\/\/franciscanos.org.br\/wp-content\/uploads\/2017\/05\/marta_290517G.jpg\" alt=\"marta_290517G\" width=\"830\" height=\"399\" \/><strong>Cidade do Vaticano<\/strong> &#8211; \u00c9 preciso deixar-se interpelar pelo Esp\u00edrito Santo, apender a ouvi-lo antes de tomar decis\u00f5es. Esta foi a exorta\u00e7\u00e3o que o Papa Francisco dirigiu aos fi\u00e9is na homilia da Missa desta segunda-feira (29\/05) na capela da Casa Santa Marta.<\/p>\n<p>Nesta semana que antecede Pentecostes, afirmou o Papa, a Igreja pede que rezemos para que o Esp\u00edrito venha no cora\u00e7\u00e3o, na par\u00f3quia, na comunidade. Francisco inspirou-se na Primeira Leitura, que poder\u00edamos chamar de \u201cPentecostes de \u00c9feso&#8221;. De fato, a comunidade de \u00c9feso tinha recebido a f\u00e9, mas n\u00e3o sabia nem mesmo que existisse o Esp\u00edrito Santo. Eram \u201cpessoas boas, de f\u00e9\u201d, mas n\u00e3o conheciam este dom do Pai. Depois, Paulo imp\u00f4s as m\u00e3os sobre eles, desceu o Esp\u00edrito Santo e come\u00e7aram a falar em l\u00ednguas.<\/p>\n<p><strong>O Esp\u00edrito Santo move o cora\u00e7\u00e3o<\/strong><\/p>\n<p>O Esp\u00edrito Santo, de fato, move o cora\u00e7\u00e3o, como se l\u00ea nos Evangelhos, onde tantas pessoas &#8211; Nicodemos, a samaritana, a pecadora &#8211; s\u00e3o impulsionados a se aproximar de Jesus justamente pelo Esp\u00edrito Santo. O Pont\u00edfice ent\u00e3o convidou a nos questionar qual o lugar que o Esp\u00edrito Santo tem em nossa vida:<\/p>\n<p>\u201cEu sou capaz de ouvi-lo? Eu sou capaz de pedir inspira\u00e7\u00e3o antes de tomar uma decis\u00e3o ou dizer uma palavra ou fazer algo? Ou o meu cora\u00e7\u00e3o est\u00e1 tranquilo, sem emo\u00e7\u00f5es, um cora\u00e7\u00e3o fixo? Certos cora\u00e7\u00f5es, se n\u00f3s fiz\u00e9ssemos um eletrocardiograma espiritual, o resultado seria linear, sem emo\u00e7\u00f5es. Tamb\u00e9m nos Evangelhos h\u00e1 essas pessoas, pensemos nos doutores da lei: acreditavam em Deus, todos sabiam os mandamentos, mas o cora\u00e7\u00e3o estava fechado, parado, n\u00e3o se deixavam inquietar\u201d.<\/p>\n<p><strong>N\u00e3o \u00e0 f\u00e9 ideol\u00f3gica<\/strong><\/p>\n<p>A exorta\u00e7\u00e3o central do papa, portanto, \u00e9 deixar-se inquietar, isto \u00e9, interpelar pelo Esp\u00edrito Santo que faz discernir e n\u00e3o ter uma f\u00e9 ideol\u00f3gica:<\/p>\n<p>\u201cDeixar-se inquietar pelo Esp\u00edrito Santo: \u201cEh, ouvi isso\u2026 Mas, padre, isso \u00e9 sentimentalismo?\u201d &#8211; \u201cPode ser, mas n\u00e3o. Se voc\u00ea for pela estrada justa n\u00e3o \u00e9 sentimentalismo\u201d.<br \/>\n\u201cSenti a vontade de fazer isso, de visitar aquele doente ou mudar de vida ou abandonar isso \u2026\u201d. Sentir e discernir: discernir o que sente o meu cora\u00e7\u00e3o, porque o Esp\u00edrito Santo \u00e9 o mestre do discernimento. Uma pessoa que n\u00e3o tem esses movimentos no cora\u00e7\u00e3o, que n\u00e3o discerne o que acontece, \u00e9 uma pessoa que tem uma f\u00e9 fria, uma f\u00e9 ideol\u00f3gica. A sua f\u00e9 \u00e9 uma ideologia, \u00e9 isso\u201d.<\/p>\n<p><strong>Interrogar-se sobre a rela\u00e7\u00e3o com o Esp\u00edrito Santo<\/strong><\/p>\n<p>Este era o \u201cdrama\u201d daqueles doutores da lei que eram contr\u00e1rios a Jesus. O Papa exortou a se interrogar sobre a pr\u00f3pria rela\u00e7\u00e3o com o Esp\u00edrito Santo:<br \/>\n\u201cPe\u00e7o que me guie pelo caminho que devo escolher na minha vida e tamb\u00e9m todos os dias? Pe\u00e7o que me d\u00ea a gra\u00e7a de distinguir o bom do menos bom? Porque o bem do mal se distingue logo. Mas h\u00e1 aquele mal escondido, que \u00e9 o menos bom, mas esconde o mal. Pe\u00e7o essa gra\u00e7a? Esta pergunta eu gostaria de seme\u00e1-la hoje no cora\u00e7\u00e3o de voc\u00eas.\u201d<\/p>\n<p>Portanto, \u00e9 preciso se interrogar se temos um cora\u00e7\u00e3o irrequieto porque movido pelo Esp\u00edrito Santo ou se fazemos somente \u201cc\u00e1lculos com a mente\u201d . No Apocalipse, o ap\u00f3stolo Jo\u00e3o inicia convidando as \u201csete Igrejas\u201d \u2013 as sete dioceses daquele tempo, disse o Papa Francesco \u2013 a ouvir o que o Esp\u00edrito Santo lhes diz. \u201cPe\u00e7amos tamb\u00e9m n\u00f3s esta gra\u00e7a de ouvir o que o Esp\u00edrito diz \u00e0 nossa Igreja, \u00e0 nossa comunidade, \u00e0 nossa par\u00f3quia, \u00e0 nossa fam\u00edlia e cada um de n\u00f3s, a gra\u00e7a de aprender esta linguagem de ouvir o Esp\u00edrito Santo\u201d.<\/p>\n<hr \/>\n<p><em>Fonte: R\u00e1dio Vaticano<\/em><\/p>\n","protected":false},"excerpt":{"rendered":"<p>Missa em Santa Marta<\/p>\n","protected":false},"author":1,"featured_media":198194,"comment_status":"open","ping_status":"open","sticky":false,"template":"","format":"standard","meta":[],"categories":[1428],"tags":[1586],"acf":[],"yoast_head":"<!-- This site is optimized with the Yoast SEO plugin v19.2 - https:\/\/yoast.com\/wordpress\/plugins\/seo\/ -->\n<title>Papa: aprender a ouvir o Esp\u00edrito antes de tomar decis\u00f5es - Not\u00edcias - Franciscanos<\/title>\n<meta name=\"robots\" content=\"index, follow, max-snippet:-1, max-image-preview:large, max-video-preview:-1\" \/>\n<link rel=\"canonical\" href=\"https:\/\/franciscanos.org.br\/noticias\/papa-aprender-a-ouvir-o-espirito-antes-de-tomar-decisoes.html\" \/>\n<meta property=\"og:locale\" content=\"pt_BR\" \/>\n<meta property=\"og:type\" content=\"article\" \/>\n<meta property=\"og:title\" content=\"Papa: aprender a ouvir o Esp\u00edrito antes de tomar decis\u00f5es - Not\u00edcias - Franciscanos\" \/>\n<meta property=\"og:description\" content=\"Missa em Santa Marta\" \/>\n<meta property=\"og:url\" content=\"https:\/\/franciscanos.org.br\/noticias\/papa-aprender-a-ouvir-o-espirito-antes-de-tomar-decisoes.html\" \/>\n<meta property=\"og:site_name\" content=\"Not\u00edcias - Franciscanos\" \/>\n<meta property=\"article:published_time\" content=\"2017-05-29T14:08:32+00:00\" \/>\n<meta property=\"article:modified_time\" content=\"2020-06-08T22:46:39+00:00\" \/>\n<meta property=\"og:image\" content=\"https:\/\/franciscanos.org.br\/noticias\/wp-content\/uploads\/2017\/05\/marta_290517G.jpg\" \/>\n\t<meta property=\"og:image:width\" content=\"273\" \/>\n\t<meta property=\"og:image:height\" content=\"181\" \/>\n\t<meta property=\"og:image:type\" content=\"image\/jpeg\" \/>\n<meta name=\"author\" content=\"admin\" \/>\n<meta name=\"twitter:card\" content=\"summary_large_image\" \/>\n<meta name=\"twitter:label1\" content=\"Escrito por\" \/>\n\t<meta name=\"twitter:data1\" content=\"admin\" \/>\n\t<meta name=\"twitter:label2\" content=\"Est. tempo de leitura\" \/>\n\t<meta name=\"twitter:data2\" content=\"3 minutos\" \/>\n<script type=\"application\/ld+json\" class=\"yoast-schema-graph\">{\"@context\":\"https:\/\/schema.org\",\"@graph\":[{\"@type\":\"WebSite\",\"@id\":\"https:\/\/franciscanos.org.br\/noticias\/#website\",\"url\":\"https:\/\/franciscanos.org.br\/noticias\/\",\"name\":\"Not\u00edcias - Franciscanos\",\"description\":\"Prov\u00edncia Franciscana da Imaculada Concei\u00e7\u00e3o do Brasil - Ordem dos Frades Menores - OFM\",\"potentialAction\":[{\"@type\":\"SearchAction\",\"target\":{\"@type\":\"EntryPoint\",\"urlTemplate\":\"https:\/\/franciscanos.org.br\/noticias\/?s={search_term_string}\"},\"query-input\":\"required name=search_term_string\"}],\"inLanguage\":\"pt-BR\"},{\"@type\":\"ImageObject\",\"inLanguage\":\"pt-BR\",\"@id\":\"https:\/\/franciscanos.org.br\/noticias\/papa-aprender-a-ouvir-o-espirito-antes-de-tomar-decisoes.html#primaryimage\",\"url\":\"https:\/\/franciscanos.org.br\/noticias\/wp-content\/uploads\/2017\/05\/marta_290517G.jpg\",\"contentUrl\":\"https:\/\/franciscanos.org.br\/noticias\/wp-content\/uploads\/2017\/05\/marta_290517G.jpg\",\"width\":273,\"height\":181},{\"@type\":\"WebPage\",\"@id\":\"https:\/\/franciscanos.org.br\/noticias\/papa-aprender-a-ouvir-o-espirito-antes-de-tomar-decisoes.html#webpage\",\"url\":\"https:\/\/franciscanos.org.br\/noticias\/papa-aprender-a-ouvir-o-espirito-antes-de-tomar-decisoes.html\",\"name\":\"Papa: aprender a ouvir o Esp\u00edrito antes de tomar decis\u00f5es - Not\u00edcias - Franciscanos\",\"isPartOf\":{\"@id\":\"https:\/\/franciscanos.org.br\/noticias\/#website\"},\"primaryImageOfPage\":{\"@id\":\"https:\/\/franciscanos.org.br\/noticias\/papa-aprender-a-ouvir-o-espirito-antes-de-tomar-decisoes.html#primaryimage\"},\"datePublished\":\"2017-05-29T14:08:32+00:00\",\"dateModified\":\"2020-06-08T22:46:39+00:00\",\"author\":{\"@id\":\"https:\/\/franciscanos.org.br\/noticias\/#\/schema\/person\/b38fbf43118f02820bd932f2e4b14ad3\"},\"breadcrumb\":{\"@id\":\"https:\/\/franciscanos.org.br\/noticias\/papa-aprender-a-ouvir-o-espirito-antes-de-tomar-decisoes.html#breadcrumb\"},\"inLanguage\":\"pt-BR\",\"potentialAction\":[{\"@type\":\"ReadAction\",\"target\":[\"https:\/\/franciscanos.org.br\/noticias\/papa-aprender-a-ouvir-o-espirito-antes-de-tomar-decisoes.html\"]}]},{\"@type\":\"BreadcrumbList\",\"@id\":\"https:\/\/franciscanos.org.br\/noticias\/papa-aprender-a-ouvir-o-espirito-antes-de-tomar-decisoes.html#breadcrumb\",\"itemListElement\":[{\"@type\":\"ListItem\",\"position\":1,\"name\":\"Home\",\"item\":\"https:\/\/franciscanos.org.br\/noticias\"},{\"@type\":\"ListItem\",\"position\":2,\"name\":\"Papa: aprender a ouvir o Esp\u00edrito antes de tomar decis\u00f5es\"}]},{\"@type\":\"Person\",\"@id\":\"https:\/\/franciscanos.org.br\/noticias\/#\/schema\/person\/b38fbf43118f02820bd932f2e4b14ad3\",\"name\":\"admin\",\"image\":{\"@type\":\"ImageObject\",\"inLanguage\":\"pt-BR\",\"@id\":\"https:\/\/franciscanos.org.br\/noticias\/#\/schema\/person\/image\/\",\"url\":\"https:\/\/secure.gravatar.com\/avatar\/e8495742d34d0ba6448ea1c628263b3e?s=96&d=mm&r=g\",\"contentUrl\":\"https:\/\/secure.gravatar.com\/avatar\/e8495742d34d0ba6448ea1c628263b3e?s=96&d=mm&r=g\",\"caption\":\"admin\"},\"url\":\"https:\/\/franciscanos.org.br\/noticias\/author\/admin\"}]}<\/script>\n<!-- \/ Yoast SEO plugin. -->","yoast_head_json":{"title":"Papa: aprender a ouvir o Esp\u00edrito antes de tomar decis\u00f5es - Not\u00edcias - Franciscanos","robots":{"index":"index","follow":"follow","max-snippet":"max-snippet:-1","max-image-preview":"max-image-preview:large","max-video-preview":"max-video-preview:-1"},"canonical":"https:\/\/franciscanos.org.br\/noticias\/papa-aprender-a-ouvir-o-espirito-antes-de-tomar-decisoes.html","og_locale":"pt_BR","og_type":"article","og_title":"Papa: aprender a ouvir o Esp\u00edrito antes de tomar decis\u00f5es - Not\u00edcias - Franciscanos","og_description":"Missa em Santa Marta","og_url":"https:\/\/franciscanos.org.br\/noticias\/papa-aprender-a-ouvir-o-espirito-antes-de-tomar-decisoes.html","og_site_name":"Not\u00edcias - Franciscanos","article_published_time":"2017-05-29T14:08:32+00:00","article_modified_time":"2020-06-08T22:46:39+00:00","og_image":[{"width":273,"height":181,"url":"https:\/\/franciscanos.org.br\/noticias\/wp-content\/uploads\/2017\/05\/marta_290517G.jpg","type":"image\/jpeg"}],"author":"admin","twitter_card":"summary_large_image","twitter_misc":{"Escrito por":"admin","Est. tempo de leitura":"3 minutos"},"schema":{"@context":"https:\/\/schema.org","@graph":[{"@type":"WebSite","@id":"https:\/\/franciscanos.org.br\/noticias\/#website","url":"https:\/\/franciscanos.org.br\/noticias\/","name":"Not\u00edcias - Franciscanos","description":"Prov\u00edncia Franciscana da Imaculada Concei\u00e7\u00e3o do Brasil - Ordem dos Frades Menores - OFM","potentialAction":[{"@type":"SearchAction","target":{"@type":"EntryPoint","urlTemplate":"https:\/\/franciscanos.org.br\/noticias\/?s={search_term_string}"},"query-input":"required name=search_term_string"}],"inLanguage":"pt-BR"},{"@type":"ImageObject","inLanguage":"pt-BR","@id":"https:\/\/franciscanos.org.br\/noticias\/papa-aprender-a-ouvir-o-espirito-antes-de-tomar-decisoes.html#primaryimage","url":"https:\/\/franciscanos.org.br\/noticias\/wp-content\/uploads\/2017\/05\/marta_290517G.jpg","contentUrl":"https:\/\/franciscanos.org.br\/noticias\/wp-content\/uploads\/2017\/05\/marta_290517G.jpg","width":273,"height":181},{"@type":"WebPage","@id":"https:\/\/franciscanos.org.br\/noticias\/papa-aprender-a-ouvir-o-espirito-antes-de-tomar-decisoes.html#webpage","url":"https:\/\/franciscanos.org.br\/noticias\/papa-aprender-a-ouvir-o-espirito-antes-de-tomar-decisoes.html","name":"Papa: aprender a ouvir o Esp\u00edrito antes de tomar decis\u00f5es - Not\u00edcias - Franciscanos","isPartOf":{"@id":"https:\/\/franciscanos.org.br\/noticias\/#website"},"primaryImageOfPage":{"@id":"https:\/\/franciscanos.org.br\/noticias\/papa-aprender-a-ouvir-o-espirito-antes-de-tomar-decisoes.html#primaryimage"},"datePublished":"2017-05-29T14:08:32+00:00","dateModified":"2020-06-08T22:46:39+00:00","author":{"@id":"https:\/\/franciscanos.org.br\/noticias\/#\/schema\/person\/b38fbf43118f02820bd932f2e4b14ad3"},"breadcrumb":{"@id":"https:\/\/franciscanos.org.br\/noticias\/papa-aprender-a-ouvir-o-espirito-antes-de-tomar-decisoes.html#breadcrumb"},"inLanguage":"pt-BR","potentialAction":[{"@type":"ReadAction","target":["https:\/\/franciscanos.org.br\/noticias\/papa-aprender-a-ouvir-o-espirito-antes-de-tomar-decisoes.html"]}]},{"@type":"BreadcrumbList","@id":"https:\/\/franciscanos.org.br\/noticias\/papa-aprender-a-ouvir-o-espirito-antes-de-tomar-decisoes.html#breadcrumb","itemListElement":[{"@type":"ListItem","position":1,"name":"Home","item":"https:\/\/franciscanos.org.br\/noticias"},{"@type":"ListItem","position":2,"name":"Papa: aprender a ouvir o Esp\u00edrito antes de tomar decis\u00f5es"}]},{"@type":"Person","@id":"https:\/\/franciscanos.org.br\/noticias\/#\/schema\/person\/b38fbf43118f02820bd932f2e4b14ad3","name":"admin","image":{"@type":"ImageObject","inLanguage":"pt-BR","@id":"https:\/\/franciscanos.org.br\/noticias\/#\/schema\/person\/image\/","url":"https:\/\/secure.gravatar.com\/avatar\/e8495742d34d0ba6448ea1c628263b3e?s=96&d=mm&r=g","contentUrl":"https:\/\/secure.gravatar.com\/avatar\/e8495742d34d0ba6448ea1c628263b3e?s=96&d=mm&r=g","caption":"admin"},"url":"https:\/\/franciscanos.org.br\/noticias\/author\/admin"}]}},"_links":{"self":[{"href":"https:\/\/franciscanos.org.br\/noticias\/wp-json\/wp\/v2\/posts\/134139"}],"collection":[{"href":"https:\/\/franciscanos.org.br\/noticias\/wp-json\/wp\/v2\/posts"}],"about":[{"href":"https:\/\/franciscanos.org.br\/noticias\/wp-json\/wp\/v2\/types\/post"}],"author":[{"embeddable":true,"href":"https:\/\/franciscanos.org.br\/noticias\/wp-json\/wp\/v2\/users\/1"}],"replies":[{"embeddable":true,"href":"https:\/\/franciscanos.org.br\/noticias\/wp-json\/wp\/v2\/comments?post=134139"}],"version-history":[{"count":1,"href":"https:\/\/franciscanos.org.br\/noticias\/wp-json\/wp\/v2\/posts\/134139\/revisions"}],"predecessor-version":[{"id":225330,"href":"https:\/\/franciscanos.org.br\/noticias\/wp-json\/wp\/v2\/posts\/134139\/revisions\/225330"}],"wp:featuredmedia":[{"embeddable":true,"href":"https:\/\/franciscanos.org.br\/noticias\/wp-json\/wp\/v2\/media\/198194"}],"wp:attachment":[{"href":"https:\/\/franciscanos.org.br\/noticias\/wp-json\/wp\/v2\/media?parent=134139"}],"wp:term":[{"taxonomy":"category","embeddable":true,"href":"https:\/\/franciscanos.org.br\/noticias\/wp-json\/wp\/v2\/categories?post=134139"},{"taxonomy":"post_tag","embeddable":true,"href":"https:\/\/franciscanos.org.br\/noticias\/wp-json\/wp\/v2\/tags?post=134139"}],"curies":[{"name":"wp","href":"https:\/\/api.w.org\/{rel}","templated":true}]}}