{"id":134071,"date":"2017-05-29T09:59:21","date_gmt":"2017-05-29T12:59:21","guid":{"rendered":"http:\/\/franciscanos.org.br\/?p=134071"},"modified":"2019-01-29T14:30:08","modified_gmt":"2019-01-29T16:30:08","slug":"3-dia-ide-e-fazei-discipulos-meus-todos-os-povos","status":"publish","type":"post","link":"https:\/\/franciscanos.org.br\/noticias\/3-dia-ide-e-fazei-discipulos-meus-todos-os-povos.html","title":{"rendered":"3\u00b0 dia: \u201cIde e fazei disc\u00edpulos meus todos os povos\u201d"},"content":{"rendered":"<p><strong><img loading=\"lazy\" class=\"size-full wp-image-198199 aligncenter\" src=\"https:\/\/franciscanos.org.br\/noticias\/wp-content\/uploads\/2017\/05\/novena_280517_8.jpg\" alt=\"\" width=\"800\" height=\"530\" srcset=\"https:\/\/franciscanos.org.br\/noticias\/wp-content\/uploads\/2017\/05\/novena_280517_8.jpg 800w, https:\/\/franciscanos.org.br\/noticias\/wp-content\/uploads\/2017\/05\/novena_280517_8-450x298.jpg 450w, https:\/\/franciscanos.org.br\/noticias\/wp-content\/uploads\/2017\/05\/novena_280517_8-768x509.jpg 768w, https:\/\/franciscanos.org.br\/noticias\/wp-content\/uploads\/2017\/05\/novena_280517_8-150x99.jpg 150w\" sizes=\"(max-width: 800px) 100vw, 800px\" \/><\/strong><\/p>\n<p><strong>Vila Velha (ES) &#8211;<\/strong> \u201cPassou a escurid\u00e3o e o Sol triunfou\u201d, era o canto entoado pela igreja iniciando a celebra\u00e7\u00e3o do terceiro da novena de Pentecostes. A missa do terceiro dia, celebrada \u00e0s 19 horas, teve como presidente Frei Germano Guesser. Frei Germano \u00e9 o atual p\u00e1roco e guardi\u00e3o da Fraternidade Franciscana junto a Par\u00f3quia Santo Ant\u00f4nio do Pari, na capital paulista.<\/p>\n<p>Nesse domingo, em que mundialmente se celebra o Dia das Comunica\u00e7\u00f5es Sociais, motivados pelo mist\u00e9rio da Ascens\u00e3o, a comunidade reunida celebrava recordando a Palavra de Cristo: \u201cIde e fazei disc\u00edpulos meus todos os povos\u201d.<\/p>\n<p>Saudando a comunidade e, em seguida acolhendo o presidente da celebra\u00e7\u00e3o, Frei Djalmo deu valor a presen\u00e7a de Frei Germano, recordando que esse confrade j\u00e1 havia sido marcado pelo povo capixaba, nos anos de 93 e 94, quando atuou na Par\u00f3quia Nossa Senhora do Ros\u00e1rio, durante seus dois primeiros anos de minist\u00e9rio ordenado. Mesmo pr\u00f3ximo das festividades de Santo Ant\u00f4nio, Frei Germano deu-nos a gra\u00e7a de sua pessoa nesse momento t\u00e3o profundo de nossa comunidade.<\/p>\n<p>Dentro das propostas de cada dia da Novena, encontra-se uma prece especial. Hoje, nossos olhares e ora\u00e7\u00f5es est\u00e3o voltadas aos nossos av\u00f3s. A comunidade recordava nessa noite todos os av\u00f3s, vivos e falecidos. Os av\u00f3s, em dias atuais, assumem a grande responsabilidade de educar os seus netos, dada a realidade de seus filhos, disse a comentarista, reconhecendo a grande import\u00e2ncia dos av\u00f3s nesse processo. E nessa prociss\u00e3o entrou a terceira vela de Pentecostes. Esta chama estava nas m\u00e3os de um casal de av\u00f3s, acompanhados de seus respectivos netos.<\/p>\n<p>Dando seguimento a celebra\u00e7\u00e3o, a comunidade reunida foi convidada para que no ato penitencial, relembrasse todo o sofrimento que os homens e mulheres ainda s\u00e3o capazes de cometer contra as pessoas idosas.<\/p>\n<p>Dentro da liturgia deste domingo, em que a Igreja re\u00fane-se em torno do mist\u00e9rio da Ascens\u00e3o, Frei Germano recordou S\u00e3o Bernadino de Sena, dizendo: \u201cuma fala deve ser boa, breve e clara\u201d, falando de si e propondo uma reflex\u00e3o nestes termos. E assim seguiu sua homilia. \u201cO an\u00fancio do Evangelho \u00e9 miss\u00e3o nossa\u201d, afirmou, recordado o \u201cide e fazei disc\u00edpulos todos os povos\u201d, dito por Jesus. Uma miss\u00e3o, conforme Frei Germano, dada por Jesus aos seus antes de terminar sua miss\u00e3o terrestre. A miss\u00e3o do crist\u00e3o tem como ponto de partida a Galileia, lugar onde os disc\u00edpulos viram Jesus aliviando os diversos sofrimentos do povo. Os disc\u00edpulos dar\u00e3o sequ\u00eancia ao que Jesus iniciou, recordou o pregador. Os disc\u00edpulos continuam a miss\u00e3o iniciada por Ele, n\u00e3o somente com uma doutrina, mais do que isso, uma miss\u00e3o de \u201caliviar os sofrimentos\u201d, como fez Jesus.<\/p>\n<p>\u201cA miss\u00e3o dada tem a garantia do amparo de Cristo. \u2018Eis que estou convosco at\u00e9 o fim dos tempos\u2019. Jesus continua conosco. Sua Ascens\u00e3o n\u00e3o \u00e9 um simples rompimento, um afastamento, e sim um novo estado de sua presen\u00e7a. O conv\u00edvio ser\u00e1 outro, certamente, mas sua presen\u00e7a ser\u00e1 marcada por sinais. Pela a\u00e7\u00e3o e pela for\u00e7a do Esp\u00edrito Santo. At\u00e9 os dias de hoje, a presen\u00e7a de Cristo \u00e9 garantida pela for\u00e7a que vem do alto, do Esp\u00edrito Santo. A vida da comunidade deve ser marcada por essa for\u00e7a\u201d, exortou o pregador.<\/p>\n<p>Falando do mist\u00e9rio da Ascens\u00e3o, disse ainda: \u201cA Ascens\u00e3o de Cristo \u00e9 nossa participa\u00e7\u00e3o na gl\u00f3ria, na divindade. C\u00e9u \u00e9 o lugar onde se experimenta o amor de Deus. N\u00e3o \u00e9 um lugar f\u00edsico, mas uma experi\u00eancia. S\u00f3 conhecendo e desfrutando o mist\u00e9rio que h\u00e1 em Cristo, que experimentaremos a divindade de Deus. O fim da humanidade n\u00e3o \u00e9 o cemit\u00e9rio, o t\u00famulo. Mas o pr\u00f3prio Deus. Ele \u00e9 nosso ponto final\u201d.<\/p>\n<p>A respeito da prece feita aos av\u00f3s, Frei Germano recordou as palavras do Papa Francisco, quando disse: \u201co povo que n\u00e3o respeita os av\u00f3s \u00e9 um povo sem mem\u00f3ria\u201d. Ressaltou ainda o papel dos av\u00f3s na educa\u00e7\u00e3o dos seus netos. Bem-aventuradas as fam\u00edlias que t\u00eam os av\u00f3s por perto, pois por meio deles a transmiss\u00e3o da f\u00e9 se faz como que uma heran\u00e7a recebida.<\/p>\n<p>Os frades que ali se encontravam invocaram uma b\u00ean\u00e7\u00e3o especial aos av\u00f3s, por intercess\u00e3o de Sant\u2019Ana e S\u00e3o Joaquim.<\/p>\n<p>Houve um momento marcante ap\u00f3s o Rito Eucar\u00edstico. O comentarista que animava a liturgia antecipou esse momento dizendo: \u201cO Esp\u00edrito Santo espalhou o seu fogo abrasador em meio aos disc\u00edpulos. Hoje, Jesus marca um encontro com cada um de n\u00f3s. E \u00e9 a partir desse encontro que temos for\u00e7a para anunciar a Boa Nova\u201d. Alguns jovens, todos eles caracterizados com um personagem, representaram as pessoas marginalizadas de nossa sociedade. Neste momento, a assembleia relembrou a for\u00e7a do Esp\u00edrito Santo e o que se \u00e9 poss\u00edvel realizar quando se \u00e9 movido pelo Esp\u00edrito Santo. Neste sentido, os jovens, dentro de um espa\u00e7o de tempo, montaram uma grande frase, que trazia uma fala do Papa Francisco: \u201cN\u00e3o quero uma Igreja tranquila, quero uma Igreja mission\u00e1ria\u201d.<\/p>\n<p>Ao agradecer Frei Germano, a comunidade o presenteou com uma boa garrafa de vinho. Frei Djalmo, muito grato e feliz pelo andamento da festa, tanto nas celebra\u00e7\u00f5es como nos festejos, convidou o povo para o pr\u00f3ximo dia da Novena. Usando a palavra, fez propaganda das geleias de caj\u00e1, valorizando o servi\u00e7o de Frei Clar\u00eancio, que todos os dias pela manh\u00e3, antes mesmo das celebra\u00e7\u00f5es, as colhe do ch\u00e3o.<\/p>\n<p>Prestes a concluir esse terceiro dia da Novena, Frei Djalmo apresentou parcialmente a Pastoral da Comunica\u00e7\u00e3o (PASCOM) da Par\u00f3quia Nossa Senhora do Ros\u00e1rio. Uma pastoral que aos poucos est\u00e1 nascendo e que dentre alguns dias se firmar\u00e1 e se consolidar\u00e1 por inteiro, por\u00e9m, j\u00e1 est\u00e3o atuando dentro das possibilidades.<br \/>\nFrei Nazareno invocou a b\u00ean\u00e7\u00e3o sobre as medalhas e, aproveitando o momento, fez um convite vocacional aos jovens. Nessa festa, Frei Nazareno preparou um espa\u00e7o vocacional onde os jovens poder\u00e3o conhecer um pouco mais da vida franciscana e quem sabe come\u00e7ar uma experi\u00eancia como religioso franciscano.<\/p>\n<p>Ap\u00f3s a bela celebra\u00e7\u00e3o, o povo alegre seguiu para a tradicional quermesse. Assim encerrou o terceiro dia da Novena de Pentecostes.<\/p>\n<p><em>\u201cA Ascens\u00e3o de Cristo j\u00e1 \u00e9 nossa vit\u00f3ria e nossa esperan\u00e7a\u201d (Ora\u00e7\u00e3o do dia).<\/em><\/p>\n<p><strong>PASCOM, Par\u00f3quia do Ros\u00e1rio<\/strong><\/p>\n","protected":false},"excerpt":{"rendered":"<p>Novena de Pentecostes<\/p>\n","protected":false},"author":1,"featured_media":198203,"comment_status":"open","ping_status":"open","sticky":false,"template":"","format":"standard","meta":[],"categories":[1],"tags":[231],"acf":[],"yoast_head":"<!-- This site is optimized with the Yoast SEO plugin v19.2 - https:\/\/yoast.com\/wordpress\/plugins\/seo\/ -->\n<title>3\u00b0 dia: \u201cIde e fazei disc\u00edpulos meus todos os povos\u201d - Not\u00edcias - Franciscanos<\/title>\n<meta name=\"robots\" content=\"index, follow, max-snippet:-1, max-image-preview:large, max-video-preview:-1\" \/>\n<link rel=\"canonical\" href=\"https:\/\/franciscanos.org.br\/noticias\/3-dia-ide-e-fazei-discipulos-meus-todos-os-povos.html\" \/>\n<meta property=\"og:locale\" content=\"pt_BR\" \/>\n<meta property=\"og:type\" content=\"article\" \/>\n<meta property=\"og:title\" content=\"3\u00b0 dia: \u201cIde e fazei disc\u00edpulos meus todos os povos\u201d - Not\u00edcias - Franciscanos\" \/>\n<meta property=\"og:description\" content=\"Novena de Pentecostes\" \/>\n<meta property=\"og:url\" content=\"https:\/\/franciscanos.org.br\/noticias\/3-dia-ide-e-fazei-discipulos-meus-todos-os-povos.html\" \/>\n<meta property=\"og:site_name\" content=\"Not\u00edcias - Franciscanos\" \/>\n<meta property=\"article:published_time\" content=\"2017-05-29T12:59:21+00:00\" \/>\n<meta property=\"article:modified_time\" content=\"2019-01-29T16:30:08+00:00\" \/>\n<meta property=\"og:image\" content=\"https:\/\/franciscanos.org.br\/noticias\/wp-content\/uploads\/2017\/05\/novena_280517p.jpg\" \/>\n\t<meta property=\"og:image:width\" content=\"273\" \/>\n\t<meta property=\"og:image:height\" content=\"181\" \/>\n\t<meta property=\"og:image:type\" content=\"image\/jpeg\" \/>\n<meta name=\"author\" content=\"admin\" \/>\n<meta name=\"twitter:card\" content=\"summary_large_image\" \/>\n<meta name=\"twitter:label1\" content=\"Escrito por\" \/>\n\t<meta name=\"twitter:data1\" content=\"admin\" \/>\n\t<meta name=\"twitter:label2\" content=\"Est. tempo de leitura\" \/>\n\t<meta name=\"twitter:data2\" content=\"6 minutos\" \/>\n<script type=\"application\/ld+json\" class=\"yoast-schema-graph\">{\"@context\":\"https:\/\/schema.org\",\"@graph\":[{\"@type\":\"WebSite\",\"@id\":\"https:\/\/franciscanos.org.br\/noticias\/#website\",\"url\":\"https:\/\/franciscanos.org.br\/noticias\/\",\"name\":\"Not\u00edcias - Franciscanos\",\"description\":\"Prov\u00edncia Franciscana da Imaculada Concei\u00e7\u00e3o do Brasil - Ordem dos Frades Menores - OFM\",\"potentialAction\":[{\"@type\":\"SearchAction\",\"target\":{\"@type\":\"EntryPoint\",\"urlTemplate\":\"https:\/\/franciscanos.org.br\/noticias\/?s={search_term_string}\"},\"query-input\":\"required name=search_term_string\"}],\"inLanguage\":\"pt-BR\"},{\"@type\":\"ImageObject\",\"inLanguage\":\"pt-BR\",\"@id\":\"https:\/\/franciscanos.org.br\/noticias\/3-dia-ide-e-fazei-discipulos-meus-todos-os-povos.html#primaryimage\",\"url\":\"https:\/\/franciscanos.org.br\/noticias\/wp-content\/uploads\/2017\/05\/novena_280517p.jpg\",\"contentUrl\":\"https:\/\/franciscanos.org.br\/noticias\/wp-content\/uploads\/2017\/05\/novena_280517p.jpg\",\"width\":273,\"height\":181},{\"@type\":\"WebPage\",\"@id\":\"https:\/\/franciscanos.org.br\/noticias\/3-dia-ide-e-fazei-discipulos-meus-todos-os-povos.html#webpage\",\"url\":\"https:\/\/franciscanos.org.br\/noticias\/3-dia-ide-e-fazei-discipulos-meus-todos-os-povos.html\",\"name\":\"3\u00b0 dia: \u201cIde e fazei disc\u00edpulos meus todos os povos\u201d - Not\u00edcias - Franciscanos\",\"isPartOf\":{\"@id\":\"https:\/\/franciscanos.org.br\/noticias\/#website\"},\"primaryImageOfPage\":{\"@id\":\"https:\/\/franciscanos.org.br\/noticias\/3-dia-ide-e-fazei-discipulos-meus-todos-os-povos.html#primaryimage\"},\"datePublished\":\"2017-05-29T12:59:21+00:00\",\"dateModified\":\"2019-01-29T16:30:08+00:00\",\"author\":{\"@id\":\"https:\/\/franciscanos.org.br\/noticias\/#\/schema\/person\/b38fbf43118f02820bd932f2e4b14ad3\"},\"breadcrumb\":{\"@id\":\"https:\/\/franciscanos.org.br\/noticias\/3-dia-ide-e-fazei-discipulos-meus-todos-os-povos.html#breadcrumb\"},\"inLanguage\":\"pt-BR\",\"potentialAction\":[{\"@type\":\"ReadAction\",\"target\":[\"https:\/\/franciscanos.org.br\/noticias\/3-dia-ide-e-fazei-discipulos-meus-todos-os-povos.html\"]}]},{\"@type\":\"BreadcrumbList\",\"@id\":\"https:\/\/franciscanos.org.br\/noticias\/3-dia-ide-e-fazei-discipulos-meus-todos-os-povos.html#breadcrumb\",\"itemListElement\":[{\"@type\":\"ListItem\",\"position\":1,\"name\":\"Home\",\"item\":\"https:\/\/franciscanos.org.br\/noticias\"},{\"@type\":\"ListItem\",\"position\":2,\"name\":\"3\u00b0 dia: \u201cIde e fazei disc\u00edpulos meus todos os povos\u201d\"}]},{\"@type\":\"Person\",\"@id\":\"https:\/\/franciscanos.org.br\/noticias\/#\/schema\/person\/b38fbf43118f02820bd932f2e4b14ad3\",\"name\":\"admin\",\"image\":{\"@type\":\"ImageObject\",\"inLanguage\":\"pt-BR\",\"@id\":\"https:\/\/franciscanos.org.br\/noticias\/#\/schema\/person\/image\/\",\"url\":\"https:\/\/secure.gravatar.com\/avatar\/e8495742d34d0ba6448ea1c628263b3e?s=96&d=mm&r=g\",\"contentUrl\":\"https:\/\/secure.gravatar.com\/avatar\/e8495742d34d0ba6448ea1c628263b3e?s=96&d=mm&r=g\",\"caption\":\"admin\"},\"url\":\"https:\/\/franciscanos.org.br\/noticias\/author\/admin\"}]}<\/script>\n<!-- \/ Yoast SEO plugin. -->","yoast_head_json":{"title":"3\u00b0 dia: \u201cIde e fazei disc\u00edpulos meus todos os povos\u201d - Not\u00edcias - Franciscanos","robots":{"index":"index","follow":"follow","max-snippet":"max-snippet:-1","max-image-preview":"max-image-preview:large","max-video-preview":"max-video-preview:-1"},"canonical":"https:\/\/franciscanos.org.br\/noticias\/3-dia-ide-e-fazei-discipulos-meus-todos-os-povos.html","og_locale":"pt_BR","og_type":"article","og_title":"3\u00b0 dia: \u201cIde e fazei disc\u00edpulos meus todos os povos\u201d - Not\u00edcias - Franciscanos","og_description":"Novena de Pentecostes","og_url":"https:\/\/franciscanos.org.br\/noticias\/3-dia-ide-e-fazei-discipulos-meus-todos-os-povos.html","og_site_name":"Not\u00edcias - Franciscanos","article_published_time":"2017-05-29T12:59:21+00:00","article_modified_time":"2019-01-29T16:30:08+00:00","og_image":[{"width":273,"height":181,"url":"https:\/\/franciscanos.org.br\/noticias\/wp-content\/uploads\/2017\/05\/novena_280517p.jpg","type":"image\/jpeg"}],"author":"admin","twitter_card":"summary_large_image","twitter_misc":{"Escrito por":"admin","Est. tempo de leitura":"6 minutos"},"schema":{"@context":"https:\/\/schema.org","@graph":[{"@type":"WebSite","@id":"https:\/\/franciscanos.org.br\/noticias\/#website","url":"https:\/\/franciscanos.org.br\/noticias\/","name":"Not\u00edcias - Franciscanos","description":"Prov\u00edncia Franciscana da Imaculada Concei\u00e7\u00e3o do Brasil - Ordem dos Frades Menores - OFM","potentialAction":[{"@type":"SearchAction","target":{"@type":"EntryPoint","urlTemplate":"https:\/\/franciscanos.org.br\/noticias\/?s={search_term_string}"},"query-input":"required name=search_term_string"}],"inLanguage":"pt-BR"},{"@type":"ImageObject","inLanguage":"pt-BR","@id":"https:\/\/franciscanos.org.br\/noticias\/3-dia-ide-e-fazei-discipulos-meus-todos-os-povos.html#primaryimage","url":"https:\/\/franciscanos.org.br\/noticias\/wp-content\/uploads\/2017\/05\/novena_280517p.jpg","contentUrl":"https:\/\/franciscanos.org.br\/noticias\/wp-content\/uploads\/2017\/05\/novena_280517p.jpg","width":273,"height":181},{"@type":"WebPage","@id":"https:\/\/franciscanos.org.br\/noticias\/3-dia-ide-e-fazei-discipulos-meus-todos-os-povos.html#webpage","url":"https:\/\/franciscanos.org.br\/noticias\/3-dia-ide-e-fazei-discipulos-meus-todos-os-povos.html","name":"3\u00b0 dia: \u201cIde e fazei disc\u00edpulos meus todos os povos\u201d - Not\u00edcias - Franciscanos","isPartOf":{"@id":"https:\/\/franciscanos.org.br\/noticias\/#website"},"primaryImageOfPage":{"@id":"https:\/\/franciscanos.org.br\/noticias\/3-dia-ide-e-fazei-discipulos-meus-todos-os-povos.html#primaryimage"},"datePublished":"2017-05-29T12:59:21+00:00","dateModified":"2019-01-29T16:30:08+00:00","author":{"@id":"https:\/\/franciscanos.org.br\/noticias\/#\/schema\/person\/b38fbf43118f02820bd932f2e4b14ad3"},"breadcrumb":{"@id":"https:\/\/franciscanos.org.br\/noticias\/3-dia-ide-e-fazei-discipulos-meus-todos-os-povos.html#breadcrumb"},"inLanguage":"pt-BR","potentialAction":[{"@type":"ReadAction","target":["https:\/\/franciscanos.org.br\/noticias\/3-dia-ide-e-fazei-discipulos-meus-todos-os-povos.html"]}]},{"@type":"BreadcrumbList","@id":"https:\/\/franciscanos.org.br\/noticias\/3-dia-ide-e-fazei-discipulos-meus-todos-os-povos.html#breadcrumb","itemListElement":[{"@type":"ListItem","position":1,"name":"Home","item":"https:\/\/franciscanos.org.br\/noticias"},{"@type":"ListItem","position":2,"name":"3\u00b0 dia: \u201cIde e fazei disc\u00edpulos meus todos os povos\u201d"}]},{"@type":"Person","@id":"https:\/\/franciscanos.org.br\/noticias\/#\/schema\/person\/b38fbf43118f02820bd932f2e4b14ad3","name":"admin","image":{"@type":"ImageObject","inLanguage":"pt-BR","@id":"https:\/\/franciscanos.org.br\/noticias\/#\/schema\/person\/image\/","url":"https:\/\/secure.gravatar.com\/avatar\/e8495742d34d0ba6448ea1c628263b3e?s=96&d=mm&r=g","contentUrl":"https:\/\/secure.gravatar.com\/avatar\/e8495742d34d0ba6448ea1c628263b3e?s=96&d=mm&r=g","caption":"admin"},"url":"https:\/\/franciscanos.org.br\/noticias\/author\/admin"}]}},"_links":{"self":[{"href":"https:\/\/franciscanos.org.br\/noticias\/wp-json\/wp\/v2\/posts\/134071"}],"collection":[{"href":"https:\/\/franciscanos.org.br\/noticias\/wp-json\/wp\/v2\/posts"}],"about":[{"href":"https:\/\/franciscanos.org.br\/noticias\/wp-json\/wp\/v2\/types\/post"}],"author":[{"embeddable":true,"href":"https:\/\/franciscanos.org.br\/noticias\/wp-json\/wp\/v2\/users\/1"}],"replies":[{"embeddable":true,"href":"https:\/\/franciscanos.org.br\/noticias\/wp-json\/wp\/v2\/comments?post=134071"}],"version-history":[{"count":0,"href":"https:\/\/franciscanos.org.br\/noticias\/wp-json\/wp\/v2\/posts\/134071\/revisions"}],"wp:featuredmedia":[{"embeddable":true,"href":"https:\/\/franciscanos.org.br\/noticias\/wp-json\/wp\/v2\/media\/198203"}],"wp:attachment":[{"href":"https:\/\/franciscanos.org.br\/noticias\/wp-json\/wp\/v2\/media?parent=134071"}],"wp:term":[{"taxonomy":"category","embeddable":true,"href":"https:\/\/franciscanos.org.br\/noticias\/wp-json\/wp\/v2\/categories?post=134071"},{"taxonomy":"post_tag","embeddable":true,"href":"https:\/\/franciscanos.org.br\/noticias\/wp-json\/wp\/v2\/tags?post=134071"}],"curies":[{"name":"wp","href":"https:\/\/api.w.org\/{rel}","templated":true}]}}