{"id":134060,"date":"2017-05-29T09:33:16","date_gmt":"2017-05-29T12:33:16","guid":{"rendered":"http:\/\/franciscanos.org.br\/?p=134060"},"modified":"2019-01-29T14:34:55","modified_gmt":"2019-01-29T16:34:55","slug":"falece-o-missionario-frei-marcio-de-araujo-terra","status":"publish","type":"post","link":"https:\/\/franciscanos.org.br\/noticias\/falece-o-missionario-frei-marcio-de-araujo-terra.html","title":{"rendered":"Falece o mission\u00e1rio Frei M\u00e1rcio de Ara\u00fajo Terra"},"content":{"rendered":"<h3><img loading=\"lazy\" class=\"alignleft wp-image-198211\" src=\"https:\/\/franciscanos.org.br\/noticias\/wp-content\/uploads\/2017\/05\/freimarcio_600.jpg\" alt=\"\" width=\"340\" height=\"478\" srcset=\"https:\/\/franciscanos.org.br\/noticias\/wp-content\/uploads\/2017\/05\/freimarcio_600.jpg 600w, https:\/\/franciscanos.org.br\/noticias\/wp-content\/uploads\/2017\/05\/freimarcio_600-320x450.jpg 320w, https:\/\/franciscanos.org.br\/noticias\/wp-content\/uploads\/2017\/05\/freimarcio_600-150x211.jpg 150w\" sizes=\"(max-width: 340px) 100vw, 340px\" \/><strong>\u2217\u00a009.02.1949 \u2020 29.05.2017<\/strong><\/h3>\n<p>Aos 68 anos, faleceu nesta segunda-feira (29\/05), \u00e0s 5 horas, Frei M\u00e1rcio de Ara\u00fajo Terra (46 de vida religiosa franciscana, sendo 15 na miss\u00e3o de Angola). Frei M\u00e1rcio estava internado no Rio de Janeiro desde o dia 20 de mar\u00e7o, quando sofreu uma queda na laje da casa da Fraternidade da Rocinha. Com hemorragia cerebral, passou por cirurgia, mas sua recupera\u00e7\u00e3o alternou altos e baixos.<\/p>\n<p>Como no boletim do dia 6 de maio, quando Frei Sandro informava que, nas \u00faltimas semanas, numa altern\u00e2ncia de per\u00edodos de esperan\u00e7a, otimismo e preocupa\u00e7\u00e3o, a situa\u00e7\u00e3o de sa\u00fade de Frei M\u00e1rcio foi aos poucos se deteriorando. Uma infec\u00e7\u00e3o era debelada, mas logo outra aparecia, e persistia. Uma cirurgia para desobstruir o intestino agravou mais o quadro. O pouco de intera\u00e7\u00e3o que havia, aos poucos foi desaparecendo. O quadro passou de grave para muito grave. Houve a necessidade de hemodi\u00e1lise, e a infec\u00e7\u00e3o avan\u00e7ava para uma septicemia. V\u00e1rios de seus familiares, inclusive sua m\u00e3e, dona Procopinha, de 89 anos, estiveram na Rocinha, acompanhando de perto o desenrolar da situa\u00e7\u00e3o. A comunidade paroquial acompanhava e rezava com muita f\u00e9.<\/p>\n<p>Seu corpo ser\u00e1 velado na Par\u00f3quia Nossa Senhora da Boa Viagem, na Rocinha, a partir das 18h. \u00c0s 19h30, haver\u00e1 uma celebra\u00e7\u00e3o presidida por Dom Orani Tempesta, Arcebispo da Arquidiocese de S\u00e3o Sebasti\u00e3o do Rio de Janeiro. O vel\u00f3rio acontece at\u00e9 \u00e0s 8 horas de amanh\u00e3 (30\/5), quando ser\u00e1 celebrada a Missa de Ex\u00e9quias. Em seguida, seu corpo ser\u00e1 transladado para o Convento Santo Ant\u00f4nio, no Largo da Carioca, onde ser\u00e1 sepultado.<\/p>\n<h3><strong>O FRADE MENOR<\/strong><\/h3>\n<p>Quando ainda era seminarista, iniciando sua caminhada como frade menor, Frei M\u00e1rcio foi muito claro ao dizer que o impulso para a sua decis\u00e3o &#8220;era o testemunho do Cristo, que se fez o menor de todos, levando a eles a Boa Nova da liberta\u00e7\u00e3o&#8221;. Para ele, o desejo de estar a servi\u00e7o do Reino de Deus na constru\u00e7\u00e3o de uma sociedade mais justa e fraterna era o alimento de sua espiritualidade e a identifica\u00e7\u00e3o com a causa dos explorados movia a sua via consagrada.<\/p>\n<table border=\"1\" width=\"400\" cellspacing=\"3\" cellpadding=\"3\" align=\"right\">\n<tbody>\n<tr>\n<td bgcolor=\"#F2EFFB\">\n<h3><strong>Dados Pessoais:<\/strong><\/h3>\n<p><strong>Nascimento:<\/strong> 09.02.1949 &#8211; Alterosa (MG)<br \/>\n<strong>20.01.1971<\/strong> &#8211; Admiss\u00e3o ao Noviciado<br \/>\n<strong>20.01.1972<\/strong> &#8211; Professa temporariamente na Ordem dos Frades Menores<br \/>\n<strong>04.10.1975<\/strong> &#8211; Professa solenemente na Ordem dos Frades Menores<br \/>\n<strong>18.12.1976<\/strong> &#8211; Ordena\u00e7\u00e3o presbiteral<\/p>\n<h3><strong>Atividades evangelizadoras<\/strong><\/h3>\n<p><strong>09.12.1977<\/strong> &#8211; Vig\u00e1rio paroquial em Vila Velha &#8211; Par\u00f3quia<br \/>\n<strong>06.02.1982<\/strong> &#8211; Coordenador da fraternidade e vig\u00e1rio paroquial em Vila Velha, na par\u00f3quia do Ros\u00e1rio (ES)<br \/>\n<strong>15.12.1982<\/strong> &#8211; Vig\u00e1rio paroquial em Cabo Frio (RJ)<br \/>\n<strong>18.01.1989<\/strong> &#8211; Vig\u00e1rio paroquial em Ipanema (RJ)<br \/>\n<strong>18.01.1992<\/strong> &#8211; Vig\u00e1rio paroquial em Vila Velha (RJ)<br \/>\n<strong>10.12.1998<\/strong> &#8211; A servi\u00e7o da Funda\u00e7\u00e3o M\u00e3e de Deus de Angola<br \/>\n<strong>15.03.1999<\/strong> &#8211; Viagem para a Miss\u00e3o de Angola<br \/>\n<strong>22.01.2000<\/strong> &#8211; Funda o Projeto Nossos Mi\u00fados em Angola<br \/>\n<strong>30.04.2000<\/strong> &#8211; 1\u00ba p\u00e1roco da Par\u00f3quia de S\u00e3o Lucas de Angola<br \/>\n<strong>22.11.2000<\/strong> &#8211; Vig\u00e1rio Paroquial da Par\u00f3quia S\u00e3o Lucas, em Luanda, Angola<br \/>\n<strong>12.09.2001<\/strong> &#8211; Eleito conselheiro da Funda\u00e7\u00e3o Imaculada M\u00e3e de Deus de Angola<br \/>\n<strong>20.12.2006<\/strong> &#8211; Reeleito conselheiro da Funda\u00e7\u00e3o Imaculada M\u00e3e de Deus<br \/>\n<strong>15.03.2008<\/strong> &#8211; Vig\u00e1rio da Fraternidade S. Francisco de Assis, em Palanka, Angola<br \/>\n<strong>01.12.2016<\/strong> &#8211; Vig\u00e1rio Paroquial na Rocinha, no Rio de Janeiro (RJ<\/td>\n<\/tr>\n<\/tbody>\n<\/table>\n<p>Foi com esse desejo, que sempre alimentou, que Frei M\u00e1rcio ingressou no Semin\u00e1rio de Guaratinguet\u00e1 para voca\u00e7\u00f5es adultas. &#8220;Desde crian\u00e7a mantinha o desejo de ser religioso. Um padre me prometeu que assim que eu terminasse o grupo escular (ensino fundamental), poderia ir para o Semin\u00e1rio. Ele nunca mais voltou e foi no final da minha adolesc\u00eancia que o desejo voltou mais forte e eu pude ingressar no Semin\u00e1rio&#8221;, contou o mineiro de Alterosa, que se autodefinia como introvertido e calmo. Ele era o terceiro dos sete filhos (um irm\u00e3o e seis irm\u00e3s) do casal Juarez e Proc\u00f3pia. Frei M\u00e1rcio nasceu em Alterosa (MG), no dia 9 de fevereiro de 1949 e foi ordenado sacerdote no dia 18 de dezembro de 1976.<\/p>\n<p>Para ele, a vida religiosa franciscana \u00e9 vigorosa quando se funda na pobreza evang\u00e9lica. Seu trabalho preferido era junto \u00e0s Comunidades Eclesiais de Base (CEB), onde acreditava que uma a\u00e7\u00e3o verdadeiramente coletiva, acima de quaisquer interesses individuais e moldada pelos mais nobres sentimentos de humanidade, solidariedade, compaix\u00e3o e amor ao pr\u00f3ximo poderia mudar o mundo.<\/p>\n<p>Nos quinze anos que passou na Miss\u00e3o Franciscana de Angola, Frei M\u00e1rcio fundou o Projeto Nossos Mi\u00fados, que acolhe meninos de rua na capital, Luanda, sendo a maioria v\u00edtimas da guerra de mais de 30 anos que destruiu o pa\u00eds. Para este franciscano, que ingressou na Ordem dos Frades Menores no dia 20 de janeiro de 1971, a sua experi\u00eancia mission\u00e1ria foi muito marcante porque conheceu o pa\u00eds angolano destru\u00eddo, no final da guerra, e participou de sua reconstru\u00e7\u00e3o.<\/p>\n<p>Dizia que o grande desafio em Angola n\u00e3o foi a guerra, mas reconstruir o &#8220;homem angolano depois da guerra&#8221;. Essa, para ele, \u00e9 a grande miss\u00e3o hoje da Funda\u00e7\u00e3o Imaculada M\u00e3e de Deus e da Igreja local. &#8220;O governo constr\u00f3i estradas, hospitais, escolas e n\u00f3s constru\u00edmos o homem. E \u00e9 a tarefa mais dif\u00edcil. Reconstruir ponte, com diamantes e petr\u00f3leo angolanos, n\u00e3o \u00e9 t\u00e3o dif\u00edcil assim, mas reconstruir a alma do ser humano, dilacerada durante 35 anos \u2013 contando a guerra civil e a guerra p\u00f3s-independ\u00eancia -, \u00e9 muito desafiador. Um jovem de 35 anos, que tem toda a sua for\u00e7a de trabalho, nasceu na guerra, cresceu e foi educado nela. Ele praticamente s\u00f3 conhece a linguagem da viol\u00eancia. Falar de fraternidade, solidariedade soa estranho para ele. Pode at\u00e9 ser que bata no cora\u00e7\u00e3o dele: &#8216;\u00c9 isso que eu quero, mas n\u00e3o foi isso que vivi ou experimentei durante toda a minha vida&#8217;! A religi\u00e3o tem um papel muito importante neste momento&#8221;, dizia em entrevista ao retornar ao Brasil nas f\u00e9rias de 2009.<\/p>\n<p><strong>DEPOIMENTOS<\/strong><\/p>\n<p>O p\u00e1roco e vig\u00e1rio da Fraternidade S\u00e3o Francisco de Luanda, Frei Angelo Jos\u00e9 Luiz, est\u00e1 em f\u00e9rias no Brasil e deu o seguinte depoimento sobre Frei M\u00e1rcio:<\/p>\n<p>&#8220;Tive oportunidade de conviver com Frei M\u00e1rcio em Luanda, no bairro de Palanka, onde est\u00e1 o Projeto Nossos Mi\u00fados, e onde ele residiu desde o in\u00edcio da sua miss\u00e3o. Assim, ele se radicou na Par\u00f3quia S\u00e3o Lucas, como p\u00e1roco durante um tempo e, aos poucos, identificando-se com um projeto voltado para crian\u00e7as abandonadas no p\u00f3s-guerra. Com sua caminhonete, ele percorria as ruas levando comida e roupas. Aos poucos, ele foi vendo a necessidade de ter um espa\u00e7o para atender essas crian\u00e7as. Foi assim nasceu o Projeto Nossos Mi\u00fados que hoje n\u00f3s, os frades, estamos dando continuidade. \u00a0Esse projeto tem uma padaria, que mant\u00e9m esse servi\u00e7o, e uma creche que foi inaugurada antes de ele retornar ao Brasil no final do ano passado.<\/p>\n<p>Ele sempre foi um frade bastante dedicado no trabalho, na evangeliza\u00e7\u00e3o, na conviv\u00eancia com os leigos e os frades. Ele tamb\u00e9m sempre foi muito participativo, buscando sempre estar presente, embora at\u00e9 morando e dormindo fora da fraternidade. Mas n\u00e3o deixava de participar da comunidade dos frades.<\/p>\n<p>Aos poucos, ele tamb\u00e9m se identificou muito com o Projeto Mission\u00e1rio do Kimbo S\u00e3o Francisco, um santu\u00e1rio que acolhe milhares de fi\u00e9is semanalmente. Desde o in\u00edcio, quando a Funda\u00e7\u00e3o assumiu este trabalho, ele esteve \u00e0 frente da anima\u00e7\u00e3o, da programa\u00e7\u00e3o e das celebra\u00e7\u00f5es do Kimbo. Hoje, as pessoas s\u00e3o muito gratas a ele.<\/p>\n<p>Outro trabalho com o qual ele se identificou muito foi com o programa &#8216;Gotas de Luz&#8217; na R\u00e1dio Eclessia, emissora da Confer\u00eancia dos Bispos de Angola. Duas vezes por semana, durante uma hora, ele interagia muito com os ouvintes. O bispo Dom Zeferino o chamava de a &#8220;Voz de Ouro&#8221;.<\/p>\n<p>Devemos muito ao Frei M\u00e1rcio pelo seu trabalho mission\u00e1rio, pelo seu esfor\u00e7o, pela sua dedica\u00e7\u00e3o, pela sua presen\u00e7a, pelo seu esp\u00edrito cr\u00edtico com rela\u00e7\u00e3o a todo o nosso trabalho de evangeliza\u00e7\u00e3o &#8211; ele sempre teve uma vis\u00e3o muito cr\u00edtica -, mas construtivo. Ele colaborou bastante com a Miss\u00e3o&#8221;, completou Frei Angelo, que retorna nesta quarta-feira, 31 de maio, a Luanda.<\/p>\n<p>Para o frade angolano Frei Cris\u00f3stomo Pinto \u00d1gala, Frei M\u00e1rcio deixa saudades. &#8220;Foi grande companheiro. Homem desapegado, homem de Deus. Mais um Santo intercessor dos mi\u00fados abandonados&#8221;, disse.<\/p>\n<p><strong>R.I.P.<\/strong><\/p>\n","protected":false},"excerpt":{"rendered":"<p>Falecimento<\/p>\n","protected":false},"author":1,"featured_media":198212,"comment_status":"open","ping_status":"open","sticky":false,"template":"","format":"standard","meta":[],"categories":[1],"tags":[1160],"acf":[],"yoast_head":"<!-- This site is optimized with the Yoast SEO plugin v19.2 - https:\/\/yoast.com\/wordpress\/plugins\/seo\/ -->\n<title>Falece o mission\u00e1rio Frei M\u00e1rcio de Ara\u00fajo Terra - Not\u00edcias - Franciscanos<\/title>\n<meta name=\"robots\" content=\"index, follow, max-snippet:-1, max-image-preview:large, max-video-preview:-1\" \/>\n<link rel=\"canonical\" href=\"https:\/\/franciscanos.org.br\/noticias\/falece-o-missionario-frei-marcio-de-araujo-terra.html\" \/>\n<meta property=\"og:locale\" content=\"pt_BR\" \/>\n<meta property=\"og:type\" content=\"article\" \/>\n<meta property=\"og:title\" content=\"Falece o mission\u00e1rio Frei M\u00e1rcio de Ara\u00fajo Terra - Not\u00edcias - Franciscanos\" \/>\n<meta property=\"og:description\" content=\"Falecimento\" \/>\n<meta property=\"og:url\" content=\"https:\/\/franciscanos.org.br\/noticias\/falece-o-missionario-frei-marcio-de-araujo-terra.html\" \/>\n<meta property=\"og:site_name\" content=\"Not\u00edcias - Franciscanos\" \/>\n<meta property=\"article:published_time\" content=\"2017-05-29T12:33:16+00:00\" \/>\n<meta property=\"article:modified_time\" content=\"2019-01-29T16:34:55+00:00\" \/>\n<meta property=\"og:image\" content=\"https:\/\/franciscanos.org.br\/noticias\/wp-content\/uploads\/2017\/05\/2743_170712.jpg\" \/>\n\t<meta property=\"og:image:width\" content=\"273\" \/>\n\t<meta property=\"og:image:height\" content=\"181\" \/>\n\t<meta property=\"og:image:type\" content=\"image\/jpeg\" \/>\n<meta name=\"author\" content=\"admin\" \/>\n<meta name=\"twitter:card\" content=\"summary_large_image\" \/>\n<meta name=\"twitter:label1\" content=\"Escrito por\" \/>\n\t<meta name=\"twitter:data1\" content=\"admin\" \/>\n\t<meta name=\"twitter:label2\" content=\"Est. tempo de leitura\" \/>\n\t<meta name=\"twitter:data2\" content=\"7 minutos\" \/>\n<script type=\"application\/ld+json\" class=\"yoast-schema-graph\">{\"@context\":\"https:\/\/schema.org\",\"@graph\":[{\"@type\":\"WebSite\",\"@id\":\"https:\/\/franciscanos.org.br\/noticias\/#website\",\"url\":\"https:\/\/franciscanos.org.br\/noticias\/\",\"name\":\"Not\u00edcias - Franciscanos\",\"description\":\"Prov\u00edncia Franciscana da Imaculada Concei\u00e7\u00e3o do Brasil - Ordem dos Frades Menores - OFM\",\"potentialAction\":[{\"@type\":\"SearchAction\",\"target\":{\"@type\":\"EntryPoint\",\"urlTemplate\":\"https:\/\/franciscanos.org.br\/noticias\/?s={search_term_string}\"},\"query-input\":\"required name=search_term_string\"}],\"inLanguage\":\"pt-BR\"},{\"@type\":\"ImageObject\",\"inLanguage\":\"pt-BR\",\"@id\":\"https:\/\/franciscanos.org.br\/noticias\/falece-o-missionario-frei-marcio-de-araujo-terra.html#primaryimage\",\"url\":\"https:\/\/franciscanos.org.br\/noticias\/wp-content\/uploads\/2017\/05\/2743_170712.jpg\",\"contentUrl\":\"https:\/\/franciscanos.org.br\/noticias\/wp-content\/uploads\/2017\/05\/2743_170712.jpg\",\"width\":273,\"height\":181},{\"@type\":\"WebPage\",\"@id\":\"https:\/\/franciscanos.org.br\/noticias\/falece-o-missionario-frei-marcio-de-araujo-terra.html#webpage\",\"url\":\"https:\/\/franciscanos.org.br\/noticias\/falece-o-missionario-frei-marcio-de-araujo-terra.html\",\"name\":\"Falece o mission\u00e1rio Frei M\u00e1rcio de Ara\u00fajo Terra - Not\u00edcias - Franciscanos\",\"isPartOf\":{\"@id\":\"https:\/\/franciscanos.org.br\/noticias\/#website\"},\"primaryImageOfPage\":{\"@id\":\"https:\/\/franciscanos.org.br\/noticias\/falece-o-missionario-frei-marcio-de-araujo-terra.html#primaryimage\"},\"datePublished\":\"2017-05-29T12:33:16+00:00\",\"dateModified\":\"2019-01-29T16:34:55+00:00\",\"author\":{\"@id\":\"https:\/\/franciscanos.org.br\/noticias\/#\/schema\/person\/b38fbf43118f02820bd932f2e4b14ad3\"},\"breadcrumb\":{\"@id\":\"https:\/\/franciscanos.org.br\/noticias\/falece-o-missionario-frei-marcio-de-araujo-terra.html#breadcrumb\"},\"inLanguage\":\"pt-BR\",\"potentialAction\":[{\"@type\":\"ReadAction\",\"target\":[\"https:\/\/franciscanos.org.br\/noticias\/falece-o-missionario-frei-marcio-de-araujo-terra.html\"]}]},{\"@type\":\"BreadcrumbList\",\"@id\":\"https:\/\/franciscanos.org.br\/noticias\/falece-o-missionario-frei-marcio-de-araujo-terra.html#breadcrumb\",\"itemListElement\":[{\"@type\":\"ListItem\",\"position\":1,\"name\":\"Home\",\"item\":\"https:\/\/franciscanos.org.br\/noticias\"},{\"@type\":\"ListItem\",\"position\":2,\"name\":\"Falece o mission\u00e1rio Frei M\u00e1rcio de Ara\u00fajo Terra\"}]},{\"@type\":\"Person\",\"@id\":\"https:\/\/franciscanos.org.br\/noticias\/#\/schema\/person\/b38fbf43118f02820bd932f2e4b14ad3\",\"name\":\"admin\",\"image\":{\"@type\":\"ImageObject\",\"inLanguage\":\"pt-BR\",\"@id\":\"https:\/\/franciscanos.org.br\/noticias\/#\/schema\/person\/image\/\",\"url\":\"https:\/\/secure.gravatar.com\/avatar\/e8495742d34d0ba6448ea1c628263b3e?s=96&d=mm&r=g\",\"contentUrl\":\"https:\/\/secure.gravatar.com\/avatar\/e8495742d34d0ba6448ea1c628263b3e?s=96&d=mm&r=g\",\"caption\":\"admin\"},\"url\":\"https:\/\/franciscanos.org.br\/noticias\/author\/admin\"}]}<\/script>\n<!-- \/ Yoast SEO plugin. -->","yoast_head_json":{"title":"Falece o mission\u00e1rio Frei M\u00e1rcio de Ara\u00fajo Terra - Not\u00edcias - Franciscanos","robots":{"index":"index","follow":"follow","max-snippet":"max-snippet:-1","max-image-preview":"max-image-preview:large","max-video-preview":"max-video-preview:-1"},"canonical":"https:\/\/franciscanos.org.br\/noticias\/falece-o-missionario-frei-marcio-de-araujo-terra.html","og_locale":"pt_BR","og_type":"article","og_title":"Falece o mission\u00e1rio Frei M\u00e1rcio de Ara\u00fajo Terra - Not\u00edcias - Franciscanos","og_description":"Falecimento","og_url":"https:\/\/franciscanos.org.br\/noticias\/falece-o-missionario-frei-marcio-de-araujo-terra.html","og_site_name":"Not\u00edcias - Franciscanos","article_published_time":"2017-05-29T12:33:16+00:00","article_modified_time":"2019-01-29T16:34:55+00:00","og_image":[{"width":273,"height":181,"url":"https:\/\/franciscanos.org.br\/noticias\/wp-content\/uploads\/2017\/05\/2743_170712.jpg","type":"image\/jpeg"}],"author":"admin","twitter_card":"summary_large_image","twitter_misc":{"Escrito por":"admin","Est. tempo de leitura":"7 minutos"},"schema":{"@context":"https:\/\/schema.org","@graph":[{"@type":"WebSite","@id":"https:\/\/franciscanos.org.br\/noticias\/#website","url":"https:\/\/franciscanos.org.br\/noticias\/","name":"Not\u00edcias - Franciscanos","description":"Prov\u00edncia Franciscana da Imaculada Concei\u00e7\u00e3o do Brasil - Ordem dos Frades Menores - OFM","potentialAction":[{"@type":"SearchAction","target":{"@type":"EntryPoint","urlTemplate":"https:\/\/franciscanos.org.br\/noticias\/?s={search_term_string}"},"query-input":"required name=search_term_string"}],"inLanguage":"pt-BR"},{"@type":"ImageObject","inLanguage":"pt-BR","@id":"https:\/\/franciscanos.org.br\/noticias\/falece-o-missionario-frei-marcio-de-araujo-terra.html#primaryimage","url":"https:\/\/franciscanos.org.br\/noticias\/wp-content\/uploads\/2017\/05\/2743_170712.jpg","contentUrl":"https:\/\/franciscanos.org.br\/noticias\/wp-content\/uploads\/2017\/05\/2743_170712.jpg","width":273,"height":181},{"@type":"WebPage","@id":"https:\/\/franciscanos.org.br\/noticias\/falece-o-missionario-frei-marcio-de-araujo-terra.html#webpage","url":"https:\/\/franciscanos.org.br\/noticias\/falece-o-missionario-frei-marcio-de-araujo-terra.html","name":"Falece o mission\u00e1rio Frei M\u00e1rcio de Ara\u00fajo Terra - Not\u00edcias - Franciscanos","isPartOf":{"@id":"https:\/\/franciscanos.org.br\/noticias\/#website"},"primaryImageOfPage":{"@id":"https:\/\/franciscanos.org.br\/noticias\/falece-o-missionario-frei-marcio-de-araujo-terra.html#primaryimage"},"datePublished":"2017-05-29T12:33:16+00:00","dateModified":"2019-01-29T16:34:55+00:00","author":{"@id":"https:\/\/franciscanos.org.br\/noticias\/#\/schema\/person\/b38fbf43118f02820bd932f2e4b14ad3"},"breadcrumb":{"@id":"https:\/\/franciscanos.org.br\/noticias\/falece-o-missionario-frei-marcio-de-araujo-terra.html#breadcrumb"},"inLanguage":"pt-BR","potentialAction":[{"@type":"ReadAction","target":["https:\/\/franciscanos.org.br\/noticias\/falece-o-missionario-frei-marcio-de-araujo-terra.html"]}]},{"@type":"BreadcrumbList","@id":"https:\/\/franciscanos.org.br\/noticias\/falece-o-missionario-frei-marcio-de-araujo-terra.html#breadcrumb","itemListElement":[{"@type":"ListItem","position":1,"name":"Home","item":"https:\/\/franciscanos.org.br\/noticias"},{"@type":"ListItem","position":2,"name":"Falece o mission\u00e1rio Frei M\u00e1rcio de Ara\u00fajo Terra"}]},{"@type":"Person","@id":"https:\/\/franciscanos.org.br\/noticias\/#\/schema\/person\/b38fbf43118f02820bd932f2e4b14ad3","name":"admin","image":{"@type":"ImageObject","inLanguage":"pt-BR","@id":"https:\/\/franciscanos.org.br\/noticias\/#\/schema\/person\/image\/","url":"https:\/\/secure.gravatar.com\/avatar\/e8495742d34d0ba6448ea1c628263b3e?s=96&d=mm&r=g","contentUrl":"https:\/\/secure.gravatar.com\/avatar\/e8495742d34d0ba6448ea1c628263b3e?s=96&d=mm&r=g","caption":"admin"},"url":"https:\/\/franciscanos.org.br\/noticias\/author\/admin"}]}},"_links":{"self":[{"href":"https:\/\/franciscanos.org.br\/noticias\/wp-json\/wp\/v2\/posts\/134060"}],"collection":[{"href":"https:\/\/franciscanos.org.br\/noticias\/wp-json\/wp\/v2\/posts"}],"about":[{"href":"https:\/\/franciscanos.org.br\/noticias\/wp-json\/wp\/v2\/types\/post"}],"author":[{"embeddable":true,"href":"https:\/\/franciscanos.org.br\/noticias\/wp-json\/wp\/v2\/users\/1"}],"replies":[{"embeddable":true,"href":"https:\/\/franciscanos.org.br\/noticias\/wp-json\/wp\/v2\/comments?post=134060"}],"version-history":[{"count":0,"href":"https:\/\/franciscanos.org.br\/noticias\/wp-json\/wp\/v2\/posts\/134060\/revisions"}],"wp:featuredmedia":[{"embeddable":true,"href":"https:\/\/franciscanos.org.br\/noticias\/wp-json\/wp\/v2\/media\/198212"}],"wp:attachment":[{"href":"https:\/\/franciscanos.org.br\/noticias\/wp-json\/wp\/v2\/media?parent=134060"}],"wp:term":[{"taxonomy":"category","embeddable":true,"href":"https:\/\/franciscanos.org.br\/noticias\/wp-json\/wp\/v2\/categories?post=134060"},{"taxonomy":"post_tag","embeddable":true,"href":"https:\/\/franciscanos.org.br\/noticias\/wp-json\/wp\/v2\/tags?post=134060"}],"curies":[{"name":"wp","href":"https:\/\/api.w.org\/{rel}","templated":true}]}}