{"id":134043,"date":"2017-05-28T21:31:30","date_gmt":"2017-05-29T00:31:30","guid":{"rendered":"http:\/\/franciscanos.org.br\/?p=134043"},"modified":"2019-01-29T15:31:07","modified_gmt":"2019-01-29T17:31:07","slug":"2o-dia-jesus-nascido-de-maria-por-obra-do-espirito-santo","status":"publish","type":"post","link":"https:\/\/franciscanos.org.br\/noticias\/2o-dia-jesus-nascido-de-maria-por-obra-do-espirito-santo.html","title":{"rendered":"2\u00ba dia: \u201cJesus nascido de Maria por obra do Esp\u00edrito Santo\u201d"},"content":{"rendered":"<p><strong><img loading=\"lazy\" class=\"size-full wp-image-198231 alignleft\" src=\"https:\/\/franciscanos.org.br\/noticias\/wp-content\/uploads\/2017\/05\/santuario_290517.jpg\" alt=\"\" width=\"830\" height=\"380\" srcset=\"https:\/\/franciscanos.org.br\/noticias\/wp-content\/uploads\/2017\/05\/santuario_290517.jpg 830w, https:\/\/franciscanos.org.br\/noticias\/wp-content\/uploads\/2017\/05\/santuario_290517-450x206.jpg 450w, https:\/\/franciscanos.org.br\/noticias\/wp-content\/uploads\/2017\/05\/santuario_290517-768x352.jpg 768w, https:\/\/franciscanos.org.br\/noticias\/wp-content\/uploads\/2017\/05\/santuario_290517-150x69.jpg 150w\" sizes=\"(max-width: 830px) 100vw, 830px\" \/><\/strong><\/p>\n<p><strong>Vila Velha (ES) &#8211;<\/strong> No s\u00e1bado, dia da semana em que a Igreja faz mem\u00f3ria de Maria, aconteceu o segundo dia da Novena, \u00e0s 17 horas. A comunidade reunida foi motivada pela catequese do Santu\u00e1rio. O subtema foi: \u201cJesus nascido de Maria por obra do Esp\u00edrito Santo\u201d. Seu celebrante-presidente, Padre Hiller Steganon Sezini, p\u00e1roco da Par\u00f3quia Nossa Senhora de Guadalupe de Vila Velha, amigo e um simpatizante do carisma franciscano.<\/p>\n<p>Cantando, \u201ca paz que \u00e9 t\u00e3o sonhada\u201d, o povo reunido cantava forte e recebia a segunda vela de Pentecostes, entronizada pela senhora Jacil, catequista que a mais tempo dedica-se a este minist\u00e9rio, lembrando todos os catequistas. Neste segundo dia, o nascimento de Jesus foi recordado.<\/p>\n<p>A primeira leitura desta celebra\u00e7\u00e3o recordou o povo por meio da carta de Paulo, quando diz da filia\u00e7\u00e3o nossa, por meio de Cristo: \u201cTodos receberam a filia\u00e7\u00e3o, por meio de Cristo\u201d. No salmo, que dizia: \u201cAnunciar para o mundo ouvir que Jesus \u00e9 o nosso Salvador\u201d, dois jovens entraram embalando uma crian\u00e7a, recordando o nascimento de Cristo, nosso Salvador\u201d. Entraram dois jovens, recordando Maria e Jos\u00e9\u201d.<\/p>\n<p>Padre Hiller, alegre e empolgado, em uma de suas falas disse: \u201cO que eu mais pe\u00e7o \u00e9 uma torrente de gra\u00e7a sobre todos n\u00f3s. B\u00ean\u00e7\u00e3o sobre b\u00ean\u00e7\u00e3o!\u201d Agradece a vida dos frades franciscanos nas terras capixabas. Padre Hiller fez quest\u00e3o de partilhar a experi\u00eancia vivida h\u00e1 poucos dias em Assis. \u201cUm dia quis ser franciscano\u201d, partilhou com a comunidade, dizendo do in\u00edcio de sua caminhada vocacional. Comentou de sua particular vontade de um dia ter sido franciscano. Aproximou estreitamente sua caminhada pessoal \u00e0 vida dos frades.<\/p>\n<p>\u201cNa plenitude dos tempos Deus enviou seu Filho\u201d. No tempo querido, tempo marcado por Deus, fez-nos filhos de Deus, em seu Filho Jesus. Recorda com a comunidade a nossa fraternal filia\u00e7\u00e3o. Usando da palavra \u201cDeus\u201d, Padre Hiller chamou a aten\u00e7\u00e3o da assembleia a relembrar nossa vida em Deus. Brincando com as duas letras o \u201ce\u201d e o \u201cu\u201d, lembrou o \u201ceu\u201d, que est\u00e1 dentro de Deus\u201d.<\/p>\n<p>As crian\u00e7as da catequese, juntamente com as catequistas, fizeram uma bela coroa\u00e7\u00e3o de Nossa Senhora, lembrando o m\u00eas de maio dedicado a Maria.<\/p>\n<p>De forma empolgada, disse Frei Djalmo: \u201cHaja cora\u00e7\u00e3o!\u201d, lembrando que \u00e9 apenas o segundo dia da Novena, revelando a alegria e a intensidade deste momento. Aproveitando, lembrou da missa de quarta-feira, que ser\u00e1 presida por Frei Clar\u00eancio, em mem\u00f3ria dos falecidos da comunidade.<\/p>\n<p><strong>PASCOM, Par\u00f3quia do Ros\u00e1rio<\/strong><\/p>\n","protected":false},"excerpt":{"rendered":"<p>Novena de Pentecostes<\/p>\n","protected":false},"author":1,"featured_media":198234,"comment_status":"open","ping_status":"open","sticky":false,"template":"","format":"standard","meta":[],"categories":[1],"tags":[231],"acf":[],"yoast_head":"<!-- This site is optimized with the Yoast SEO plugin v19.2 - https:\/\/yoast.com\/wordpress\/plugins\/seo\/ -->\n<title>2\u00ba dia: \u201cJesus nascido de Maria por obra do Esp\u00edrito Santo\u201d - Not\u00edcias - Franciscanos<\/title>\n<meta name=\"robots\" content=\"index, follow, max-snippet:-1, max-image-preview:large, max-video-preview:-1\" \/>\n<link rel=\"canonical\" href=\"https:\/\/franciscanos.org.br\/noticias\/2o-dia-jesus-nascido-de-maria-por-obra-do-espirito-santo.html\" \/>\n<meta property=\"og:locale\" content=\"pt_BR\" \/>\n<meta property=\"og:type\" content=\"article\" \/>\n<meta property=\"og:title\" content=\"2\u00ba dia: \u201cJesus nascido de Maria por obra do Esp\u00edrito Santo\u201d - Not\u00edcias - Franciscanos\" \/>\n<meta property=\"og:description\" content=\"Novena de Pentecostes\" \/>\n<meta property=\"og:url\" content=\"https:\/\/franciscanos.org.br\/noticias\/2o-dia-jesus-nascido-de-maria-por-obra-do-espirito-santo.html\" \/>\n<meta property=\"og:site_name\" content=\"Not\u00edcias - Franciscanos\" \/>\n<meta property=\"article:published_time\" content=\"2017-05-29T00:31:30+00:00\" \/>\n<meta property=\"article:modified_time\" content=\"2019-01-29T17:31:07+00:00\" \/>\n<meta property=\"og:image\" content=\"https:\/\/franciscanos.org.br\/noticias\/wp-content\/uploads\/2017\/05\/santuario_290517G.jpg\" \/>\n\t<meta property=\"og:image:width\" content=\"273\" \/>\n\t<meta property=\"og:image:height\" content=\"181\" \/>\n\t<meta property=\"og:image:type\" content=\"image\/jpeg\" \/>\n<meta name=\"author\" content=\"admin\" \/>\n<meta name=\"twitter:card\" content=\"summary_large_image\" \/>\n<meta name=\"twitter:label1\" content=\"Escrito por\" \/>\n\t<meta name=\"twitter:data1\" content=\"admin\" \/>\n\t<meta name=\"twitter:label2\" content=\"Est. tempo de leitura\" \/>\n\t<meta name=\"twitter:data2\" content=\"2 minutos\" \/>\n<script type=\"application\/ld+json\" class=\"yoast-schema-graph\">{\"@context\":\"https:\/\/schema.org\",\"@graph\":[{\"@type\":\"WebSite\",\"@id\":\"https:\/\/franciscanos.org.br\/noticias\/#website\",\"url\":\"https:\/\/franciscanos.org.br\/noticias\/\",\"name\":\"Not\u00edcias - Franciscanos\",\"description\":\"Prov\u00edncia Franciscana da Imaculada Concei\u00e7\u00e3o do Brasil - Ordem dos Frades Menores - OFM\",\"potentialAction\":[{\"@type\":\"SearchAction\",\"target\":{\"@type\":\"EntryPoint\",\"urlTemplate\":\"https:\/\/franciscanos.org.br\/noticias\/?s={search_term_string}\"},\"query-input\":\"required name=search_term_string\"}],\"inLanguage\":\"pt-BR\"},{\"@type\":\"ImageObject\",\"inLanguage\":\"pt-BR\",\"@id\":\"https:\/\/franciscanos.org.br\/noticias\/2o-dia-jesus-nascido-de-maria-por-obra-do-espirito-santo.html#primaryimage\",\"url\":\"https:\/\/franciscanos.org.br\/noticias\/wp-content\/uploads\/2017\/05\/santuario_290517G.jpg\",\"contentUrl\":\"https:\/\/franciscanos.org.br\/noticias\/wp-content\/uploads\/2017\/05\/santuario_290517G.jpg\",\"width\":273,\"height\":181},{\"@type\":\"WebPage\",\"@id\":\"https:\/\/franciscanos.org.br\/noticias\/2o-dia-jesus-nascido-de-maria-por-obra-do-espirito-santo.html#webpage\",\"url\":\"https:\/\/franciscanos.org.br\/noticias\/2o-dia-jesus-nascido-de-maria-por-obra-do-espirito-santo.html\",\"name\":\"2\u00ba dia: \u201cJesus nascido de Maria por obra do Esp\u00edrito Santo\u201d - Not\u00edcias - Franciscanos\",\"isPartOf\":{\"@id\":\"https:\/\/franciscanos.org.br\/noticias\/#website\"},\"primaryImageOfPage\":{\"@id\":\"https:\/\/franciscanos.org.br\/noticias\/2o-dia-jesus-nascido-de-maria-por-obra-do-espirito-santo.html#primaryimage\"},\"datePublished\":\"2017-05-29T00:31:30+00:00\",\"dateModified\":\"2019-01-29T17:31:07+00:00\",\"author\":{\"@id\":\"https:\/\/franciscanos.org.br\/noticias\/#\/schema\/person\/b38fbf43118f02820bd932f2e4b14ad3\"},\"breadcrumb\":{\"@id\":\"https:\/\/franciscanos.org.br\/noticias\/2o-dia-jesus-nascido-de-maria-por-obra-do-espirito-santo.html#breadcrumb\"},\"inLanguage\":\"pt-BR\",\"potentialAction\":[{\"@type\":\"ReadAction\",\"target\":[\"https:\/\/franciscanos.org.br\/noticias\/2o-dia-jesus-nascido-de-maria-por-obra-do-espirito-santo.html\"]}]},{\"@type\":\"BreadcrumbList\",\"@id\":\"https:\/\/franciscanos.org.br\/noticias\/2o-dia-jesus-nascido-de-maria-por-obra-do-espirito-santo.html#breadcrumb\",\"itemListElement\":[{\"@type\":\"ListItem\",\"position\":1,\"name\":\"Home\",\"item\":\"https:\/\/franciscanos.org.br\/noticias\"},{\"@type\":\"ListItem\",\"position\":2,\"name\":\"2\u00ba dia: \u201cJesus nascido de Maria por obra do Esp\u00edrito Santo\u201d\"}]},{\"@type\":\"Person\",\"@id\":\"https:\/\/franciscanos.org.br\/noticias\/#\/schema\/person\/b38fbf43118f02820bd932f2e4b14ad3\",\"name\":\"admin\",\"image\":{\"@type\":\"ImageObject\",\"inLanguage\":\"pt-BR\",\"@id\":\"https:\/\/franciscanos.org.br\/noticias\/#\/schema\/person\/image\/\",\"url\":\"https:\/\/secure.gravatar.com\/avatar\/e8495742d34d0ba6448ea1c628263b3e?s=96&d=mm&r=g\",\"contentUrl\":\"https:\/\/secure.gravatar.com\/avatar\/e8495742d34d0ba6448ea1c628263b3e?s=96&d=mm&r=g\",\"caption\":\"admin\"},\"url\":\"https:\/\/franciscanos.org.br\/noticias\/author\/admin\"}]}<\/script>\n<!-- \/ Yoast SEO plugin. -->","yoast_head_json":{"title":"2\u00ba dia: \u201cJesus nascido de Maria por obra do Esp\u00edrito Santo\u201d - Not\u00edcias - Franciscanos","robots":{"index":"index","follow":"follow","max-snippet":"max-snippet:-1","max-image-preview":"max-image-preview:large","max-video-preview":"max-video-preview:-1"},"canonical":"https:\/\/franciscanos.org.br\/noticias\/2o-dia-jesus-nascido-de-maria-por-obra-do-espirito-santo.html","og_locale":"pt_BR","og_type":"article","og_title":"2\u00ba dia: \u201cJesus nascido de Maria por obra do Esp\u00edrito Santo\u201d - Not\u00edcias - Franciscanos","og_description":"Novena de Pentecostes","og_url":"https:\/\/franciscanos.org.br\/noticias\/2o-dia-jesus-nascido-de-maria-por-obra-do-espirito-santo.html","og_site_name":"Not\u00edcias - Franciscanos","article_published_time":"2017-05-29T00:31:30+00:00","article_modified_time":"2019-01-29T17:31:07+00:00","og_image":[{"width":273,"height":181,"url":"https:\/\/franciscanos.org.br\/noticias\/wp-content\/uploads\/2017\/05\/santuario_290517G.jpg","type":"image\/jpeg"}],"author":"admin","twitter_card":"summary_large_image","twitter_misc":{"Escrito por":"admin","Est. tempo de leitura":"2 minutos"},"schema":{"@context":"https:\/\/schema.org","@graph":[{"@type":"WebSite","@id":"https:\/\/franciscanos.org.br\/noticias\/#website","url":"https:\/\/franciscanos.org.br\/noticias\/","name":"Not\u00edcias - Franciscanos","description":"Prov\u00edncia Franciscana da Imaculada Concei\u00e7\u00e3o do Brasil - Ordem dos Frades Menores - OFM","potentialAction":[{"@type":"SearchAction","target":{"@type":"EntryPoint","urlTemplate":"https:\/\/franciscanos.org.br\/noticias\/?s={search_term_string}"},"query-input":"required name=search_term_string"}],"inLanguage":"pt-BR"},{"@type":"ImageObject","inLanguage":"pt-BR","@id":"https:\/\/franciscanos.org.br\/noticias\/2o-dia-jesus-nascido-de-maria-por-obra-do-espirito-santo.html#primaryimage","url":"https:\/\/franciscanos.org.br\/noticias\/wp-content\/uploads\/2017\/05\/santuario_290517G.jpg","contentUrl":"https:\/\/franciscanos.org.br\/noticias\/wp-content\/uploads\/2017\/05\/santuario_290517G.jpg","width":273,"height":181},{"@type":"WebPage","@id":"https:\/\/franciscanos.org.br\/noticias\/2o-dia-jesus-nascido-de-maria-por-obra-do-espirito-santo.html#webpage","url":"https:\/\/franciscanos.org.br\/noticias\/2o-dia-jesus-nascido-de-maria-por-obra-do-espirito-santo.html","name":"2\u00ba dia: \u201cJesus nascido de Maria por obra do Esp\u00edrito Santo\u201d - Not\u00edcias - Franciscanos","isPartOf":{"@id":"https:\/\/franciscanos.org.br\/noticias\/#website"},"primaryImageOfPage":{"@id":"https:\/\/franciscanos.org.br\/noticias\/2o-dia-jesus-nascido-de-maria-por-obra-do-espirito-santo.html#primaryimage"},"datePublished":"2017-05-29T00:31:30+00:00","dateModified":"2019-01-29T17:31:07+00:00","author":{"@id":"https:\/\/franciscanos.org.br\/noticias\/#\/schema\/person\/b38fbf43118f02820bd932f2e4b14ad3"},"breadcrumb":{"@id":"https:\/\/franciscanos.org.br\/noticias\/2o-dia-jesus-nascido-de-maria-por-obra-do-espirito-santo.html#breadcrumb"},"inLanguage":"pt-BR","potentialAction":[{"@type":"ReadAction","target":["https:\/\/franciscanos.org.br\/noticias\/2o-dia-jesus-nascido-de-maria-por-obra-do-espirito-santo.html"]}]},{"@type":"BreadcrumbList","@id":"https:\/\/franciscanos.org.br\/noticias\/2o-dia-jesus-nascido-de-maria-por-obra-do-espirito-santo.html#breadcrumb","itemListElement":[{"@type":"ListItem","position":1,"name":"Home","item":"https:\/\/franciscanos.org.br\/noticias"},{"@type":"ListItem","position":2,"name":"2\u00ba dia: \u201cJesus nascido de Maria por obra do Esp\u00edrito Santo\u201d"}]},{"@type":"Person","@id":"https:\/\/franciscanos.org.br\/noticias\/#\/schema\/person\/b38fbf43118f02820bd932f2e4b14ad3","name":"admin","image":{"@type":"ImageObject","inLanguage":"pt-BR","@id":"https:\/\/franciscanos.org.br\/noticias\/#\/schema\/person\/image\/","url":"https:\/\/secure.gravatar.com\/avatar\/e8495742d34d0ba6448ea1c628263b3e?s=96&d=mm&r=g","contentUrl":"https:\/\/secure.gravatar.com\/avatar\/e8495742d34d0ba6448ea1c628263b3e?s=96&d=mm&r=g","caption":"admin"},"url":"https:\/\/franciscanos.org.br\/noticias\/author\/admin"}]}},"_links":{"self":[{"href":"https:\/\/franciscanos.org.br\/noticias\/wp-json\/wp\/v2\/posts\/134043"}],"collection":[{"href":"https:\/\/franciscanos.org.br\/noticias\/wp-json\/wp\/v2\/posts"}],"about":[{"href":"https:\/\/franciscanos.org.br\/noticias\/wp-json\/wp\/v2\/types\/post"}],"author":[{"embeddable":true,"href":"https:\/\/franciscanos.org.br\/noticias\/wp-json\/wp\/v2\/users\/1"}],"replies":[{"embeddable":true,"href":"https:\/\/franciscanos.org.br\/noticias\/wp-json\/wp\/v2\/comments?post=134043"}],"version-history":[{"count":0,"href":"https:\/\/franciscanos.org.br\/noticias\/wp-json\/wp\/v2\/posts\/134043\/revisions"}],"wp:featuredmedia":[{"embeddable":true,"href":"https:\/\/franciscanos.org.br\/noticias\/wp-json\/wp\/v2\/media\/198234"}],"wp:attachment":[{"href":"https:\/\/franciscanos.org.br\/noticias\/wp-json\/wp\/v2\/media?parent=134043"}],"wp:term":[{"taxonomy":"category","embeddable":true,"href":"https:\/\/franciscanos.org.br\/noticias\/wp-json\/wp\/v2\/categories?post=134043"},{"taxonomy":"post_tag","embeddable":true,"href":"https:\/\/franciscanos.org.br\/noticias\/wp-json\/wp\/v2\/tags?post=134043"}],"curies":[{"name":"wp","href":"https:\/\/api.w.org\/{rel}","templated":true}]}}