{"id":134004,"date":"2017-05-28T18:30:42","date_gmt":"2017-05-28T21:30:42","guid":{"rendered":"http:\/\/franciscanos.org.br\/?p=134004"},"modified":"2019-01-29T15:32:57","modified_gmt":"2019-01-29T17:32:57","slug":"frei-gilson-preside-o-primeiro-dia-da-novena","status":"publish","type":"post","link":"https:\/\/franciscanos.org.br\/noticias\/frei-gilson-preside-o-primeiro-dia-da-novena.html","title":{"rendered":"Frei Gilson preside o 1\u00ba dia da novena de Pentecostes"},"content":{"rendered":"<p><strong><img loading=\"lazy\" class=\"alignleft size-full wp-image-198239\" src=\"https:\/\/franciscanos.org.br\/noticias\/wp-content\/uploads\/2017\/05\/vila_270517.jpg\" alt=\"\" width=\"830\" height=\"485\" srcset=\"https:\/\/franciscanos.org.br\/noticias\/wp-content\/uploads\/2017\/05\/vila_270517.jpg 830w, https:\/\/franciscanos.org.br\/noticias\/wp-content\/uploads\/2017\/05\/vila_270517-450x263.jpg 450w, https:\/\/franciscanos.org.br\/noticias\/wp-content\/uploads\/2017\/05\/vila_270517-768x449.jpg 768w, https:\/\/franciscanos.org.br\/noticias\/wp-content\/uploads\/2017\/05\/vila_270517-150x88.jpg 150w\" sizes=\"(max-width: 830px) 100vw, 830px\" \/>Vila Velha (ES)<\/strong> &#8211; J\u00e1 era antes das 19 horas, e a comunidade se encontrava toda preparada para o primeiro dia da Novena de Pentecostes. A igreja era tomada por belas e melodiosas can\u00e7\u00f5es em prepara\u00e7\u00e3o para a celebra\u00e7\u00e3o. Neste dia, o presidente da celebra\u00e7\u00e3o foi Frei Gilson Kammer, p\u00e1roco da Par\u00f3quia Santa Clara de Colatina (ES). Concelebrava a Fraternidade Franciscana do Santu\u00e1rio. Todas as celebra\u00e7\u00f5es da novena ter\u00e3o uma prece espec\u00edfica. A de hoje foi uma prece em a\u00e7\u00e3o de gra\u00e7as aos construtores e benfeitores do Santu\u00e1rio. Tantos os vivos quanto os que j\u00e1 partiram para junto de Deus.<\/p>\n<p>Frei Florival exortava o povo reunido com algumas palavras e tamb\u00e9m com mantras, introduzindo os fi\u00e9is no grande mist\u00e9rio celebrativo. Ap\u00f3s o coment\u00e1rio inicial, houve uma prociss\u00e3o emocionante. Entrava no Santu\u00e1rio aqueles que h\u00e1 50 anos haviam colaborado com a constru\u00e7\u00e3o do Santu\u00e1rio. Mulheres e homens que, com as marcas da idade, revelavam tamb\u00e9m as marcas de fidelidade e compromisso com a vida desta comunidade.<\/p>\n<p>Frei Djalmo, p\u00e1roco da Par\u00f3quia do Ros\u00e1rio, abrindo o a Novena de Pentecostes, disse: \u201cMais que celebrar a igreja de pedra, \u00e9 celebrar vidas\u201d. Frei Djalmo ainda lembrou de todos aqueles que colaboraram na constru\u00e7\u00e3o deste belo templo. Em seguida, acolheu Frei Gilson, assim como Frei Germano Guesser, que celebrar\u00e1 o terceiro dia da Novena.<\/p>\n<p>No espa\u00e7o celebrativo foi preparado um local para receber a imagem de Nossa Senhora de Aparecida. Esse espa\u00e7o simboliza tamb\u00e9m os 300 anos da apari\u00e7\u00e3o da Imagem. Neste s\u00edmbolo feito para a Novena de Pentecostes, nove velas compor\u00e3o esta arruma\u00e7\u00e3o. Fazendo mem\u00f3ria dos frades que j\u00e1 atuaram junto a esta comunidade, foi convidado Frei Clar\u00eancio Neotti, vig\u00e1rio paroquial, que levasse a primeira. E o povo pedia, cantando: \u201cA n\u00f3s descei a Divina Luz, em nossas almas acendei o amor de Jesus\u201d. Ainda neste momento, Maria Eut\u00e1lia, mais conhecida como Eutalinha, fez uma prece aos que trabalharam e se doaram: \u201cA nossa gratid\u00e3o aos falecidos e aos vivos, a sa\u00fade em vida. Que ambos gozem das b\u00ean\u00e7\u00e3os do Reino de Deus\u201d.<\/p>\n<p><strong>PASCOM, Par\u00f3quia Nossa Senhora do Ros\u00e1rio<\/strong><\/p>\n<p><img loading=\"lazy\" class=\"alignleft\" src=\"http:\/\/franciscanos.org.br\/wp-content\/uploads\/2017\/05\/vila_270517_2.jpg\" alt=\"vila_270517_2\" width=\"820\" height=\"401\" \/><\/p>\n<p>Seguindo a liturgia pr\u00f3pria para a Novena de Pentecostes, o salmo dizia: \u201cEscutai minha filha, olhai e ouvi isso. Que o Rei se encante com vossa beleza\u201d. Este salmo escolhido recorda a Igreja, esposa de Cristo que deve ornar-se e preparar-se para se apresentar ao seu esposo, o pr\u00f3prio Cristo. O Evangelho do dia relatava a apresenta\u00e7\u00e3o do anjo a Maria. Frei Gilson, em sua bela homilia, deixou claro: <em>\u201cMaria, mostra-nos Jesus neste Santu\u00e1rio! E que nossa resposta seja sempre: Eis me aqui Senhor. Que nesta noite, n\u00f3s que formamos esse Santu\u00e1rio, fa\u00e7amos verdadeiramente dele um lugar de Deus!\u00a0 Estejamos prontos e dispostos a fazer o que Ele nos pede!\u201d. <\/em>Ainda em sua reflex\u00e3o, Frei Gilson disse: \u201cViemos a casa de Deus atravessando as trevas, por\u00e9m, iluminados pela grande Luz, Jesus Cristo. Menino Luz, que surge do alto e ilumina nossa f\u00e9, nossa vida. A Luz nascida em Bel\u00e9m acolhida por Maria e Jos\u00e9\u201d.<\/p>\n<p>No momento do ofert\u00f3rio, a equipe lit\u00fargica fez um hist\u00f3rico do Santu\u00e1rio. Primeiro, com um coment\u00e1rio, lembrando o pedido do bispo para que os frades junto dos fi\u00e9is, fizessem uma Igreja cujo titular fosse o Divino Esp\u00edrito Santo. Logo em seguida, houve a entrada de outros s\u00edmbolos. E tamb\u00e9m elementos que recordavam o erguimento do Santu\u00e1rio. Lembrando com carinho de todos os construtores e benfeitores.<\/p>\n<p>J\u00e1 perto de concluir a liturgia que celebrava o primeiro dia da Novena, os adolescentes com placas apresentaram \u00e0 comunidade o logo de 50 anos do Santu\u00e1rio. Mas a forma foi criativa, os adolescentes traziam em cada parte das placas, peda\u00e7os da logo oficial. E em um momento espec\u00edfico, juntaram, apresentado a comunidade e dando oficialmente, por essa simbologia, a abertura da Novena. A m\u00fasica escolhida foi \u201cTemplo vivo\u201d.<\/p>\n<p>Como convite, Frei Djalmo lembrou ao povo que, nesta mesma noite, Frei Clar\u00eancio faria a estreia de seu livro: \u201cSanto Ant\u00f4nio, simpatia de Deus e do Povo\u201d. Como lembran\u00e7a deste momento, a comunidade distribuir\u00e1 cerca de 10 mil medalhas com a imagem do Esp\u00edrito Santo. Ap\u00f3s a Missa, no p\u00e1tio do Santu\u00e1rio houve os festejos com barraquinhas e m\u00fasica ao Vivo.<\/p>\n<p><strong><em>Vigila de Pentecostes<\/em><\/strong><\/p>\n<p>Como proposta da Comunidade, a igreja ficou aberta 24 horas. Os adolescentes e a Renova\u00e7\u00e3o Carism\u00e1tica Cat\u00f3lica ficaram em Vig\u00edlia e adora\u00e7\u00e3o at\u00e9 as 5 horas da manh\u00e3. Igreja foi monitorada pela Seguran\u00e7a do Santu\u00e1rio e pela Pol\u00edcia Militar de Vila Velha<\/p>\n<p><strong><em>\u201cPela intercess\u00e3o de Nossa Senhora Aparecida, tenhamos todos uma santa e aben\u00e7oada Novena!\u201d\u00a0 (Fala final do Frei Gilson)<\/em><\/strong><\/p>\n<p><strong>PASCOM, Par\u00f3quia do Ros\u00e1rio<\/strong><\/p>\n","protected":false},"excerpt":{"rendered":"<p>Vila Velha<\/p>\n","protected":false},"author":1,"featured_media":198241,"comment_status":"open","ping_status":"open","sticky":false,"template":"","format":"standard","meta":[],"categories":[1],"tags":[231],"acf":[],"yoast_head":"<!-- This site is optimized with the Yoast SEO plugin v19.2 - https:\/\/yoast.com\/wordpress\/plugins\/seo\/ -->\n<title>Frei Gilson preside o 1\u00ba dia da novena de Pentecostes - Not\u00edcias - Franciscanos<\/title>\n<meta name=\"robots\" content=\"index, follow, max-snippet:-1, max-image-preview:large, max-video-preview:-1\" \/>\n<link rel=\"canonical\" href=\"https:\/\/franciscanos.org.br\/noticias\/frei-gilson-preside-o-primeiro-dia-da-novena.html\" \/>\n<meta property=\"og:locale\" content=\"pt_BR\" \/>\n<meta property=\"og:type\" content=\"article\" \/>\n<meta property=\"og:title\" content=\"Frei Gilson preside o 1\u00ba dia da novena de Pentecostes - Not\u00edcias - Franciscanos\" \/>\n<meta property=\"og:description\" content=\"Vila Velha\" \/>\n<meta property=\"og:url\" content=\"https:\/\/franciscanos.org.br\/noticias\/frei-gilson-preside-o-primeiro-dia-da-novena.html\" \/>\n<meta property=\"og:site_name\" content=\"Not\u00edcias - Franciscanos\" \/>\n<meta property=\"article:published_time\" content=\"2017-05-28T21:30:42+00:00\" \/>\n<meta property=\"article:modified_time\" content=\"2019-01-29T17:32:57+00:00\" \/>\n<meta property=\"og:image\" content=\"https:\/\/franciscanos.org.br\/noticias\/wp-content\/uploads\/2017\/05\/vila_270517p.jpg\" \/>\n\t<meta property=\"og:image:width\" content=\"273\" \/>\n\t<meta property=\"og:image:height\" content=\"181\" \/>\n\t<meta property=\"og:image:type\" content=\"image\/jpeg\" \/>\n<meta name=\"author\" content=\"admin\" \/>\n<meta name=\"twitter:card\" content=\"summary_large_image\" \/>\n<meta name=\"twitter:label1\" content=\"Escrito por\" \/>\n\t<meta name=\"twitter:data1\" content=\"admin\" \/>\n\t<meta name=\"twitter:label2\" content=\"Est. tempo de leitura\" \/>\n\t<meta name=\"twitter:data2\" content=\"4 minutos\" \/>\n<script type=\"application\/ld+json\" class=\"yoast-schema-graph\">{\"@context\":\"https:\/\/schema.org\",\"@graph\":[{\"@type\":\"WebSite\",\"@id\":\"https:\/\/franciscanos.org.br\/noticias\/#website\",\"url\":\"https:\/\/franciscanos.org.br\/noticias\/\",\"name\":\"Not\u00edcias - Franciscanos\",\"description\":\"Prov\u00edncia Franciscana da Imaculada Concei\u00e7\u00e3o do Brasil - Ordem dos Frades Menores - OFM\",\"potentialAction\":[{\"@type\":\"SearchAction\",\"target\":{\"@type\":\"EntryPoint\",\"urlTemplate\":\"https:\/\/franciscanos.org.br\/noticias\/?s={search_term_string}\"},\"query-input\":\"required name=search_term_string\"}],\"inLanguage\":\"pt-BR\"},{\"@type\":\"ImageObject\",\"inLanguage\":\"pt-BR\",\"@id\":\"https:\/\/franciscanos.org.br\/noticias\/frei-gilson-preside-o-primeiro-dia-da-novena.html#primaryimage\",\"url\":\"https:\/\/franciscanos.org.br\/noticias\/wp-content\/uploads\/2017\/05\/vila_270517p.jpg\",\"contentUrl\":\"https:\/\/franciscanos.org.br\/noticias\/wp-content\/uploads\/2017\/05\/vila_270517p.jpg\",\"width\":273,\"height\":181},{\"@type\":\"WebPage\",\"@id\":\"https:\/\/franciscanos.org.br\/noticias\/frei-gilson-preside-o-primeiro-dia-da-novena.html#webpage\",\"url\":\"https:\/\/franciscanos.org.br\/noticias\/frei-gilson-preside-o-primeiro-dia-da-novena.html\",\"name\":\"Frei Gilson preside o 1\u00ba dia da novena de Pentecostes - Not\u00edcias - Franciscanos\",\"isPartOf\":{\"@id\":\"https:\/\/franciscanos.org.br\/noticias\/#website\"},\"primaryImageOfPage\":{\"@id\":\"https:\/\/franciscanos.org.br\/noticias\/frei-gilson-preside-o-primeiro-dia-da-novena.html#primaryimage\"},\"datePublished\":\"2017-05-28T21:30:42+00:00\",\"dateModified\":\"2019-01-29T17:32:57+00:00\",\"author\":{\"@id\":\"https:\/\/franciscanos.org.br\/noticias\/#\/schema\/person\/b38fbf43118f02820bd932f2e4b14ad3\"},\"breadcrumb\":{\"@id\":\"https:\/\/franciscanos.org.br\/noticias\/frei-gilson-preside-o-primeiro-dia-da-novena.html#breadcrumb\"},\"inLanguage\":\"pt-BR\",\"potentialAction\":[{\"@type\":\"ReadAction\",\"target\":[\"https:\/\/franciscanos.org.br\/noticias\/frei-gilson-preside-o-primeiro-dia-da-novena.html\"]}]},{\"@type\":\"BreadcrumbList\",\"@id\":\"https:\/\/franciscanos.org.br\/noticias\/frei-gilson-preside-o-primeiro-dia-da-novena.html#breadcrumb\",\"itemListElement\":[{\"@type\":\"ListItem\",\"position\":1,\"name\":\"Home\",\"item\":\"https:\/\/franciscanos.org.br\/noticias\"},{\"@type\":\"ListItem\",\"position\":2,\"name\":\"Frei Gilson preside o 1\u00ba dia da novena de Pentecostes\"}]},{\"@type\":\"Person\",\"@id\":\"https:\/\/franciscanos.org.br\/noticias\/#\/schema\/person\/b38fbf43118f02820bd932f2e4b14ad3\",\"name\":\"admin\",\"image\":{\"@type\":\"ImageObject\",\"inLanguage\":\"pt-BR\",\"@id\":\"https:\/\/franciscanos.org.br\/noticias\/#\/schema\/person\/image\/\",\"url\":\"https:\/\/secure.gravatar.com\/avatar\/e8495742d34d0ba6448ea1c628263b3e?s=96&d=mm&r=g\",\"contentUrl\":\"https:\/\/secure.gravatar.com\/avatar\/e8495742d34d0ba6448ea1c628263b3e?s=96&d=mm&r=g\",\"caption\":\"admin\"},\"url\":\"https:\/\/franciscanos.org.br\/noticias\/author\/admin\"}]}<\/script>\n<!-- \/ Yoast SEO plugin. -->","yoast_head_json":{"title":"Frei Gilson preside o 1\u00ba dia da novena de Pentecostes - Not\u00edcias - Franciscanos","robots":{"index":"index","follow":"follow","max-snippet":"max-snippet:-1","max-image-preview":"max-image-preview:large","max-video-preview":"max-video-preview:-1"},"canonical":"https:\/\/franciscanos.org.br\/noticias\/frei-gilson-preside-o-primeiro-dia-da-novena.html","og_locale":"pt_BR","og_type":"article","og_title":"Frei Gilson preside o 1\u00ba dia da novena de Pentecostes - Not\u00edcias - Franciscanos","og_description":"Vila Velha","og_url":"https:\/\/franciscanos.org.br\/noticias\/frei-gilson-preside-o-primeiro-dia-da-novena.html","og_site_name":"Not\u00edcias - Franciscanos","article_published_time":"2017-05-28T21:30:42+00:00","article_modified_time":"2019-01-29T17:32:57+00:00","og_image":[{"width":273,"height":181,"url":"https:\/\/franciscanos.org.br\/noticias\/wp-content\/uploads\/2017\/05\/vila_270517p.jpg","type":"image\/jpeg"}],"author":"admin","twitter_card":"summary_large_image","twitter_misc":{"Escrito por":"admin","Est. tempo de leitura":"4 minutos"},"schema":{"@context":"https:\/\/schema.org","@graph":[{"@type":"WebSite","@id":"https:\/\/franciscanos.org.br\/noticias\/#website","url":"https:\/\/franciscanos.org.br\/noticias\/","name":"Not\u00edcias - Franciscanos","description":"Prov\u00edncia Franciscana da Imaculada Concei\u00e7\u00e3o do Brasil - Ordem dos Frades Menores - OFM","potentialAction":[{"@type":"SearchAction","target":{"@type":"EntryPoint","urlTemplate":"https:\/\/franciscanos.org.br\/noticias\/?s={search_term_string}"},"query-input":"required name=search_term_string"}],"inLanguage":"pt-BR"},{"@type":"ImageObject","inLanguage":"pt-BR","@id":"https:\/\/franciscanos.org.br\/noticias\/frei-gilson-preside-o-primeiro-dia-da-novena.html#primaryimage","url":"https:\/\/franciscanos.org.br\/noticias\/wp-content\/uploads\/2017\/05\/vila_270517p.jpg","contentUrl":"https:\/\/franciscanos.org.br\/noticias\/wp-content\/uploads\/2017\/05\/vila_270517p.jpg","width":273,"height":181},{"@type":"WebPage","@id":"https:\/\/franciscanos.org.br\/noticias\/frei-gilson-preside-o-primeiro-dia-da-novena.html#webpage","url":"https:\/\/franciscanos.org.br\/noticias\/frei-gilson-preside-o-primeiro-dia-da-novena.html","name":"Frei Gilson preside o 1\u00ba dia da novena de Pentecostes - Not\u00edcias - Franciscanos","isPartOf":{"@id":"https:\/\/franciscanos.org.br\/noticias\/#website"},"primaryImageOfPage":{"@id":"https:\/\/franciscanos.org.br\/noticias\/frei-gilson-preside-o-primeiro-dia-da-novena.html#primaryimage"},"datePublished":"2017-05-28T21:30:42+00:00","dateModified":"2019-01-29T17:32:57+00:00","author":{"@id":"https:\/\/franciscanos.org.br\/noticias\/#\/schema\/person\/b38fbf43118f02820bd932f2e4b14ad3"},"breadcrumb":{"@id":"https:\/\/franciscanos.org.br\/noticias\/frei-gilson-preside-o-primeiro-dia-da-novena.html#breadcrumb"},"inLanguage":"pt-BR","potentialAction":[{"@type":"ReadAction","target":["https:\/\/franciscanos.org.br\/noticias\/frei-gilson-preside-o-primeiro-dia-da-novena.html"]}]},{"@type":"BreadcrumbList","@id":"https:\/\/franciscanos.org.br\/noticias\/frei-gilson-preside-o-primeiro-dia-da-novena.html#breadcrumb","itemListElement":[{"@type":"ListItem","position":1,"name":"Home","item":"https:\/\/franciscanos.org.br\/noticias"},{"@type":"ListItem","position":2,"name":"Frei Gilson preside o 1\u00ba dia da novena de Pentecostes"}]},{"@type":"Person","@id":"https:\/\/franciscanos.org.br\/noticias\/#\/schema\/person\/b38fbf43118f02820bd932f2e4b14ad3","name":"admin","image":{"@type":"ImageObject","inLanguage":"pt-BR","@id":"https:\/\/franciscanos.org.br\/noticias\/#\/schema\/person\/image\/","url":"https:\/\/secure.gravatar.com\/avatar\/e8495742d34d0ba6448ea1c628263b3e?s=96&d=mm&r=g","contentUrl":"https:\/\/secure.gravatar.com\/avatar\/e8495742d34d0ba6448ea1c628263b3e?s=96&d=mm&r=g","caption":"admin"},"url":"https:\/\/franciscanos.org.br\/noticias\/author\/admin"}]}},"_links":{"self":[{"href":"https:\/\/franciscanos.org.br\/noticias\/wp-json\/wp\/v2\/posts\/134004"}],"collection":[{"href":"https:\/\/franciscanos.org.br\/noticias\/wp-json\/wp\/v2\/posts"}],"about":[{"href":"https:\/\/franciscanos.org.br\/noticias\/wp-json\/wp\/v2\/types\/post"}],"author":[{"embeddable":true,"href":"https:\/\/franciscanos.org.br\/noticias\/wp-json\/wp\/v2\/users\/1"}],"replies":[{"embeddable":true,"href":"https:\/\/franciscanos.org.br\/noticias\/wp-json\/wp\/v2\/comments?post=134004"}],"version-history":[{"count":0,"href":"https:\/\/franciscanos.org.br\/noticias\/wp-json\/wp\/v2\/posts\/134004\/revisions"}],"wp:featuredmedia":[{"embeddable":true,"href":"https:\/\/franciscanos.org.br\/noticias\/wp-json\/wp\/v2\/media\/198241"}],"wp:attachment":[{"href":"https:\/\/franciscanos.org.br\/noticias\/wp-json\/wp\/v2\/media?parent=134004"}],"wp:term":[{"taxonomy":"category","embeddable":true,"href":"https:\/\/franciscanos.org.br\/noticias\/wp-json\/wp\/v2\/categories?post=134004"},{"taxonomy":"post_tag","embeddable":true,"href":"https:\/\/franciscanos.org.br\/noticias\/wp-json\/wp\/v2\/tags?post=134004"}],"curies":[{"name":"wp","href":"https:\/\/api.w.org\/{rel}","templated":true}]}}