{"id":13396,"date":"2012-03-19T08:20:37","date_gmt":"2012-03-19T11:20:37","guid":{"rendered":"http:\/\/new.franciscanos.org.br\/?p=13396"},"modified":"2019-09-13T13:38:01","modified_gmt":"2019-09-13T16:38:01","slug":"seminario-discute-mercantilizacao-da-vida-e-lanca-campanha-nao-a-economia-verde","status":"publish","type":"post","link":"https:\/\/franciscanos.org.br\/noticias\/seminario-discute-mercantilizacao-da-vida-e-lanca-campanha-nao-a-economia-verde.html","title":{"rendered":"Semin\u00e1rio discute mercantiliza\u00e7\u00e3o da vida e lan\u00e7a campanha"},"content":{"rendered":"<h3><a href=\"http:\/\/franciscanos.org.br\/wp-content\/uploads\/2012\/03\/sefras_cartaz_g19.jpg\"><img loading=\"lazy\" class=\"alignright size-full wp-image-13403\" title=\"Justi\u00e7a Ambiental\" src=\"http:\/\/franciscanos.org.br\/wp-content\/uploads\/2012\/03\/sefras_cartaz_g19.jpg\" alt=\"\" width=\"400\" height=\"552\" \/><\/a>Justi\u00e7a Ambiental \u00e9 o tema do debate sobre problemas sociais e ambientais<\/h3>\n<p><strong>S\u00e3o Paulo (SP)<\/strong> &#8211; Diante de uma conjuntura de vis\u00edveis mudan\u00e7as clim\u00e1ticas, aumento da mis\u00e9ria, enriquecimento exagerado de poucos, desrespeito aos direitos humanos e tantos outros problemas, no pr\u00f3ximo dia 24 de mar\u00e7o (s\u00e1bado), o Servi\u00e7o Franciscano de Solidariedade (Sefras), em parceria com o Servi\u00e7o Interfranciscano de Justi\u00e7a, Paz e Ecologia (Sinfrajupe), realizar\u00e1, em S\u00e3o Paulo, o Semin\u00e1rio \u201cJusti\u00e7a Ambiental: Contra a Mercantiliza\u00e7\u00e3o da Vida\u201d. O objetivo \u00e9 dar visibilidade \u00e0s estrat\u00e9gias que o sistema capitalista vem utilizando para se apropriar, ainda mais, dos recursos do planeta e atribuir valor de mercado, sob o discurso de uma economia que \u201crespeita\u201d o meio ambiente e erradica a pobreza.<\/p>\n<p>A inten\u00e7\u00e3o do evento \u00e9 reunir movimentos sociais e ambientais, Ongs, religiosos, universidades e cidad\u00e3os em geral, para discutir e debater sobre o conceito de justi\u00e7a ambiental, numa \u00f3tica integrativa em que, problemas ambientais e sociais, se inter-relacionam e n\u00e3o podem ser discutidos separadamente. \u00c9 a justi\u00e7a ambiental que deve pautar a preserva\u00e7\u00e3o dos bens comuns e das v\u00e1rias formas de vida, diante do cen\u00e1rio global de degrada\u00e7\u00e3o.<\/p>\n<p>De acordo com a cosmovis\u00e3o franciscana, a compreens\u00e3o do \u201cambiental e social\u201d sintetiza-se no termo \u201cjusti\u00e7a ambiental\u201d, porque para o franciscanismo a \u201cdiversidade dos ecossistemas e a diversidade cultural das popula\u00e7\u00f5es humanas formam uma enorme s\u00f3ciobiodiversidade, que deve ser considerada e respeitada. Esta diversidade n\u00e3o deve ser conduzida pelas for\u00e7as de mercado\u201d, afirma o frade franciscano Frei Rodrigo Peret e membro da Conselho Pastoral da Terra (CPT), de Minas Gerais, um dos palestrantes do Semin\u00e1rio (Tema: Cr\u00edtica \u00e0 Economia Verde a partir da \u00f3tica franciscana). Ele ainda acrescenta: \u201cDe uma perspectiva de justi\u00e7a ambiental, os grupos sociais de baixa renda s\u00e3o aqueles mais expostos aos riscos e danos ambientais. As desigualdades econ\u00f4micas, junto com a concentra\u00e7\u00e3o de poder na apropria\u00e7\u00e3o dos recursos naturais, est\u00e3o na base da injusti\u00e7a\u201d.<\/p>\n<p>Os temas que ser\u00e3o expostos no Semin\u00e1rio t\u00eam o prop\u00f3sito de gerar o debate tanto para o setor social quanto para os ambientalistas. A resposta atual \u00e9 a chamada \u201cEconomia Verde\u201d que ser\u00e1 discutida na Confer\u00eancia da ONU sobre Desenvolvimento Sustent\u00e1vel &#8211; Rio+20, em junho deste ano. \u00c9 diante desse cen\u00e1rio atual que o Semin\u00e1rio Justi\u00e7a Ambiental, prop\u00f5e a reflex\u00e3o, a fim de suscitar, a defesa de uma emergente justi\u00e7a ambiental, em que se pense em mudan\u00e7as no paradigma de civiliza\u00e7\u00e3o, a fim de preservar a vida e o respeito aos direitos humanos e da natureza como partes do ecossistema.<\/p>\n<p>Para Moema Miranda, do Instituto Brasileiro de An\u00e1lise Sociais e Econ\u00f4micas (Ibase), uma das palestrantes do Semin\u00e1rio (Tema: An\u00e1lise e Critica ao Documento Zero da Rio+20), o sistema capitalista atual tem apresentado diversas crises e gerado v\u00e1rias consequ\u00eancias. Os defensores desse sistema caracterizam essa realidade de \u201ccrises m\u00faltiplas\u201d. Por\u00e9m, Moema afirma: \u201cN\u00e3o temos m\u00faltiplas crises. Temos uma crise. \u00c9 uma crise de civiliza\u00e7\u00e3o, baseada no consumo ilimitado, na concentra\u00e7\u00e3o de renda e na privatiza\u00e7\u00e3o\u201d.<\/p>\n<p>O te\u00f3logo Leonardo Boff j\u00e1 aponta em seus livros essa tem\u00e1tica que a injusti\u00e7a ambiental est\u00e1 ligada a injusti\u00e7a social. Para Boff, a solu\u00e7\u00e3o tem que partir de uma dimens\u00e3o global e com mudan\u00e7as de paradigmas e h\u00e1bitos de consumo: \u201cPrecisamos da solidariedade universal, da responsabilidade coletiva e do cuidado por tudo o que vive e existe (n\u00e3o somos os \u00fanicos a viver neste planeta nem a usar a biosfera). \u00c9 fundamental a consci\u00eancia da interdepend\u00eancia entre todos e da unidade Terra e humanidade\u201d.<\/p>\n<h3>Campanha Mundial: N\u00e3o \u00e0 \u201cEconomia Verde\u201d<\/h3>\n<p>O termo economia verde, originalmente, tem um significado positivo quando associado com a agricultura org\u00e2nica, energia renov\u00e1vel, tecnologias limpas, equidade social e distribui\u00e7\u00e3o de recursos. No entanto, a no\u00e7\u00e3o de \u201ceconomia verde&#8221; gerido pelos governos est\u00e1 no caminho oposto. \u00c9 basicamente o capitalismo renovado, em face de sua crise, aumentando bases operacionais de privatiza\u00e7\u00e3o da natureza e consequentemente aumento da pobreza. Este foi o debate que norteou um dos GTs Oficiais do F\u00f3rum Social Tem\u00e1tico em Porto Alegre, em janeiro deste ano. Como encaminhamento concreto desse GT, os participantes, de diversos pa\u00edses, em comum acordo, se reuniram no pen\u00faltimo dia do F\u00f3rum para organizar uma Campanha Mundial contra a \u201cEconomia Verde\u201d da forma que est\u00e1 sendo posta. Por isso, no logo da Campanha se valoriza o uso das aspas, para diferenciar do conceito original. \u201c\u00c9 uma Campanha para frear esse novo paradigma mercantilizador da vida que vai se desenvolver nas pr\u00f3ximas d\u00e9cadas\u201d, explica Pablo S\u00f3lon, boliviano, um dos idealizadores da Campanha.<br \/>\nN\u00e3o \u00e0 \u201cEconomia Verde\u201d n\u00e3o \u00e9 uma campanha para criar uma nova mobiliza\u00e7\u00e3o e, sim, gerar um espa\u00e7o para articular as iniciativas que j\u00e1 est\u00e3o acontecendo em todo o mundo, contra esse extrativismo selvagem. Por exemplo, lugar no Brasil contra a constru\u00e7\u00e3o da hidrel\u00e9trica de Belo Monte \u00e9 uma a\u00e7\u00e3o \u201cContra a Economia Verde\u201d, assim como a luta contra a o C\u00f3digo Florestal entre outras.<br \/>\nNo dia da organiza\u00e7\u00e3o da campanha, em Porto Alegre, tirou-se uma agenda comum para a realiza\u00e7\u00e3o de atividades globais para dar visibilidade \u00e0 campanha. Uma das datas foi a Semana do Dia Internacional da \u00c1gua, comemorada no dia 22 de mar\u00e7o. O Sefras e o Sinfrajupe, representando o Brasil neste grupo, promovem a apresenta\u00e7\u00e3o e o lan\u00e7amento da Campanha com o Semin\u00e1rio sobre Justi\u00e7a Ambiental, no dia 24 de mar\u00e7o.<\/p>\n<p><strong>Programa\u00e7\u00e3o do Semin\u00e1rio:<\/strong><br \/>\n<strong>10h00<\/strong> &#8211; Abertura<br \/>\n<strong>10h15<\/strong> &#8211; Tema 1: Panorama dos Movimentos Sociais na atualidade<br \/>\n<strong>10h45<\/strong> &#8211; Tema 2: Conhecendo os processos em torno da Rio+20 e da C\u00fapula dos Povos<br \/>\n<strong>11h15<\/strong> &#8211; Tema 3: An\u00e1lise e Cr\u00edtica ao Documento Zero da Rio+20<br \/>\n<strong>11h45<\/strong> &#8211; Intervalo \u2013 Lanche<br \/>\n<strong>12h00<\/strong> &#8211; Tema 3: Cr\u00edtica \u00e0 \u201cEconomia Verde\u201d a partir da \u00f3tica franciscana<br \/>\n<strong>12h30<\/strong> &#8211; Tema 4: Apresenta\u00e7\u00e3o da Campanha Mundial N\u00e3o \u00e0 \u201cEconomia Verde\u201d<br \/>\n<strong>13h00<\/strong> \u2013 Debate e considera\u00e7\u00f5es finais<\/p>\n<p><strong>Servi\u00e7o:<\/strong><br \/>\n<strong>Dia:<\/strong> 24 de mar\u00e7o (s\u00e1bado)<br \/>\n<strong>Local<\/strong>: Sal\u00e3o do Centro Franciscano &#8211; Rua Riachuelo, 268 \u2013 Centro de S\u00e3o Paulo (Atr\u00e1s do Largo S\u00e3o Francisco) \u2013 Metr\u00f4 S\u00e9<br \/>\n<strong>Hora<\/strong>: Das 10h \u00e0s 13h<br \/>\n<strong>Obs:<\/strong> Os participantes s\u00e3o convidados a trazer o seu copo ou caneca pessoal para o uso durante o lanche, como gesto para diminuir o uso de materiais descart\u00e1veis.<\/p>\n<p><strong>Fabiano Viana, do Servi\u00e7o Franciscano de Solidariedade<\/strong><\/p>\n","protected":false},"excerpt":{"rendered":"<p>Sefras<\/p>\n","protected":false},"author":1,"featured_media":210917,"comment_status":"closed","ping_status":"closed","sticky":false,"template":"","format":"standard","meta":[],"categories":[1],"tags":[227,228],"acf":[],"yoast_head":"<!-- This site is optimized with the Yoast SEO plugin v19.2 - https:\/\/yoast.com\/wordpress\/plugins\/seo\/ -->\n<title>Semin\u00e1rio discute mercantiliza\u00e7\u00e3o da vida e lan\u00e7a campanha - Not\u00edcias - Franciscanos<\/title>\n<meta name=\"robots\" content=\"index, follow, max-snippet:-1, max-image-preview:large, max-video-preview:-1\" \/>\n<link rel=\"canonical\" href=\"https:\/\/franciscanos.org.br\/noticias\/seminario-discute-mercantilizacao-da-vida-e-lanca-campanha-nao-a-economia-verde.html\" \/>\n<meta property=\"og:locale\" content=\"pt_BR\" \/>\n<meta property=\"og:type\" content=\"article\" \/>\n<meta property=\"og:title\" content=\"Semin\u00e1rio discute mercantiliza\u00e7\u00e3o da vida e lan\u00e7a campanha - Not\u00edcias - Franciscanos\" \/>\n<meta property=\"og:description\" content=\"Sefras\" \/>\n<meta property=\"og:url\" content=\"https:\/\/franciscanos.org.br\/noticias\/seminario-discute-mercantilizacao-da-vida-e-lanca-campanha-nao-a-economia-verde.html\" \/>\n<meta property=\"og:site_name\" content=\"Not\u00edcias - Franciscanos\" \/>\n<meta property=\"article:published_time\" content=\"2012-03-19T11:20:37+00:00\" \/>\n<meta property=\"article:modified_time\" content=\"2019-09-13T16:38:01+00:00\" \/>\n<meta property=\"og:image\" content=\"https:\/\/franciscanos.org.br\/noticias\/wp-content\/uploads\/2012\/03\/sefras_cartaz_g19.jpg\" \/>\n\t<meta property=\"og:image:width\" content=\"273\" \/>\n\t<meta property=\"og:image:height\" content=\"182\" \/>\n\t<meta property=\"og:image:type\" content=\"image\/jpeg\" \/>\n<meta name=\"author\" content=\"admin\" \/>\n<meta name=\"twitter:card\" content=\"summary_large_image\" \/>\n<meta name=\"twitter:label1\" content=\"Escrito por\" \/>\n\t<meta name=\"twitter:data1\" content=\"admin\" \/>\n\t<meta name=\"twitter:label2\" content=\"Est. tempo de leitura\" \/>\n\t<meta name=\"twitter:data2\" content=\"6 minutos\" \/>\n<script type=\"application\/ld+json\" class=\"yoast-schema-graph\">{\"@context\":\"https:\/\/schema.org\",\"@graph\":[{\"@type\":\"WebSite\",\"@id\":\"https:\/\/franciscanos.org.br\/noticias\/#website\",\"url\":\"https:\/\/franciscanos.org.br\/noticias\/\",\"name\":\"Not\u00edcias - Franciscanos\",\"description\":\"Prov\u00edncia Franciscana da Imaculada Concei\u00e7\u00e3o do Brasil - Ordem dos Frades Menores - OFM\",\"potentialAction\":[{\"@type\":\"SearchAction\",\"target\":{\"@type\":\"EntryPoint\",\"urlTemplate\":\"https:\/\/franciscanos.org.br\/noticias\/?s={search_term_string}\"},\"query-input\":\"required name=search_term_string\"}],\"inLanguage\":\"pt-BR\"},{\"@type\":\"ImageObject\",\"inLanguage\":\"pt-BR\",\"@id\":\"https:\/\/franciscanos.org.br\/noticias\/seminario-discute-mercantilizacao-da-vida-e-lanca-campanha-nao-a-economia-verde.html#primaryimage\",\"url\":\"https:\/\/franciscanos.org.br\/noticias\/wp-content\/uploads\/2012\/03\/sefras_cartaz_g19.jpg\",\"contentUrl\":\"https:\/\/franciscanos.org.br\/noticias\/wp-content\/uploads\/2012\/03\/sefras_cartaz_g19.jpg\",\"width\":273,\"height\":182},{\"@type\":\"WebPage\",\"@id\":\"https:\/\/franciscanos.org.br\/noticias\/seminario-discute-mercantilizacao-da-vida-e-lanca-campanha-nao-a-economia-verde.html#webpage\",\"url\":\"https:\/\/franciscanos.org.br\/noticias\/seminario-discute-mercantilizacao-da-vida-e-lanca-campanha-nao-a-economia-verde.html\",\"name\":\"Semin\u00e1rio discute mercantiliza\u00e7\u00e3o da vida e lan\u00e7a campanha - Not\u00edcias - Franciscanos\",\"isPartOf\":{\"@id\":\"https:\/\/franciscanos.org.br\/noticias\/#website\"},\"primaryImageOfPage\":{\"@id\":\"https:\/\/franciscanos.org.br\/noticias\/seminario-discute-mercantilizacao-da-vida-e-lanca-campanha-nao-a-economia-verde.html#primaryimage\"},\"datePublished\":\"2012-03-19T11:20:37+00:00\",\"dateModified\":\"2019-09-13T16:38:01+00:00\",\"author\":{\"@id\":\"https:\/\/franciscanos.org.br\/noticias\/#\/schema\/person\/b38fbf43118f02820bd932f2e4b14ad3\"},\"breadcrumb\":{\"@id\":\"https:\/\/franciscanos.org.br\/noticias\/seminario-discute-mercantilizacao-da-vida-e-lanca-campanha-nao-a-economia-verde.html#breadcrumb\"},\"inLanguage\":\"pt-BR\",\"potentialAction\":[{\"@type\":\"ReadAction\",\"target\":[\"https:\/\/franciscanos.org.br\/noticias\/seminario-discute-mercantilizacao-da-vida-e-lanca-campanha-nao-a-economia-verde.html\"]}]},{\"@type\":\"BreadcrumbList\",\"@id\":\"https:\/\/franciscanos.org.br\/noticias\/seminario-discute-mercantilizacao-da-vida-e-lanca-campanha-nao-a-economia-verde.html#breadcrumb\",\"itemListElement\":[{\"@type\":\"ListItem\",\"position\":1,\"name\":\"Home\",\"item\":\"https:\/\/franciscanos.org.br\/noticias\"},{\"@type\":\"ListItem\",\"position\":2,\"name\":\"Semin\u00e1rio discute mercantiliza\u00e7\u00e3o da vida e lan\u00e7a campanha\"}]},{\"@type\":\"Person\",\"@id\":\"https:\/\/franciscanos.org.br\/noticias\/#\/schema\/person\/b38fbf43118f02820bd932f2e4b14ad3\",\"name\":\"admin\",\"image\":{\"@type\":\"ImageObject\",\"inLanguage\":\"pt-BR\",\"@id\":\"https:\/\/franciscanos.org.br\/noticias\/#\/schema\/person\/image\/\",\"url\":\"https:\/\/secure.gravatar.com\/avatar\/e8495742d34d0ba6448ea1c628263b3e?s=96&d=mm&r=g\",\"contentUrl\":\"https:\/\/secure.gravatar.com\/avatar\/e8495742d34d0ba6448ea1c628263b3e?s=96&d=mm&r=g\",\"caption\":\"admin\"},\"url\":\"https:\/\/franciscanos.org.br\/noticias\/author\/admin\"}]}<\/script>\n<!-- \/ Yoast SEO plugin. -->","yoast_head_json":{"title":"Semin\u00e1rio discute mercantiliza\u00e7\u00e3o da vida e lan\u00e7a campanha - Not\u00edcias - Franciscanos","robots":{"index":"index","follow":"follow","max-snippet":"max-snippet:-1","max-image-preview":"max-image-preview:large","max-video-preview":"max-video-preview:-1"},"canonical":"https:\/\/franciscanos.org.br\/noticias\/seminario-discute-mercantilizacao-da-vida-e-lanca-campanha-nao-a-economia-verde.html","og_locale":"pt_BR","og_type":"article","og_title":"Semin\u00e1rio discute mercantiliza\u00e7\u00e3o da vida e lan\u00e7a campanha - Not\u00edcias - Franciscanos","og_description":"Sefras","og_url":"https:\/\/franciscanos.org.br\/noticias\/seminario-discute-mercantilizacao-da-vida-e-lanca-campanha-nao-a-economia-verde.html","og_site_name":"Not\u00edcias - Franciscanos","article_published_time":"2012-03-19T11:20:37+00:00","article_modified_time":"2019-09-13T16:38:01+00:00","og_image":[{"width":273,"height":182,"url":"https:\/\/franciscanos.org.br\/noticias\/wp-content\/uploads\/2012\/03\/sefras_cartaz_g19.jpg","type":"image\/jpeg"}],"author":"admin","twitter_card":"summary_large_image","twitter_misc":{"Escrito por":"admin","Est. tempo de leitura":"6 minutos"},"schema":{"@context":"https:\/\/schema.org","@graph":[{"@type":"WebSite","@id":"https:\/\/franciscanos.org.br\/noticias\/#website","url":"https:\/\/franciscanos.org.br\/noticias\/","name":"Not\u00edcias - Franciscanos","description":"Prov\u00edncia Franciscana da Imaculada Concei\u00e7\u00e3o do Brasil - Ordem dos Frades Menores - OFM","potentialAction":[{"@type":"SearchAction","target":{"@type":"EntryPoint","urlTemplate":"https:\/\/franciscanos.org.br\/noticias\/?s={search_term_string}"},"query-input":"required name=search_term_string"}],"inLanguage":"pt-BR"},{"@type":"ImageObject","inLanguage":"pt-BR","@id":"https:\/\/franciscanos.org.br\/noticias\/seminario-discute-mercantilizacao-da-vida-e-lanca-campanha-nao-a-economia-verde.html#primaryimage","url":"https:\/\/franciscanos.org.br\/noticias\/wp-content\/uploads\/2012\/03\/sefras_cartaz_g19.jpg","contentUrl":"https:\/\/franciscanos.org.br\/noticias\/wp-content\/uploads\/2012\/03\/sefras_cartaz_g19.jpg","width":273,"height":182},{"@type":"WebPage","@id":"https:\/\/franciscanos.org.br\/noticias\/seminario-discute-mercantilizacao-da-vida-e-lanca-campanha-nao-a-economia-verde.html#webpage","url":"https:\/\/franciscanos.org.br\/noticias\/seminario-discute-mercantilizacao-da-vida-e-lanca-campanha-nao-a-economia-verde.html","name":"Semin\u00e1rio discute mercantiliza\u00e7\u00e3o da vida e lan\u00e7a campanha - Not\u00edcias - Franciscanos","isPartOf":{"@id":"https:\/\/franciscanos.org.br\/noticias\/#website"},"primaryImageOfPage":{"@id":"https:\/\/franciscanos.org.br\/noticias\/seminario-discute-mercantilizacao-da-vida-e-lanca-campanha-nao-a-economia-verde.html#primaryimage"},"datePublished":"2012-03-19T11:20:37+00:00","dateModified":"2019-09-13T16:38:01+00:00","author":{"@id":"https:\/\/franciscanos.org.br\/noticias\/#\/schema\/person\/b38fbf43118f02820bd932f2e4b14ad3"},"breadcrumb":{"@id":"https:\/\/franciscanos.org.br\/noticias\/seminario-discute-mercantilizacao-da-vida-e-lanca-campanha-nao-a-economia-verde.html#breadcrumb"},"inLanguage":"pt-BR","potentialAction":[{"@type":"ReadAction","target":["https:\/\/franciscanos.org.br\/noticias\/seminario-discute-mercantilizacao-da-vida-e-lanca-campanha-nao-a-economia-verde.html"]}]},{"@type":"BreadcrumbList","@id":"https:\/\/franciscanos.org.br\/noticias\/seminario-discute-mercantilizacao-da-vida-e-lanca-campanha-nao-a-economia-verde.html#breadcrumb","itemListElement":[{"@type":"ListItem","position":1,"name":"Home","item":"https:\/\/franciscanos.org.br\/noticias"},{"@type":"ListItem","position":2,"name":"Semin\u00e1rio discute mercantiliza\u00e7\u00e3o da vida e lan\u00e7a campanha"}]},{"@type":"Person","@id":"https:\/\/franciscanos.org.br\/noticias\/#\/schema\/person\/b38fbf43118f02820bd932f2e4b14ad3","name":"admin","image":{"@type":"ImageObject","inLanguage":"pt-BR","@id":"https:\/\/franciscanos.org.br\/noticias\/#\/schema\/person\/image\/","url":"https:\/\/secure.gravatar.com\/avatar\/e8495742d34d0ba6448ea1c628263b3e?s=96&d=mm&r=g","contentUrl":"https:\/\/secure.gravatar.com\/avatar\/e8495742d34d0ba6448ea1c628263b3e?s=96&d=mm&r=g","caption":"admin"},"url":"https:\/\/franciscanos.org.br\/noticias\/author\/admin"}]}},"_links":{"self":[{"href":"https:\/\/franciscanos.org.br\/noticias\/wp-json\/wp\/v2\/posts\/13396"}],"collection":[{"href":"https:\/\/franciscanos.org.br\/noticias\/wp-json\/wp\/v2\/posts"}],"about":[{"href":"https:\/\/franciscanos.org.br\/noticias\/wp-json\/wp\/v2\/types\/post"}],"author":[{"embeddable":true,"href":"https:\/\/franciscanos.org.br\/noticias\/wp-json\/wp\/v2\/users\/1"}],"replies":[{"embeddable":true,"href":"https:\/\/franciscanos.org.br\/noticias\/wp-json\/wp\/v2\/comments?post=13396"}],"version-history":[{"count":0,"href":"https:\/\/franciscanos.org.br\/noticias\/wp-json\/wp\/v2\/posts\/13396\/revisions"}],"wp:featuredmedia":[{"embeddable":true,"href":"https:\/\/franciscanos.org.br\/noticias\/wp-json\/wp\/v2\/media\/210917"}],"wp:attachment":[{"href":"https:\/\/franciscanos.org.br\/noticias\/wp-json\/wp\/v2\/media?parent=13396"}],"wp:term":[{"taxonomy":"category","embeddable":true,"href":"https:\/\/franciscanos.org.br\/noticias\/wp-json\/wp\/v2\/categories?post=13396"},{"taxonomy":"post_tag","embeddable":true,"href":"https:\/\/franciscanos.org.br\/noticias\/wp-json\/wp\/v2\/tags?post=13396"}],"curies":[{"name":"wp","href":"https:\/\/api.w.org\/{rel}","templated":true}]}}