{"id":133929,"date":"2017-05-26T07:27:46","date_gmt":"2017-05-26T10:27:46","guid":{"rendered":"http:\/\/franciscanos.org.br\/?p=133929"},"modified":"2020-06-08T19:52:41","modified_gmt":"2020-06-08T22:52:41","slug":"papa-francisco-nao-adianta-falar-como-jesus-e-como-a-vida-crista-mas-viver-como-um-pagao","status":"publish","type":"post","link":"https:\/\/franciscanos.org.br\/noticias\/papa-francisco-nao-adianta-falar-como-jesus-e-como-a-vida-crista-mas-viver-como-um-pagao.html","title":{"rendered":"N\u00e3o adianta falar como Jesus mas viver como pag\u00e3o"},"content":{"rendered":"<p><img loading=\"lazy\" class=\"alignleft\" src=\"http:\/\/franciscanos.org.br\/wp-content\/uploads\/2017\/05\/papa_260617.jpg\" alt=\"papa_260617\" width=\"820\" height=\"432\" \/><\/p>\n<p><strong>Cidade do Vaticano<\/strong> \u2013 Nesta sexta-feira (26\/05), o Papa Francisco presidiu a Missa matutina na capela da Casa Santa Marta e na homilia, afirmou que \u201cas Escrituras nos indicam tr\u00eas pontos de refer\u00eancia no caminho crist\u00e3o\u201d.<\/p>\n<p>O primeiro \u00e9 a mem\u00f3ria. Jesus ressuscitado diz aos disc\u00edpulos que o precedam na Galileia: este foi o primeiro encontro com o Senhor. E \u201ccada um de n\u00f3s tem a sua pr\u00f3pria Galileia\u201d, aquele lugar aonde Jesus se manifestou pela primeira vez, o conhecemos e \u201ctivemos a alegria e o entusiasmo de segui-lo\u201d. Para ser um bom crist\u00e3o, precisamos sempre nos lembrar do primeiro encontro com Jesus ou dos seguintes\u201d. Esta \u00e9 \u201ca gra\u00e7a da mem\u00f3ria\u201d, que \u201cno momento da prova\u00e7\u00e3o, me d\u00e1 a certeza\u201d.<\/p>\n<p>O segundo ponto de refer\u00eancia \u00e9 a ora\u00e7\u00e3o. Quando Jesus sobe ao C\u00e9u, ele n\u00e3o se separa de n\u00f3s: \u201cFisicamente sim, mas fica sempre ligado, para interceder por n\u00f3s. Mostra ao Pai as chagas, o pre\u00e7o que pagou por n\u00f3s e pela nossa salva\u00e7\u00e3o\u201d. Assim, \u201cdevemos pedir a gra\u00e7a de contemplar o C\u00e9u, a gra\u00e7a da ora\u00e7\u00e3o, a rela\u00e7\u00e3o com Jesus na ora\u00e7\u00e3o que neste momento nos ouve, est\u00e1 conosco\u201d: \u201cEnfim, o terceiro: o mundo. Antes de ir, Jesus diz aos disc\u00edpulos: \u2018Ide mundo afora e fa\u00e7am disc\u00edpulos\u2019. Ide. O lugar dos crist\u00e3os \u00e9 o mundo no qual anunciar a Palavra de Jesus, para dizer que fomos salvos, que Ele veio para nos dar a gra\u00e7a, para nos levar com Ele diante do Pai\u201d.<\/p>\n<p>Esta \u00e9 \u2013 observou Francisco \u2013 a \u201ctopografia do esp\u00edrito crist\u00e3o\u201d, os tr\u00eas lugares de refer\u00eancia de nossa vida: a mem\u00f3ria, a ora\u00e7\u00e3o e a miss\u00e3o; e as tr\u00eas palavras de nosso caminho: Galileia, C\u00e9u e Mundo: \u201cUm crist\u00e3o deve agir nestas tr\u00eas dimens\u00f5es e pedir a gra\u00e7a da mem\u00f3ria: \u201cQue n\u00e3o me esque\u00e7a do momento que me elegeu, que n\u00e3o esque\u00e7a do momento em que nos encontramos\u201d, dizendo ao Senhor. Depois, rezar e olhar ao C\u00e9u, porque Ele est\u00e1 ali para interceder. Ele intercede por n\u00f3s. E depois, sair em miss\u00e3o&#8230; n\u00e3o quer dizer que todos devem ir ao exterior; ir em miss\u00e3o \u00e9 viver e dar testemunho do Evangelho; \u00e9 fazer saber aos outros como \u00e9 Jesus. Mas fazer isso com o testemunho e com a Palavra, porque se eu falar como Jesus e como a vida crist\u00e3, mas viver como um pag\u00e3o, n\u00e3o adianta. A miss\u00e3o n\u00e3o funciona\u201d.<\/p>\n<p>Se, ao contr\u00e1rio, vivemos na mem\u00f3ria, na ora\u00e7\u00e3o e em miss\u00e3o \u2013 concluiu Francisco \u2013 a vida crist\u00e3 ser\u00e1 bela e tamb\u00e9m alegre: \u201cE esta \u00e9 a \u00faltima frase que Jesus nos diz no Evangelho de hoje: \u201cNaquele dia, no dia em que viverem a vida crist\u00e3 assim, voc\u00eas saber\u00e3o tudo e ningu\u00e9m poder\u00e1 lhes tirar a alegria\u201d. Ningu\u00e9m, porque terei a mem\u00f3ria do encontro com Jesus e a certeza que Jesus est\u00e1 no C\u00e9u e intercede por mim, est\u00e1 comigo, eu rezo e tenho a coragem de dizer, de sair de mim, dizer aos outros e dar testemunho com a minha vida que o Senhor ressuscitou, est\u00e1 vivo. Mem\u00f3ria, ora\u00e7\u00e3o e miss\u00e3o. Que o Senhor nos d\u00ea a gra\u00e7a de entender esta topografia da vida crist\u00e3 e seguir adiante com alegria, aquela alegria que ningu\u00e9m pode nos tirar\u201d.<\/p>\n<p><strong>VISITA PASTORAL<\/strong><\/p>\n<p>Neste s\u00e1bado (27\/05), o Papa Francisco ir\u00e1 \u00e0 cidade italiana de G\u00eanova \u2013 noroeste da Pen\u00ednsula &#8211; em visita pastoral. Um dos compromissos mais aguardados \u00e9, certamente, o encontro com as crian\u00e7as enfermas e seus familiares no Hospital pedi\u00e1trico \u201cGiannina Gaslini\u201d. Na tarde desta quarta-feira o Santo Padre fez uma bela surpresa aos pequenos pacientes daquela estrutura hospitalar.<\/p>\n","protected":false},"excerpt":{"rendered":"<p>Missa em Santa Marta<\/p>\n","protected":false},"author":1,"featured_media":198300,"comment_status":"open","ping_status":"open","sticky":false,"template":"","format":"standard","meta":[],"categories":[1428],"tags":[1586],"acf":[],"yoast_head":"<!-- This site is optimized with the Yoast SEO plugin v19.2 - https:\/\/yoast.com\/wordpress\/plugins\/seo\/ -->\n<title>N\u00e3o adianta falar como Jesus mas viver como pag\u00e3o - Not\u00edcias - Franciscanos<\/title>\n<meta name=\"robots\" content=\"index, follow, max-snippet:-1, max-image-preview:large, max-video-preview:-1\" \/>\n<link rel=\"canonical\" href=\"https:\/\/franciscanos.org.br\/noticias\/papa-francisco-nao-adianta-falar-como-jesus-e-como-a-vida-crista-mas-viver-como-um-pagao.html\" \/>\n<meta property=\"og:locale\" content=\"pt_BR\" \/>\n<meta property=\"og:type\" content=\"article\" \/>\n<meta property=\"og:title\" content=\"N\u00e3o adianta falar como Jesus mas viver como pag\u00e3o - Not\u00edcias - Franciscanos\" \/>\n<meta property=\"og:description\" content=\"Missa em Santa Marta\" \/>\n<meta property=\"og:url\" content=\"https:\/\/franciscanos.org.br\/noticias\/papa-francisco-nao-adianta-falar-como-jesus-e-como-a-vida-crista-mas-viver-como-um-pagao.html\" \/>\n<meta property=\"og:site_name\" content=\"Not\u00edcias - Franciscanos\" \/>\n<meta property=\"article:published_time\" content=\"2017-05-26T10:27:46+00:00\" \/>\n<meta property=\"article:modified_time\" content=\"2020-06-08T22:52:41+00:00\" \/>\n<meta property=\"og:image\" content=\"https:\/\/franciscanos.org.br\/noticias\/wp-content\/uploads\/2017\/05\/papa_260617.jpg\" \/>\n\t<meta property=\"og:image:width\" content=\"273\" \/>\n\t<meta property=\"og:image:height\" content=\"181\" \/>\n\t<meta property=\"og:image:type\" content=\"image\/jpeg\" \/>\n<meta name=\"author\" content=\"admin\" \/>\n<meta name=\"twitter:card\" content=\"summary_large_image\" \/>\n<meta name=\"twitter:label1\" content=\"Escrito por\" \/>\n\t<meta name=\"twitter:data1\" content=\"admin\" \/>\n\t<meta name=\"twitter:label2\" content=\"Est. tempo de leitura\" \/>\n\t<meta name=\"twitter:data2\" content=\"3 minutos\" \/>\n<script type=\"application\/ld+json\" class=\"yoast-schema-graph\">{\"@context\":\"https:\/\/schema.org\",\"@graph\":[{\"@type\":\"WebSite\",\"@id\":\"https:\/\/franciscanos.org.br\/noticias\/#website\",\"url\":\"https:\/\/franciscanos.org.br\/noticias\/\",\"name\":\"Not\u00edcias - Franciscanos\",\"description\":\"Prov\u00edncia Franciscana da Imaculada Concei\u00e7\u00e3o do Brasil - Ordem dos Frades Menores - OFM\",\"potentialAction\":[{\"@type\":\"SearchAction\",\"target\":{\"@type\":\"EntryPoint\",\"urlTemplate\":\"https:\/\/franciscanos.org.br\/noticias\/?s={search_term_string}\"},\"query-input\":\"required name=search_term_string\"}],\"inLanguage\":\"pt-BR\"},{\"@type\":\"ImageObject\",\"inLanguage\":\"pt-BR\",\"@id\":\"https:\/\/franciscanos.org.br\/noticias\/papa-francisco-nao-adianta-falar-como-jesus-e-como-a-vida-crista-mas-viver-como-um-pagao.html#primaryimage\",\"url\":\"https:\/\/franciscanos.org.br\/noticias\/wp-content\/uploads\/2017\/05\/papa_260617.jpg\",\"contentUrl\":\"https:\/\/franciscanos.org.br\/noticias\/wp-content\/uploads\/2017\/05\/papa_260617.jpg\",\"width\":273,\"height\":181},{\"@type\":\"WebPage\",\"@id\":\"https:\/\/franciscanos.org.br\/noticias\/papa-francisco-nao-adianta-falar-como-jesus-e-como-a-vida-crista-mas-viver-como-um-pagao.html#webpage\",\"url\":\"https:\/\/franciscanos.org.br\/noticias\/papa-francisco-nao-adianta-falar-como-jesus-e-como-a-vida-crista-mas-viver-como-um-pagao.html\",\"name\":\"N\u00e3o adianta falar como Jesus mas viver como pag\u00e3o - Not\u00edcias - Franciscanos\",\"isPartOf\":{\"@id\":\"https:\/\/franciscanos.org.br\/noticias\/#website\"},\"primaryImageOfPage\":{\"@id\":\"https:\/\/franciscanos.org.br\/noticias\/papa-francisco-nao-adianta-falar-como-jesus-e-como-a-vida-crista-mas-viver-como-um-pagao.html#primaryimage\"},\"datePublished\":\"2017-05-26T10:27:46+00:00\",\"dateModified\":\"2020-06-08T22:52:41+00:00\",\"author\":{\"@id\":\"https:\/\/franciscanos.org.br\/noticias\/#\/schema\/person\/b38fbf43118f02820bd932f2e4b14ad3\"},\"breadcrumb\":{\"@id\":\"https:\/\/franciscanos.org.br\/noticias\/papa-francisco-nao-adianta-falar-como-jesus-e-como-a-vida-crista-mas-viver-como-um-pagao.html#breadcrumb\"},\"inLanguage\":\"pt-BR\",\"potentialAction\":[{\"@type\":\"ReadAction\",\"target\":[\"https:\/\/franciscanos.org.br\/noticias\/papa-francisco-nao-adianta-falar-como-jesus-e-como-a-vida-crista-mas-viver-como-um-pagao.html\"]}]},{\"@type\":\"BreadcrumbList\",\"@id\":\"https:\/\/franciscanos.org.br\/noticias\/papa-francisco-nao-adianta-falar-como-jesus-e-como-a-vida-crista-mas-viver-como-um-pagao.html#breadcrumb\",\"itemListElement\":[{\"@type\":\"ListItem\",\"position\":1,\"name\":\"Home\",\"item\":\"https:\/\/franciscanos.org.br\/noticias\"},{\"@type\":\"ListItem\",\"position\":2,\"name\":\"N\u00e3o adianta falar como Jesus mas viver como pag\u00e3o\"}]},{\"@type\":\"Person\",\"@id\":\"https:\/\/franciscanos.org.br\/noticias\/#\/schema\/person\/b38fbf43118f02820bd932f2e4b14ad3\",\"name\":\"admin\",\"image\":{\"@type\":\"ImageObject\",\"inLanguage\":\"pt-BR\",\"@id\":\"https:\/\/franciscanos.org.br\/noticias\/#\/schema\/person\/image\/\",\"url\":\"https:\/\/secure.gravatar.com\/avatar\/e8495742d34d0ba6448ea1c628263b3e?s=96&d=mm&r=g\",\"contentUrl\":\"https:\/\/secure.gravatar.com\/avatar\/e8495742d34d0ba6448ea1c628263b3e?s=96&d=mm&r=g\",\"caption\":\"admin\"},\"url\":\"https:\/\/franciscanos.org.br\/noticias\/author\/admin\"}]}<\/script>\n<!-- \/ Yoast SEO plugin. -->","yoast_head_json":{"title":"N\u00e3o adianta falar como Jesus mas viver como pag\u00e3o - Not\u00edcias - Franciscanos","robots":{"index":"index","follow":"follow","max-snippet":"max-snippet:-1","max-image-preview":"max-image-preview:large","max-video-preview":"max-video-preview:-1"},"canonical":"https:\/\/franciscanos.org.br\/noticias\/papa-francisco-nao-adianta-falar-como-jesus-e-como-a-vida-crista-mas-viver-como-um-pagao.html","og_locale":"pt_BR","og_type":"article","og_title":"N\u00e3o adianta falar como Jesus mas viver como pag\u00e3o - Not\u00edcias - Franciscanos","og_description":"Missa em Santa Marta","og_url":"https:\/\/franciscanos.org.br\/noticias\/papa-francisco-nao-adianta-falar-como-jesus-e-como-a-vida-crista-mas-viver-como-um-pagao.html","og_site_name":"Not\u00edcias - Franciscanos","article_published_time":"2017-05-26T10:27:46+00:00","article_modified_time":"2020-06-08T22:52:41+00:00","og_image":[{"width":273,"height":181,"url":"https:\/\/franciscanos.org.br\/noticias\/wp-content\/uploads\/2017\/05\/papa_260617.jpg","type":"image\/jpeg"}],"author":"admin","twitter_card":"summary_large_image","twitter_misc":{"Escrito por":"admin","Est. tempo de leitura":"3 minutos"},"schema":{"@context":"https:\/\/schema.org","@graph":[{"@type":"WebSite","@id":"https:\/\/franciscanos.org.br\/noticias\/#website","url":"https:\/\/franciscanos.org.br\/noticias\/","name":"Not\u00edcias - Franciscanos","description":"Prov\u00edncia Franciscana da Imaculada Concei\u00e7\u00e3o do Brasil - Ordem dos Frades Menores - OFM","potentialAction":[{"@type":"SearchAction","target":{"@type":"EntryPoint","urlTemplate":"https:\/\/franciscanos.org.br\/noticias\/?s={search_term_string}"},"query-input":"required name=search_term_string"}],"inLanguage":"pt-BR"},{"@type":"ImageObject","inLanguage":"pt-BR","@id":"https:\/\/franciscanos.org.br\/noticias\/papa-francisco-nao-adianta-falar-como-jesus-e-como-a-vida-crista-mas-viver-como-um-pagao.html#primaryimage","url":"https:\/\/franciscanos.org.br\/noticias\/wp-content\/uploads\/2017\/05\/papa_260617.jpg","contentUrl":"https:\/\/franciscanos.org.br\/noticias\/wp-content\/uploads\/2017\/05\/papa_260617.jpg","width":273,"height":181},{"@type":"WebPage","@id":"https:\/\/franciscanos.org.br\/noticias\/papa-francisco-nao-adianta-falar-como-jesus-e-como-a-vida-crista-mas-viver-como-um-pagao.html#webpage","url":"https:\/\/franciscanos.org.br\/noticias\/papa-francisco-nao-adianta-falar-como-jesus-e-como-a-vida-crista-mas-viver-como-um-pagao.html","name":"N\u00e3o adianta falar como Jesus mas viver como pag\u00e3o - Not\u00edcias - Franciscanos","isPartOf":{"@id":"https:\/\/franciscanos.org.br\/noticias\/#website"},"primaryImageOfPage":{"@id":"https:\/\/franciscanos.org.br\/noticias\/papa-francisco-nao-adianta-falar-como-jesus-e-como-a-vida-crista-mas-viver-como-um-pagao.html#primaryimage"},"datePublished":"2017-05-26T10:27:46+00:00","dateModified":"2020-06-08T22:52:41+00:00","author":{"@id":"https:\/\/franciscanos.org.br\/noticias\/#\/schema\/person\/b38fbf43118f02820bd932f2e4b14ad3"},"breadcrumb":{"@id":"https:\/\/franciscanos.org.br\/noticias\/papa-francisco-nao-adianta-falar-como-jesus-e-como-a-vida-crista-mas-viver-como-um-pagao.html#breadcrumb"},"inLanguage":"pt-BR","potentialAction":[{"@type":"ReadAction","target":["https:\/\/franciscanos.org.br\/noticias\/papa-francisco-nao-adianta-falar-como-jesus-e-como-a-vida-crista-mas-viver-como-um-pagao.html"]}]},{"@type":"BreadcrumbList","@id":"https:\/\/franciscanos.org.br\/noticias\/papa-francisco-nao-adianta-falar-como-jesus-e-como-a-vida-crista-mas-viver-como-um-pagao.html#breadcrumb","itemListElement":[{"@type":"ListItem","position":1,"name":"Home","item":"https:\/\/franciscanos.org.br\/noticias"},{"@type":"ListItem","position":2,"name":"N\u00e3o adianta falar como Jesus mas viver como pag\u00e3o"}]},{"@type":"Person","@id":"https:\/\/franciscanos.org.br\/noticias\/#\/schema\/person\/b38fbf43118f02820bd932f2e4b14ad3","name":"admin","image":{"@type":"ImageObject","inLanguage":"pt-BR","@id":"https:\/\/franciscanos.org.br\/noticias\/#\/schema\/person\/image\/","url":"https:\/\/secure.gravatar.com\/avatar\/e8495742d34d0ba6448ea1c628263b3e?s=96&d=mm&r=g","contentUrl":"https:\/\/secure.gravatar.com\/avatar\/e8495742d34d0ba6448ea1c628263b3e?s=96&d=mm&r=g","caption":"admin"},"url":"https:\/\/franciscanos.org.br\/noticias\/author\/admin"}]}},"_links":{"self":[{"href":"https:\/\/franciscanos.org.br\/noticias\/wp-json\/wp\/v2\/posts\/133929"}],"collection":[{"href":"https:\/\/franciscanos.org.br\/noticias\/wp-json\/wp\/v2\/posts"}],"about":[{"href":"https:\/\/franciscanos.org.br\/noticias\/wp-json\/wp\/v2\/types\/post"}],"author":[{"embeddable":true,"href":"https:\/\/franciscanos.org.br\/noticias\/wp-json\/wp\/v2\/users\/1"}],"replies":[{"embeddable":true,"href":"https:\/\/franciscanos.org.br\/noticias\/wp-json\/wp\/v2\/comments?post=133929"}],"version-history":[{"count":1,"href":"https:\/\/franciscanos.org.br\/noticias\/wp-json\/wp\/v2\/posts\/133929\/revisions"}],"predecessor-version":[{"id":225335,"href":"https:\/\/franciscanos.org.br\/noticias\/wp-json\/wp\/v2\/posts\/133929\/revisions\/225335"}],"wp:featuredmedia":[{"embeddable":true,"href":"https:\/\/franciscanos.org.br\/noticias\/wp-json\/wp\/v2\/media\/198300"}],"wp:attachment":[{"href":"https:\/\/franciscanos.org.br\/noticias\/wp-json\/wp\/v2\/media?parent=133929"}],"wp:term":[{"taxonomy":"category","embeddable":true,"href":"https:\/\/franciscanos.org.br\/noticias\/wp-json\/wp\/v2\/categories?post=133929"},{"taxonomy":"post_tag","embeddable":true,"href":"https:\/\/franciscanos.org.br\/noticias\/wp-json\/wp\/v2\/tags?post=133929"}],"curies":[{"name":"wp","href":"https:\/\/api.w.org\/{rel}","templated":true}]}}