{"id":133906,"date":"2017-05-25T14:34:58","date_gmt":"2017-05-25T17:34:58","guid":{"rendered":"http:\/\/franciscanos.org.br\/?p=133906"},"modified":"2019-01-29T15:58:49","modified_gmt":"2019-01-29T17:58:49","slug":"franciscanos-celebram-100-anos-de-paulo-machado","status":"publish","type":"post","link":"https:\/\/franciscanos.org.br\/noticias\/franciscanos-celebram-100-anos-de-paulo-machado.html","title":{"rendered":"Franciscanos celebram 100 anos de Paulo Machado"},"content":{"rendered":"<p><img loading=\"lazy\" class=\"aligncenter\" src=\"http:\/\/franciscanos.org.br\/wp-content\/uploads\/2017\/05\/paulo_250517_2.jpg\" alt=\"paulo_250517_2\" width=\"820\" height=\"461\" \/><\/p>\n<p>O domingo foi de a\u00e7\u00e3o de gra\u00e7as e de festa para a Ordem Franciscana Secular do Brasil (OFS), que reuniu suas fraternidades para homenagear o Paulo Machado da Costa e Silva pela passagem dos seus 100 anos de vida. Paulo Machado, como \u00e9 conhecido por todos, \u00e9 um dos mais conhecidos membros da OFS do Brasil.<\/p>\n<p>Paulo Machado \u00e9 uma s\u00edntese da presen\u00e7a franciscana secular no mundo, seguidor da Regra da OFS em sua atua\u00e7\u00e3o como pai, advogado, escritor, professor de Direito, ex-vereador, presidente da C\u00e2mara Municipal de Petr\u00f3polis (RJ) e diretor do departamento jur\u00eddico da institui\u00e7\u00e3o por 37 anos. \u00c9 reconhecido por todos como um exemplo de vitalidade, sabedoria e de relevantes servi\u00e7os prestados \u00e0 Ordem Franciscana Secular.<\/p>\n<p>Na festividade, desde sua chegada \u00e0 Par\u00f3quia Sagrado Cora\u00e7\u00e3o de Jesus, um grande n\u00famero de irm\u00e3os, familiares e amigos, desde os mais jovens at\u00e9 os mais velhos, se aglomeravam para saudar e parabenizar Paulo Machado. A celebra\u00e7\u00e3o foi presidida pelo ex-assistente nacional da OFS, Frei Almir Ribeiro Guimar\u00e3es, e concelebrada pelos frades Jos\u00e9 Maria Maia Lima, OFMCap., Jos\u00e9 Manuel, TOR, e Frei Luiz Fl\u00e1vio, assistente espiritual da Fraternidade Sagrado Cora\u00e7\u00e3o de Jesus. A cerim\u00f4nia tamb\u00e9m foi acompanhada pelos frades Wellington Buarque de Souza, animador fraterno nacional da Juventude Franciscana (Jufra), e Francisco Ant\u00f4nio da Silva, OFMConv, assistente espiritual do Regional Sudeste II.<\/p>\n<p>Em sua homilia, Frei Almir destacou que no ano em que a Igreja celebra o centen\u00e1rio das apari\u00e7\u00f5es de Nossa Senhora, em F\u00e1tima, Portugal, temos no Brasil a comemora\u00e7\u00e3o pelos 100 anos de irm\u00e3o Paulo Machado, cuja dedica\u00e7\u00e3o, retid\u00e3o e servi\u00e7o em prol da OFS deixou um legado para as futuras gera\u00e7\u00f5es. Frei Almir e reconheceu que a hist\u00f3ria de Paulo Machado se confunde com a hist\u00f3ria da OFS no Brasil, cuja testemunho de vida fraterna exemplar, ilumina o agir dos franciscanos seculares nos desafios postos por uma sociedade marcada por mazelas e corrup\u00e7\u00e3o.<\/p>\n<p>Ainda na celebra\u00e7\u00e3o, Paulo Machado foi agraciado com a visita da rel\u00edquia de S\u00e3o Francisco de Assis que est\u00e1 percorrendo todos os regionais do Brasil em prepara\u00e7\u00e3o para o jubileu de 800 anos da Ordem Franciscana Secular, que ser\u00e1 celebrado em 2021. No encerramento da celebra\u00e7\u00e3o, Frei Almir convidou os frades presentes, o Ministro Nacional e seus predecessores e membros do Conselho Nacional para aben\u00e7oar Paulo Machado com a tradicional B\u00ean\u00e7\u00e3o de S\u00e3o Francisco de Assis.<\/p>\n<p>Ap\u00f3s a singela celebra\u00e7\u00e3o, a Fraternidade Sagrado Cora\u00e7\u00e3o de Jesus recepcionou os convidados para celebrar o anivers\u00e1rio e o testemunho de vida exemplar do irm\u00e3o Paulo Machado.<\/p>\n<h3><img loading=\"lazy\" class=\"aligncenter\" src=\"http:\/\/franciscanos.org.br\/wp-content\/uploads\/2017\/05\/paulo_250517_3.jpg\" alt=\"paulo_250517_3\" width=\"820\" height=\"461\" \/><\/h3>\n<h2>Uma vida dedicada \u00e0 Ordem Franciscana Secular<\/h2>\n<p>Paulo Machado da Costa e Silva nasceu em Petr\u00f3polis, Regi\u00e3o Serrana do Estado do Rio de Janeiro, no dia 17 de maio 1917, filho de Jos\u00e9 Machado e de Iria Machado. Seu pai foi franciscano secular e gerente da Editora Vozes, e sua m\u00e3e, cat\u00f3lica fervorosa e com boa forma\u00e7\u00e3o religiosa, atributos que marcaram sua vida.<\/p>\n<p>Paulo Machado fez sua primeira comunh\u00e3o na Par\u00f3quia do Sagrado Cora\u00e7\u00e3o de Jesus de Petr\u00f3polis. Mais tarde ingressou no Semin\u00e1rio Arquidiocesano de Azambuja, em Brusque, Santa Catarina, mas sua voca\u00e7\u00e3o matrimonial revelou-se e casou-se com Waldemira da Costa e Silva, constituindo com ela uma bela fam\u00edlia.<\/p>\n<p>Machado nos conta que seus primeiros encontros com Francisco de Assis foram silenciosos e frequentes, tanto no ambiente familiar quanto na participa\u00e7\u00e3o com os franciscanos da Par\u00f3quia Sagrado Cora\u00e7\u00e3o de Jesus. Entretanto, o verdadeiro encontro com o \u2018santo de Assis\u2019 se deu quando ingressou na Fraternidade Sagrado Cora\u00e7\u00e3o de Jesus. Foi admitido ao tempo de forma\u00e7\u00e3o na Ordem Terceira Franciscana (OTF), antigo nome da Ordem Franciscana Secular, em 17 de setembro de 1948, e sua profiss\u00e3o definitiva se deu em 4 de outubro de 1949, quando recebeu o nome de Irm\u00e3o Leonel, como era costume na \u00e9poca.<\/p>\n<p>Na Fraternidade do Sagrado Cora\u00e7\u00e3o de Jesus exerceu a fun\u00e7\u00e3o de mestre de novi\u00e7os (formador), de 1950 a 1955, depois de 1959 a 1961, e por \u00faltimo de 1992 a 1996. Foi ministro da fraternidade, por mais de um tri\u00eanio, de 1961 a 1965. No per\u00edodo de 2000 a 2015 exerceu a fun\u00e7\u00e3o de assessor jur\u00eddico da fraternidade local.<\/p>\n<p>O processo de unifica\u00e7\u00e3o da OTF se iniciou a partir da convoca\u00e7\u00e3o do Conc\u00edlio Vaticano II, convocado pelo saudoso irm\u00e3o franciscano secular e papa, Jo\u00e3o XXIII, obra continuada pelo tamb\u00e9m saudoso Papa Paulo VI. A partir de ent\u00e3o, come\u00e7ou a grande efervesc\u00eancia, o \u2018aggiornamento\u2019 que impulsionou o apostolado leigo na Igreja e no mundo. O Conc\u00edlio transcorria em um per\u00edodo de grandes transforma\u00e7\u00f5es e que exigia da Igreja respostas urgentes que requeriam tamb\u00e9m dos franciscanos seculares uma nova postura diante de tantos desafios que se impunham.<\/p>\n<p>No per\u00edodo que antecedeu a forma\u00e7\u00e3o da Fraternidade Nacional Obediencial, participou, em 1955, do Encontro Nacional, em Ipanema, sobre a OTF e sua renova\u00e7\u00e3o. Em 1958, colaborou na tradu\u00e7\u00e3o das Constitui\u00e7\u00f5es da Ordem Terceira Franciscana, de 1957. Em 1963, secretariou o 1.\u00ba Congresso Nacional da Ordem Terceira Franciscana, em S\u00e3o Louren\u00e7o (MG), permanecendo como secret\u00e1rio geral do 2.\u00ba Congresso Nacional da OTF, no Rio de Janeiro e em Caxias do Sul (RS), de 1963 a 1966.<\/p>\n<p>Em outubro de 1967, participou do III Congresso Mundial para o Apostolado dos Leigos, em Roma, It\u00e1lia, como delegado da OTF do Brasil pela obedi\u00eancia da Ordem dos Frades Menores (OFM) e como um dos delegados oficiais da Confer\u00eancia Nacional dos Bispos do Brasil (CNBB). Retornando de Roma, foi nomeado segundo presidente Nacional Obediencial da OTF, em virtude da ren\u00fancia, devido a encargos familiares, da primeira presidente Mariana de Lorena Molina Bastos.<\/p>\n<p>O desdobramento deste grande Conc\u00edlio gerou muitos encontros e congressos, cujas palavras de ordem era \u201cvolta \u00e0s fontes\u201d. \u00c9 desse per\u00edodo a realiza\u00e7\u00e3o do Congresso de Assis, realizado em 1969, no qual toda Fam\u00edlia Franciscana esteve debru\u00e7ada nessa \u00e1rdua tarefa de manter o frescor e o vigor do carisma franciscano no mundo e que trouxeram grandes frutos, inclusive a nova Regra, que nove anos depois receber\u00edamos das m\u00e3os do Papa Paulo VI, em 24 de junho de 1978.<\/p>\n<p><img loading=\"lazy\" class=\"aligncenter\" src=\"http:\/\/franciscanos.org.br\/wp-content\/uploads\/2017\/05\/paulo_250517_1.jpg\" alt=\"paulo_250517_1\" width=\"820\" height=\"372\" \/><\/p>\n<p>A pr\u00f3pria mudan\u00e7a do nome da Ordem Terceira Franciscana para Ordem Franciscana Secular foi apresentada por Paulo Machado. Essa e outras altera\u00e7\u00f5es no texto da Regra visavam atualizar e ampliar a contribui\u00e7\u00e3o dos franciscanos seculares diante dos problemas sociais da \u00e9poca.<\/p>\n<p>Nesse processo de revitaliza\u00e7\u00e3o da regra, Paulo Machado da Costa e Silva atuou brilhantemente e, gra\u00e7as a sua grande habilidade, ajudou no processo de constru\u00e7\u00e3o de uma nova regra para os franciscanos seculares. O Congresso de Assis produziu as memor\u00e1veis \u2018Mo\u00e7\u00f5es de Assis\u2019, que segundo o saudoso Frei Egberto Prangenberg, OFM, \u2018exprimiu o grande desejo da OFS pela unidade\u2019.<\/p>\n<p>Esse desejo continuou sendo constru\u00eddo tamb\u00e9m no Brasil quando, em setembro de 1968, os Conselhos Nacionais Obedienciais da OTF aprovaram um Estatuto Nacional Interobediencial e elegeram seus respectivo Conselho Nacional, tendo Paulo Machado como ministro. Esse processo culminou com a Assembleia Conjunta dos Conselhos Obedienciais (OFM, OFMCap. e OFMConv.), ocorrida no Convento Santo Ant\u00f4nio do Largo da Carioca (RJ), entre os dias 2 e 6 de fevereiro de 1972. A assembleia teve como principal objetivo transformar este Conselho Nacional Interobediencial em Conselho Nacional da Ordem Franciscana Secular para o tri\u00eanio 1973-1975.<\/p>\n<p>Para o alcance da unifica\u00e7\u00e3o, a atua\u00e7\u00e3o da irm\u00e3 Maria Natividade de Carvalho Gomes foi de grande relev\u00e2ncia, pois representava as fraternidades do ramo obediencial sob cust\u00f3dia dos frades menores capuchinhos. A partir dessa hist\u00f3rica assembleia, surgiu o primeiro Conselho Nacional da Ordem Franciscana do Brasil, tendo como primeiro ministro, Paulo Machado da Costa e Silva e como vice-ministra, Maria Natividade de Carvalho Gomes.<\/p>\n<p>Em 1973, ap\u00f3s a assembleia seguinte, alguns novos irm\u00e3os vieram a contribuir com esse esfor\u00e7o pela unifica\u00e7\u00e3o e passaram a integrar o Conselho da OFS, com a atua\u00e7\u00e3o do irm\u00e3o Sylvio Vieira de Carvalho, representando as fraternidades do ramo obediencial sob cust\u00f3dia dos frades menores conventuais. Paulo Machado foi reeleito ministro nacional no tri\u00eanio seguinte.<\/p>\n<p>No per\u00edodo em que exerceu a fun\u00e7\u00e3o de ministro nacional, Paulo Machado insistiu na viv\u00eancia da espiritualidade e do sentimento de perten\u00e7a franciscana secular, segundo as orienta\u00e7\u00f5es do Vaticano. Participou ativamente das reuni\u00f5es do secretariado para o estudo de propostas para a nova Regra da OFS.<\/p>\n<p>Na fraternidade internacional foi nomeado, em fevereiro de 1974, para compor a \u2018Comiss\u00e3o da Regra\u2019 e, tr\u00eas anos mais tarde, junto com outros cinco representantes de outros idiomas, fez parte da comiss\u00e3o encarregada de apresentar a vers\u00e3o final do texto da nova Regra em conjunto com a Presid\u00eancia Mundial da Ordem e mais tr\u00eas peritos.<\/p>\n<p>Em sua trajet\u00f3ria como irm\u00e3o franciscano secular foi conselheiro internacional pelo Brasil do Conselho Internacional da Ordem Franciscana Secular do Brasil (CIOFS), integrando, por longo tempo, a assessoria jur\u00eddica da Presid\u00eancia do Conselho Internacional. Participou ainda, da Comiss\u00e3o que elaborou o projeto das Constitui\u00e7\u00f5es Gerais no per\u00edodo de 1978 a 1990.<\/p>\n<p>Em 1986, foi novamente eleito ministro nacional, ocasi\u00e3o em que lan\u00e7ou e manteve o Boletim Informativo do Conselho Nacional. Paulo Machado tamb\u00e9m apoiou o Centro de Estudos Franciscanos e Pastorais para a Am\u00e9rica Latina (CEFEPAL), hoje Confer\u00eancia da Fam\u00edlia Franciscana do Brasil (CFFB). Desde quando o CEFEPAL surgiu no Brasil, em 1966, Paulo Machado sempre contribuiu com o trabalho do Centro, quando, em 2006, a CFFB se transferiu de Petr\u00f3polis para Bras\u00edlia.<\/p>\n<p>Nesses 67 anos de profiss\u00e3o, Paulo Machado cita irm\u00e3os que marcaram sua vida na OFS, por seu testemunho, viv\u00eancia do amor fraterno e exemplo de supera\u00e7\u00e3o das dificuldades. Entre elas est\u00e3o o seu formador, Jos\u00e9 Fernandes Sampaio, e Frei Mateus Hoepers, OFM. Dentre os irm\u00e3os da Fraternidade Sagrado Cora\u00e7\u00e3o de Jesus, destaca o nome dos irm\u00e3os Prudente Aguiar, Jose Kneip, Mesquita Pimentel, Nelson S\u00e1 Earp e Euclides Guimar\u00e3es.<\/p>\n<p>Machado tamb\u00e9m destaca a atua\u00e7\u00e3o de irm\u00e3os de outras fraternidades que tamb\u00e9m contribu\u00edram com o seu trabalho na OFS, como os irm\u00e3os e irm\u00e3s Aylton de Souza Almeida, Sylvio Vieira de Carvalho, Luiz Guimar\u00e3es Regadas, Pedro Batista de Oliveira Netto, Ant\u00f4nio Pinto da Silva, Mariana de Lorena Molina Bastos, Ruth de Azevedo Costa, Yara Rubem de Macedo, Maria Natividade de Carvalho Gomes e Celina Braga Campos.<\/p>\n<p>Decorridos 45 anos da unifica\u00e7\u00e3o da Ordem Franciscana Secular do Brasil, agradecemos ao Alt\u00edssimo e Bom Senhor tantas gra\u00e7as que tem nos concedido atrav\u00e9s do incans\u00e1vel trabalho de Paulo Machado, que neste 67 anos de profiss\u00e3o e 100 anos de exist\u00eancia sempre partilhou seus dons, vida e voca\u00e7\u00e3o que cremos serem oferendas perfeitas a Deus, \u00e0 Igreja e aos irm\u00e3os.<\/p>\n<p><strong>Cl\u00e1udio Santos, OFS, especial para este site<\/strong><\/p>\n","protected":false},"excerpt":{"rendered":"<p>OFS<\/p>\n","protected":false},"author":1,"featured_media":198308,"comment_status":"open","ping_status":"open","sticky":false,"template":"","format":"standard","meta":[],"categories":[1],"tags":[58,60],"acf":[],"yoast_head":"<!-- This site is optimized with the Yoast SEO plugin v19.2 - https:\/\/yoast.com\/wordpress\/plugins\/seo\/ -->\n<title>Franciscanos celebram 100 anos de Paulo Machado - Not\u00edcias - Franciscanos<\/title>\n<meta name=\"robots\" content=\"index, follow, max-snippet:-1, max-image-preview:large, max-video-preview:-1\" \/>\n<link rel=\"canonical\" href=\"https:\/\/franciscanos.org.br\/noticias\/franciscanos-celebram-100-anos-de-paulo-machado.html\" \/>\n<meta property=\"og:locale\" content=\"pt_BR\" \/>\n<meta property=\"og:type\" content=\"article\" \/>\n<meta property=\"og:title\" content=\"Franciscanos celebram 100 anos de Paulo Machado - Not\u00edcias - Franciscanos\" \/>\n<meta property=\"og:description\" content=\"OFS\" \/>\n<meta property=\"og:url\" content=\"https:\/\/franciscanos.org.br\/noticias\/franciscanos-celebram-100-anos-de-paulo-machado.html\" \/>\n<meta property=\"og:site_name\" content=\"Not\u00edcias - Franciscanos\" \/>\n<meta property=\"article:published_time\" content=\"2017-05-25T17:34:58+00:00\" \/>\n<meta property=\"article:modified_time\" content=\"2019-01-29T17:58:49+00:00\" \/>\n<meta property=\"og:image\" content=\"https:\/\/franciscanos.org.br\/noticias\/wp-content\/uploads\/2017\/05\/paulo_250517_3.jpg\" \/>\n\t<meta property=\"og:image:width\" content=\"273\" \/>\n\t<meta property=\"og:image:height\" content=\"181\" \/>\n\t<meta property=\"og:image:type\" content=\"image\/jpeg\" \/>\n<meta name=\"author\" content=\"admin\" \/>\n<meta name=\"twitter:card\" content=\"summary_large_image\" \/>\n<meta name=\"twitter:label1\" content=\"Escrito por\" \/>\n\t<meta name=\"twitter:data1\" content=\"admin\" \/>\n\t<meta name=\"twitter:label2\" content=\"Est. tempo de leitura\" \/>\n\t<meta name=\"twitter:data2\" content=\"9 minutos\" \/>\n<script type=\"application\/ld+json\" class=\"yoast-schema-graph\">{\"@context\":\"https:\/\/schema.org\",\"@graph\":[{\"@type\":\"WebSite\",\"@id\":\"https:\/\/franciscanos.org.br\/noticias\/#website\",\"url\":\"https:\/\/franciscanos.org.br\/noticias\/\",\"name\":\"Not\u00edcias - Franciscanos\",\"description\":\"Prov\u00edncia Franciscana da Imaculada Concei\u00e7\u00e3o do Brasil - Ordem dos Frades Menores - OFM\",\"potentialAction\":[{\"@type\":\"SearchAction\",\"target\":{\"@type\":\"EntryPoint\",\"urlTemplate\":\"https:\/\/franciscanos.org.br\/noticias\/?s={search_term_string}\"},\"query-input\":\"required name=search_term_string\"}],\"inLanguage\":\"pt-BR\"},{\"@type\":\"ImageObject\",\"inLanguage\":\"pt-BR\",\"@id\":\"https:\/\/franciscanos.org.br\/noticias\/franciscanos-celebram-100-anos-de-paulo-machado.html#primaryimage\",\"url\":\"https:\/\/franciscanos.org.br\/noticias\/wp-content\/uploads\/2017\/05\/paulo_250517_3.jpg\",\"contentUrl\":\"https:\/\/franciscanos.org.br\/noticias\/wp-content\/uploads\/2017\/05\/paulo_250517_3.jpg\",\"width\":273,\"height\":181},{\"@type\":\"WebPage\",\"@id\":\"https:\/\/franciscanos.org.br\/noticias\/franciscanos-celebram-100-anos-de-paulo-machado.html#webpage\",\"url\":\"https:\/\/franciscanos.org.br\/noticias\/franciscanos-celebram-100-anos-de-paulo-machado.html\",\"name\":\"Franciscanos celebram 100 anos de Paulo Machado - Not\u00edcias - Franciscanos\",\"isPartOf\":{\"@id\":\"https:\/\/franciscanos.org.br\/noticias\/#website\"},\"primaryImageOfPage\":{\"@id\":\"https:\/\/franciscanos.org.br\/noticias\/franciscanos-celebram-100-anos-de-paulo-machado.html#primaryimage\"},\"datePublished\":\"2017-05-25T17:34:58+00:00\",\"dateModified\":\"2019-01-29T17:58:49+00:00\",\"author\":{\"@id\":\"https:\/\/franciscanos.org.br\/noticias\/#\/schema\/person\/b38fbf43118f02820bd932f2e4b14ad3\"},\"breadcrumb\":{\"@id\":\"https:\/\/franciscanos.org.br\/noticias\/franciscanos-celebram-100-anos-de-paulo-machado.html#breadcrumb\"},\"inLanguage\":\"pt-BR\",\"potentialAction\":[{\"@type\":\"ReadAction\",\"target\":[\"https:\/\/franciscanos.org.br\/noticias\/franciscanos-celebram-100-anos-de-paulo-machado.html\"]}]},{\"@type\":\"BreadcrumbList\",\"@id\":\"https:\/\/franciscanos.org.br\/noticias\/franciscanos-celebram-100-anos-de-paulo-machado.html#breadcrumb\",\"itemListElement\":[{\"@type\":\"ListItem\",\"position\":1,\"name\":\"Home\",\"item\":\"https:\/\/franciscanos.org.br\/noticias\"},{\"@type\":\"ListItem\",\"position\":2,\"name\":\"Franciscanos celebram 100 anos de Paulo Machado\"}]},{\"@type\":\"Person\",\"@id\":\"https:\/\/franciscanos.org.br\/noticias\/#\/schema\/person\/b38fbf43118f02820bd932f2e4b14ad3\",\"name\":\"admin\",\"image\":{\"@type\":\"ImageObject\",\"inLanguage\":\"pt-BR\",\"@id\":\"https:\/\/franciscanos.org.br\/noticias\/#\/schema\/person\/image\/\",\"url\":\"https:\/\/secure.gravatar.com\/avatar\/e8495742d34d0ba6448ea1c628263b3e?s=96&d=mm&r=g\",\"contentUrl\":\"https:\/\/secure.gravatar.com\/avatar\/e8495742d34d0ba6448ea1c628263b3e?s=96&d=mm&r=g\",\"caption\":\"admin\"},\"url\":\"https:\/\/franciscanos.org.br\/noticias\/author\/admin\"}]}<\/script>\n<!-- \/ Yoast SEO plugin. -->","yoast_head_json":{"title":"Franciscanos celebram 100 anos de Paulo Machado - Not\u00edcias - Franciscanos","robots":{"index":"index","follow":"follow","max-snippet":"max-snippet:-1","max-image-preview":"max-image-preview:large","max-video-preview":"max-video-preview:-1"},"canonical":"https:\/\/franciscanos.org.br\/noticias\/franciscanos-celebram-100-anos-de-paulo-machado.html","og_locale":"pt_BR","og_type":"article","og_title":"Franciscanos celebram 100 anos de Paulo Machado - Not\u00edcias - Franciscanos","og_description":"OFS","og_url":"https:\/\/franciscanos.org.br\/noticias\/franciscanos-celebram-100-anos-de-paulo-machado.html","og_site_name":"Not\u00edcias - Franciscanos","article_published_time":"2017-05-25T17:34:58+00:00","article_modified_time":"2019-01-29T17:58:49+00:00","og_image":[{"width":273,"height":181,"url":"https:\/\/franciscanos.org.br\/noticias\/wp-content\/uploads\/2017\/05\/paulo_250517_3.jpg","type":"image\/jpeg"}],"author":"admin","twitter_card":"summary_large_image","twitter_misc":{"Escrito por":"admin","Est. tempo de leitura":"9 minutos"},"schema":{"@context":"https:\/\/schema.org","@graph":[{"@type":"WebSite","@id":"https:\/\/franciscanos.org.br\/noticias\/#website","url":"https:\/\/franciscanos.org.br\/noticias\/","name":"Not\u00edcias - Franciscanos","description":"Prov\u00edncia Franciscana da Imaculada Concei\u00e7\u00e3o do Brasil - Ordem dos Frades Menores - OFM","potentialAction":[{"@type":"SearchAction","target":{"@type":"EntryPoint","urlTemplate":"https:\/\/franciscanos.org.br\/noticias\/?s={search_term_string}"},"query-input":"required name=search_term_string"}],"inLanguage":"pt-BR"},{"@type":"ImageObject","inLanguage":"pt-BR","@id":"https:\/\/franciscanos.org.br\/noticias\/franciscanos-celebram-100-anos-de-paulo-machado.html#primaryimage","url":"https:\/\/franciscanos.org.br\/noticias\/wp-content\/uploads\/2017\/05\/paulo_250517_3.jpg","contentUrl":"https:\/\/franciscanos.org.br\/noticias\/wp-content\/uploads\/2017\/05\/paulo_250517_3.jpg","width":273,"height":181},{"@type":"WebPage","@id":"https:\/\/franciscanos.org.br\/noticias\/franciscanos-celebram-100-anos-de-paulo-machado.html#webpage","url":"https:\/\/franciscanos.org.br\/noticias\/franciscanos-celebram-100-anos-de-paulo-machado.html","name":"Franciscanos celebram 100 anos de Paulo Machado - Not\u00edcias - Franciscanos","isPartOf":{"@id":"https:\/\/franciscanos.org.br\/noticias\/#website"},"primaryImageOfPage":{"@id":"https:\/\/franciscanos.org.br\/noticias\/franciscanos-celebram-100-anos-de-paulo-machado.html#primaryimage"},"datePublished":"2017-05-25T17:34:58+00:00","dateModified":"2019-01-29T17:58:49+00:00","author":{"@id":"https:\/\/franciscanos.org.br\/noticias\/#\/schema\/person\/b38fbf43118f02820bd932f2e4b14ad3"},"breadcrumb":{"@id":"https:\/\/franciscanos.org.br\/noticias\/franciscanos-celebram-100-anos-de-paulo-machado.html#breadcrumb"},"inLanguage":"pt-BR","potentialAction":[{"@type":"ReadAction","target":["https:\/\/franciscanos.org.br\/noticias\/franciscanos-celebram-100-anos-de-paulo-machado.html"]}]},{"@type":"BreadcrumbList","@id":"https:\/\/franciscanos.org.br\/noticias\/franciscanos-celebram-100-anos-de-paulo-machado.html#breadcrumb","itemListElement":[{"@type":"ListItem","position":1,"name":"Home","item":"https:\/\/franciscanos.org.br\/noticias"},{"@type":"ListItem","position":2,"name":"Franciscanos celebram 100 anos de Paulo Machado"}]},{"@type":"Person","@id":"https:\/\/franciscanos.org.br\/noticias\/#\/schema\/person\/b38fbf43118f02820bd932f2e4b14ad3","name":"admin","image":{"@type":"ImageObject","inLanguage":"pt-BR","@id":"https:\/\/franciscanos.org.br\/noticias\/#\/schema\/person\/image\/","url":"https:\/\/secure.gravatar.com\/avatar\/e8495742d34d0ba6448ea1c628263b3e?s=96&d=mm&r=g","contentUrl":"https:\/\/secure.gravatar.com\/avatar\/e8495742d34d0ba6448ea1c628263b3e?s=96&d=mm&r=g","caption":"admin"},"url":"https:\/\/franciscanos.org.br\/noticias\/author\/admin"}]}},"_links":{"self":[{"href":"https:\/\/franciscanos.org.br\/noticias\/wp-json\/wp\/v2\/posts\/133906"}],"collection":[{"href":"https:\/\/franciscanos.org.br\/noticias\/wp-json\/wp\/v2\/posts"}],"about":[{"href":"https:\/\/franciscanos.org.br\/noticias\/wp-json\/wp\/v2\/types\/post"}],"author":[{"embeddable":true,"href":"https:\/\/franciscanos.org.br\/noticias\/wp-json\/wp\/v2\/users\/1"}],"replies":[{"embeddable":true,"href":"https:\/\/franciscanos.org.br\/noticias\/wp-json\/wp\/v2\/comments?post=133906"}],"version-history":[{"count":0,"href":"https:\/\/franciscanos.org.br\/noticias\/wp-json\/wp\/v2\/posts\/133906\/revisions"}],"wp:featuredmedia":[{"embeddable":true,"href":"https:\/\/franciscanos.org.br\/noticias\/wp-json\/wp\/v2\/media\/198308"}],"wp:attachment":[{"href":"https:\/\/franciscanos.org.br\/noticias\/wp-json\/wp\/v2\/media?parent=133906"}],"wp:term":[{"taxonomy":"category","embeddable":true,"href":"https:\/\/franciscanos.org.br\/noticias\/wp-json\/wp\/v2\/categories?post=133906"},{"taxonomy":"post_tag","embeddable":true,"href":"https:\/\/franciscanos.org.br\/noticias\/wp-json\/wp\/v2\/tags?post=133906"}],"curies":[{"name":"wp","href":"https:\/\/api.w.org\/{rel}","templated":true}]}}