{"id":133885,"date":"2017-05-25T13:51:25","date_gmt":"2017-05-25T16:51:25","guid":{"rendered":"http:\/\/franciscanos.org.br\/?p=133885"},"modified":"2019-01-29T16:06:08","modified_gmt":"2019-01-29T18:06:08","slug":"frei-clarencio-maria-esposa-do-espirito-santo","status":"publish","type":"post","link":"https:\/\/franciscanos.org.br\/noticias\/frei-clarencio-maria-esposa-do-espirito-santo.html","title":{"rendered":"Frei Clar\u00eancio: \u201cMaria, Esposa do Esp\u00edrito Santo\u201d"},"content":{"rendered":"<p><img loading=\"lazy\" class=\"alignleft size-full wp-image-198320\" src=\"https:\/\/franciscanos.org.br\/noticias\/wp-content\/uploads\/2017\/05\/clarencioG-2017.jpg\" alt=\"\" width=\"980\" height=\"550\" srcset=\"https:\/\/franciscanos.org.br\/noticias\/wp-content\/uploads\/2017\/05\/clarencioG-2017.jpg 980w, https:\/\/franciscanos.org.br\/noticias\/wp-content\/uploads\/2017\/05\/clarencioG-2017-450x253.jpg 450w, https:\/\/franciscanos.org.br\/noticias\/wp-content\/uploads\/2017\/05\/clarencioG-2017-768x431.jpg 768w, https:\/\/franciscanos.org.br\/noticias\/wp-content\/uploads\/2017\/05\/clarencioG-2017-150x84.jpg 150w\" sizes=\"(max-width: 980px) 100vw, 980px\" \/>A Igreja do Brasil dedica este ano de 2017 aos cuidados de Maria, nossa M\u00e3e, que h\u00e1 300 anos aparecia nos rios turvos da regi\u00e3o do Vale do Para\u00edba (SP), perto de Guaratinguet\u00e1. Em conson\u00e2ncia a este Ano Mariano, estamos convidando a comunidade local para refletir e rezar este mist\u00e9rio que alimenta a f\u00e9 do crist\u00e3o brasileiro. Junto a esta proposta, vinculamos o titular de nossa comunidade Santu\u00e1rio, o Divino Esp\u00edrito Santo. Sendo assim, o tema de nossa Novena em Prepara\u00e7\u00e3o a Pentecostes \u00e9: \u201cMaria, Esposa do Esp\u00edrito Santo\u201d.<\/p>\n<p>Frei Clar\u00eancio, recorrendo aos tesouros da Teologia, prop\u00f5e uma bel\u00edssima reflex\u00e3o. Ele fundamenta seu texto na Sagrada Escritura, nos tesouros do Per\u00edodo da Patr\u00edstica e em Documentos da Igreja. Este tema ajudar\u00e1 os que estiverem reunidos nesses dias, aqui no Santu\u00e1rio, a entrarem em sintonia com as prega\u00e7\u00f5es dos diversos padres e freis convidados.<\/p>\n<p>Ao meditar esse mist\u00e9rio, nos colocamos diante de um bel\u00edssimo sinal da predile\u00e7\u00e3o de Deus \u00e0 Virgem Maria no Mist\u00e9rio da Salva\u00e7\u00e3o.<\/p>\n<h2><strong>O Esp\u00edrito Santo e Maria &#8211; Frei Clar\u00eancio Neotti, OFM<\/strong><\/h2>\n<p>O mist\u00e9rio de Maria \u00e9 insepar\u00e1vel do mist\u00e9rio do Esp\u00edrito Santo. Mais: dele depende. O Apocalipse fala de uma mulher vestida de sol (12,1). Esse sol \u00e9 o Esp\u00edrito Santo, que a enriqueceu de todas as gra\u00e7as desde quando o Pai a escolheu para ser a m\u00e3e de seu Filho. E quando, cheia de gra\u00e7a, chegada a plenitude dos tempos (Gl 4,4), ela deveria conceber Jesus, \u00e9 o Esp\u00edrito Santo que a fecunda, como rezamos no Credo: \u201cO Filho unig\u00eanito de Deus \u2026 por n\u00f3s e para nossa salva\u00e7\u00e3o desceu dos c\u00e9us e se encarnou pelo Esp\u00edrito Santo, no seio da Virgem Maria\u201d.<\/p>\n<p>Revestida de sol, coberta pelo Esp\u00edrito Santo, Maria tornou-se, no dizer de S\u00e3o Bernardo, \u201cum abismo de luz, gestando o verdadeiro Deus, Deus e homem ao mesmo tempo\u201d e, diante desse fato, observa ainda S\u00e3o Bernardo, \u201cat\u00e9 o olho ang\u00e9lico fica ofuscado com a pot\u00eancia de tal fulgor\u201d.<\/p>\n<p>Sol e luz s\u00e3o figuras para expressar um fato: Maria, Senhora de todas as b\u00ean\u00e7\u00e3os, concebe o Filho de Deus, por obra e gra\u00e7a do Esp\u00edrito Santo, e \u00e9 associada para sempre \u00e0 obra redentora do Cristo e \u00e0 miss\u00e3o do Esp\u00edrito Santo Par\u00e1clito na hist\u00f3ria da salva\u00e7\u00e3o. Afirma o Evangelista Lucas que, \u00e0 pergunta de Maria como seria poss\u00edvel conceber, se ela n\u00e3o conhecia homem algum, o anjo lhe garantiu: \u201cO Esp\u00edrito Santo descer\u00e1 sobre ti\u201d (Lc 1,15). Comenta o Catecismo: \u201cA miss\u00e3o do Esp\u00edrito Santo est\u00e1 sempre conjugada e ordenada ao Filho. O Esp\u00edrito Santo \u00e9 enviado para santificar o seio da Virgem Maria e fecund\u00e1-lo divinamente, ele que \u00e9 \u2018o Senhor que d\u00e1 a Vida\u2019, fazendo com que ela conceba o Filho Eterno do Pai em uma humanidade proveniente da sua\u201d (484-485).<\/p>\n<p>Para expressar essa unidade de mist\u00e9rios entre Maria e o Esp\u00edrito Santo, os te\u00f3logos n\u00e3o hesitam em chamar Maria de Esposa do Esp\u00edrito Santo. Assim, S\u00e3o Francisco, na ant\u00edfona que comp\u00f4s para o Of\u00edcio da Paix\u00e3o do Senhor, reza: \u201cSanta Virgem Maria, n\u00e3o h\u00e1 mulher nascida no mundo semelhante a v\u00f3s, serva do Alt\u00edssimo Rei e Pai celestial, M\u00e3e do nosso Sant\u00edssimo Senhor Jesus Cristo, Esposa do Esp\u00edrito Santo\u201d.<\/p>\n<p>A festa lit\u00fargica, que celebra a encarna\u00e7\u00e3o de Jesus, chamada \u201cSolenidade da Anuncia\u00e7\u00e3o do Senhor\u201d (25 de mar\u00e7o), une estreitamente Jesus, Maria e o Esp\u00edrito Santo. Jesus \u00e9 a raz\u00e3o de ser de todos os privil\u00e9gios e da pr\u00f3pria miss\u00e3o de Maria. O Esp\u00edrito Santo consagra Maria, fecunda-a e, ao mesmo tempo une-se \u00e0 miss\u00e3o salvadora de Jesus, tornando-o o Cristo, o Ungido de Deus. V\u00e1rios momentos da vida terrena de Jesus mostram-no cheio do Esp\u00edrito Santo (Lc 4,1; Jo 1,33), movido pelo Esp\u00edrito Santo (Lc 4,18) e tendo o Esp\u00edrito Santo como testemunha de sua messianidade e de sua doutrina (Lc 12,12; Jo 14,26; 16,13).<\/p>\n<p>Ao dobrarmos os joelhos diante do mist\u00e9rio da encarna\u00e7\u00e3o, adoramos a Trindade Santa: o Pai que envia o Filho, o Filho que, permanecendo Deus, obedece e assume o corpo humano, o Esp\u00edrito Santo, que possibilita a concep\u00e7\u00e3o imaculada de Jesus. Dentro desse mist\u00e9rio e protagonista dele encontra-se Maria, mulher como todas as mulheres, mas associada misteriosamente, atrav\u00e9s da maternidade divina, \u00e0 miss\u00e3o redentora e santificadora do mundo. \u201cPor isso mesmo \u2013 escreve o Papa Pio IX na Bula de proclama\u00e7\u00e3o do dogma da Imaculada Concei\u00e7\u00e3o \u2013 Deus a cumulou, de maneira t\u00e3o admir\u00e1vel, da abund\u00e2ncia dos bens celestes do tesouro de sua divindade, mais que a todos os esp\u00edritos angelicais e todos os santos, de tal forma que ficaria absolutamente isenta de toda e qualquer mancha de pecado, podendo, assim, toda bela e perfeita, ostentar uma inoc\u00eancia e santidade t\u00e3o abundantes, quais outras n\u00e3o se conhecem abaixo de Deus, e que pessoa alguma, al\u00e9m de Deus, jamais alcan\u00e7aria, nem em esp\u00edrito\u201d (n. 2).<\/p>\n<p>Diante de Maria, envolta pela inaudita gra\u00e7a da maternidade divina, S\u00e3o Francisco, apaixonado pelo mist\u00e9rio da encarna\u00e7\u00e3o, prorrompe numa sauda\u00e7\u00e3o em que, faltando palavras, busca com s\u00edmbolos e compara\u00e7\u00f5es dizer o que lhe vai na mente e no cora\u00e7\u00e3o: \u201cSalve, Senhora santa, Rainha sant\u00edssima, M\u00e3e de Deus, \u00f3 Maria, que sois Virgem feita igreja, eleita pelo sant\u00edssimo Pai celestial, que vos consagrou por seu sant\u00edssimo e dileto Filho e o Esp\u00edrito Santo Par\u00e1clito! Em v\u00f3s residiu e reside toda a plenitude da gra\u00e7a e todo o bem! Salve, \u00f3 pal\u00e1cio do Senhor! Salve, \u00f3 tabern\u00e1culo do Senhor! Salve, \u00f3 morada do Senhor! Salve, \u00f3 manto do Senhor! Salve, \u00f3 serva do Senhor! Salve \u00f3 M\u00e3e do Senhor! Salve v\u00f3s todas, \u00f3 santas virtudes derramadas, pela gra\u00e7a e ilumina\u00e7\u00e3o do Esp\u00edrito Santo, nos cora\u00e7\u00f5es dos fi\u00e9is, transformando-os em fi\u00e9is servos de Deus\u201d.<\/p>\n<p>Sempre na tentativa de expressar com palavras humanas aquele momento \u00fanico da encarna\u00e7\u00e3o do Senhor, h\u00e1 te\u00f3logos que se demoram em comparar a presen\u00e7a din\u00e2mica do Esp\u00edrito Santo na pessoa de Maria com o in\u00edcio da cria\u00e7\u00e3o, quando, segundo o G\u00eanesis (1,2) o Esp\u00edrito de Deus soprava forte sobre as \u00e1guas, ou seja, separava os elementos, ordenava-os, permitindo o nascimento da vida na terra. Rezamos no Credo: \u201cCreio no Esp\u00edrito Santo, Senhor que d\u00e1 a vida\u201d. Dar a vida \u00e9 uma das atribui\u00e7\u00f5es do Esp\u00edrito Santo. Na primeira cria\u00e7\u00e3o, o Esp\u00edrito como que fecundou a Natureza. Na segunda cria\u00e7\u00e3o, inaugurada na Anuncia\u00e7\u00e3o, o Esp\u00edrito Santo n\u00e3o s\u00f3 fecundou Maria que, como mulher, concebeu e deu in\u00edcio a uma vida, mas tamb\u00e9m tornou-se autor daquele que mais tarde declarou explicitamente: \u201cEu sou a vida\u201d (Jo 11,25; 14,6).<br \/>\nDar vida tornou-se sin\u00f4nimo da miss\u00e3o de Jesus na terra. Por isso mesmo, toda a miss\u00e3o de Jesus est\u00e1 prenhe do Esp\u00edrito Santo. Jesus foi preciso: \u201cEu vim para que todos tenham a vida em plenitude\u201d (Jo 10,10). Esta plenitude da vida nos \u00e9 dada pelo Esp\u00edrito Santo, ligada ao mist\u00e9rio da Encarna\u00e7\u00e3o do Senhor, liga \u00e0 pr\u00f3pria vida do Filho de Deus na terra, obra e gra\u00e7a do Esp\u00edrito Santo. Plenitude de vida aqui na terra e plenitude de vida na comunh\u00e3o eterna com Deus. Aqui na terra, na viv\u00eancia dos dons do Esp\u00edrito Santo, que Maria recebeu em superabund\u00e2ncia, particularmente a f\u00e9, a esperan\u00e7a e a caridade, que explodiram no seu \u201csim\u201d ao plano de Deus e a mantiveram ao lado do Filho em todas as circunst\u00e2ncias, inclusive ao p\u00e9 da Cruz. Dos mesmos dons recebemos a coragem e a gra\u00e7a de acompanhar o Senhor Jesus e, na for\u00e7a do Esp\u00edrito Santo, testemunh\u00e1-lo em nossa vida e em nossas a\u00e7\u00f5es e sermos pelo Senhor recebidos na morte e transportados \u00e0 comunh\u00e3o eterna com a Trindade.<\/p>\n<p>H\u00e1 um outro momento na hist\u00f3ria da salva\u00e7\u00e3o, fundamental tamb\u00e9m ele, no qual a Escritura acentua a presen\u00e7a de Maria, envolta no Esp\u00edrito Santo. Refiro-me a Pentecostes. Na enc\u00edclica Redemptoris Mater \u2013 sobre o papel de Maria na hist\u00f3ria e na vida da Igreja \u2013 escreveu o Papa Jo\u00e3o Paulo II: \u201cNa economia redentora da gra\u00e7a, atuada sob a a\u00e7\u00e3o do Esp\u00edrito Santo, existe uma correspond\u00eancia singular entre o momento da Encarna\u00e7\u00e3o do Verbo e o momento do nascimento da Igreja. A pessoa que une estes dois momentos \u00e9 Maria: Maria em Nazar\u00e9 e Maria no Cen\u00e1culo de Jerusal\u00e9m. \u2026 Assim, aquela que est\u00e1 presente no mist\u00e9rio de\u00a0Cristo como M\u00e3e, torna-se \u2013 por vontade do Filho e por obra do Esp\u00edrito Santo \u2013 presente no mist\u00e9rio da Igreja\u201d (n. 24).<\/p>\n<p>Quando a Igreja declara que o Esp\u00edrito Santo \u00e9 sua alma (Lumen Gentium, 7), est\u00e1 reconhecendo nele a vida que a sustenta, a dinamiza, a santifica e lhe \u00e9 garantia de fidelidade. Maria \u00e9 o \u00edcone da Igreja. Cheia do Esp\u00edrito Santo, por sua obra e gra\u00e7a, ela deu \u00e0 luz o Filho de Deus. A Igreja, sempre por obra e gra\u00e7a do Esp\u00edrito Santo, gera os filhos para Deus. Se Maria foi verdadeiramente M\u00e3e do Jesus hist\u00f3rico, concebido em Nazar\u00e9, nascido em Bel\u00e9m, crucificado e morto em Jerusal\u00e9m, ela \u00e9 tamb\u00e9m a verdadeira M\u00e3e da Igreja, corpo m\u00edstico do Cristo ressuscitado, vivo e presente at\u00e9 os confins do mundo e at\u00e9 o fim dos tempos.<\/p>\n<p>Transcrevo uma ora\u00e7\u00e3o atribu\u00edda a Santo Ildefonso (+667):<\/p>\n<p>\u201c\u00d3 Virgem Imaculada, aquele que armou sua tenda em Ti, enriqueceu-Te com os sete dons de seu Santo Esp\u00edrito, como sete pedras preciosas. Primeiro, ornou-Te com o dom da Sabedoria, em for\u00e7a do qual foste divinamente elevada ao Amor dos amores. Depois, deu-Te o dom do Intelecto, pelo qual subiste \u00e0s culmin\u00e2ncias do esplendor hier\u00e1rquico. O terceiro dom com que foste agraciada foi o do Conselho, que Te fez virgem prudente, atenta e perspicaz. O dom da Ci\u00eancia que recebeste foi confirmado pelo pr\u00f3prio magist\u00e9rio de Teu Filho. O quinto dom, o da Fortaleza, o manifestaste na firme perseveran\u00e7a, na const\u00e2ncia e no vigor contra as adversidades. O dom da Piedade fez-Te clemente, piedosa, compreensiva, porque tinhas infusa a caridade. Pelo s\u00e9timo dom, o Temor de Deus transpareceu na Tua vida simples e respeitosa diante da imensa majestade. Alcan\u00e7a-nos estes dons, \u00f3 Virgem tr\u00eas vezes bendita, Tu, que mereceste ser chamada o Sacr\u00e1rio do Esp\u00edrito Santo. Am\u00e9m.<\/p>\n","protected":false},"excerpt":{"rendered":"<p>Vila Velha<\/p>\n","protected":false},"author":1,"featured_media":198319,"comment_status":"open","ping_status":"open","sticky":false,"template":"","format":"standard","meta":[],"categories":[1],"tags":[1245],"acf":[],"yoast_head":"<!-- This site is optimized with the Yoast SEO plugin v19.2 - https:\/\/yoast.com\/wordpress\/plugins\/seo\/ -->\n<title>Frei Clar\u00eancio: \u201cMaria, Esposa do Esp\u00edrito Santo\u201d - Not\u00edcias - Franciscanos<\/title>\n<meta name=\"robots\" content=\"index, follow, max-snippet:-1, max-image-preview:large, max-video-preview:-1\" \/>\n<link rel=\"canonical\" href=\"https:\/\/franciscanos.org.br\/noticias\/frei-clarencio-maria-esposa-do-espirito-santo.html\" \/>\n<meta property=\"og:locale\" content=\"pt_BR\" \/>\n<meta property=\"og:type\" content=\"article\" \/>\n<meta property=\"og:title\" content=\"Frei Clar\u00eancio: \u201cMaria, Esposa do Esp\u00edrito Santo\u201d - Not\u00edcias - Franciscanos\" \/>\n<meta property=\"og:description\" content=\"Vila Velha\" \/>\n<meta property=\"og:url\" content=\"https:\/\/franciscanos.org.br\/noticias\/frei-clarencio-maria-esposa-do-espirito-santo.html\" \/>\n<meta property=\"og:site_name\" content=\"Not\u00edcias - Franciscanos\" \/>\n<meta property=\"article:published_time\" content=\"2017-05-25T16:51:25+00:00\" \/>\n<meta property=\"article:modified_time\" content=\"2019-01-29T18:06:08+00:00\" \/>\n<meta property=\"og:image\" content=\"https:\/\/franciscanos.org.br\/noticias\/wp-content\/uploads\/2017\/05\/clarencio-2017.jpg\" \/>\n\t<meta property=\"og:image:width\" content=\"273\" \/>\n\t<meta property=\"og:image:height\" content=\"181\" \/>\n\t<meta property=\"og:image:type\" content=\"image\/jpeg\" \/>\n<meta name=\"author\" content=\"admin\" \/>\n<meta name=\"twitter:card\" content=\"summary_large_image\" \/>\n<meta name=\"twitter:label1\" content=\"Escrito por\" \/>\n\t<meta name=\"twitter:data1\" content=\"admin\" \/>\n\t<meta name=\"twitter:label2\" content=\"Est. tempo de leitura\" \/>\n\t<meta name=\"twitter:data2\" content=\"9 minutos\" \/>\n<script type=\"application\/ld+json\" class=\"yoast-schema-graph\">{\"@context\":\"https:\/\/schema.org\",\"@graph\":[{\"@type\":\"WebSite\",\"@id\":\"https:\/\/franciscanos.org.br\/noticias\/#website\",\"url\":\"https:\/\/franciscanos.org.br\/noticias\/\",\"name\":\"Not\u00edcias - Franciscanos\",\"description\":\"Prov\u00edncia Franciscana da Imaculada Concei\u00e7\u00e3o do Brasil - Ordem dos Frades Menores - OFM\",\"potentialAction\":[{\"@type\":\"SearchAction\",\"target\":{\"@type\":\"EntryPoint\",\"urlTemplate\":\"https:\/\/franciscanos.org.br\/noticias\/?s={search_term_string}\"},\"query-input\":\"required name=search_term_string\"}],\"inLanguage\":\"pt-BR\"},{\"@type\":\"ImageObject\",\"inLanguage\":\"pt-BR\",\"@id\":\"https:\/\/franciscanos.org.br\/noticias\/frei-clarencio-maria-esposa-do-espirito-santo.html#primaryimage\",\"url\":\"https:\/\/franciscanos.org.br\/noticias\/wp-content\/uploads\/2017\/05\/clarencio-2017.jpg\",\"contentUrl\":\"https:\/\/franciscanos.org.br\/noticias\/wp-content\/uploads\/2017\/05\/clarencio-2017.jpg\",\"width\":273,\"height\":181},{\"@type\":\"WebPage\",\"@id\":\"https:\/\/franciscanos.org.br\/noticias\/frei-clarencio-maria-esposa-do-espirito-santo.html#webpage\",\"url\":\"https:\/\/franciscanos.org.br\/noticias\/frei-clarencio-maria-esposa-do-espirito-santo.html\",\"name\":\"Frei Clar\u00eancio: \u201cMaria, Esposa do Esp\u00edrito Santo\u201d - Not\u00edcias - Franciscanos\",\"isPartOf\":{\"@id\":\"https:\/\/franciscanos.org.br\/noticias\/#website\"},\"primaryImageOfPage\":{\"@id\":\"https:\/\/franciscanos.org.br\/noticias\/frei-clarencio-maria-esposa-do-espirito-santo.html#primaryimage\"},\"datePublished\":\"2017-05-25T16:51:25+00:00\",\"dateModified\":\"2019-01-29T18:06:08+00:00\",\"author\":{\"@id\":\"https:\/\/franciscanos.org.br\/noticias\/#\/schema\/person\/b38fbf43118f02820bd932f2e4b14ad3\"},\"breadcrumb\":{\"@id\":\"https:\/\/franciscanos.org.br\/noticias\/frei-clarencio-maria-esposa-do-espirito-santo.html#breadcrumb\"},\"inLanguage\":\"pt-BR\",\"potentialAction\":[{\"@type\":\"ReadAction\",\"target\":[\"https:\/\/franciscanos.org.br\/noticias\/frei-clarencio-maria-esposa-do-espirito-santo.html\"]}]},{\"@type\":\"BreadcrumbList\",\"@id\":\"https:\/\/franciscanos.org.br\/noticias\/frei-clarencio-maria-esposa-do-espirito-santo.html#breadcrumb\",\"itemListElement\":[{\"@type\":\"ListItem\",\"position\":1,\"name\":\"Home\",\"item\":\"https:\/\/franciscanos.org.br\/noticias\"},{\"@type\":\"ListItem\",\"position\":2,\"name\":\"Frei Clar\u00eancio: \u201cMaria, Esposa do Esp\u00edrito Santo\u201d\"}]},{\"@type\":\"Person\",\"@id\":\"https:\/\/franciscanos.org.br\/noticias\/#\/schema\/person\/b38fbf43118f02820bd932f2e4b14ad3\",\"name\":\"admin\",\"image\":{\"@type\":\"ImageObject\",\"inLanguage\":\"pt-BR\",\"@id\":\"https:\/\/franciscanos.org.br\/noticias\/#\/schema\/person\/image\/\",\"url\":\"https:\/\/secure.gravatar.com\/avatar\/e8495742d34d0ba6448ea1c628263b3e?s=96&d=mm&r=g\",\"contentUrl\":\"https:\/\/secure.gravatar.com\/avatar\/e8495742d34d0ba6448ea1c628263b3e?s=96&d=mm&r=g\",\"caption\":\"admin\"},\"url\":\"https:\/\/franciscanos.org.br\/noticias\/author\/admin\"}]}<\/script>\n<!-- \/ Yoast SEO plugin. -->","yoast_head_json":{"title":"Frei Clar\u00eancio: \u201cMaria, Esposa do Esp\u00edrito Santo\u201d - Not\u00edcias - Franciscanos","robots":{"index":"index","follow":"follow","max-snippet":"max-snippet:-1","max-image-preview":"max-image-preview:large","max-video-preview":"max-video-preview:-1"},"canonical":"https:\/\/franciscanos.org.br\/noticias\/frei-clarencio-maria-esposa-do-espirito-santo.html","og_locale":"pt_BR","og_type":"article","og_title":"Frei Clar\u00eancio: \u201cMaria, Esposa do Esp\u00edrito Santo\u201d - Not\u00edcias - Franciscanos","og_description":"Vila Velha","og_url":"https:\/\/franciscanos.org.br\/noticias\/frei-clarencio-maria-esposa-do-espirito-santo.html","og_site_name":"Not\u00edcias - Franciscanos","article_published_time":"2017-05-25T16:51:25+00:00","article_modified_time":"2019-01-29T18:06:08+00:00","og_image":[{"width":273,"height":181,"url":"https:\/\/franciscanos.org.br\/noticias\/wp-content\/uploads\/2017\/05\/clarencio-2017.jpg","type":"image\/jpeg"}],"author":"admin","twitter_card":"summary_large_image","twitter_misc":{"Escrito por":"admin","Est. tempo de leitura":"9 minutos"},"schema":{"@context":"https:\/\/schema.org","@graph":[{"@type":"WebSite","@id":"https:\/\/franciscanos.org.br\/noticias\/#website","url":"https:\/\/franciscanos.org.br\/noticias\/","name":"Not\u00edcias - Franciscanos","description":"Prov\u00edncia Franciscana da Imaculada Concei\u00e7\u00e3o do Brasil - Ordem dos Frades Menores - OFM","potentialAction":[{"@type":"SearchAction","target":{"@type":"EntryPoint","urlTemplate":"https:\/\/franciscanos.org.br\/noticias\/?s={search_term_string}"},"query-input":"required name=search_term_string"}],"inLanguage":"pt-BR"},{"@type":"ImageObject","inLanguage":"pt-BR","@id":"https:\/\/franciscanos.org.br\/noticias\/frei-clarencio-maria-esposa-do-espirito-santo.html#primaryimage","url":"https:\/\/franciscanos.org.br\/noticias\/wp-content\/uploads\/2017\/05\/clarencio-2017.jpg","contentUrl":"https:\/\/franciscanos.org.br\/noticias\/wp-content\/uploads\/2017\/05\/clarencio-2017.jpg","width":273,"height":181},{"@type":"WebPage","@id":"https:\/\/franciscanos.org.br\/noticias\/frei-clarencio-maria-esposa-do-espirito-santo.html#webpage","url":"https:\/\/franciscanos.org.br\/noticias\/frei-clarencio-maria-esposa-do-espirito-santo.html","name":"Frei Clar\u00eancio: \u201cMaria, Esposa do Esp\u00edrito Santo\u201d - Not\u00edcias - Franciscanos","isPartOf":{"@id":"https:\/\/franciscanos.org.br\/noticias\/#website"},"primaryImageOfPage":{"@id":"https:\/\/franciscanos.org.br\/noticias\/frei-clarencio-maria-esposa-do-espirito-santo.html#primaryimage"},"datePublished":"2017-05-25T16:51:25+00:00","dateModified":"2019-01-29T18:06:08+00:00","author":{"@id":"https:\/\/franciscanos.org.br\/noticias\/#\/schema\/person\/b38fbf43118f02820bd932f2e4b14ad3"},"breadcrumb":{"@id":"https:\/\/franciscanos.org.br\/noticias\/frei-clarencio-maria-esposa-do-espirito-santo.html#breadcrumb"},"inLanguage":"pt-BR","potentialAction":[{"@type":"ReadAction","target":["https:\/\/franciscanos.org.br\/noticias\/frei-clarencio-maria-esposa-do-espirito-santo.html"]}]},{"@type":"BreadcrumbList","@id":"https:\/\/franciscanos.org.br\/noticias\/frei-clarencio-maria-esposa-do-espirito-santo.html#breadcrumb","itemListElement":[{"@type":"ListItem","position":1,"name":"Home","item":"https:\/\/franciscanos.org.br\/noticias"},{"@type":"ListItem","position":2,"name":"Frei Clar\u00eancio: \u201cMaria, Esposa do Esp\u00edrito Santo\u201d"}]},{"@type":"Person","@id":"https:\/\/franciscanos.org.br\/noticias\/#\/schema\/person\/b38fbf43118f02820bd932f2e4b14ad3","name":"admin","image":{"@type":"ImageObject","inLanguage":"pt-BR","@id":"https:\/\/franciscanos.org.br\/noticias\/#\/schema\/person\/image\/","url":"https:\/\/secure.gravatar.com\/avatar\/e8495742d34d0ba6448ea1c628263b3e?s=96&d=mm&r=g","contentUrl":"https:\/\/secure.gravatar.com\/avatar\/e8495742d34d0ba6448ea1c628263b3e?s=96&d=mm&r=g","caption":"admin"},"url":"https:\/\/franciscanos.org.br\/noticias\/author\/admin"}]}},"_links":{"self":[{"href":"https:\/\/franciscanos.org.br\/noticias\/wp-json\/wp\/v2\/posts\/133885"}],"collection":[{"href":"https:\/\/franciscanos.org.br\/noticias\/wp-json\/wp\/v2\/posts"}],"about":[{"href":"https:\/\/franciscanos.org.br\/noticias\/wp-json\/wp\/v2\/types\/post"}],"author":[{"embeddable":true,"href":"https:\/\/franciscanos.org.br\/noticias\/wp-json\/wp\/v2\/users\/1"}],"replies":[{"embeddable":true,"href":"https:\/\/franciscanos.org.br\/noticias\/wp-json\/wp\/v2\/comments?post=133885"}],"version-history":[{"count":0,"href":"https:\/\/franciscanos.org.br\/noticias\/wp-json\/wp\/v2\/posts\/133885\/revisions"}],"wp:featuredmedia":[{"embeddable":true,"href":"https:\/\/franciscanos.org.br\/noticias\/wp-json\/wp\/v2\/media\/198319"}],"wp:attachment":[{"href":"https:\/\/franciscanos.org.br\/noticias\/wp-json\/wp\/v2\/media?parent=133885"}],"wp:term":[{"taxonomy":"category","embeddable":true,"href":"https:\/\/franciscanos.org.br\/noticias\/wp-json\/wp\/v2\/categories?post=133885"},{"taxonomy":"post_tag","embeddable":true,"href":"https:\/\/franciscanos.org.br\/noticias\/wp-json\/wp\/v2\/tags?post=133885"}],"curies":[{"name":"wp","href":"https:\/\/api.w.org\/{rel}","templated":true}]}}