{"id":133859,"date":"2017-07-20T06:17:36","date_gmt":"2017-07-20T09:17:36","guid":{"rendered":"http:\/\/franciscanos.org.br\/?p=133859"},"modified":"2019-03-02T14:22:12","modified_gmt":"2019-03-02T17:22:12","slug":"custodia-prepara-festejos-dos-800-anos-da-presenca-franciscana-na-terra-santa","status":"publish","type":"post","link":"https:\/\/franciscanos.org.br\/noticias\/custodia-prepara-festejos-dos-800-anos-da-presenca-franciscana-na-terra-santa.html","title":{"rendered":"Cust\u00f3dia celebra 800 anos de presen\u00e7a franciscana"},"content":{"rendered":"<p><img loading=\"lazy\" src=\"http:\/\/franciscanos.org.br\/wp-content\/uploads\/2017\/05\/terrasanta_250517.jpg\" alt=\"terrasanta_250517\" width=\"820\" height=\"365\" \/><\/p>\n<p><strong>Jerusal\u00e9m<\/strong> \u2013 Os 800 anos da presen\u00e7a franciscana na Terra Santa (1217 \u2013 2017) ser\u00e3o celebrados com diversas iniciativas, sendo o \u00e1pice das celebra\u00e7\u00f5es no m\u00eas de outubro.<\/p>\n<p>O logotipo das comemora\u00e7\u00f5es traz o c\u00e9lebre \u00edcone de S\u00e3o Francisco chegando de barco em Acre (norte de Israel), a Cruz da Cust\u00f3dia e o n\u00famero \u201c800\u201d em destaque. Tamb\u00e9m foram criados banners alusivos em diversas l\u00ednguas que enfatizam a import\u00e2ncia da recorr\u00eancia. Segundo explicou o Frei Narcyz Klimas, arquivista da Cust\u00f3dia e Presidente do Comit\u00ea organizativo, eles ser\u00e3o enviados \u201ca todos os Comissariados da Terra Santa e a todos os Conventos no L\u00edbano, S\u00edria, Jord\u00e2nia, Egito, Rodes, Chipre, Washington, It\u00e1lia e Espanha\u201d.<\/p>\n<p>\u201cDesde o in\u00edcio do ano j\u00e1 se pensava em como celebrar este importante anivers\u00e1rio\u201d, revelou o religioso, explicando que mesmo as pessoas come\u00e7avam a perguntar a respeito e a interessar-se.<\/p>\n<p><strong>Veja como foi a peregrina\u00e7\u00e3o a Acre<\/strong><\/p>\n<p><iframe loading=\"lazy\" width=\"500\" height=\"281\" src=\"https:\/\/www.youtube.com\/embed\/B4okxUweLDA?feature=oembed\" frameborder=\"0\" allow=\"accelerometer; autoplay; encrypted-media; gyroscope; picture-in-picture\" allowfullscreen><\/iframe><br \/>\nUma das tantas iniciativas foi a peregrina\u00e7\u00e3o a Acre (veja v\u00eddeo). Assim, em 11 de junho, um \u00f4nibus com frades partiu para Acre, onde na parte da manh\u00e3 o \u00a0Cust\u00f3dio Frei Francesco Patton presidiu uma celebra\u00e7\u00e3o. Ap\u00f3s o almo\u00e7o, os religiosos fizeram uma breve visita guiada aos bairros de Acco, onde encontram-se os primeiros alojamentos dos frades chegados \u00e0 Terra Santa. Um concerto no final da tarde concluiu o dia.<\/p>\n<p><strong>Celebra\u00e7\u00f5es em outubro<\/strong><br \/>\nO m\u00eas de outubro ter\u00e1 tr\u00eas dias especiais dedicados \u00e0 confer\u00eancias e concertos, na presen\u00e7a do Prefeito da Congrega\u00e7\u00e3o para as Igrejas Orientais, Cardeal Leonardo Sandri; do Ministro Geral da Ordem dos Frades Menores, Frei Michael Perry; do Vig\u00e1rio Geral da Ordem, Frei Julio C\u00e9sar Bunader e personalidades do mundo universit\u00e1rio e religioso.<\/p>\n<p>No dia 16, uma confer\u00eancia na parte da manh\u00e3 ser\u00e1 dedicada \u00e0s organiza\u00e7\u00f5es e institui\u00e7\u00f5es que apoiam as m\u00faltiplas atividades da Cust\u00f3dia. Na parte da tarde, o Padre Geral da Ordem abrir\u00e1 as celebra\u00e7\u00f5es do anivers\u00e1rio. J\u00e1 no dia 17, o Cardeal Leonardo Sandri presidir\u00e1 a Santa Missa, seguida por uma confer\u00eancia no Sal\u00e3o da Imaculada sobre o tema \u201cO papel dos franciscanos na Terra Santa\u201d. Seguir\u00e3o outras confer\u00eancias, entre as quais, uma dedicada \u00e0 chegada dos primeiros frades em Acre, uma sobre \u201cAcre Cruzada\u201d e outra sobre vest\u00edgios franciscanos encontrados no primeiro convento no Monte Si\u00e3o.<\/p>\n<p>No terceiro dia \u2013 quarta-feira 18 de outubro \u2013 o tema do encontro ser\u00e1 o significado dos afrescos na Bas\u00edlica Superior de S\u00e3o Francisco de Assis, seguido por um breve pronunciamento sobre os primeiros Conventos Franciscanos no Oriente M\u00e9dio. No encerramento, na tarde, est\u00e1 prevista uma missa com o Vig\u00e1rio Geral da Ordem, seguida por um Concerto preparado pelo Instituto Musical da Cust\u00f3dia Magnificat. Mas as iniciativas n\u00e3o param por a\u00ed. O organista h\u00fangaro Robert Kov\u00e1cs, da Wiener Philarmoniker ser\u00e1 o protagonista de diversos concertos em igrejas e bas\u00edlicas de Tel Aviv-Jaffa, Nazar\u00e9, Jerusal\u00e9m e Bel\u00e9m.<\/p>\n<p><strong>M\u00eddia<\/strong><br \/>\nFrei Narcyz tamb\u00e9m ressaltou que com o \u201cChristian Media Center \u2013 \u00f3rg\u00e3o de comunica\u00e7\u00e3o da Cust\u00f3dia dedicado ao v\u00eddeo e \u00e0 TV \u2013 estamos procurando realizar um document\u00e1rio acompanhado por imagens de fic\u00e7\u00e3o, para que se construa uma narrativa diferente a partir de lugares s\u00edmbolos: o Santo Sepulcro, Acre e o Cen\u00e1culo\u201d. Tamb\u00e9m as revistas da Cust\u00f3dia impressas em seis l\u00ednguas cobrir\u00e3o a recorr\u00eancia com uma edi\u00e7\u00e3o especial ou com aprofundamentos que ser\u00e3o publicados de maneira continuada ao longo de todo o ano. O Comit\u00ea organizativo assim, com suas iniciativas, pretende envolver universidades, santu\u00e1rios, escolas, par\u00f3quias e revistas nos festejos do oitavo centen\u00e1rio dos franciscanos na Terra Santa.<\/p>\n","protected":false},"excerpt":{"rendered":"<p>Terra Santa<\/p>\n","protected":false},"author":1,"featured_media":200934,"comment_status":"open","ping_status":"open","sticky":false,"template":"","format":"standard","meta":[],"categories":[1],"tags":[182],"acf":[],"yoast_head":"<!-- This site is optimized with the Yoast SEO plugin v19.2 - https:\/\/yoast.com\/wordpress\/plugins\/seo\/ -->\n<title>Cust\u00f3dia celebra 800 anos de presen\u00e7a franciscana - Not\u00edcias - Franciscanos<\/title>\n<meta name=\"robots\" content=\"index, follow, max-snippet:-1, max-image-preview:large, max-video-preview:-1\" \/>\n<link rel=\"canonical\" href=\"https:\/\/franciscanos.org.br\/noticias\/custodia-prepara-festejos-dos-800-anos-da-presenca-franciscana-na-terra-santa.html\" \/>\n<meta property=\"og:locale\" content=\"pt_BR\" \/>\n<meta property=\"og:type\" content=\"article\" \/>\n<meta property=\"og:title\" content=\"Cust\u00f3dia celebra 800 anos de presen\u00e7a franciscana - Not\u00edcias - Franciscanos\" \/>\n<meta property=\"og:description\" content=\"Terra Santa\" \/>\n<meta property=\"og:url\" content=\"https:\/\/franciscanos.org.br\/noticias\/custodia-prepara-festejos-dos-800-anos-da-presenca-franciscana-na-terra-santa.html\" \/>\n<meta property=\"og:site_name\" content=\"Not\u00edcias - Franciscanos\" \/>\n<meta property=\"article:published_time\" content=\"2017-07-20T09:17:36+00:00\" \/>\n<meta property=\"article:modified_time\" content=\"2019-03-02T17:22:12+00:00\" \/>\n<meta property=\"og:image\" content=\"https:\/\/franciscanos.org.br\/noticias\/wp-content\/uploads\/2017\/07\/terrasanta_250517.jpg\" \/>\n\t<meta property=\"og:image:width\" content=\"273\" \/>\n\t<meta property=\"og:image:height\" content=\"181\" \/>\n\t<meta property=\"og:image:type\" content=\"image\/jpeg\" \/>\n<meta name=\"author\" content=\"admin\" \/>\n<meta name=\"twitter:card\" content=\"summary_large_image\" \/>\n<meta name=\"twitter:label1\" content=\"Escrito por\" \/>\n\t<meta name=\"twitter:data1\" content=\"admin\" \/>\n\t<meta name=\"twitter:label2\" content=\"Est. tempo de leitura\" \/>\n\t<meta name=\"twitter:data2\" content=\"3 minutos\" \/>\n<script type=\"application\/ld+json\" class=\"yoast-schema-graph\">{\"@context\":\"https:\/\/schema.org\",\"@graph\":[{\"@type\":\"WebSite\",\"@id\":\"https:\/\/franciscanos.org.br\/noticias\/#website\",\"url\":\"https:\/\/franciscanos.org.br\/noticias\/\",\"name\":\"Not\u00edcias - Franciscanos\",\"description\":\"Prov\u00edncia Franciscana da Imaculada Concei\u00e7\u00e3o do Brasil - Ordem dos Frades Menores - OFM\",\"potentialAction\":[{\"@type\":\"SearchAction\",\"target\":{\"@type\":\"EntryPoint\",\"urlTemplate\":\"https:\/\/franciscanos.org.br\/noticias\/?s={search_term_string}\"},\"query-input\":\"required name=search_term_string\"}],\"inLanguage\":\"pt-BR\"},{\"@type\":\"ImageObject\",\"inLanguage\":\"pt-BR\",\"@id\":\"https:\/\/franciscanos.org.br\/noticias\/custodia-prepara-festejos-dos-800-anos-da-presenca-franciscana-na-terra-santa.html#primaryimage\",\"url\":\"https:\/\/franciscanos.org.br\/noticias\/wp-content\/uploads\/2017\/07\/terrasanta_250517.jpg\",\"contentUrl\":\"https:\/\/franciscanos.org.br\/noticias\/wp-content\/uploads\/2017\/07\/terrasanta_250517.jpg\",\"width\":273,\"height\":181},{\"@type\":\"WebPage\",\"@id\":\"https:\/\/franciscanos.org.br\/noticias\/custodia-prepara-festejos-dos-800-anos-da-presenca-franciscana-na-terra-santa.html#webpage\",\"url\":\"https:\/\/franciscanos.org.br\/noticias\/custodia-prepara-festejos-dos-800-anos-da-presenca-franciscana-na-terra-santa.html\",\"name\":\"Cust\u00f3dia celebra 800 anos de presen\u00e7a franciscana - Not\u00edcias - Franciscanos\",\"isPartOf\":{\"@id\":\"https:\/\/franciscanos.org.br\/noticias\/#website\"},\"primaryImageOfPage\":{\"@id\":\"https:\/\/franciscanos.org.br\/noticias\/custodia-prepara-festejos-dos-800-anos-da-presenca-franciscana-na-terra-santa.html#primaryimage\"},\"datePublished\":\"2017-07-20T09:17:36+00:00\",\"dateModified\":\"2019-03-02T17:22:12+00:00\",\"author\":{\"@id\":\"https:\/\/franciscanos.org.br\/noticias\/#\/schema\/person\/b38fbf43118f02820bd932f2e4b14ad3\"},\"breadcrumb\":{\"@id\":\"https:\/\/franciscanos.org.br\/noticias\/custodia-prepara-festejos-dos-800-anos-da-presenca-franciscana-na-terra-santa.html#breadcrumb\"},\"inLanguage\":\"pt-BR\",\"potentialAction\":[{\"@type\":\"ReadAction\",\"target\":[\"https:\/\/franciscanos.org.br\/noticias\/custodia-prepara-festejos-dos-800-anos-da-presenca-franciscana-na-terra-santa.html\"]}]},{\"@type\":\"BreadcrumbList\",\"@id\":\"https:\/\/franciscanos.org.br\/noticias\/custodia-prepara-festejos-dos-800-anos-da-presenca-franciscana-na-terra-santa.html#breadcrumb\",\"itemListElement\":[{\"@type\":\"ListItem\",\"position\":1,\"name\":\"Home\",\"item\":\"https:\/\/franciscanos.org.br\/noticias\"},{\"@type\":\"ListItem\",\"position\":2,\"name\":\"Cust\u00f3dia celebra 800 anos de presen\u00e7a franciscana\"}]},{\"@type\":\"Person\",\"@id\":\"https:\/\/franciscanos.org.br\/noticias\/#\/schema\/person\/b38fbf43118f02820bd932f2e4b14ad3\",\"name\":\"admin\",\"image\":{\"@type\":\"ImageObject\",\"inLanguage\":\"pt-BR\",\"@id\":\"https:\/\/franciscanos.org.br\/noticias\/#\/schema\/person\/image\/\",\"url\":\"https:\/\/secure.gravatar.com\/avatar\/e8495742d34d0ba6448ea1c628263b3e?s=96&d=mm&r=g\",\"contentUrl\":\"https:\/\/secure.gravatar.com\/avatar\/e8495742d34d0ba6448ea1c628263b3e?s=96&d=mm&r=g\",\"caption\":\"admin\"},\"url\":\"https:\/\/franciscanos.org.br\/noticias\/author\/admin\"}]}<\/script>\n<!-- \/ Yoast SEO plugin. -->","yoast_head_json":{"title":"Cust\u00f3dia celebra 800 anos de presen\u00e7a franciscana - Not\u00edcias - Franciscanos","robots":{"index":"index","follow":"follow","max-snippet":"max-snippet:-1","max-image-preview":"max-image-preview:large","max-video-preview":"max-video-preview:-1"},"canonical":"https:\/\/franciscanos.org.br\/noticias\/custodia-prepara-festejos-dos-800-anos-da-presenca-franciscana-na-terra-santa.html","og_locale":"pt_BR","og_type":"article","og_title":"Cust\u00f3dia celebra 800 anos de presen\u00e7a franciscana - Not\u00edcias - Franciscanos","og_description":"Terra Santa","og_url":"https:\/\/franciscanos.org.br\/noticias\/custodia-prepara-festejos-dos-800-anos-da-presenca-franciscana-na-terra-santa.html","og_site_name":"Not\u00edcias - Franciscanos","article_published_time":"2017-07-20T09:17:36+00:00","article_modified_time":"2019-03-02T17:22:12+00:00","og_image":[{"width":273,"height":181,"url":"https:\/\/franciscanos.org.br\/noticias\/wp-content\/uploads\/2017\/07\/terrasanta_250517.jpg","type":"image\/jpeg"}],"author":"admin","twitter_card":"summary_large_image","twitter_misc":{"Escrito por":"admin","Est. tempo de leitura":"3 minutos"},"schema":{"@context":"https:\/\/schema.org","@graph":[{"@type":"WebSite","@id":"https:\/\/franciscanos.org.br\/noticias\/#website","url":"https:\/\/franciscanos.org.br\/noticias\/","name":"Not\u00edcias - Franciscanos","description":"Prov\u00edncia Franciscana da Imaculada Concei\u00e7\u00e3o do Brasil - Ordem dos Frades Menores - OFM","potentialAction":[{"@type":"SearchAction","target":{"@type":"EntryPoint","urlTemplate":"https:\/\/franciscanos.org.br\/noticias\/?s={search_term_string}"},"query-input":"required name=search_term_string"}],"inLanguage":"pt-BR"},{"@type":"ImageObject","inLanguage":"pt-BR","@id":"https:\/\/franciscanos.org.br\/noticias\/custodia-prepara-festejos-dos-800-anos-da-presenca-franciscana-na-terra-santa.html#primaryimage","url":"https:\/\/franciscanos.org.br\/noticias\/wp-content\/uploads\/2017\/07\/terrasanta_250517.jpg","contentUrl":"https:\/\/franciscanos.org.br\/noticias\/wp-content\/uploads\/2017\/07\/terrasanta_250517.jpg","width":273,"height":181},{"@type":"WebPage","@id":"https:\/\/franciscanos.org.br\/noticias\/custodia-prepara-festejos-dos-800-anos-da-presenca-franciscana-na-terra-santa.html#webpage","url":"https:\/\/franciscanos.org.br\/noticias\/custodia-prepara-festejos-dos-800-anos-da-presenca-franciscana-na-terra-santa.html","name":"Cust\u00f3dia celebra 800 anos de presen\u00e7a franciscana - Not\u00edcias - Franciscanos","isPartOf":{"@id":"https:\/\/franciscanos.org.br\/noticias\/#website"},"primaryImageOfPage":{"@id":"https:\/\/franciscanos.org.br\/noticias\/custodia-prepara-festejos-dos-800-anos-da-presenca-franciscana-na-terra-santa.html#primaryimage"},"datePublished":"2017-07-20T09:17:36+00:00","dateModified":"2019-03-02T17:22:12+00:00","author":{"@id":"https:\/\/franciscanos.org.br\/noticias\/#\/schema\/person\/b38fbf43118f02820bd932f2e4b14ad3"},"breadcrumb":{"@id":"https:\/\/franciscanos.org.br\/noticias\/custodia-prepara-festejos-dos-800-anos-da-presenca-franciscana-na-terra-santa.html#breadcrumb"},"inLanguage":"pt-BR","potentialAction":[{"@type":"ReadAction","target":["https:\/\/franciscanos.org.br\/noticias\/custodia-prepara-festejos-dos-800-anos-da-presenca-franciscana-na-terra-santa.html"]}]},{"@type":"BreadcrumbList","@id":"https:\/\/franciscanos.org.br\/noticias\/custodia-prepara-festejos-dos-800-anos-da-presenca-franciscana-na-terra-santa.html#breadcrumb","itemListElement":[{"@type":"ListItem","position":1,"name":"Home","item":"https:\/\/franciscanos.org.br\/noticias"},{"@type":"ListItem","position":2,"name":"Cust\u00f3dia celebra 800 anos de presen\u00e7a franciscana"}]},{"@type":"Person","@id":"https:\/\/franciscanos.org.br\/noticias\/#\/schema\/person\/b38fbf43118f02820bd932f2e4b14ad3","name":"admin","image":{"@type":"ImageObject","inLanguage":"pt-BR","@id":"https:\/\/franciscanos.org.br\/noticias\/#\/schema\/person\/image\/","url":"https:\/\/secure.gravatar.com\/avatar\/e8495742d34d0ba6448ea1c628263b3e?s=96&d=mm&r=g","contentUrl":"https:\/\/secure.gravatar.com\/avatar\/e8495742d34d0ba6448ea1c628263b3e?s=96&d=mm&r=g","caption":"admin"},"url":"https:\/\/franciscanos.org.br\/noticias\/author\/admin"}]}},"_links":{"self":[{"href":"https:\/\/franciscanos.org.br\/noticias\/wp-json\/wp\/v2\/posts\/133859"}],"collection":[{"href":"https:\/\/franciscanos.org.br\/noticias\/wp-json\/wp\/v2\/posts"}],"about":[{"href":"https:\/\/franciscanos.org.br\/noticias\/wp-json\/wp\/v2\/types\/post"}],"author":[{"embeddable":true,"href":"https:\/\/franciscanos.org.br\/noticias\/wp-json\/wp\/v2\/users\/1"}],"replies":[{"embeddable":true,"href":"https:\/\/franciscanos.org.br\/noticias\/wp-json\/wp\/v2\/comments?post=133859"}],"version-history":[{"count":0,"href":"https:\/\/franciscanos.org.br\/noticias\/wp-json\/wp\/v2\/posts\/133859\/revisions"}],"wp:featuredmedia":[{"embeddable":true,"href":"https:\/\/franciscanos.org.br\/noticias\/wp-json\/wp\/v2\/media\/200934"}],"wp:attachment":[{"href":"https:\/\/franciscanos.org.br\/noticias\/wp-json\/wp\/v2\/media?parent=133859"}],"wp:term":[{"taxonomy":"category","embeddable":true,"href":"https:\/\/franciscanos.org.br\/noticias\/wp-json\/wp\/v2\/categories?post=133859"},{"taxonomy":"post_tag","embeddable":true,"href":"https:\/\/franciscanos.org.br\/noticias\/wp-json\/wp\/v2\/tags?post=133859"}],"curies":[{"name":"wp","href":"https:\/\/api.w.org\/{rel}","templated":true}]}}