{"id":133705,"date":"2017-05-23T13:46:27","date_gmt":"2017-05-23T16:46:27","guid":{"rendered":"http:\/\/franciscanos.org.br\/?p=133705"},"modified":"2019-01-29T16:18:32","modified_gmt":"2019-01-29T18:18:32","slug":"lancamento-do-novo-livro-de-frei-clarencio","status":"publish","type":"post","link":"https:\/\/franciscanos.org.br\/noticias\/lancamento-do-novo-livro-de-frei-clarencio.html","title":{"rendered":"Lan\u00e7amento do novo livro de Frei Clar\u00eancio"},"content":{"rendered":"<p><img loading=\"lazy\" class=\"alignleft wp-image-133721 size-full\" src=\"http:\/\/franciscanos.org.br\/wp-content\/uploads\/2017\/05\/santuario_230517livro.jpg\" alt=\"santuario_230517livro\" width=\"370\" height=\"304\" \/>\u201cQue venha o Esp\u00edrito Santo como um vento, como brisa suave feita de amor, venha e penetre por todos os lados o meu jardim, que \u00e9 a minha consci\u00eancia. Que ele espalhe os seus aromas com a presen\u00e7a do Senhor. A presen\u00e7a do Senhor em mim tem fragr\u00e2ncia superior a todos os bons perfumes. Que venha o Esp\u00edrito Santo e traga o segredo da contempla\u00e7\u00e3o, a alegria espiritual, a suavidade da do\u00e7ura interior\u201d. Que venha o Esp\u00edrito Santo e varra de dentro de mim as gl\u00f3rias mundanas e me encha com a consola\u00e7\u00e3o de sua gra\u00e7a\u201d (NEOTTI, 2017, p. 53-54).<\/p>\n<p>Aproveitando esse momento de j\u00fabilo pelos 50 anos do Santu\u00e1rio Divino Esp\u00edrito Santo, temos a honra de divulgar o recente livro de Frei Clar\u00eancio Neotti , intitulado \u201cSanto Ant\u00f4nio: simpatia de Deus e do povo\u201d, publicado pela Editora Santu\u00e1rio (Aparecida), com 198 p\u00e1ginas. Neste livro, Frei Clar\u00eancio apresenta 26 serm\u00f5es prontos para a trezena de Santo Ant\u00f4nio. Todos os serm\u00f5es est\u00e3o baseados em textos do santo franciscano.<\/p>\n<p><strong>Santo Ant\u00f4nio, santo de todos os brasileiros<\/strong><\/p>\n<p>N\u00e3o h\u00e1 quem n\u00e3o tenha uma simpatia pela vida deste grande santo que, ora est\u00e1 no imagin\u00e1rio do povo; ora nas preces dos fi\u00e9is que pedem gra\u00e7as a Deus, por meio deste ex\u00edmio santo.<\/p>\n<p>Dentro de uma linguagem bastante atual de nossas juventudes, diria que santo Ant\u00f4nio estaria dentro dos \u201ctop 10\u201d dos santos populares. Ousamos at\u00e9 em dizer que ele estaria liderando esse ranking. N\u00e3o \u00e9 \u00e0 toa. O povo brasileiro possui um afeto estreito \u00e0 vida deste homem e ao que ele p\u00f4de cultivar e semear em nossa terra. Da It\u00e1lia ao Brasil. Dos altares aos nossos lares. De Deus ao povo que o admira. Estes s\u00e3o os movimentos que Santo Ant\u00f4nio faz e continuar\u00e1 a fazer. Sua vida e obras s\u00e3o eloquentes.<br \/>\nPr\u00f3ximo \u00e0s festividades deste grande santo, este \u00e9 um bom livro para nos ajudar a rezar e meditar os mist\u00e9rios de Deus, atrav\u00e9s da vida de Santo Ant\u00f4nio. Adquira j\u00e1 o seu. Aqueles que residem nas redondezas do Santu\u00e1rio poder\u00e3o adquirir o seu durante a festa. Teremos uma barraquinha com livros \u00e0 venda.<br \/>\n<strong><a href=\"https:\/\/editorasantuario.com.br\/produtos\/detalhe\/1561\/santo_antonio\" target=\"_blank\" rel=\"noopener\">ADQUIRA AQUI O LIVRO<\/a><\/strong><\/p>\n<p><strong>Por PASCOM, da Par\u00f3quia Nossa Senhora do Ros\u00e1rio <\/strong><\/p>\n<blockquote><p><em>Frei Clar\u00eancio Neotti, OFM, est\u00e1 vig\u00e1rio Paroquial da Par\u00f3quia Nossa Senhora do Ros\u00e1rio, na cidade de Vila Velha, arquidiocese de Vit\u00f3ria \u2013 ES. Um religioso altamente voltado a literatura. Entre suas publica\u00e7\u00f5es est\u00e3o: \u201cOrar quinze dias com Santo Ant\u00f4nio\u201d; \u201cSanto Ant\u00f4nio, mestre de vida\u201d; \u201cTrezena de Santo Ant\u00f4nio\u201d; \u201cAnimais no Altar \u2013 um estudo de iconografia e Simbologia\u201d; \u201cS\u00e3o Benedito, homem de Deus e do povo\u201d.<\/em><\/p><\/blockquote>\n","protected":false},"excerpt":{"rendered":"<p>Vila Velha<\/p>\n","protected":false},"author":1,"featured_media":198354,"comment_status":"open","ping_status":"open","sticky":false,"template":"","format":"standard","meta":[],"categories":[1],"tags":[1245],"acf":[],"yoast_head":"<!-- This site is optimized with the Yoast SEO plugin v19.2 - https:\/\/yoast.com\/wordpress\/plugins\/seo\/ -->\n<title>Lan\u00e7amento do novo livro de Frei Clar\u00eancio - Not\u00edcias - Franciscanos<\/title>\n<meta name=\"robots\" content=\"index, follow, max-snippet:-1, max-image-preview:large, max-video-preview:-1\" \/>\n<link rel=\"canonical\" href=\"https:\/\/franciscanos.org.br\/noticias\/lancamento-do-novo-livro-de-frei-clarencio.html\" \/>\n<meta property=\"og:locale\" content=\"pt_BR\" \/>\n<meta property=\"og:type\" content=\"article\" \/>\n<meta property=\"og:title\" content=\"Lan\u00e7amento do novo livro de Frei Clar\u00eancio - Not\u00edcias - Franciscanos\" \/>\n<meta property=\"og:description\" content=\"Vila Velha\" \/>\n<meta property=\"og:url\" content=\"https:\/\/franciscanos.org.br\/noticias\/lancamento-do-novo-livro-de-frei-clarencio.html\" \/>\n<meta property=\"og:site_name\" content=\"Not\u00edcias - Franciscanos\" \/>\n<meta property=\"article:published_time\" content=\"2017-05-23T16:46:27+00:00\" \/>\n<meta property=\"article:modified_time\" content=\"2019-01-29T18:18:32+00:00\" \/>\n<meta property=\"og:image\" content=\"https:\/\/franciscanos.org.br\/noticias\/wp-content\/uploads\/2017\/05\/santuario_230517livro.jpg\" \/>\n\t<meta property=\"og:image:width\" content=\"273\" \/>\n\t<meta property=\"og:image:height\" content=\"182\" \/>\n\t<meta property=\"og:image:type\" content=\"image\/jpeg\" \/>\n<meta name=\"author\" content=\"admin\" \/>\n<meta name=\"twitter:card\" content=\"summary_large_image\" \/>\n<meta name=\"twitter:label1\" content=\"Escrito por\" \/>\n\t<meta name=\"twitter:data1\" content=\"admin\" \/>\n\t<meta name=\"twitter:label2\" content=\"Est. tempo de leitura\" \/>\n\t<meta name=\"twitter:data2\" content=\"2 minutos\" \/>\n<script type=\"application\/ld+json\" class=\"yoast-schema-graph\">{\"@context\":\"https:\/\/schema.org\",\"@graph\":[{\"@type\":\"WebSite\",\"@id\":\"https:\/\/franciscanos.org.br\/noticias\/#website\",\"url\":\"https:\/\/franciscanos.org.br\/noticias\/\",\"name\":\"Not\u00edcias - Franciscanos\",\"description\":\"Prov\u00edncia Franciscana da Imaculada Concei\u00e7\u00e3o do Brasil - Ordem dos Frades Menores - OFM\",\"potentialAction\":[{\"@type\":\"SearchAction\",\"target\":{\"@type\":\"EntryPoint\",\"urlTemplate\":\"https:\/\/franciscanos.org.br\/noticias\/?s={search_term_string}\"},\"query-input\":\"required name=search_term_string\"}],\"inLanguage\":\"pt-BR\"},{\"@type\":\"ImageObject\",\"inLanguage\":\"pt-BR\",\"@id\":\"https:\/\/franciscanos.org.br\/noticias\/lancamento-do-novo-livro-de-frei-clarencio.html#primaryimage\",\"url\":\"https:\/\/franciscanos.org.br\/noticias\/wp-content\/uploads\/2017\/05\/santuario_230517livro.jpg\",\"contentUrl\":\"https:\/\/franciscanos.org.br\/noticias\/wp-content\/uploads\/2017\/05\/santuario_230517livro.jpg\",\"width\":273,\"height\":182},{\"@type\":\"WebPage\",\"@id\":\"https:\/\/franciscanos.org.br\/noticias\/lancamento-do-novo-livro-de-frei-clarencio.html#webpage\",\"url\":\"https:\/\/franciscanos.org.br\/noticias\/lancamento-do-novo-livro-de-frei-clarencio.html\",\"name\":\"Lan\u00e7amento do novo livro de Frei Clar\u00eancio - Not\u00edcias - Franciscanos\",\"isPartOf\":{\"@id\":\"https:\/\/franciscanos.org.br\/noticias\/#website\"},\"primaryImageOfPage\":{\"@id\":\"https:\/\/franciscanos.org.br\/noticias\/lancamento-do-novo-livro-de-frei-clarencio.html#primaryimage\"},\"datePublished\":\"2017-05-23T16:46:27+00:00\",\"dateModified\":\"2019-01-29T18:18:32+00:00\",\"author\":{\"@id\":\"https:\/\/franciscanos.org.br\/noticias\/#\/schema\/person\/b38fbf43118f02820bd932f2e4b14ad3\"},\"breadcrumb\":{\"@id\":\"https:\/\/franciscanos.org.br\/noticias\/lancamento-do-novo-livro-de-frei-clarencio.html#breadcrumb\"},\"inLanguage\":\"pt-BR\",\"potentialAction\":[{\"@type\":\"ReadAction\",\"target\":[\"https:\/\/franciscanos.org.br\/noticias\/lancamento-do-novo-livro-de-frei-clarencio.html\"]}]},{\"@type\":\"BreadcrumbList\",\"@id\":\"https:\/\/franciscanos.org.br\/noticias\/lancamento-do-novo-livro-de-frei-clarencio.html#breadcrumb\",\"itemListElement\":[{\"@type\":\"ListItem\",\"position\":1,\"name\":\"Home\",\"item\":\"https:\/\/franciscanos.org.br\/noticias\"},{\"@type\":\"ListItem\",\"position\":2,\"name\":\"Lan\u00e7amento do novo livro de Frei Clar\u00eancio\"}]},{\"@type\":\"Person\",\"@id\":\"https:\/\/franciscanos.org.br\/noticias\/#\/schema\/person\/b38fbf43118f02820bd932f2e4b14ad3\",\"name\":\"admin\",\"image\":{\"@type\":\"ImageObject\",\"inLanguage\":\"pt-BR\",\"@id\":\"https:\/\/franciscanos.org.br\/noticias\/#\/schema\/person\/image\/\",\"url\":\"https:\/\/secure.gravatar.com\/avatar\/e8495742d34d0ba6448ea1c628263b3e?s=96&d=mm&r=g\",\"contentUrl\":\"https:\/\/secure.gravatar.com\/avatar\/e8495742d34d0ba6448ea1c628263b3e?s=96&d=mm&r=g\",\"caption\":\"admin\"},\"url\":\"https:\/\/franciscanos.org.br\/noticias\/author\/admin\"}]}<\/script>\n<!-- \/ Yoast SEO plugin. -->","yoast_head_json":{"title":"Lan\u00e7amento do novo livro de Frei Clar\u00eancio - Not\u00edcias - Franciscanos","robots":{"index":"index","follow":"follow","max-snippet":"max-snippet:-1","max-image-preview":"max-image-preview:large","max-video-preview":"max-video-preview:-1"},"canonical":"https:\/\/franciscanos.org.br\/noticias\/lancamento-do-novo-livro-de-frei-clarencio.html","og_locale":"pt_BR","og_type":"article","og_title":"Lan\u00e7amento do novo livro de Frei Clar\u00eancio - Not\u00edcias - Franciscanos","og_description":"Vila Velha","og_url":"https:\/\/franciscanos.org.br\/noticias\/lancamento-do-novo-livro-de-frei-clarencio.html","og_site_name":"Not\u00edcias - Franciscanos","article_published_time":"2017-05-23T16:46:27+00:00","article_modified_time":"2019-01-29T18:18:32+00:00","og_image":[{"width":273,"height":182,"url":"https:\/\/franciscanos.org.br\/noticias\/wp-content\/uploads\/2017\/05\/santuario_230517livro.jpg","type":"image\/jpeg"}],"author":"admin","twitter_card":"summary_large_image","twitter_misc":{"Escrito por":"admin","Est. tempo de leitura":"2 minutos"},"schema":{"@context":"https:\/\/schema.org","@graph":[{"@type":"WebSite","@id":"https:\/\/franciscanos.org.br\/noticias\/#website","url":"https:\/\/franciscanos.org.br\/noticias\/","name":"Not\u00edcias - Franciscanos","description":"Prov\u00edncia Franciscana da Imaculada Concei\u00e7\u00e3o do Brasil - Ordem dos Frades Menores - OFM","potentialAction":[{"@type":"SearchAction","target":{"@type":"EntryPoint","urlTemplate":"https:\/\/franciscanos.org.br\/noticias\/?s={search_term_string}"},"query-input":"required name=search_term_string"}],"inLanguage":"pt-BR"},{"@type":"ImageObject","inLanguage":"pt-BR","@id":"https:\/\/franciscanos.org.br\/noticias\/lancamento-do-novo-livro-de-frei-clarencio.html#primaryimage","url":"https:\/\/franciscanos.org.br\/noticias\/wp-content\/uploads\/2017\/05\/santuario_230517livro.jpg","contentUrl":"https:\/\/franciscanos.org.br\/noticias\/wp-content\/uploads\/2017\/05\/santuario_230517livro.jpg","width":273,"height":182},{"@type":"WebPage","@id":"https:\/\/franciscanos.org.br\/noticias\/lancamento-do-novo-livro-de-frei-clarencio.html#webpage","url":"https:\/\/franciscanos.org.br\/noticias\/lancamento-do-novo-livro-de-frei-clarencio.html","name":"Lan\u00e7amento do novo livro de Frei Clar\u00eancio - Not\u00edcias - Franciscanos","isPartOf":{"@id":"https:\/\/franciscanos.org.br\/noticias\/#website"},"primaryImageOfPage":{"@id":"https:\/\/franciscanos.org.br\/noticias\/lancamento-do-novo-livro-de-frei-clarencio.html#primaryimage"},"datePublished":"2017-05-23T16:46:27+00:00","dateModified":"2019-01-29T18:18:32+00:00","author":{"@id":"https:\/\/franciscanos.org.br\/noticias\/#\/schema\/person\/b38fbf43118f02820bd932f2e4b14ad3"},"breadcrumb":{"@id":"https:\/\/franciscanos.org.br\/noticias\/lancamento-do-novo-livro-de-frei-clarencio.html#breadcrumb"},"inLanguage":"pt-BR","potentialAction":[{"@type":"ReadAction","target":["https:\/\/franciscanos.org.br\/noticias\/lancamento-do-novo-livro-de-frei-clarencio.html"]}]},{"@type":"BreadcrumbList","@id":"https:\/\/franciscanos.org.br\/noticias\/lancamento-do-novo-livro-de-frei-clarencio.html#breadcrumb","itemListElement":[{"@type":"ListItem","position":1,"name":"Home","item":"https:\/\/franciscanos.org.br\/noticias"},{"@type":"ListItem","position":2,"name":"Lan\u00e7amento do novo livro de Frei Clar\u00eancio"}]},{"@type":"Person","@id":"https:\/\/franciscanos.org.br\/noticias\/#\/schema\/person\/b38fbf43118f02820bd932f2e4b14ad3","name":"admin","image":{"@type":"ImageObject","inLanguage":"pt-BR","@id":"https:\/\/franciscanos.org.br\/noticias\/#\/schema\/person\/image\/","url":"https:\/\/secure.gravatar.com\/avatar\/e8495742d34d0ba6448ea1c628263b3e?s=96&d=mm&r=g","contentUrl":"https:\/\/secure.gravatar.com\/avatar\/e8495742d34d0ba6448ea1c628263b3e?s=96&d=mm&r=g","caption":"admin"},"url":"https:\/\/franciscanos.org.br\/noticias\/author\/admin"}]}},"_links":{"self":[{"href":"https:\/\/franciscanos.org.br\/noticias\/wp-json\/wp\/v2\/posts\/133705"}],"collection":[{"href":"https:\/\/franciscanos.org.br\/noticias\/wp-json\/wp\/v2\/posts"}],"about":[{"href":"https:\/\/franciscanos.org.br\/noticias\/wp-json\/wp\/v2\/types\/post"}],"author":[{"embeddable":true,"href":"https:\/\/franciscanos.org.br\/noticias\/wp-json\/wp\/v2\/users\/1"}],"replies":[{"embeddable":true,"href":"https:\/\/franciscanos.org.br\/noticias\/wp-json\/wp\/v2\/comments?post=133705"}],"version-history":[{"count":0,"href":"https:\/\/franciscanos.org.br\/noticias\/wp-json\/wp\/v2\/posts\/133705\/revisions"}],"wp:featuredmedia":[{"embeddable":true,"href":"https:\/\/franciscanos.org.br\/noticias\/wp-json\/wp\/v2\/media\/198354"}],"wp:attachment":[{"href":"https:\/\/franciscanos.org.br\/noticias\/wp-json\/wp\/v2\/media?parent=133705"}],"wp:term":[{"taxonomy":"category","embeddable":true,"href":"https:\/\/franciscanos.org.br\/noticias\/wp-json\/wp\/v2\/categories?post=133705"},{"taxonomy":"post_tag","embeddable":true,"href":"https:\/\/franciscanos.org.br\/noticias\/wp-json\/wp\/v2\/tags?post=133705"}],"curies":[{"name":"wp","href":"https:\/\/api.w.org\/{rel}","templated":true}]}}