{"id":133682,"date":"2017-05-23T08:10:35","date_gmt":"2017-05-23T11:10:35","guid":{"rendered":"http:\/\/franciscanos.org.br\/?p=133682"},"modified":"2019-01-29T16:28:31","modified_gmt":"2019-01-29T18:28:31","slug":"mensagem-dos-franciscanos-para-o-inicio-do-ramada","status":"publish","type":"post","link":"https:\/\/franciscanos.org.br\/noticias\/mensagem-dos-franciscanos-para-o-inicio-do-ramada.html","title":{"rendered":"Mensagem da Ordem Franciscana para o in\u00edcio do Ramad\u00e3"},"content":{"rendered":"<p><img loading=\"lazy\" class=\"aligncenter\" src=\"http:\/\/franciscanos.org.br\/wp-content\/uploads\/2017\/05\/mensagem_230517.jpg\" alt=\"mensagem_230517\" width=\"820\" height=\"359\" \/><\/p>\n<p><em>O Ramad\u00e3 \u00e9 o nono m\u00eas do calend\u00e1rio isl\u00e2mico. Nesse m\u00eas, os mu\u00e7ulmanos jejuam durante o dia, rezam e celebram a revela\u00e7\u00e3o do Cor\u00e3o, o livro sagrado, ao profeta Maom\u00e9 <\/em>(SWT)<em>. As datas para o Ramad\u00e3 de 2017 (ou 1438, segundo o calend\u00e1rio isl\u00e2mico) \u00e9 de 27 de maio a 25 de junho.<\/em><\/p>\n<p><em>\u00a0<\/em><em>O Ramad\u00e3 \u00e9 o per\u00edodo do ano mais importante para o mundo isl\u00e2mico, quando faz-se o jejum de dia e a celebra\u00e7\u00e3o da purifica\u00e7\u00e3o \u00e0 noite. O Ramad\u00e3 \u00e9 um m\u00eas de festividades e alegrias e as rela\u00e7\u00f5es com a fam\u00edlia s\u00e3o estreitadas, as ora\u00e7\u00f5es se tornam mais intensas, assim como a caridade.<\/em><\/p>\n<p><em>\u00a0<\/em><em>O Ramad\u00e3 \u00e9 praticado durante todos os dias do m\u00eas, come\u00e7ando na alvorada e terminando quando o sol se p\u00f5e.\u00a0<\/em><\/p>\n<p><em>\u00a0<\/em><em>O jejum faz parte de um dos cinco pilares da religi\u00e3o isl\u00e2mica. Os outros atos de adora\u00e7\u00e3o s\u00e3o a <\/em>shahadah<em>, que \u00e9 a declara\u00e7\u00e3o de f\u00e9; <\/em>salah<em>, as cinco ora\u00e7\u00f5es di\u00e1rias; <\/em>zakah<em>, ou esmola; e o <\/em>hajj<em>, a peregrina\u00e7\u00e3o \u00e0 Meca.<\/em><\/p>\n<p><em>\u00a0<\/em><strong><em>RAMADAN KAREEN!<\/em><\/strong><\/p>\n<p><em>(express\u00e3o em \u00e1rabe para se desejar um \u00f3timo m\u00eas)<br \/>\n<\/em><\/p>\n<hr \/>\n<h3>\u00cdNTEGRA DA MENSAGEM DA ORDEM DOS FRADES MENORES<\/h3>\n<p><em>\u00a0A nossos irm\u00e3os e irm\u00e3s mu\u00e7ulmanos em todo o mundo,<\/em><\/p>\n<p><em>\u00a0As-salaamu \u2018alaykum! Paz a todos!<\/em><\/p>\n<p>Em nome da Comiss\u00e3o Especial da Ordem dos Frades Menores para o Di\u00e1logo com o Isl\u00e3, temos o prazer de expressar nossa sauda\u00e7\u00e3o no in\u00edcio da celebra\u00e7\u00e3o do Ramad\u00e3, um m\u00eas dedicado ao jejum, \u00a0\u00e0 ora\u00e7\u00e3o e \u00e0 esmola, honrando a Deus (SWT,2) e a revela\u00e7\u00e3o do Alcor\u00e3o.<\/p>\n<p>Os frades franciscanos e mu\u00e7ulmanos t\u00eam uma hist\u00f3ria em comum que remonta h\u00e1 quase 800 anos, come\u00e7ando com o nosso fundador S\u00e3o Francisco de Assis. Seguimos nos inspirando no encontro de S\u00e3o Francisco e o Sult\u00e3o al-Malik al-Kamil em 1219, um encontro baseado na paz, admira\u00e7\u00e3o m\u00fatua e respeito. Com este esp\u00edrito, n\u00f3s os saudamos.<\/p>\n<p>Durante este m\u00eas sagrado do Ramad\u00e3, nos os animamos e os apoiamos em seu jejum rigoroso. O jejum \u00e9 uma pr\u00e1tica prescrita a todos os filhos de Abra\u00e3o (sobre Ele esteja a paz!) em nossos respectivos livros sagrados. Como religiosos na Igreja Cat\u00f3lica, os frades praticam o jejum durante o tempo da Quaresma, que precede a nossa celebra\u00e7\u00e3o da P\u00e1scoa, seguindo o exemplo de Jesus (sobre Ele esteja a paz!), que jejuou durante quarenta dias (Lucas 4, 2).<\/p>\n<p>O jejum que voc\u00eas realizam agora \u00e9 um poderoso sinal de seu compromisso com a f\u00e9 e obedi\u00eancia a Deus (SWT) assim como est\u00e1 escrito no Alcor\u00e3o (al-Baqara, 183): &#8220;Chegar\u00e1s a ser mais justo&#8221; e poder\u00e1 glorificar Deus e ser grato (al-Baqara, 185). Seu jejum expressa nossa fome comum e sede de um relacionamento mais \u00edntimo com Deus (SWT), na f\u00e9, perd\u00e3o, justi\u00e7a e paz.<\/p>\n<p>O Papa Francisco tem falado muitas vezes da uni\u00e3o entre o jejum, a ora\u00e7\u00e3o e a paz. No primeiro ano de seu Pontificado, 7 de setembro de 2013, ele chamou todos os crentes do mundo a jejuar e orar pela paz na S\u00edria, no Oriente M\u00e9dio e em todo o globo terrestre. Este dia foi escolhido para coincidir com a celebra\u00e7\u00e3o do nascimento de Maria, que tanto crist\u00e3os como mu\u00e7ulmanos honram como a m\u00e3e de Jesus. Crist\u00e3os cat\u00f3licos a chamam de &#8220;Rainha da Paz&#8221;.<\/p>\n<p>Hoje, mu\u00e7ulmanos e crist\u00e3os em todo o mundo sofrem discrimina\u00e7\u00e3o, persegui\u00e7\u00e3o, guerra e viol\u00eancia. Como membros das duas maiores religi\u00f5es do mundo, somos chamados, como irm\u00e3os e irm\u00e3s em Abraha\u00e3o (sobre Ele esteja a paz!), a darmos nossas m\u00e3os e cora\u00e7\u00f5es para construir um mundo de paz e justi\u00e7a.<\/p>\n<p>Ao quebrar o jejum no final de cada dia do Ramad\u00e3, expressam o valor de uma comunidade compartilhada, de reunir-se em torno da comida. Alimento que \u00e9 compartilhado com todos para que todos possam se beneficiar da bondade generosa de cria\u00e7\u00e3o de Deus &#8216;Iftar, compartilhada com todos, que demonstra vivamente o que o Papa Francisco escreveu em sua enc\u00edclica sobre a Cria\u00e7\u00e3o:<\/p>\n<p>&#8220;Precisamos fortalecer a consci\u00eancia de que somos uma fam\u00edlia humana. N\u00e3o h\u00e1 fronteiras ou barreiras pol\u00edticas ou sociais que nos permitam isolarmo-nos, e \u00e9 por isso que n\u00e3o h\u00e1 espa\u00e7o para a globaliza\u00e7\u00e3o da indiferen\u00e7a &#8220;(<em>Laudato S\u00ed<\/em>, 52).<\/p>\n<p>Durante este m\u00eas, al\u00e9m de jejum, muitos de voc\u00eas tamb\u00e9m praticam o dever religioso do <em>zakah<\/em>, a caridade ou esmola, que se d\u00e1 para o cuidado dos necessitados. Tal como acontece com o jejum. Cuidar dos pobres confiados a todos os filhos de Abra\u00e3o \u00e9 uma preocupa\u00e7\u00e3o constante de todos os profetas de Deus (que a paz esteja com Eles!). Nos Salmos de Davi (que a paz esteja com Ele), ali lemos: &#8220;Defendam o pobre e o \u00f3rf\u00e3o, fa\u00e7am justi\u00e7a ao humilde e ao necessitado&#8221; (Sl 82,3).<\/p>\n<p>Jesus (sobre Ele esteja a paz) diz no Novo Testamento: &#8220;Antes, deem em esmola o que voc\u00eas possuem, e tudo ficar\u00e1 puro para voc\u00eas&#8221; (Lc 11,41).<\/p>\n<p>Hoje, h\u00e1 mais de 740 milh\u00f5es de pessoas no mundo que vivem em extrema [1] pobreza. A maioria dessas pessoas vive na \u00c1frica e na \u00c1sia, em pa\u00edses habitados por mu\u00e7ulmanos e crist\u00e3os. A pobreza n\u00e3o \u00e9 uma quest\u00e3o sect\u00e1ria; \u00e9 um problema humano para o qual condividimos a responsabilidade, independentemente da religi\u00e3o, ra\u00e7a, etnia e pa\u00eds de origem.<\/p>\n<p>Durante o per\u00edodo do Ramad\u00e3, voc\u00eas se dedicam devotamente \u00e0 ora\u00e7\u00e3o com especial aten\u00e7\u00e3o e frequ\u00eancia, superando a pr\u00e1tica das cinco ora\u00e7\u00f5es di\u00e1rias. Os irm\u00e3os franciscanos, como homens de ora\u00e7\u00e3o di\u00e1ria, valorizamos muito a grande devo\u00e7\u00e3o com que os nossos irm\u00e3os e irm\u00e3s mu\u00e7ulmanos buscam a ora\u00e7\u00e3o. O Papa Francisco, recentemente, nos lembrou, citando o grande te\u00f3logo crist\u00e3o Santo Agostinho, que o jejum e a esmola s\u00e3o &#8220;as duas asas da ora\u00e7\u00e3o&#8221;, porque elas s\u00e3o sinais de humildade e caridade. (Homilia na Quarta-feira de Cinzas, 2017)<\/p>\n<p>Acima de tudo, o m\u00eas do Ramad\u00e3 \u00e9 o momento em que voc\u00eas celebram a revela\u00e7\u00e3o do Alcor\u00e3o. Como &#8220;Povo do Livro&#8221;, n\u00f3s tamb\u00e9m reconhecemos que Deus (SWT) se comunica com a humanidade em Sua Palavra revelada aos profetas (sobre eles esteja a paz!). Durante mais de mil e quatrocentos anos, o glorioso Alcor\u00e3o serviu de fundamento da vida mu\u00e7ulmana em muitas culturas e pa\u00edses, gerando uma grande devo\u00e7\u00e3o, erudi\u00e7\u00e3o e obras sublimes de arte e arquitetura. Que continue inspirando grandes e santas a\u00e7\u00f5es e obras!<\/p>\n<blockquote><p>\u00a0<strong>Todos os franciscanos do mundo desejam um aben\u00e7oado Ramad\u00e3!<\/strong><\/p>\n<p><strong>\u00a0<\/strong><strong>Ramadan Mubarak! Ramadan Kareem!<\/strong><\/p><\/blockquote>\n<p style=\"padding-left: 30px;\"><strong>Michael D. Calabria, OFM<\/strong><\/p>\n<p style=\"padding-left: 30px;\"><strong>Manuel Corull\u00f3n, OFM<\/strong><\/p>\n<p style=\"padding-left: 30px;\"><strong>Ferdinand Mercado, OFM<\/strong><\/p>\n<p style=\"padding-left: 30px;\"><strong>Jamil Albert, OFM<\/strong><\/p>\n<p style=\"padding-left: 30px;\"><strong>Comiss\u00e3o Especial para o Di\u00e1logo com o Isl\u00e3 da Ordem dos Frades Menores (OFM)<\/strong><\/p>\n<p style=\"padding-left: 30px;\">\u00a0<strong>22 de maio de 2017<\/strong><\/p>\n<hr \/>\n<p>[1] Cf: <a href=\"https:\/\/ourworldindata.org\/extreme-poverty\/\">https:\/\/ourworldindata.org\/extreme-poverty\/<\/a><\/p>\n<p>[2] Sigla usada quando se menciona o nome do Senhor e se usa <em>Subhanahu wa-ta&#8217;ala<\/em>, que significa <em>Glorificado e Exaltado sejas<\/em>, recebendo a abrevia\u00e7\u00e3o de SWT.<\/p>\n<p><em>Tradu\u00e7\u00e3o: Moacir Beggo<\/em><\/p>\n","protected":false},"excerpt":{"rendered":"<p>OFM<\/p>\n","protected":false},"author":1,"featured_media":198367,"comment_status":"open","ping_status":"open","sticky":false,"template":"","format":"standard","meta":[],"categories":[1],"tags":[344],"acf":[],"yoast_head":"<!-- This site is optimized with the Yoast SEO plugin v19.2 - https:\/\/yoast.com\/wordpress\/plugins\/seo\/ -->\n<title>Mensagem da Ordem Franciscana para o in\u00edcio do Ramad\u00e3 - Not\u00edcias - Franciscanos<\/title>\n<meta name=\"robots\" content=\"index, follow, max-snippet:-1, max-image-preview:large, max-video-preview:-1\" \/>\n<link rel=\"canonical\" href=\"https:\/\/franciscanos.org.br\/noticias\/mensagem-dos-franciscanos-para-o-inicio-do-ramada.html\" \/>\n<meta property=\"og:locale\" content=\"pt_BR\" \/>\n<meta property=\"og:type\" content=\"article\" \/>\n<meta property=\"og:title\" content=\"Mensagem da Ordem Franciscana para o in\u00edcio do Ramad\u00e3 - Not\u00edcias - Franciscanos\" \/>\n<meta property=\"og:description\" content=\"OFM\" \/>\n<meta property=\"og:url\" content=\"https:\/\/franciscanos.org.br\/noticias\/mensagem-dos-franciscanos-para-o-inicio-do-ramada.html\" \/>\n<meta property=\"og:site_name\" content=\"Not\u00edcias - Franciscanos\" \/>\n<meta property=\"article:published_time\" content=\"2017-05-23T11:10:35+00:00\" \/>\n<meta property=\"article:modified_time\" content=\"2019-01-29T18:28:31+00:00\" \/>\n<meta property=\"og:image\" content=\"https:\/\/franciscanos.org.br\/noticias\/wp-content\/uploads\/2017\/05\/sultao.jpg\" \/>\n\t<meta property=\"og:image:width\" content=\"273\" \/>\n\t<meta property=\"og:image:height\" content=\"181\" \/>\n\t<meta property=\"og:image:type\" content=\"image\/jpeg\" \/>\n<meta name=\"author\" content=\"admin\" \/>\n<meta name=\"twitter:card\" content=\"summary_large_image\" \/>\n<meta name=\"twitter:label1\" content=\"Escrito por\" \/>\n\t<meta name=\"twitter:data1\" content=\"admin\" \/>\n\t<meta name=\"twitter:label2\" content=\"Est. tempo de leitura\" \/>\n\t<meta name=\"twitter:data2\" content=\"6 minutos\" \/>\n<script type=\"application\/ld+json\" class=\"yoast-schema-graph\">{\"@context\":\"https:\/\/schema.org\",\"@graph\":[{\"@type\":\"WebSite\",\"@id\":\"https:\/\/franciscanos.org.br\/noticias\/#website\",\"url\":\"https:\/\/franciscanos.org.br\/noticias\/\",\"name\":\"Not\u00edcias - Franciscanos\",\"description\":\"Prov\u00edncia Franciscana da Imaculada Concei\u00e7\u00e3o do Brasil - Ordem dos Frades Menores - OFM\",\"potentialAction\":[{\"@type\":\"SearchAction\",\"target\":{\"@type\":\"EntryPoint\",\"urlTemplate\":\"https:\/\/franciscanos.org.br\/noticias\/?s={search_term_string}\"},\"query-input\":\"required name=search_term_string\"}],\"inLanguage\":\"pt-BR\"},{\"@type\":\"ImageObject\",\"inLanguage\":\"pt-BR\",\"@id\":\"https:\/\/franciscanos.org.br\/noticias\/mensagem-dos-franciscanos-para-o-inicio-do-ramada.html#primaryimage\",\"url\":\"https:\/\/franciscanos.org.br\/noticias\/wp-content\/uploads\/2017\/05\/sultao.jpg\",\"contentUrl\":\"https:\/\/franciscanos.org.br\/noticias\/wp-content\/uploads\/2017\/05\/sultao.jpg\",\"width\":273,\"height\":181},{\"@type\":\"WebPage\",\"@id\":\"https:\/\/franciscanos.org.br\/noticias\/mensagem-dos-franciscanos-para-o-inicio-do-ramada.html#webpage\",\"url\":\"https:\/\/franciscanos.org.br\/noticias\/mensagem-dos-franciscanos-para-o-inicio-do-ramada.html\",\"name\":\"Mensagem da Ordem Franciscana para o in\u00edcio do Ramad\u00e3 - Not\u00edcias - Franciscanos\",\"isPartOf\":{\"@id\":\"https:\/\/franciscanos.org.br\/noticias\/#website\"},\"primaryImageOfPage\":{\"@id\":\"https:\/\/franciscanos.org.br\/noticias\/mensagem-dos-franciscanos-para-o-inicio-do-ramada.html#primaryimage\"},\"datePublished\":\"2017-05-23T11:10:35+00:00\",\"dateModified\":\"2019-01-29T18:28:31+00:00\",\"author\":{\"@id\":\"https:\/\/franciscanos.org.br\/noticias\/#\/schema\/person\/b38fbf43118f02820bd932f2e4b14ad3\"},\"breadcrumb\":{\"@id\":\"https:\/\/franciscanos.org.br\/noticias\/mensagem-dos-franciscanos-para-o-inicio-do-ramada.html#breadcrumb\"},\"inLanguage\":\"pt-BR\",\"potentialAction\":[{\"@type\":\"ReadAction\",\"target\":[\"https:\/\/franciscanos.org.br\/noticias\/mensagem-dos-franciscanos-para-o-inicio-do-ramada.html\"]}]},{\"@type\":\"BreadcrumbList\",\"@id\":\"https:\/\/franciscanos.org.br\/noticias\/mensagem-dos-franciscanos-para-o-inicio-do-ramada.html#breadcrumb\",\"itemListElement\":[{\"@type\":\"ListItem\",\"position\":1,\"name\":\"Home\",\"item\":\"https:\/\/franciscanos.org.br\/noticias\"},{\"@type\":\"ListItem\",\"position\":2,\"name\":\"Mensagem da Ordem Franciscana para o in\u00edcio do Ramad\u00e3\"}]},{\"@type\":\"Person\",\"@id\":\"https:\/\/franciscanos.org.br\/noticias\/#\/schema\/person\/b38fbf43118f02820bd932f2e4b14ad3\",\"name\":\"admin\",\"image\":{\"@type\":\"ImageObject\",\"inLanguage\":\"pt-BR\",\"@id\":\"https:\/\/franciscanos.org.br\/noticias\/#\/schema\/person\/image\/\",\"url\":\"https:\/\/secure.gravatar.com\/avatar\/e8495742d34d0ba6448ea1c628263b3e?s=96&d=mm&r=g\",\"contentUrl\":\"https:\/\/secure.gravatar.com\/avatar\/e8495742d34d0ba6448ea1c628263b3e?s=96&d=mm&r=g\",\"caption\":\"admin\"},\"url\":\"https:\/\/franciscanos.org.br\/noticias\/author\/admin\"}]}<\/script>\n<!-- \/ Yoast SEO plugin. -->","yoast_head_json":{"title":"Mensagem da Ordem Franciscana para o in\u00edcio do Ramad\u00e3 - Not\u00edcias - Franciscanos","robots":{"index":"index","follow":"follow","max-snippet":"max-snippet:-1","max-image-preview":"max-image-preview:large","max-video-preview":"max-video-preview:-1"},"canonical":"https:\/\/franciscanos.org.br\/noticias\/mensagem-dos-franciscanos-para-o-inicio-do-ramada.html","og_locale":"pt_BR","og_type":"article","og_title":"Mensagem da Ordem Franciscana para o in\u00edcio do Ramad\u00e3 - Not\u00edcias - Franciscanos","og_description":"OFM","og_url":"https:\/\/franciscanos.org.br\/noticias\/mensagem-dos-franciscanos-para-o-inicio-do-ramada.html","og_site_name":"Not\u00edcias - Franciscanos","article_published_time":"2017-05-23T11:10:35+00:00","article_modified_time":"2019-01-29T18:28:31+00:00","og_image":[{"width":273,"height":181,"url":"https:\/\/franciscanos.org.br\/noticias\/wp-content\/uploads\/2017\/05\/sultao.jpg","type":"image\/jpeg"}],"author":"admin","twitter_card":"summary_large_image","twitter_misc":{"Escrito por":"admin","Est. tempo de leitura":"6 minutos"},"schema":{"@context":"https:\/\/schema.org","@graph":[{"@type":"WebSite","@id":"https:\/\/franciscanos.org.br\/noticias\/#website","url":"https:\/\/franciscanos.org.br\/noticias\/","name":"Not\u00edcias - Franciscanos","description":"Prov\u00edncia Franciscana da Imaculada Concei\u00e7\u00e3o do Brasil - Ordem dos Frades Menores - OFM","potentialAction":[{"@type":"SearchAction","target":{"@type":"EntryPoint","urlTemplate":"https:\/\/franciscanos.org.br\/noticias\/?s={search_term_string}"},"query-input":"required name=search_term_string"}],"inLanguage":"pt-BR"},{"@type":"ImageObject","inLanguage":"pt-BR","@id":"https:\/\/franciscanos.org.br\/noticias\/mensagem-dos-franciscanos-para-o-inicio-do-ramada.html#primaryimage","url":"https:\/\/franciscanos.org.br\/noticias\/wp-content\/uploads\/2017\/05\/sultao.jpg","contentUrl":"https:\/\/franciscanos.org.br\/noticias\/wp-content\/uploads\/2017\/05\/sultao.jpg","width":273,"height":181},{"@type":"WebPage","@id":"https:\/\/franciscanos.org.br\/noticias\/mensagem-dos-franciscanos-para-o-inicio-do-ramada.html#webpage","url":"https:\/\/franciscanos.org.br\/noticias\/mensagem-dos-franciscanos-para-o-inicio-do-ramada.html","name":"Mensagem da Ordem Franciscana para o in\u00edcio do Ramad\u00e3 - Not\u00edcias - Franciscanos","isPartOf":{"@id":"https:\/\/franciscanos.org.br\/noticias\/#website"},"primaryImageOfPage":{"@id":"https:\/\/franciscanos.org.br\/noticias\/mensagem-dos-franciscanos-para-o-inicio-do-ramada.html#primaryimage"},"datePublished":"2017-05-23T11:10:35+00:00","dateModified":"2019-01-29T18:28:31+00:00","author":{"@id":"https:\/\/franciscanos.org.br\/noticias\/#\/schema\/person\/b38fbf43118f02820bd932f2e4b14ad3"},"breadcrumb":{"@id":"https:\/\/franciscanos.org.br\/noticias\/mensagem-dos-franciscanos-para-o-inicio-do-ramada.html#breadcrumb"},"inLanguage":"pt-BR","potentialAction":[{"@type":"ReadAction","target":["https:\/\/franciscanos.org.br\/noticias\/mensagem-dos-franciscanos-para-o-inicio-do-ramada.html"]}]},{"@type":"BreadcrumbList","@id":"https:\/\/franciscanos.org.br\/noticias\/mensagem-dos-franciscanos-para-o-inicio-do-ramada.html#breadcrumb","itemListElement":[{"@type":"ListItem","position":1,"name":"Home","item":"https:\/\/franciscanos.org.br\/noticias"},{"@type":"ListItem","position":2,"name":"Mensagem da Ordem Franciscana para o in\u00edcio do Ramad\u00e3"}]},{"@type":"Person","@id":"https:\/\/franciscanos.org.br\/noticias\/#\/schema\/person\/b38fbf43118f02820bd932f2e4b14ad3","name":"admin","image":{"@type":"ImageObject","inLanguage":"pt-BR","@id":"https:\/\/franciscanos.org.br\/noticias\/#\/schema\/person\/image\/","url":"https:\/\/secure.gravatar.com\/avatar\/e8495742d34d0ba6448ea1c628263b3e?s=96&d=mm&r=g","contentUrl":"https:\/\/secure.gravatar.com\/avatar\/e8495742d34d0ba6448ea1c628263b3e?s=96&d=mm&r=g","caption":"admin"},"url":"https:\/\/franciscanos.org.br\/noticias\/author\/admin"}]}},"_links":{"self":[{"href":"https:\/\/franciscanos.org.br\/noticias\/wp-json\/wp\/v2\/posts\/133682"}],"collection":[{"href":"https:\/\/franciscanos.org.br\/noticias\/wp-json\/wp\/v2\/posts"}],"about":[{"href":"https:\/\/franciscanos.org.br\/noticias\/wp-json\/wp\/v2\/types\/post"}],"author":[{"embeddable":true,"href":"https:\/\/franciscanos.org.br\/noticias\/wp-json\/wp\/v2\/users\/1"}],"replies":[{"embeddable":true,"href":"https:\/\/franciscanos.org.br\/noticias\/wp-json\/wp\/v2\/comments?post=133682"}],"version-history":[{"count":0,"href":"https:\/\/franciscanos.org.br\/noticias\/wp-json\/wp\/v2\/posts\/133682\/revisions"}],"wp:featuredmedia":[{"embeddable":true,"href":"https:\/\/franciscanos.org.br\/noticias\/wp-json\/wp\/v2\/media\/198367"}],"wp:attachment":[{"href":"https:\/\/franciscanos.org.br\/noticias\/wp-json\/wp\/v2\/media?parent=133682"}],"wp:term":[{"taxonomy":"category","embeddable":true,"href":"https:\/\/franciscanos.org.br\/noticias\/wp-json\/wp\/v2\/categories?post=133682"},{"taxonomy":"post_tag","embeddable":true,"href":"https:\/\/franciscanos.org.br\/noticias\/wp-json\/wp\/v2\/tags?post=133682"}],"curies":[{"name":"wp","href":"https:\/\/api.w.org\/{rel}","templated":true}]}}