{"id":13368,"date":"2012-03-19T07:49:39","date_gmt":"2012-03-19T10:49:39","guid":{"rendered":"http:\/\/new.franciscanos.org.br\/?p=13368"},"modified":"2020-06-16T15:53:31","modified_gmt":"2020-06-16T18:53:31","slug":"o-homem-moderno-busca-incansavelmente-o-rosto-de-cristo","status":"publish","type":"post","link":"https:\/\/franciscanos.org.br\/noticias\/o-homem-moderno-busca-incansavelmente-o-rosto-de-cristo.html","title":{"rendered":"\u201cO homem moderno busca,  incansavelmente, o rosto de Cristo\u201d"},"content":{"rendered":"<p><img loading=\"lazy\" class=\"alignnone  wp-image-198980\" src=\"https:\/\/franciscanos.org.br\/noticias\/wp-content\/uploads\/2012\/03\/1780_190312.jpg\" alt=\"\" width=\"1025\" height=\"436\" srcset=\"https:\/\/franciscanos.org.br\/noticias\/wp-content\/uploads\/2012\/03\/1780_190312.jpg 830w, https:\/\/franciscanos.org.br\/noticias\/wp-content\/uploads\/2012\/03\/1780_190312-450x191.jpg 450w, https:\/\/franciscanos.org.br\/noticias\/wp-content\/uploads\/2012\/03\/1780_190312-768x327.jpg 768w, https:\/\/franciscanos.org.br\/noticias\/wp-content\/uploads\/2012\/03\/1780_190312-150x64.jpg 150w\" sizes=\"(max-width: 1025px) 100vw, 1025px\" \/><\/p>\n<p><em>Filho de Maria Jos\u00e9 e Jovino Grasi, natural de Maril\u00e2ndia, no interior do Esp\u00edrito Santo, Frei Vanderley Grassi nasceu no dia 21 de outubro de 1975 e ser\u00e1 ordenado presb\u00edtero no dia 24 de mar\u00e7o, \u00e0s 19 horas, no Santu\u00e1rio do Divino Esp\u00edrito Santo, em Vila Velha (ES), pelo bispo de Colatina, Dom D\u00e9cio Sossai Zandonade. Suas prim\u00edcias ser\u00e3o celebradas no dia 24, \u00e0s 9h30, no mesmo Santu\u00e1rio. Como conta nesta entrevista, o discernimento vocacional de Frei Vanderley come\u00e7ou em 2001, quando subiu o morro do Convento da Penha em busca de respostas. Em 2002 ingressava no Aspirantado de Imbari\u00ea (RJ) e no Postulantado de Guaratinguet\u00e1 (SP) em 2003, etapas que o prepararam para ingressar na Ordem dos Frades Menores, que fez em 2004 ao ingressar no Noviciado de Rodeio (SC). Professo tempor\u00e1rio, Frei Vanderley deu seu sim definitivo \u00e0 Ordem Franciscana com a profiss\u00e3o solene no dia 5 de novembro de 2009. Cursou Filosofia em Curitiba de 2005 a 2007 e Teologia de 2008 a 2011. Foi ordenado di\u00e1cono no dia 4 de dezembro de 2010. Nesta entrevista, conhe\u00e7a mais o futuro presb\u00edtero da Prov\u00edncia da Imaculada Concei\u00e7\u00e3o do Brasil.\u00a0\u00a0 <\/em><\/p>\n<p><strong>Site Franciscanos &#8211; Como se deu seu discernimento vocacional? Fale um pouco de sua voca\u00e7\u00e3o e por que escolheu a vida religiosa franciscana?<\/strong><\/p>\n<p><strong>Frei Vanderley &#8211; <\/strong>Sou natural de Maril\u00e2ndia, um pequeno munic\u00edpio de 11.107 habitantes, com uma \u00fanica par\u00f3quia que tem por padroeira Nossa Senhora Auxiliadora. Meus pais s\u00e3o pessoas simples que viveram toda vida no campo, de onde tiravam o sustento dos cinco filhos, dos quais sou o mais novo. Venho de uma fam\u00edlia cat\u00f3lica e acredito que minha voca\u00e7\u00e3o veio do testemunho de minha m\u00e3e, com sua simplicidade e falta de palavras eloquentes diante das dificuldades da vida, mas que, com uma f\u00e9 inabal\u00e1vel, se apegava a Deus e \u00e0 Virgem Maria por meio da ora\u00e7\u00e3o do ter\u00e7o.\u00a0 Aos 17 anos de idade, deixei a casa paterna e fui morar na grande Vit\u00f3ria, com o objetivo de trabalhar e poder dar continuidade aos estudos. Comecei a trabalhar e estudar \u00e0 noite, e nos finais de semana participava nas comunidades Santa Luzia e Nossa Senhora das Gra\u00e7as, que pertence \u00e0 par\u00f3quia Santa Clara de Assis, dos franciscanos capuchinhos em Vila Beth\u00e2nia &#8211; Viana. Em 2000, fui morar em Vila Velha e todos os dias subia ao convento da Penha como milhares de pessoas que por l\u00e1 passam com suas dores e alegrias. O que eu buscava? Ainda n\u00e3o sabia! Sabia somente que ali todas as minhas perguntas e d\u00favidas se calavam diante do mist\u00e9rio divino. Em 2001, comecei a participar dos encontros vocacionais no Santu\u00e1rio Divino Esp\u00edrito Santo com o desejo de conhecer mais de perto o carisma franciscano. Orientado pelo Frei Lad\u00ed Antoniazzi, que era o animador vocacional juntamente com Benita e Flaviano. Eles ajudaram-me em meu discernimento pela op\u00e7\u00e3o \u00e0 vida religiosa franciscana. O carisma franciscano me mostrou a possibilidade da vis\u00e3o de um Deus mais humano e pleno que se apresenta por meio da miseric\u00f3rdia.\u00a0 Assim, senti o desejo de experimentar esse Deus que \u00e9 vivenciado concretamente junto aos desvalidos e marginalizados de nossos tempos. Cheio de esperan\u00e7a e confiante, iniciei a minha caminhada vocacional em 2002, aos 25 anos de idade, passando pelo aspirantado, postulantado, noviciado, filosofia e teologia, o\u00a0 que \u00e9 pr\u00f3prio da nossa forma\u00e7\u00e3o inicial.<\/p>\n<p><strong><strong>Site Franciscanos<\/strong>\u00a0&#8211; Como ser presb\u00edtero num mundo cada vez mais secularizado?<\/strong><\/p>\n<p><strong>Frei Vanderley &#8211;<\/strong> Em nossa sociedade atual, onde predomina o hedonismo e a seculariza\u00e7\u00e3o, a figura do presb\u00edtero \u00e9 objeto de muita discuss\u00e3o, inclusive na m\u00eddia. Mesmo, muitas das vezes, sem ter o conhecimento do assunto, querem emitir ju\u00edzos a respeito da figura do presb\u00edtero.\u00a0 O presb\u00edtero \u00e9 homem de Deus. Esta \u00e9 sua caracter\u00edstica fundamental. Tudo que se queira acrescentar \u00e0 sua figura, s\u00e3o detalhes acidentais. Isto n\u00e3o impede que seja uma pessoa comprometida com a realidade que est\u00e1 ao seu redor.\u00a0 Apesar do secularismo, o homem moderno busca, incansavelmente, o rosto de Cristo. Por isso, o presb\u00edtero \u00e9 chamado a ser representante do pr\u00f3prio Senhor. Ele o torna novamente presente. E quanto mais transparente e mais perfeita for essa presen\u00e7a, melhor responder\u00e1 \u00e0s indaga\u00e7\u00f5es dos que a procuram. O presb\u00edtero \u00e9 reconhecido pelo seu agir por meio da miseric\u00f3rdia e da caridade sempre em nome de Deus. E acredito que para n\u00f3s, franciscanos, o minist\u00e9rio sacerdotal deve ser exercido sempre num esp\u00edrito de alegria, pois somos anunciadores da Boa Nova. Exultando de alegria porque o Senhor me chamou. Eis que respondo: \u201cEis-me aqui, \u00f3 Senhor, venho para fazer a tua vontade\u201d.<\/p>\n<p><strong><strong>Site Franciscanos\u00a0<\/strong>&#8211; Quais os desafios do presb\u00edtero hoje?<\/strong><\/p>\n<p><strong>Frei Vanderley &#8211; <\/strong>Os desafios nos dias atuais s\u00e3o muitos para a voca\u00e7\u00e3o de um presb\u00edtero. Poder\u00edamos elencar v\u00e1rios desafios, mas o maior desafio como presb\u00edtero \u00e9 justamente se manter atualizado a respeito dos desafios que s\u00e3o pr\u00f3prios da sociedade. J\u00e1 que aquilo que Deus nos revela, nos fala, deve sempre iluminar e orientar o que n\u00f3s vivenciamos na sociedade. Devemos estar atentos a tudo o que a sociedade est\u00e1 vivendo, os caminhos por onde ela percorre e nos mantermos presente, dentro de um processo de forma\u00e7\u00e3o continuada que \u00e9 pr\u00f3prio da Ordem e da Igreja, com retid\u00e3o daquilo que \u00e9 a vontade de Deus para n\u00f3s e para a sociedade. O presb\u00edtero, \u00e0 imagem do Bom Pastor, \u00e9 convocado a ser homem de miseric\u00f3rdia e compaix\u00e3o, pr\u00f3ximo a seu povo e servidor de todos, particularmente dos que sofrem grandes necessidades.<\/p>\n<p><strong><strong>Site Franciscanos<\/strong>\u00a0&#8211; Como falar de Francisco e Clara para os jovens de hoje?<\/strong><\/p>\n<p><strong>Frei Vanderley &#8211; <\/strong>Francisco, ainda jovem, vai al\u00e9m, beija o leproso, uma pessoa que a sociedade ignorava, como sinal de sua escolha pelos exclu\u00eddos. Clara deixa a casa paterna na penumbra da noite para consagrar-se ao Cristo que Francisco anuncia. Esse amor de Clara e Francisco pelo Senhor deve contagiar a juventude de hoje, ser diferente, reconstruir o que est\u00e1 perdido, acolher os exclu\u00eddos.\u00a0 O jovem deve desejar ardentemente ser essa diferen\u00e7a no mundo, mesmo em meio ao cotidiano de nossas vidas. Ser radicalmente apaixonado pelo Senhor, a ponto desse amor n\u00e3o caber mais no peito e transparecer nas palavras, gestos e atitudes. O jovem Francisco, tomado pela coragem e ousadia, pergunta ao Senhor: \u201cQue queres que eu fa\u00e7a?\u201d. O Senhor n\u00e3o o queria como um reformador de constru\u00e7\u00f5es, mas como um reformador de cora\u00e7\u00f5es.\u00a0 Clara, da mesma forma ousada, admirada pela sua beleza, entregou seus longos e belos cabelos, e privou-se deste mundo, para viver consagrada totalmente a Ele, seguindo Francisco, mas percebendo que aquele caminho a levaria ao Cristo pobre. A diferen\u00e7a dos jovens Clara e Francisco est\u00e1 na decis\u00e3o radical pelo Senhor, pelo maior de todos os amores, levando-o a todos, com todo o vigor e alegria. A juventude pode estender-se at\u00e9 o final de nossa exist\u00eancia, com o cora\u00e7\u00e3o alegre e disposto a tudo que \u00e9 novo.<\/p>\n","protected":false},"excerpt":{"rendered":"<p>Entrevista Frei Vanderley Grassi<\/p>\n","protected":false},"author":1,"featured_media":210912,"comment_status":"closed","ping_status":"closed","sticky":false,"template":"","format":"standard","meta":[],"categories":[758],"tags":[],"acf":[],"yoast_head":"<!-- This site is optimized with the Yoast SEO plugin v19.2 - https:\/\/yoast.com\/wordpress\/plugins\/seo\/ -->\n<title>\u201cO homem moderno busca, incansavelmente, o rosto de Cristo\u201d - Not\u00edcias - Franciscanos<\/title>\n<meta name=\"robots\" content=\"index, follow, max-snippet:-1, max-image-preview:large, max-video-preview:-1\" \/>\n<link rel=\"canonical\" href=\"https:\/\/franciscanos.org.br\/noticias\/o-homem-moderno-busca-incansavelmente-o-rosto-de-cristo.html\" \/>\n<meta property=\"og:locale\" content=\"pt_BR\" \/>\n<meta property=\"og:type\" content=\"article\" \/>\n<meta property=\"og:title\" content=\"\u201cO homem moderno busca, incansavelmente, o rosto de Cristo\u201d - Not\u00edcias - Franciscanos\" \/>\n<meta property=\"og:description\" content=\"Entrevista Frei Vanderley Grassi\" \/>\n<meta property=\"og:url\" content=\"https:\/\/franciscanos.org.br\/noticias\/o-homem-moderno-busca-incansavelmente-o-rosto-de-cristo.html\" \/>\n<meta property=\"og:site_name\" content=\"Not\u00edcias - Franciscanos\" \/>\n<meta property=\"article:published_time\" content=\"2012-03-19T10:49:39+00:00\" \/>\n<meta property=\"article:modified_time\" content=\"2020-06-16T18:53:31+00:00\" \/>\n<meta property=\"og:image\" content=\"https:\/\/franciscanos.org.br\/noticias\/wp-content\/uploads\/2012\/03\/1780_190312-1.jpg\" \/>\n\t<meta property=\"og:image:width\" content=\"273\" \/>\n\t<meta property=\"og:image:height\" content=\"181\" \/>\n\t<meta property=\"og:image:type\" content=\"image\/jpeg\" \/>\n<meta name=\"author\" content=\"admin\" \/>\n<meta name=\"twitter:card\" content=\"summary_large_image\" \/>\n<meta name=\"twitter:label1\" content=\"Escrito por\" \/>\n\t<meta name=\"twitter:data1\" content=\"admin\" \/>\n\t<meta name=\"twitter:label2\" content=\"Est. tempo de leitura\" \/>\n\t<meta name=\"twitter:data2\" content=\"6 minutos\" \/>\n<script type=\"application\/ld+json\" class=\"yoast-schema-graph\">{\"@context\":\"https:\/\/schema.org\",\"@graph\":[{\"@type\":\"WebSite\",\"@id\":\"https:\/\/franciscanos.org.br\/noticias\/#website\",\"url\":\"https:\/\/franciscanos.org.br\/noticias\/\",\"name\":\"Not\u00edcias - Franciscanos\",\"description\":\"Prov\u00edncia Franciscana da Imaculada Concei\u00e7\u00e3o do Brasil - Ordem dos Frades Menores - OFM\",\"potentialAction\":[{\"@type\":\"SearchAction\",\"target\":{\"@type\":\"EntryPoint\",\"urlTemplate\":\"https:\/\/franciscanos.org.br\/noticias\/?s={search_term_string}\"},\"query-input\":\"required name=search_term_string\"}],\"inLanguage\":\"pt-BR\"},{\"@type\":\"ImageObject\",\"inLanguage\":\"pt-BR\",\"@id\":\"https:\/\/franciscanos.org.br\/noticias\/o-homem-moderno-busca-incansavelmente-o-rosto-de-cristo.html#primaryimage\",\"url\":\"https:\/\/franciscanos.org.br\/noticias\/wp-content\/uploads\/2012\/03\/1780_190312-1.jpg\",\"contentUrl\":\"https:\/\/franciscanos.org.br\/noticias\/wp-content\/uploads\/2012\/03\/1780_190312-1.jpg\",\"width\":273,\"height\":181},{\"@type\":\"WebPage\",\"@id\":\"https:\/\/franciscanos.org.br\/noticias\/o-homem-moderno-busca-incansavelmente-o-rosto-de-cristo.html#webpage\",\"url\":\"https:\/\/franciscanos.org.br\/noticias\/o-homem-moderno-busca-incansavelmente-o-rosto-de-cristo.html\",\"name\":\"\u201cO homem moderno busca, incansavelmente, o rosto de Cristo\u201d - Not\u00edcias - Franciscanos\",\"isPartOf\":{\"@id\":\"https:\/\/franciscanos.org.br\/noticias\/#website\"},\"primaryImageOfPage\":{\"@id\":\"https:\/\/franciscanos.org.br\/noticias\/o-homem-moderno-busca-incansavelmente-o-rosto-de-cristo.html#primaryimage\"},\"datePublished\":\"2012-03-19T10:49:39+00:00\",\"dateModified\":\"2020-06-16T18:53:31+00:00\",\"author\":{\"@id\":\"https:\/\/franciscanos.org.br\/noticias\/#\/schema\/person\/b38fbf43118f02820bd932f2e4b14ad3\"},\"breadcrumb\":{\"@id\":\"https:\/\/franciscanos.org.br\/noticias\/o-homem-moderno-busca-incansavelmente-o-rosto-de-cristo.html#breadcrumb\"},\"inLanguage\":\"pt-BR\",\"potentialAction\":[{\"@type\":\"ReadAction\",\"target\":[\"https:\/\/franciscanos.org.br\/noticias\/o-homem-moderno-busca-incansavelmente-o-rosto-de-cristo.html\"]}]},{\"@type\":\"BreadcrumbList\",\"@id\":\"https:\/\/franciscanos.org.br\/noticias\/o-homem-moderno-busca-incansavelmente-o-rosto-de-cristo.html#breadcrumb\",\"itemListElement\":[{\"@type\":\"ListItem\",\"position\":1,\"name\":\"Home\",\"item\":\"https:\/\/franciscanos.org.br\/noticias\"},{\"@type\":\"ListItem\",\"position\":2,\"name\":\"\u201cO homem moderno busca, incansavelmente, o rosto de Cristo\u201d\"}]},{\"@type\":\"Person\",\"@id\":\"https:\/\/franciscanos.org.br\/noticias\/#\/schema\/person\/b38fbf43118f02820bd932f2e4b14ad3\",\"name\":\"admin\",\"image\":{\"@type\":\"ImageObject\",\"inLanguage\":\"pt-BR\",\"@id\":\"https:\/\/franciscanos.org.br\/noticias\/#\/schema\/person\/image\/\",\"url\":\"https:\/\/secure.gravatar.com\/avatar\/e8495742d34d0ba6448ea1c628263b3e?s=96&d=mm&r=g\",\"contentUrl\":\"https:\/\/secure.gravatar.com\/avatar\/e8495742d34d0ba6448ea1c628263b3e?s=96&d=mm&r=g\",\"caption\":\"admin\"},\"url\":\"https:\/\/franciscanos.org.br\/noticias\/author\/admin\"}]}<\/script>\n<!-- \/ Yoast SEO plugin. -->","yoast_head_json":{"title":"\u201cO homem moderno busca, incansavelmente, o rosto de Cristo\u201d - Not\u00edcias - Franciscanos","robots":{"index":"index","follow":"follow","max-snippet":"max-snippet:-1","max-image-preview":"max-image-preview:large","max-video-preview":"max-video-preview:-1"},"canonical":"https:\/\/franciscanos.org.br\/noticias\/o-homem-moderno-busca-incansavelmente-o-rosto-de-cristo.html","og_locale":"pt_BR","og_type":"article","og_title":"\u201cO homem moderno busca, incansavelmente, o rosto de Cristo\u201d - Not\u00edcias - Franciscanos","og_description":"Entrevista Frei Vanderley Grassi","og_url":"https:\/\/franciscanos.org.br\/noticias\/o-homem-moderno-busca-incansavelmente-o-rosto-de-cristo.html","og_site_name":"Not\u00edcias - Franciscanos","article_published_time":"2012-03-19T10:49:39+00:00","article_modified_time":"2020-06-16T18:53:31+00:00","og_image":[{"width":273,"height":181,"url":"https:\/\/franciscanos.org.br\/noticias\/wp-content\/uploads\/2012\/03\/1780_190312-1.jpg","type":"image\/jpeg"}],"author":"admin","twitter_card":"summary_large_image","twitter_misc":{"Escrito por":"admin","Est. tempo de leitura":"6 minutos"},"schema":{"@context":"https:\/\/schema.org","@graph":[{"@type":"WebSite","@id":"https:\/\/franciscanos.org.br\/noticias\/#website","url":"https:\/\/franciscanos.org.br\/noticias\/","name":"Not\u00edcias - Franciscanos","description":"Prov\u00edncia Franciscana da Imaculada Concei\u00e7\u00e3o do Brasil - Ordem dos Frades Menores - OFM","potentialAction":[{"@type":"SearchAction","target":{"@type":"EntryPoint","urlTemplate":"https:\/\/franciscanos.org.br\/noticias\/?s={search_term_string}"},"query-input":"required name=search_term_string"}],"inLanguage":"pt-BR"},{"@type":"ImageObject","inLanguage":"pt-BR","@id":"https:\/\/franciscanos.org.br\/noticias\/o-homem-moderno-busca-incansavelmente-o-rosto-de-cristo.html#primaryimage","url":"https:\/\/franciscanos.org.br\/noticias\/wp-content\/uploads\/2012\/03\/1780_190312-1.jpg","contentUrl":"https:\/\/franciscanos.org.br\/noticias\/wp-content\/uploads\/2012\/03\/1780_190312-1.jpg","width":273,"height":181},{"@type":"WebPage","@id":"https:\/\/franciscanos.org.br\/noticias\/o-homem-moderno-busca-incansavelmente-o-rosto-de-cristo.html#webpage","url":"https:\/\/franciscanos.org.br\/noticias\/o-homem-moderno-busca-incansavelmente-o-rosto-de-cristo.html","name":"\u201cO homem moderno busca, incansavelmente, o rosto de Cristo\u201d - Not\u00edcias - Franciscanos","isPartOf":{"@id":"https:\/\/franciscanos.org.br\/noticias\/#website"},"primaryImageOfPage":{"@id":"https:\/\/franciscanos.org.br\/noticias\/o-homem-moderno-busca-incansavelmente-o-rosto-de-cristo.html#primaryimage"},"datePublished":"2012-03-19T10:49:39+00:00","dateModified":"2020-06-16T18:53:31+00:00","author":{"@id":"https:\/\/franciscanos.org.br\/noticias\/#\/schema\/person\/b38fbf43118f02820bd932f2e4b14ad3"},"breadcrumb":{"@id":"https:\/\/franciscanos.org.br\/noticias\/o-homem-moderno-busca-incansavelmente-o-rosto-de-cristo.html#breadcrumb"},"inLanguage":"pt-BR","potentialAction":[{"@type":"ReadAction","target":["https:\/\/franciscanos.org.br\/noticias\/o-homem-moderno-busca-incansavelmente-o-rosto-de-cristo.html"]}]},{"@type":"BreadcrumbList","@id":"https:\/\/franciscanos.org.br\/noticias\/o-homem-moderno-busca-incansavelmente-o-rosto-de-cristo.html#breadcrumb","itemListElement":[{"@type":"ListItem","position":1,"name":"Home","item":"https:\/\/franciscanos.org.br\/noticias"},{"@type":"ListItem","position":2,"name":"\u201cO homem moderno busca, incansavelmente, o rosto de Cristo\u201d"}]},{"@type":"Person","@id":"https:\/\/franciscanos.org.br\/noticias\/#\/schema\/person\/b38fbf43118f02820bd932f2e4b14ad3","name":"admin","image":{"@type":"ImageObject","inLanguage":"pt-BR","@id":"https:\/\/franciscanos.org.br\/noticias\/#\/schema\/person\/image\/","url":"https:\/\/secure.gravatar.com\/avatar\/e8495742d34d0ba6448ea1c628263b3e?s=96&d=mm&r=g","contentUrl":"https:\/\/secure.gravatar.com\/avatar\/e8495742d34d0ba6448ea1c628263b3e?s=96&d=mm&r=g","caption":"admin"},"url":"https:\/\/franciscanos.org.br\/noticias\/author\/admin"}]}},"_links":{"self":[{"href":"https:\/\/franciscanos.org.br\/noticias\/wp-json\/wp\/v2\/posts\/13368"}],"collection":[{"href":"https:\/\/franciscanos.org.br\/noticias\/wp-json\/wp\/v2\/posts"}],"about":[{"href":"https:\/\/franciscanos.org.br\/noticias\/wp-json\/wp\/v2\/types\/post"}],"author":[{"embeddable":true,"href":"https:\/\/franciscanos.org.br\/noticias\/wp-json\/wp\/v2\/users\/1"}],"replies":[{"embeddable":true,"href":"https:\/\/franciscanos.org.br\/noticias\/wp-json\/wp\/v2\/comments?post=13368"}],"version-history":[{"count":1,"href":"https:\/\/franciscanos.org.br\/noticias\/wp-json\/wp\/v2\/posts\/13368\/revisions"}],"predecessor-version":[{"id":226560,"href":"https:\/\/franciscanos.org.br\/noticias\/wp-json\/wp\/v2\/posts\/13368\/revisions\/226560"}],"wp:featuredmedia":[{"embeddable":true,"href":"https:\/\/franciscanos.org.br\/noticias\/wp-json\/wp\/v2\/media\/210912"}],"wp:attachment":[{"href":"https:\/\/franciscanos.org.br\/noticias\/wp-json\/wp\/v2\/media?parent=13368"}],"wp:term":[{"taxonomy":"category","embeddable":true,"href":"https:\/\/franciscanos.org.br\/noticias\/wp-json\/wp\/v2\/categories?post=13368"},{"taxonomy":"post_tag","embeddable":true,"href":"https:\/\/franciscanos.org.br\/noticias\/wp-json\/wp\/v2\/tags?post=13368"}],"curies":[{"name":"wp","href":"https:\/\/api.w.org\/{rel}","templated":true}]}}