{"id":133658,"date":"2017-05-22T17:25:54","date_gmt":"2017-05-22T20:25:54","guid":{"rendered":"http:\/\/franciscanos.org.br\/?p=133658"},"modified":"2019-01-30T14:16:53","modified_gmt":"2019-01-30T16:16:53","slug":"50-anos-do-santuario-divino-espirito-santo","status":"publish","type":"post","link":"https:\/\/franciscanos.org.br\/noticias\/50-anos-do-santuario-divino-espirito-santo.html","title":{"rendered":"Santu\u00e1rio Divino Esp\u00edrito Santo celebra 50 anos"},"content":{"rendered":"<p><img loading=\"lazy\" class=\"size-full wp-image-196442 alignleft\" src=\"https:\/\/franciscanos.org.br\/noticias\/wp-content\/uploads\/2017\/05\/santuario_50_anosG.jpg\" alt=\"\" width=\"830\" height=\"449\" srcset=\"https:\/\/franciscanos.org.br\/noticias\/wp-content\/uploads\/2017\/05\/santuario_50_anosG.jpg 830w, https:\/\/franciscanos.org.br\/noticias\/wp-content\/uploads\/2017\/05\/santuario_50_anosG-450x243.jpg 450w, https:\/\/franciscanos.org.br\/noticias\/wp-content\/uploads\/2017\/05\/santuario_50_anosG-768x415.jpg 768w, https:\/\/franciscanos.org.br\/noticias\/wp-content\/uploads\/2017\/05\/santuario_50_anosG-150x81.jpg 150w\" sizes=\"(max-width: 830px) 100vw, 830px\" \/><\/p>\n<p><strong>Vila Velha (ES) &#8211;<\/strong> A fraternidade franciscana Divino Esp\u00edrito Santo e a comunidade paroquial Nossa Senhora do Ros\u00e1rio de Vila Velha, est\u00e3o em festa celebrando os 50 anos da Comunidade Divino Esp\u00edrito Santo, mais conhecida como Santu\u00e1rio. S\u00e3o 50 anos de muitas hist\u00f3rias. Lembramos com cora\u00e7\u00e3o agradecido os construtores e benfeitores que nos possibilitaram esse bel\u00edssimo templo, cujos limites de seu espa\u00e7o nos transferem ao amor ilimitado de nosso Deus, quando nesta igreja nos reunimos em prece.<\/p>\n<p>Celebrar 50 anos do Santu\u00e1rio \u00e9 recordar as nossas crian\u00e7as, nossos av\u00f3s, nossos pais. Celebrar 50 anos do Santu\u00e1rio \u00e9 celebrar a nossa fam\u00edlia que possui um especial carinho por essa comunidade de f\u00e9. N\u00e3o h\u00e1 um fiel crist\u00e3o dessa regi\u00e3o que, ao entrar nessa bel\u00edssima igreja, n\u00e3o deixa de recordar seu Batismo, sua Primeira Eucaristia, sua Crisma. Celebrar 50 anos \u00e9 recordar a f\u00e9 do povo capixaba. Enfim, celebrar 50 anos \u00e9 celebrar nossa hist\u00f3ria de peregrinos nesse mundo que, necessitados de fortes experi\u00eancias de f\u00e9, recorremos a este espa\u00e7o sagrado. Por esses motivos e por tantos outros que cada um traz em seu particular, queremos dar gra\u00e7as a Deus.<\/p>\n<p>Para comemorarmos este momento, a comunidade se reunir\u00e1 celebrando uma Novena de Pentecostes, que ter\u00e1 seu in\u00edcio no dia 26 de maio, com encerramento no dia 4 de junho. Ser\u00e3o dias em que, ao redor do altar, faremos mem\u00f3ria da P\u00e1scoa de Cristo na vida de sua m\u00e3e, Maria Sant\u00edssima. O tema da novena: \u201cMaria, esposa do Esp\u00edrito Santo\u201d, acompanha o ano Mariano. Este tema vem da espiritualidade franciscana, onde encontramos o pr\u00f3prio S\u00e3o Francisco recordando a Senhora Santa como esposa do Esp\u00edrito Santo. Cada dia ser\u00e1 motivado por um pregador convidado, dentre eles nosso bispo Auxiliar, Dom Rubens Sevilha e nosso ministro Provincial, Frei Fid\u00eancio Vanboemmel. A conclus\u00e3o deste noven\u00e1rio ser\u00e1 com a solene celebra\u00e7\u00e3o de Pentecostes.<\/p>\n<p>Juntos, como comunidade de f\u00e9 que ora e que se faz atenta ao pedido de Jesus aos seus disc\u00edpulos que permanecessem juntos para receber o dom do Esp\u00edrito Santo (cf. At 1,14), queremos com Maria, experimentar a for\u00e7a que v\u00eam do alto e permanece conosco. Deus queira que todos, que aqui estiverem, exultem com a mais sublime e perfeita alegria, diante de Deus que nos agracia com esse momento.<\/p>\n","protected":false},"excerpt":{"rendered":"<p>Vila Velha<\/p>\n","protected":false},"author":1,"featured_media":198546,"comment_status":"open","ping_status":"open","sticky":false,"template":"","format":"standard","meta":[],"categories":[1],"tags":[231],"acf":[],"yoast_head":"<!-- This site is optimized with the Yoast SEO plugin v19.2 - https:\/\/yoast.com\/wordpress\/plugins\/seo\/ -->\n<title>Santu\u00e1rio Divino Esp\u00edrito Santo celebra 50 anos - Not\u00edcias - Franciscanos<\/title>\n<meta name=\"robots\" content=\"index, follow, max-snippet:-1, max-image-preview:large, max-video-preview:-1\" \/>\n<link rel=\"canonical\" href=\"https:\/\/franciscanos.org.br\/noticias\/50-anos-do-santuario-divino-espirito-santo.html\" \/>\n<meta property=\"og:locale\" content=\"pt_BR\" \/>\n<meta property=\"og:type\" content=\"article\" \/>\n<meta property=\"og:title\" content=\"Santu\u00e1rio Divino Esp\u00edrito Santo celebra 50 anos - Not\u00edcias - Franciscanos\" \/>\n<meta property=\"og:description\" content=\"Vila Velha\" \/>\n<meta property=\"og:url\" content=\"https:\/\/franciscanos.org.br\/noticias\/50-anos-do-santuario-divino-espirito-santo.html\" \/>\n<meta property=\"og:site_name\" content=\"Not\u00edcias - Franciscanos\" \/>\n<meta property=\"article:published_time\" content=\"2017-05-22T20:25:54+00:00\" \/>\n<meta property=\"article:modified_time\" content=\"2019-01-30T16:16:53+00:00\" \/>\n<meta property=\"og:image\" content=\"https:\/\/franciscanos.org.br\/noticias\/wp-content\/uploads\/2017\/05\/santuario_50_anosG-1.jpg\" \/>\n\t<meta property=\"og:image:width\" content=\"273\" \/>\n\t<meta property=\"og:image:height\" content=\"181\" \/>\n\t<meta property=\"og:image:type\" content=\"image\/jpeg\" \/>\n<meta name=\"author\" content=\"admin\" \/>\n<meta name=\"twitter:card\" content=\"summary_large_image\" \/>\n<meta name=\"twitter:label1\" content=\"Escrito por\" \/>\n\t<meta name=\"twitter:data1\" content=\"admin\" \/>\n\t<meta name=\"twitter:label2\" content=\"Est. tempo de leitura\" \/>\n\t<meta name=\"twitter:data2\" content=\"2 minutos\" \/>\n<script type=\"application\/ld+json\" class=\"yoast-schema-graph\">{\"@context\":\"https:\/\/schema.org\",\"@graph\":[{\"@type\":\"WebSite\",\"@id\":\"https:\/\/franciscanos.org.br\/noticias\/#website\",\"url\":\"https:\/\/franciscanos.org.br\/noticias\/\",\"name\":\"Not\u00edcias - Franciscanos\",\"description\":\"Prov\u00edncia Franciscana da Imaculada Concei\u00e7\u00e3o do Brasil - Ordem dos Frades Menores - OFM\",\"potentialAction\":[{\"@type\":\"SearchAction\",\"target\":{\"@type\":\"EntryPoint\",\"urlTemplate\":\"https:\/\/franciscanos.org.br\/noticias\/?s={search_term_string}\"},\"query-input\":\"required name=search_term_string\"}],\"inLanguage\":\"pt-BR\"},{\"@type\":\"ImageObject\",\"inLanguage\":\"pt-BR\",\"@id\":\"https:\/\/franciscanos.org.br\/noticias\/50-anos-do-santuario-divino-espirito-santo.html#primaryimage\",\"url\":\"https:\/\/franciscanos.org.br\/noticias\/wp-content\/uploads\/2017\/05\/santuario_50_anosG-1.jpg\",\"contentUrl\":\"https:\/\/franciscanos.org.br\/noticias\/wp-content\/uploads\/2017\/05\/santuario_50_anosG-1.jpg\",\"width\":273,\"height\":181},{\"@type\":\"WebPage\",\"@id\":\"https:\/\/franciscanos.org.br\/noticias\/50-anos-do-santuario-divino-espirito-santo.html#webpage\",\"url\":\"https:\/\/franciscanos.org.br\/noticias\/50-anos-do-santuario-divino-espirito-santo.html\",\"name\":\"Santu\u00e1rio Divino Esp\u00edrito Santo celebra 50 anos - Not\u00edcias - Franciscanos\",\"isPartOf\":{\"@id\":\"https:\/\/franciscanos.org.br\/noticias\/#website\"},\"primaryImageOfPage\":{\"@id\":\"https:\/\/franciscanos.org.br\/noticias\/50-anos-do-santuario-divino-espirito-santo.html#primaryimage\"},\"datePublished\":\"2017-05-22T20:25:54+00:00\",\"dateModified\":\"2019-01-30T16:16:53+00:00\",\"author\":{\"@id\":\"https:\/\/franciscanos.org.br\/noticias\/#\/schema\/person\/b38fbf43118f02820bd932f2e4b14ad3\"},\"breadcrumb\":{\"@id\":\"https:\/\/franciscanos.org.br\/noticias\/50-anos-do-santuario-divino-espirito-santo.html#breadcrumb\"},\"inLanguage\":\"pt-BR\",\"potentialAction\":[{\"@type\":\"ReadAction\",\"target\":[\"https:\/\/franciscanos.org.br\/noticias\/50-anos-do-santuario-divino-espirito-santo.html\"]}]},{\"@type\":\"BreadcrumbList\",\"@id\":\"https:\/\/franciscanos.org.br\/noticias\/50-anos-do-santuario-divino-espirito-santo.html#breadcrumb\",\"itemListElement\":[{\"@type\":\"ListItem\",\"position\":1,\"name\":\"Home\",\"item\":\"https:\/\/franciscanos.org.br\/noticias\"},{\"@type\":\"ListItem\",\"position\":2,\"name\":\"Santu\u00e1rio Divino Esp\u00edrito Santo celebra 50 anos\"}]},{\"@type\":\"Person\",\"@id\":\"https:\/\/franciscanos.org.br\/noticias\/#\/schema\/person\/b38fbf43118f02820bd932f2e4b14ad3\",\"name\":\"admin\",\"image\":{\"@type\":\"ImageObject\",\"inLanguage\":\"pt-BR\",\"@id\":\"https:\/\/franciscanos.org.br\/noticias\/#\/schema\/person\/image\/\",\"url\":\"https:\/\/secure.gravatar.com\/avatar\/e8495742d34d0ba6448ea1c628263b3e?s=96&d=mm&r=g\",\"contentUrl\":\"https:\/\/secure.gravatar.com\/avatar\/e8495742d34d0ba6448ea1c628263b3e?s=96&d=mm&r=g\",\"caption\":\"admin\"},\"url\":\"https:\/\/franciscanos.org.br\/noticias\/author\/admin\"}]}<\/script>\n<!-- \/ Yoast SEO plugin. -->","yoast_head_json":{"title":"Santu\u00e1rio Divino Esp\u00edrito Santo celebra 50 anos - Not\u00edcias - Franciscanos","robots":{"index":"index","follow":"follow","max-snippet":"max-snippet:-1","max-image-preview":"max-image-preview:large","max-video-preview":"max-video-preview:-1"},"canonical":"https:\/\/franciscanos.org.br\/noticias\/50-anos-do-santuario-divino-espirito-santo.html","og_locale":"pt_BR","og_type":"article","og_title":"Santu\u00e1rio Divino Esp\u00edrito Santo celebra 50 anos - Not\u00edcias - Franciscanos","og_description":"Vila Velha","og_url":"https:\/\/franciscanos.org.br\/noticias\/50-anos-do-santuario-divino-espirito-santo.html","og_site_name":"Not\u00edcias - Franciscanos","article_published_time":"2017-05-22T20:25:54+00:00","article_modified_time":"2019-01-30T16:16:53+00:00","og_image":[{"width":273,"height":181,"url":"https:\/\/franciscanos.org.br\/noticias\/wp-content\/uploads\/2017\/05\/santuario_50_anosG-1.jpg","type":"image\/jpeg"}],"author":"admin","twitter_card":"summary_large_image","twitter_misc":{"Escrito por":"admin","Est. tempo de leitura":"2 minutos"},"schema":{"@context":"https:\/\/schema.org","@graph":[{"@type":"WebSite","@id":"https:\/\/franciscanos.org.br\/noticias\/#website","url":"https:\/\/franciscanos.org.br\/noticias\/","name":"Not\u00edcias - Franciscanos","description":"Prov\u00edncia Franciscana da Imaculada Concei\u00e7\u00e3o do Brasil - Ordem dos Frades Menores - OFM","potentialAction":[{"@type":"SearchAction","target":{"@type":"EntryPoint","urlTemplate":"https:\/\/franciscanos.org.br\/noticias\/?s={search_term_string}"},"query-input":"required name=search_term_string"}],"inLanguage":"pt-BR"},{"@type":"ImageObject","inLanguage":"pt-BR","@id":"https:\/\/franciscanos.org.br\/noticias\/50-anos-do-santuario-divino-espirito-santo.html#primaryimage","url":"https:\/\/franciscanos.org.br\/noticias\/wp-content\/uploads\/2017\/05\/santuario_50_anosG-1.jpg","contentUrl":"https:\/\/franciscanos.org.br\/noticias\/wp-content\/uploads\/2017\/05\/santuario_50_anosG-1.jpg","width":273,"height":181},{"@type":"WebPage","@id":"https:\/\/franciscanos.org.br\/noticias\/50-anos-do-santuario-divino-espirito-santo.html#webpage","url":"https:\/\/franciscanos.org.br\/noticias\/50-anos-do-santuario-divino-espirito-santo.html","name":"Santu\u00e1rio Divino Esp\u00edrito Santo celebra 50 anos - Not\u00edcias - Franciscanos","isPartOf":{"@id":"https:\/\/franciscanos.org.br\/noticias\/#website"},"primaryImageOfPage":{"@id":"https:\/\/franciscanos.org.br\/noticias\/50-anos-do-santuario-divino-espirito-santo.html#primaryimage"},"datePublished":"2017-05-22T20:25:54+00:00","dateModified":"2019-01-30T16:16:53+00:00","author":{"@id":"https:\/\/franciscanos.org.br\/noticias\/#\/schema\/person\/b38fbf43118f02820bd932f2e4b14ad3"},"breadcrumb":{"@id":"https:\/\/franciscanos.org.br\/noticias\/50-anos-do-santuario-divino-espirito-santo.html#breadcrumb"},"inLanguage":"pt-BR","potentialAction":[{"@type":"ReadAction","target":["https:\/\/franciscanos.org.br\/noticias\/50-anos-do-santuario-divino-espirito-santo.html"]}]},{"@type":"BreadcrumbList","@id":"https:\/\/franciscanos.org.br\/noticias\/50-anos-do-santuario-divino-espirito-santo.html#breadcrumb","itemListElement":[{"@type":"ListItem","position":1,"name":"Home","item":"https:\/\/franciscanos.org.br\/noticias"},{"@type":"ListItem","position":2,"name":"Santu\u00e1rio Divino Esp\u00edrito Santo celebra 50 anos"}]},{"@type":"Person","@id":"https:\/\/franciscanos.org.br\/noticias\/#\/schema\/person\/b38fbf43118f02820bd932f2e4b14ad3","name":"admin","image":{"@type":"ImageObject","inLanguage":"pt-BR","@id":"https:\/\/franciscanos.org.br\/noticias\/#\/schema\/person\/image\/","url":"https:\/\/secure.gravatar.com\/avatar\/e8495742d34d0ba6448ea1c628263b3e?s=96&d=mm&r=g","contentUrl":"https:\/\/secure.gravatar.com\/avatar\/e8495742d34d0ba6448ea1c628263b3e?s=96&d=mm&r=g","caption":"admin"},"url":"https:\/\/franciscanos.org.br\/noticias\/author\/admin"}]}},"_links":{"self":[{"href":"https:\/\/franciscanos.org.br\/noticias\/wp-json\/wp\/v2\/posts\/133658"}],"collection":[{"href":"https:\/\/franciscanos.org.br\/noticias\/wp-json\/wp\/v2\/posts"}],"about":[{"href":"https:\/\/franciscanos.org.br\/noticias\/wp-json\/wp\/v2\/types\/post"}],"author":[{"embeddable":true,"href":"https:\/\/franciscanos.org.br\/noticias\/wp-json\/wp\/v2\/users\/1"}],"replies":[{"embeddable":true,"href":"https:\/\/franciscanos.org.br\/noticias\/wp-json\/wp\/v2\/comments?post=133658"}],"version-history":[{"count":0,"href":"https:\/\/franciscanos.org.br\/noticias\/wp-json\/wp\/v2\/posts\/133658\/revisions"}],"wp:featuredmedia":[{"embeddable":true,"href":"https:\/\/franciscanos.org.br\/noticias\/wp-json\/wp\/v2\/media\/198546"}],"wp:attachment":[{"href":"https:\/\/franciscanos.org.br\/noticias\/wp-json\/wp\/v2\/media?parent=133658"}],"wp:term":[{"taxonomy":"category","embeddable":true,"href":"https:\/\/franciscanos.org.br\/noticias\/wp-json\/wp\/v2\/categories?post=133658"},{"taxonomy":"post_tag","embeddable":true,"href":"https:\/\/franciscanos.org.br\/noticias\/wp-json\/wp\/v2\/tags?post=133658"}],"curies":[{"name":"wp","href":"https:\/\/api.w.org\/{rel}","templated":true}]}}