{"id":133581,"date":"2017-05-22T05:41:48","date_gmt":"2017-05-22T08:41:48","guid":{"rendered":"http:\/\/franciscanos.org.br\/?p=133581"},"modified":"2020-06-08T19:56:04","modified_gmt":"2020-06-08T22:56:04","slug":"todos-os-dias-se-deve-aprender-a-arte-de-amar","status":"publish","type":"post","link":"https:\/\/franciscanos.org.br\/noticias\/todos-os-dias-se-deve-aprender-a-arte-de-amar.html","title":{"rendered":"Todos os dias se deve aprender a arte de amar"},"content":{"rendered":"<p><img loading=\"lazy\" class=\"alignleft\" src=\"http:\/\/franciscanos.org.br\/wp-content\/uploads\/2017\/05\/papa_220517.jpg\" alt=\"papa_220517\" width=\"820\" height=\"327\" \/><strong>R\u00e1dio Vaticano &#8211;<\/strong> O Papa encontrou os fi\u00e9is e peregrinos presentes na Pra\u00e7a S\u00e3o Pedro neste domingo para a ora\u00e7\u00e3o mariana do Regina Coeli. O encontro foi marcado tamb\u00e9m pelo an\u00fancio da cria\u00e7\u00e3o de 5 novos cardeais.<\/p>\n<p>Francisco recordou o Evangelho do dia, que nos &#8220;leva \u00e0quele momento comovente e dram\u00e1tico que \u00e9 a \u00faltima ceia de Jesus com os seus disc\u00edpulos. O evangelista Jo\u00e3o recolhe da boca e do cora\u00e7\u00e3o do Senhor os seus \u00faltimo ensinamentos, antes da paix\u00e3o e da morte. Jesus promete aos seus amigos que, depois d\u2019Ele, receber\u00e3o um outro par\u00e1clito, ou seja, um outro \u201cadvogado\u201d, defensor e consolador, \u201co Esp\u00edrito da verdade\u201d, e acrescenta: \u201cN\u00e3o vos deixarei \u00f3rf\u00e3os, virei at\u00e9 voc\u00eas\u201d.<\/p>\n<p>Estas palavras &#8211; prosseguiu o Papa &#8211; transmitem a alegria de uma nova vinda de Cristo: Ele, ressuscitado e glorificado, est\u00e1 no Pai e, ao mesmo tempo, vem a n\u00f3s no Esp\u00edrito Santo. E nesta sua nova vinda se revela a nossa uni\u00e3o com Ele e com o Pai: \u201cVoc\u00eas saber\u00e3o que eu estou no meu Pai e voc\u00eas em mim e eu em voc\u00eas\u201d.<\/p>\n<p><strong>Miss\u00e3o da Igreja<\/strong><\/p>\n<p>Meditando estas palavras de Jesus &#8211; continuou o Pont\u00edfice &#8211; hoje n\u00f3s percebemos com senso de f\u00e9 de sermos o povo de Deus em comunh\u00e3o com o Pai e com Jesus mediante o Esp\u00edrito Santo. Neste Mist\u00e9rio de comunh\u00e3o, a Igreja encontra a fonte inexaur\u00edvel da pr\u00f3pria miss\u00e3o, que se realiza mediante o amor. Jesus diz no Evangelho de hoje: \u201cQuem acolhe os meus mandamentos e os observa, estes s\u00e3o aqueles que me amam. Quem me ama ser\u00e1 amado pelo meu Pai e eu tamb\u00e9m o amarei e me manifestarei nele\u201d.<\/p>\n<p>&#8220;\u00c9 o amor que nos introduz o conhecimento de Jesus, gra\u00e7as \u00e0 a\u00e7\u00e3o do Esp\u00edrito Santo. O amor a Deus e ao pr\u00f3ximo \u00e9 o maior mandamento do Evangelho. O Senhor hoje nos chama a corresponder generosamente ao chamado evang\u00e9lico ao amor, colocando Deus no centro da nossa vida e nos dedicando ao servi\u00e7o dos irm\u00e3os, especialmente os mais necessitados de apoio e de consola\u00e7\u00e3o&#8221;, afirmou Francisco.<\/p>\n<p><strong>Comunidade crist\u00e3<\/strong><\/p>\n<p>Se existe um comportamento que n\u00e3o \u00e9 f\u00e1cil &#8211; advertiu o Papa &#8211; que n\u00e3o \u00e9 \u00f3bvio sequer para uma comunidade crist\u00e3 \u00e9 justamente aquele de saber se amar, de se querer bem a exemplo do Senhor e com a sua gra\u00e7a. \u00c0s vezes os contrastes, o orgulho, as invejas, as divis\u00f5es deixam sinais tamb\u00e9m sobre o belo rosto da Igreja. Uma comunidade de crist\u00e3os deveria viver na caridade de Cristo, e em vez \u00e9 bem ali que o maligno \u2018coloca a pata\u2019 e n\u00f3s, \u00e0s vezes, nos deixamos enganar. E quem sofre s\u00e3o as pessoas mais fr\u00e1geis espiritualmente.<\/p>\n<p>&#8220;Quantas delas se afastaram porque n\u00e3o se sentiram acolhidas, compreendidas e amadas. At\u00e9 mesmo para um crist\u00e3o saber amar n\u00e3o \u00e9 algo que se conquista de uma s\u00f3 vez; todos os dias se deve recome\u00e7ar, se deve exercitar para que o nosso amor para com os irm\u00e3os e irm\u00e3s que encontramos passe a ser maduro e purificado dos limites ou pecados que os deixam parcial, ego\u00edsta, est\u00e9ril e infiel. Todos os dias se deve aprender a arte de amar, todos os dias se deve seguir com paci\u00eancia a escola de Cristo, com a ajuda de seu Esp\u00edrito&#8221;.<\/p>\n<p>Que Nossa Senhora, perfeita disc\u00edpula de seu Filho e Senhor, nos ajude a sermos sempre mais d\u00f3ceis ao Par\u00e1clito, o Esp\u00edrito da Verdade, para aprender todos os dias a nos amarmos como Jesus nos amou.<\/p>\n<p>Ap\u00f3s a ora\u00e7\u00e3o do Regina Coeli, o Papa lamentou a retomada da viol\u00eancia na Rep\u00fablica Centro-Africana e disse que se unir\u00e1 em ora\u00e7\u00e3o aos fi\u00e9is na China.\u00a0Infelizmente chegam not\u00edcias dolorosas da Rep\u00fablica Centro-africana, que tenho no cora\u00e7\u00e3o, especialmente depois da minha visita em novembro de 2015. Confrontos armados provocaram in\u00fameras v\u00edtimas e desalojados, e amea\u00e7am o processo de paz. Estou pr\u00f3ximo \u00e0 popula\u00e7\u00e3o e aos bispos e a todos aqueles que se esfor\u00e7am para o bem das pessoas e pela conviv\u00eancia pac\u00edfica. Rezo pelos mortos e feridos e renovo o meu apelo: calem-se as armas e prevale\u00e7a a boa vontade para dialogar para dar ao pa\u00eds paz e desenvolvimento.<\/p>\n<p><strong>China<\/strong><\/p>\n<p>No pr\u00f3ximo dia 24 de maio nos uniremos espiritualmente aos fi\u00e9is cat\u00f3licos na China, na recorr\u00eancia de Nossa Senhora \u201cAjuda dos Crist\u00e3os\u201d, venerada no santu\u00e1rio de Sheshan, em Xangai. Aos cat\u00f3licos chineses digo: ergamos o olhar a Maria nossa M\u00e3e, para que nos ajude a discernir a vontade de Deus a respeito do caminho concreto da Igreja na China e nos apoie em acolher com generosidade o seu projeto de amor. Maria encoraja a oferecer a nossa contribui\u00e7\u00e3o pessoal para a comunh\u00e3o entre os fi\u00e9is e para a harmonia de toda a sociedade. N\u00e3o esque\u00e7amos de testemunhar a f\u00e9 com ora\u00e7\u00e3o e amor, mantendo-nos abertos ao encontro e ao di\u00e1logo, sempre.<\/p>\n<hr \/>\n<p><em>Fonte: R\u00e1dio Vaticano<\/em><\/p>\n","protected":false},"excerpt":{"rendered":"<p>Regina Coeli<\/p>\n","protected":false},"author":1,"featured_media":198552,"comment_status":"open","ping_status":"open","sticky":false,"template":"","format":"standard","meta":[],"categories":[1428],"tags":[564],"acf":[],"yoast_head":"<!-- This site is optimized with the Yoast SEO plugin v19.2 - https:\/\/yoast.com\/wordpress\/plugins\/seo\/ -->\n<title>Todos os dias se deve aprender a arte de amar - Not\u00edcias - Franciscanos<\/title>\n<meta name=\"robots\" content=\"index, follow, max-snippet:-1, max-image-preview:large, max-video-preview:-1\" \/>\n<link rel=\"canonical\" href=\"https:\/\/franciscanos.org.br\/noticias\/todos-os-dias-se-deve-aprender-a-arte-de-amar.html\" \/>\n<meta property=\"og:locale\" content=\"pt_BR\" \/>\n<meta property=\"og:type\" content=\"article\" \/>\n<meta property=\"og:title\" content=\"Todos os dias se deve aprender a arte de amar - Not\u00edcias - Franciscanos\" \/>\n<meta property=\"og:description\" content=\"Regina Coeli\" \/>\n<meta property=\"og:url\" content=\"https:\/\/franciscanos.org.br\/noticias\/todos-os-dias-se-deve-aprender-a-arte-de-amar.html\" \/>\n<meta property=\"og:site_name\" content=\"Not\u00edcias - Franciscanos\" \/>\n<meta property=\"article:published_time\" content=\"2017-05-22T08:41:48+00:00\" \/>\n<meta property=\"article:modified_time\" content=\"2020-06-08T22:56:04+00:00\" \/>\n<meta property=\"og:image\" content=\"https:\/\/franciscanos.org.br\/noticias\/wp-content\/uploads\/2017\/05\/papa_220517.jpg\" \/>\n\t<meta property=\"og:image:width\" content=\"273\" \/>\n\t<meta property=\"og:image:height\" content=\"181\" \/>\n\t<meta property=\"og:image:type\" content=\"image\/jpeg\" \/>\n<meta name=\"author\" content=\"admin\" \/>\n<meta name=\"twitter:card\" content=\"summary_large_image\" \/>\n<meta name=\"twitter:label1\" content=\"Escrito por\" \/>\n\t<meta name=\"twitter:data1\" content=\"admin\" \/>\n\t<meta name=\"twitter:label2\" content=\"Est. tempo de leitura\" \/>\n\t<meta name=\"twitter:data2\" content=\"4 minutos\" \/>\n<script type=\"application\/ld+json\" class=\"yoast-schema-graph\">{\"@context\":\"https:\/\/schema.org\",\"@graph\":[{\"@type\":\"WebSite\",\"@id\":\"https:\/\/franciscanos.org.br\/noticias\/#website\",\"url\":\"https:\/\/franciscanos.org.br\/noticias\/\",\"name\":\"Not\u00edcias - Franciscanos\",\"description\":\"Prov\u00edncia Franciscana da Imaculada Concei\u00e7\u00e3o do Brasil - Ordem dos Frades Menores - OFM\",\"potentialAction\":[{\"@type\":\"SearchAction\",\"target\":{\"@type\":\"EntryPoint\",\"urlTemplate\":\"https:\/\/franciscanos.org.br\/noticias\/?s={search_term_string}\"},\"query-input\":\"required name=search_term_string\"}],\"inLanguage\":\"pt-BR\"},{\"@type\":\"ImageObject\",\"inLanguage\":\"pt-BR\",\"@id\":\"https:\/\/franciscanos.org.br\/noticias\/todos-os-dias-se-deve-aprender-a-arte-de-amar.html#primaryimage\",\"url\":\"https:\/\/franciscanos.org.br\/noticias\/wp-content\/uploads\/2017\/05\/papa_220517.jpg\",\"contentUrl\":\"https:\/\/franciscanos.org.br\/noticias\/wp-content\/uploads\/2017\/05\/papa_220517.jpg\",\"width\":273,\"height\":181},{\"@type\":\"WebPage\",\"@id\":\"https:\/\/franciscanos.org.br\/noticias\/todos-os-dias-se-deve-aprender-a-arte-de-amar.html#webpage\",\"url\":\"https:\/\/franciscanos.org.br\/noticias\/todos-os-dias-se-deve-aprender-a-arte-de-amar.html\",\"name\":\"Todos os dias se deve aprender a arte de amar - Not\u00edcias - Franciscanos\",\"isPartOf\":{\"@id\":\"https:\/\/franciscanos.org.br\/noticias\/#website\"},\"primaryImageOfPage\":{\"@id\":\"https:\/\/franciscanos.org.br\/noticias\/todos-os-dias-se-deve-aprender-a-arte-de-amar.html#primaryimage\"},\"datePublished\":\"2017-05-22T08:41:48+00:00\",\"dateModified\":\"2020-06-08T22:56:04+00:00\",\"author\":{\"@id\":\"https:\/\/franciscanos.org.br\/noticias\/#\/schema\/person\/b38fbf43118f02820bd932f2e4b14ad3\"},\"breadcrumb\":{\"@id\":\"https:\/\/franciscanos.org.br\/noticias\/todos-os-dias-se-deve-aprender-a-arte-de-amar.html#breadcrumb\"},\"inLanguage\":\"pt-BR\",\"potentialAction\":[{\"@type\":\"ReadAction\",\"target\":[\"https:\/\/franciscanos.org.br\/noticias\/todos-os-dias-se-deve-aprender-a-arte-de-amar.html\"]}]},{\"@type\":\"BreadcrumbList\",\"@id\":\"https:\/\/franciscanos.org.br\/noticias\/todos-os-dias-se-deve-aprender-a-arte-de-amar.html#breadcrumb\",\"itemListElement\":[{\"@type\":\"ListItem\",\"position\":1,\"name\":\"Home\",\"item\":\"https:\/\/franciscanos.org.br\/noticias\"},{\"@type\":\"ListItem\",\"position\":2,\"name\":\"Todos os dias se deve aprender a arte de amar\"}]},{\"@type\":\"Person\",\"@id\":\"https:\/\/franciscanos.org.br\/noticias\/#\/schema\/person\/b38fbf43118f02820bd932f2e4b14ad3\",\"name\":\"admin\",\"image\":{\"@type\":\"ImageObject\",\"inLanguage\":\"pt-BR\",\"@id\":\"https:\/\/franciscanos.org.br\/noticias\/#\/schema\/person\/image\/\",\"url\":\"https:\/\/secure.gravatar.com\/avatar\/e8495742d34d0ba6448ea1c628263b3e?s=96&d=mm&r=g\",\"contentUrl\":\"https:\/\/secure.gravatar.com\/avatar\/e8495742d34d0ba6448ea1c628263b3e?s=96&d=mm&r=g\",\"caption\":\"admin\"},\"url\":\"https:\/\/franciscanos.org.br\/noticias\/author\/admin\"}]}<\/script>\n<!-- \/ Yoast SEO plugin. -->","yoast_head_json":{"title":"Todos os dias se deve aprender a arte de amar - Not\u00edcias - Franciscanos","robots":{"index":"index","follow":"follow","max-snippet":"max-snippet:-1","max-image-preview":"max-image-preview:large","max-video-preview":"max-video-preview:-1"},"canonical":"https:\/\/franciscanos.org.br\/noticias\/todos-os-dias-se-deve-aprender-a-arte-de-amar.html","og_locale":"pt_BR","og_type":"article","og_title":"Todos os dias se deve aprender a arte de amar - Not\u00edcias - Franciscanos","og_description":"Regina Coeli","og_url":"https:\/\/franciscanos.org.br\/noticias\/todos-os-dias-se-deve-aprender-a-arte-de-amar.html","og_site_name":"Not\u00edcias - Franciscanos","article_published_time":"2017-05-22T08:41:48+00:00","article_modified_time":"2020-06-08T22:56:04+00:00","og_image":[{"width":273,"height":181,"url":"https:\/\/franciscanos.org.br\/noticias\/wp-content\/uploads\/2017\/05\/papa_220517.jpg","type":"image\/jpeg"}],"author":"admin","twitter_card":"summary_large_image","twitter_misc":{"Escrito por":"admin","Est. tempo de leitura":"4 minutos"},"schema":{"@context":"https:\/\/schema.org","@graph":[{"@type":"WebSite","@id":"https:\/\/franciscanos.org.br\/noticias\/#website","url":"https:\/\/franciscanos.org.br\/noticias\/","name":"Not\u00edcias - Franciscanos","description":"Prov\u00edncia Franciscana da Imaculada Concei\u00e7\u00e3o do Brasil - Ordem dos Frades Menores - OFM","potentialAction":[{"@type":"SearchAction","target":{"@type":"EntryPoint","urlTemplate":"https:\/\/franciscanos.org.br\/noticias\/?s={search_term_string}"},"query-input":"required name=search_term_string"}],"inLanguage":"pt-BR"},{"@type":"ImageObject","inLanguage":"pt-BR","@id":"https:\/\/franciscanos.org.br\/noticias\/todos-os-dias-se-deve-aprender-a-arte-de-amar.html#primaryimage","url":"https:\/\/franciscanos.org.br\/noticias\/wp-content\/uploads\/2017\/05\/papa_220517.jpg","contentUrl":"https:\/\/franciscanos.org.br\/noticias\/wp-content\/uploads\/2017\/05\/papa_220517.jpg","width":273,"height":181},{"@type":"WebPage","@id":"https:\/\/franciscanos.org.br\/noticias\/todos-os-dias-se-deve-aprender-a-arte-de-amar.html#webpage","url":"https:\/\/franciscanos.org.br\/noticias\/todos-os-dias-se-deve-aprender-a-arte-de-amar.html","name":"Todos os dias se deve aprender a arte de amar - Not\u00edcias - Franciscanos","isPartOf":{"@id":"https:\/\/franciscanos.org.br\/noticias\/#website"},"primaryImageOfPage":{"@id":"https:\/\/franciscanos.org.br\/noticias\/todos-os-dias-se-deve-aprender-a-arte-de-amar.html#primaryimage"},"datePublished":"2017-05-22T08:41:48+00:00","dateModified":"2020-06-08T22:56:04+00:00","author":{"@id":"https:\/\/franciscanos.org.br\/noticias\/#\/schema\/person\/b38fbf43118f02820bd932f2e4b14ad3"},"breadcrumb":{"@id":"https:\/\/franciscanos.org.br\/noticias\/todos-os-dias-se-deve-aprender-a-arte-de-amar.html#breadcrumb"},"inLanguage":"pt-BR","potentialAction":[{"@type":"ReadAction","target":["https:\/\/franciscanos.org.br\/noticias\/todos-os-dias-se-deve-aprender-a-arte-de-amar.html"]}]},{"@type":"BreadcrumbList","@id":"https:\/\/franciscanos.org.br\/noticias\/todos-os-dias-se-deve-aprender-a-arte-de-amar.html#breadcrumb","itemListElement":[{"@type":"ListItem","position":1,"name":"Home","item":"https:\/\/franciscanos.org.br\/noticias"},{"@type":"ListItem","position":2,"name":"Todos os dias se deve aprender a arte de amar"}]},{"@type":"Person","@id":"https:\/\/franciscanos.org.br\/noticias\/#\/schema\/person\/b38fbf43118f02820bd932f2e4b14ad3","name":"admin","image":{"@type":"ImageObject","inLanguage":"pt-BR","@id":"https:\/\/franciscanos.org.br\/noticias\/#\/schema\/person\/image\/","url":"https:\/\/secure.gravatar.com\/avatar\/e8495742d34d0ba6448ea1c628263b3e?s=96&d=mm&r=g","contentUrl":"https:\/\/secure.gravatar.com\/avatar\/e8495742d34d0ba6448ea1c628263b3e?s=96&d=mm&r=g","caption":"admin"},"url":"https:\/\/franciscanos.org.br\/noticias\/author\/admin"}]}},"_links":{"self":[{"href":"https:\/\/franciscanos.org.br\/noticias\/wp-json\/wp\/v2\/posts\/133581"}],"collection":[{"href":"https:\/\/franciscanos.org.br\/noticias\/wp-json\/wp\/v2\/posts"}],"about":[{"href":"https:\/\/franciscanos.org.br\/noticias\/wp-json\/wp\/v2\/types\/post"}],"author":[{"embeddable":true,"href":"https:\/\/franciscanos.org.br\/noticias\/wp-json\/wp\/v2\/users\/1"}],"replies":[{"embeddable":true,"href":"https:\/\/franciscanos.org.br\/noticias\/wp-json\/wp\/v2\/comments?post=133581"}],"version-history":[{"count":1,"href":"https:\/\/franciscanos.org.br\/noticias\/wp-json\/wp\/v2\/posts\/133581\/revisions"}],"predecessor-version":[{"id":225339,"href":"https:\/\/franciscanos.org.br\/noticias\/wp-json\/wp\/v2\/posts\/133581\/revisions\/225339"}],"wp:featuredmedia":[{"embeddable":true,"href":"https:\/\/franciscanos.org.br\/noticias\/wp-json\/wp\/v2\/media\/198552"}],"wp:attachment":[{"href":"https:\/\/franciscanos.org.br\/noticias\/wp-json\/wp\/v2\/media?parent=133581"}],"wp:term":[{"taxonomy":"category","embeddable":true,"href":"https:\/\/franciscanos.org.br\/noticias\/wp-json\/wp\/v2\/categories?post=133581"},{"taxonomy":"post_tag","embeddable":true,"href":"https:\/\/franciscanos.org.br\/noticias\/wp-json\/wp\/v2\/tags?post=133581"}],"curies":[{"name":"wp","href":"https:\/\/api.w.org\/{rel}","templated":true}]}}